{"id":3108,"date":"2019-03-15T19:02:13","date_gmt":"2019-03-15T19:02:13","guid":{"rendered":"https:\/\/marcopachiega.com\/blog\/?p=3108"},"modified":"2021-02-02T20:46:33","modified_gmt":"2021-02-02T20:46:33","slug":"atelier-de-pilar-guell-a-space-of-creation-in-the-raval","status":"publish","type":"post","link":"https:\/\/marcopachiega.com\/beng\/atelier-de-pilar-guell-a-space-of-creation-in-the-raval\/","title":{"rendered":"Atelier de Pilar G\u00fcell a space of creation in the Raval"},"content":{"rendered":"<h1 style=\"text-align: center;\">Atelier de Pilar G\u00fcell a space of creation in the Raval<\/h1>\n<h2 style=\"text-align: center;\">Hidden among the narrow streets of the neighborhood is a center dedicated to art<\/h2>\n<p><img fetchpriority=\"high\" decoding=\"async\" class=\"aligncenter wp-image-3100 size-full\" src=\"https:\/\/marcopachiega.com\/blog\/wp-content\/uploads\/sites\/9\/2019\/03\/DSC5071-Edit.jpg\" alt=\"Atelier de Pilar G\u00fcell a space of creation in the Raval\" width=\"1506\" height=\"663\" \/><\/p>\n<div><\/div>\n<div>Lose myself walking around the Raval is one of my pastimes. I loosen the pace of my step, stop to look at a shop windows or sneak into one of the many streets. A few weeks ago, absorbed in my thoughts, almost stumbling around against a sign placed on the ground. I look around to see what is written and I read: <strong>Art exposici\u00f2n, Zeigeist el espiritu de la epoca.<\/strong><\/div>\n<div><\/div>\n<div><img decoding=\"async\" class=\"aligncenter wp-image-3105 lazyload\" data-src=\"https:\/\/marcopachiega.com\/blog\/wp-content\/uploads\/sites\/9\/2019\/03\/DSC5088.jpg\" alt=\"Atelier de Pilar G\u00fcell a space of creation in the Raval\" width=\"533\" height=\"354\" src=\"data:image\/svg+xml;base64,PHN2ZyB3aWR0aD0iMSIgaGVpZ2h0PSIxIiB4bWxucz0iaHR0cDovL3d3dy53My5vcmcvMjAwMC9zdmciPjwvc3ZnPg==\" style=\"--smush-placeholder-width: 533px; --smush-placeholder-aspect-ratio: 533\/354;\" \/><\/div>\n<div><\/div>\n<div>An art exhibition!<\/div>\n<div>I am intrigued by the room that houses paintings and various artistic works. Pausing, I discover that the room hides another space behind a red curtain much larger and more interesting ! A large room with arches and columns surrounded by photos and paintings centered on the theme of the poster.<\/div>\n<div>What was the name? Ah yes, Zeigeist!<\/div>\n<div>I admit I am an ignorant on the subject of art but the welcoming environment makes me linger further.<br \/>\nI greet a guy, Hugo, who kindly explains to me a little about what it is like, while a musical duo prepares for a jam session.<\/div>\n<div><\/div>\n<h3>Atelier de Pilar G\u00fcell<\/h3>\n<div>Hugo is part of the group that runs the Atelier de Pilar G\u00fcell.<\/div>\n<div>But what is it? It is an art gallery and cultural promotion with the aim of bringing the public closer to art and vice versa. Other collaborators include Vict\u00f2ria, Hugo, Rai, Mar\u00eda and Patrick. The name is dedicated to Pilar Guell, Vict\u00f2ria&#8217;s grandmother, painter and source of great inspiration for her niece. All have artistic talents. Who in photography, who in the cinema or the fine arts. Everyone collaborates with ideas, projects and of course the passion for art that is common to all. The atelier constantly presents exhibitions, promotes artists to the public and curious to mix with music in a &#8220;friendly&#8221; environment.<\/div>\n<div><\/div>\n<div><img decoding=\"async\" class=\"aligncenter wp-image-3099 lazyload\" data-src=\"https:\/\/marcopachiega.com\/blog\/wp-content\/uploads\/sites\/9\/2019\/03\/DSC5064.jpg\" alt=\"Atelier de Pilar G\u00fcell a space of creation in the Raval\" width=\"603\" height=\"401\" src=\"data:image\/svg+xml;base64,PHN2ZyB3aWR0aD0iMSIgaGVpZ2h0PSIxIiB4bWxucz0iaHR0cDovL3d3dy53My5vcmcvMjAwMC9zdmciPjwvc3ZnPg==\" style=\"--smush-placeholder-width: 603px; --smush-placeholder-aspect-ratio: 603\/401;\" \/><\/div>\n<div><\/div>\n<div>The Atelier de Pilar G\u00fcell is located at <strong><a href=\"https:\/\/www.google.com\/maps\/place\/L'Atelier+De+Pilar+G%C3%BCell\/@41.3792491,2.1735796,15z\/data=!4m5!3m4!1s0x0:0x452dd3ae449fabd8!8m2!3d41.3792491!4d2.1735796\" target=\"_blank\" rel=\"noopener noreferrer\">Carrer de les penedides 8<\/a><\/strong>, in the heart of the Raval of Barcelona. A long time ago this place was an ancient stable which over time and after many uses became a meeting point for lovers and curious on the art.<\/div>\n<div><\/div>\n<div>A special thanks to <strong>Hugo<\/strong> for his kindness, <strong>Victoria<\/strong> for the information provided and all the artists of <strong>Zeigesit exposition: Imma Vallmitjana, Dagui Pierro, Blai Catafal, DaGraVile, Curti\u00e7o, Nicolas Garreau, Hugo Finlay, Mar\u00eda Cort\u00e9s, Juan Carlos Beneyto, Roman Bonet, \u00c1ngeles Morando, Juan Niubo, Ester Benages y Simone Pagliei<\/strong>. .<\/div>\n<div>You can follow and stay up to date on future atelier events on <strong><a href=\"https:\/\/m.facebook.com\/guellatelier\/\" target=\"_blank\" rel=\"noopener noreferrer\">Facebook<\/a><\/strong> and <a href=\"https:\/\/www.instagram.com\/atelierguell\/\" target=\"_blank\" rel=\"noopener noreferrer\"><strong>Instagram<\/strong><\/a>.<\/div>\n<div>Check out other stories on my <a href=\"https:\/\/marcopachiega.com\/beng\/\" target=\"_blank\" rel=\"noopener noreferrer\"><strong>blog<\/strong><\/a>, have a look at the other articles on <a href=\"https:\/\/marcopachiega.com\/beng\/events-sport-news\/\" target=\"_blank\" rel=\"noopener noreferrer\"><strong>events, sports and news<\/strong><\/a> or look at the gallery below!<\/div>\n<div><\/div>\n<div><\/div>\n<div><\/div>\n<div><\/div>\n<div>\n<div class=\"gdgallery-gallery-container\" id=\"gdgallery-container-2\" data-id=\"2\">\n    \n<div id=\"gdgallery_container_2\" style=\"display:none;\" data-view=\"justified\">\n            <a href=\"\" target=\"_blank\">\n            <img decoding=\"async\" alt=\"\"\n                 data-type=\"image\"\n                 data-src=\"https:\/\/marcopachiega.com\/beng\/wp-content\/uploads\/sites\/14\/2019\/03\/DSC5094.jpg\"\n                 data-image=\"https:\/\/marcopachiega.com\/beng\/wp-content\/uploads\/sites\/14\/2019\/03\/DSC5094.jpg\"\n                 data-description=\"\"\n                                 style=\"--smush-placeholder-width: 1226px; --smush-placeholder-aspect-ratio: 1226\/815;display:block\" src=\"data:image\/svg+xml;base64,PHN2ZyB3aWR0aD0iMSIgaGVpZ2h0PSIxIiB4bWxucz0iaHR0cDovL3d3dy53My5vcmcvMjAwMC9zdmciPjwvc3ZnPg==\" class=\"lazyload\">\n        <\/a>\n            <a href=\"\" target=\"_blank\">\n            <img decoding=\"async\" alt=\"\"\n                 data-type=\"image\"\n                 data-src=\"https:\/\/marcopachiega.com\/beng\/wp-content\/uploads\/sites\/14\/2019\/03\/DSC5088.jpg\"\n                 data-image=\"https:\/\/marcopachiega.com\/beng\/wp-content\/uploads\/sites\/14\/2019\/03\/DSC5088.jpg\"\n                 data-description=\"\"\n                                 style=\"--smush-placeholder-width: 1226px; --smush-placeholder-aspect-ratio: 1226\/815;display:block\" src=\"data:image\/svg+xml;base64,PHN2ZyB3aWR0aD0iMSIgaGVpZ2h0PSIxIiB4bWxucz0iaHR0cDovL3d3dy53My5vcmcvMjAwMC9zdmciPjwvc3ZnPg==\" class=\"lazyload\">\n        <\/a>\n            <a href=\"\" target=\"_blank\">\n            <img decoding=\"async\" alt=\"\"\n                 data-type=\"image\"\n                 data-src=\"https:\/\/marcopachiega.com\/beng\/wp-content\/uploads\/sites\/14\/2019\/03\/DSC5086.jpg\"\n                 data-image=\"https:\/\/marcopachiega.com\/beng\/wp-content\/uploads\/sites\/14\/2019\/03\/DSC5086.jpg\"\n                 data-description=\"\"\n                                 style=\"--smush-placeholder-width: 1226px; --smush-placeholder-aspect-ratio: 1226\/815;display:block\" src=\"data:image\/svg+xml;base64,PHN2ZyB3aWR0aD0iMSIgaGVpZ2h0PSIxIiB4bWxucz0iaHR0cDovL3d3dy53My5vcmcvMjAwMC9zdmciPjwvc3ZnPg==\" class=\"lazyload\">\n        <\/a>\n            <a href=\"\" target=\"_blank\">\n            <img decoding=\"async\" alt=\"\"\n                 data-type=\"image\"\n                 data-src=\"https:\/\/marcopachiega.com\/beng\/wp-content\/uploads\/sites\/14\/2019\/03\/DSC5081.jpg\"\n                 data-image=\"https:\/\/marcopachiega.com\/beng\/wp-content\/uploads\/sites\/14\/2019\/03\/DSC5081.jpg\"\n                 data-description=\"\"\n                                 style=\"--smush-placeholder-width: 815px; --smush-placeholder-aspect-ratio: 815\/1226;display:block\" src=\"data:image\/svg+xml;base64,PHN2ZyB3aWR0aD0iMSIgaGVpZ2h0PSIxIiB4bWxucz0iaHR0cDovL3d3dy53My5vcmcvMjAwMC9zdmciPjwvc3ZnPg==\" class=\"lazyload\">\n        <\/a>\n            <a href=\"\" target=\"_blank\">\n            <img decoding=\"async\" alt=\"\"\n                 data-type=\"image\"\n                 data-src=\"https:\/\/marcopachiega.com\/beng\/wp-content\/uploads\/sites\/14\/2019\/03\/DSC5079.jpg\"\n                 data-image=\"https:\/\/marcopachiega.com\/beng\/wp-content\/uploads\/sites\/14\/2019\/03\/DSC5079.jpg\"\n                 data-description=\"\"\n                                 style=\"--smush-placeholder-width: 1226px; --smush-placeholder-aspect-ratio: 1226\/815;display:block\" src=\"data:image\/svg+xml;base64,PHN2ZyB3aWR0aD0iMSIgaGVpZ2h0PSIxIiB4bWxucz0iaHR0cDovL3d3dy53My5vcmcvMjAwMC9zdmciPjwvc3ZnPg==\" class=\"lazyload\">\n        <\/a>\n            <a href=\"\" target=\"_blank\">\n            <img decoding=\"async\" alt=\"\"\n                 data-type=\"image\"\n                 data-src=\"https:\/\/marcopachiega.com\/beng\/wp-content\/uploads\/sites\/14\/2019\/03\/DSC5077.jpg\"\n                 data-image=\"https:\/\/marcopachiega.com\/beng\/wp-content\/uploads\/sites\/14\/2019\/03\/DSC5077.jpg\"\n                 data-description=\"\"\n                                 style=\"--smush-placeholder-width: 1226px; --smush-placeholder-aspect-ratio: 1226\/815;display:block\" src=\"data:image\/svg+xml;base64,PHN2ZyB3aWR0aD0iMSIgaGVpZ2h0PSIxIiB4bWxucz0iaHR0cDovL3d3dy53My5vcmcvMjAwMC9zdmciPjwvc3ZnPg==\" class=\"lazyload\">\n        <\/a>\n            <a href=\"\" target=\"_blank\">\n            <img decoding=\"async\" alt=\"\"\n                 data-type=\"image\"\n                 data-src=\"https:\/\/marcopachiega.com\/beng\/wp-content\/uploads\/sites\/14\/2019\/03\/DSC5071-Edit.jpg\"\n                 data-image=\"https:\/\/marcopachiega.com\/beng\/wp-content\/uploads\/sites\/14\/2019\/03\/DSC5071-Edit.jpg\"\n                 data-description=\"\"\n                                 style=\"--smush-placeholder-width: 1506px; --smush-placeholder-aspect-ratio: 1506\/663;display:block\" src=\"data:image\/svg+xml;base64,PHN2ZyB3aWR0aD0iMSIgaGVpZ2h0PSIxIiB4bWxucz0iaHR0cDovL3d3dy53My5vcmcvMjAwMC9zdmciPjwvc3ZnPg==\" class=\"lazyload\">\n        <\/a>\n            <a href=\"\" target=\"_blank\">\n            <img decoding=\"async\" alt=\"\"\n                 data-type=\"image\"\n                 data-src=\"https:\/\/marcopachiega.com\/beng\/wp-content\/uploads\/sites\/14\/2019\/03\/DSC5064.jpg\"\n                 data-image=\"https:\/\/marcopachiega.com\/beng\/wp-content\/uploads\/sites\/14\/2019\/03\/DSC5064.jpg\"\n                 data-description=\"\"\n                                 style=\"--smush-placeholder-width: 1226px; --smush-placeholder-aspect-ratio: 1226\/815;display:block\" src=\"data:image\/svg+xml;base64,PHN2ZyB3aWR0aD0iMSIgaGVpZ2h0PSIxIiB4bWxucz0iaHR0cDovL3d3dy53My5vcmcvMjAwMC9zdmciPjwvc3ZnPg==\" class=\"lazyload\">\n        <\/a>\n    <\/div>\n\n\n\n<script type=\"text\/javascript\">\n\n\n    (function() {\n        var runMyCode = function() {\n            jQuery(document).ready(function () {\n                var container = jQuery(\"#gdgallery_container_2\");\n                container.unitegallery({\"gallery_theme\":\"justified\",\"tiles_type\":\"justified\",\"tiles_justified_space_between\":10,\"tile_enable_textpanel\":true,\"tile_textpanel_always_on\":true,\"tile_textpanel_title_text_align\":\"center\",\"tile_textpanel_title_font_size\":\"16\",\"tile_textpanel_title_color\":\"#FFFFFF\",\"tile_textpanel_bg_color\":\"#333333\",\"tile_textpanel_bg_opacity\":0.7,\"tile_enable_border\":true,\"tile_border_width\":\"0\",\"tile_border_color\":\"#333333\",\"tile_border_radius\":\"0\",\"tile_enable_overlay\":true,\"tile_enable_image_effect\":true,\"tile_image_effect_type\":\"blur\",\"tile_image_effect_reverse\":true,\"tile_enable_shadow\":false,\"tile_as_link\":false,\"tile_enable_icons\":true,\"tile_show_link_icon\":true,\"tile_textpanel_appear_type\":\"slide\",\"tile_textpanel_position\":\"inside_bottom\",\"tile_link_newpage\":true,\"lightbox_type\":\"wide\",\"lightbox_arrows_offset\":0,\"lightbox_overlay_color\":\"#000000\",\"lightbox_overlay_opacity\":1,\"lightbox_top_panel_opacity\":1,\"lightbox_show_numbers\":true,\"lightbox_numbers_size\":\"15\",\"lightbox_numbers_color\":\"#FFFFFF\",\"lightbox_slider_image_border_width\":\"0\",\"lightbox_slider_image_border_color\":\"#FFFFFF\",\"lightbox_slider_image_border_radius\":0,\"lightbox_slider_image_shadow\":true,\"lightbox_slider_control_swipe\":true,\"lightbox_slider_control_zoom\":true,\"lightbox_slider_image_border\":true,\"lightbox_show_textpanel\":true,\"lightbox_textpanel_enable_title\":true,\"lightbox_textpanel_enable_description\":false,\"lightbox_textpanel_padding_top\":5,\"lightbox_textpanel_padding_bottom\":5,\"lightbox_textpanel_padding_right\":5,\"lightbox_textpanel_padding_left\":5,\"lightbox_textpanel_title_color\":\"#FFFFFF\",\"lightbox_textpanel_title_text_align\":\"center\",\"lightbox_textpanel_title_font_size\":\"16\",\"lightbox_textpanel_desc_color\":\"#FFFFFF\",\"lightbox_textpanel_desc_text_align\":\"center\",\"lightbox_textpanel_desc_font_size\":\"14\"});\n            });\n        };\n        var timer = function() {\n            if (window.jQuery) {runMyCode(window.jQuery);}\n            else {window.setTimeout(timer, 100);}\n        };\n        timer();\n    })();\n<\/script><style>\n#gdgallery-container-2 {\n   text-align: center}\n\n.gdgallery-pagination-2{\ntext-align: center !important;\n}\n\n.gdgallery-pagination-2 a{\n    font-size: 15px !important;\n    padding: 8px 13px !important;\n    margin: 3px !important;\n    border: 1px solid #333333 !important;\n    border-radius: 0px !important;\n    color: #333333 !important;\n    background-color: #FFFFFF !important;\n    font-family: monospace !important;\n}\n\n.gdgallery-pagination-2 a:hover, .gdgallery-pagination-2 a.gdgallery-pagination-icon-active{\n    color: #FFFFFF !important;\n    background-color: #333333 !important;\n    border-color: #333333 !important;\n}\n\n#gdgallery-container-2 .gdgallery_load_more_space{\n    margin-top: 20px !important;\n    text-align: center !important;\n}\n\n#gdgallery-container-2 .gdgallery_load_more_space button{\n                      padding: 8px 13px !important;\n    font-size: 15px !important;\n    background-color: #333333 !important;\n    color: #FFFFFF !important;\n    border:1px solid #333333 !important;\n                      border-radius: 0px !important;\n                      font-family: monospace !important;\n                  }\n#gdgallery-container-2 .gdgallery_load_more_space button:hover{\n                      background-color: #FFFFFF !important;\n                      color: #333333 !important;\n                      border-color: #333333 !important;\n                  }\n\n#gdgallery-container-2 .gdgallery_load_more_space button,\n#gdgallery-container-2 .gdgallery_load_more_space button:hover,\n#gdgallery-container-2 .gdgallery_load_more_space button:active,\n#gdgallery-container-2 .gdgallery_load_more_space button:focus{\n    outline: none !important;\n}\n\n\n#gdgallery-container-2 .gdgallery_loading li{\n                      border: 3px solid #333333 !important;\n                  }\n\n.ug-lightbox .ug-lightbox-top-panel-overlay{\n    background-color: #000000 !important;\n}\n\n\n                  #gdgallery_container_2{}\n<\/style>\n\n\n\n<\/div>\n\n\n\n\n\n<\/div>\n<div><\/div>\n<div><em>Marco Pachiega<\/em><\/div>\n","protected":false},"excerpt":{"rendered":"<p>Atelier de Pilar G\u00fcell a space of creation in the Raval Hidden among the narrow streets of the neighborhood is a center dedicated to art Lose myself walking around the Raval is one of my pastimes. I loosen the pace of my step, stop to look at a shop windows or sneak into one of the many streets. A few weeks ago, absorbed in my thoughts, almost stumbling around against a sign placed on the ground. I look around to see what is written and I read: Art exposici\u00f2n, Zeigeist el espiritu de la epoca. An art exhibition! I am intrigued by the room that houses paintings and various artistic&hellip; <a class=\"read-more\" href=\"https:\/\/marcopachiega.com\/beng\/atelier-de-pilar-guell-a-space-of-creation-in-the-raval\/\">Read More<\/a><\/p>\n","protected":false},"author":1,"featured_media":3104,"comment_status":"open","ping_status":"open","sticky":false,"template":"","format":"standard","meta":{"footnotes":""},"categories":[486,318,319],"tags":[222,334,415,177,416,417,252,418,201,419],"class_list":["post-3108","post","type-post","status-publish","format-standard","has-post-thumbnail","hentry","category-barcelona","category-events-sport-news","category-trips-impressions-and-stories","tag-arte","tag-artisti","tag-atelier","tag-barcellona","tag-europa","tag-guell","tag-musica","tag-promozione","tag-spagna","tag-zeigeist"],"yoast_head":"<!-- This site is optimized with the Yoast SEO plugin v27.3 - https:\/\/yoast.com\/product\/yoast-seo-wordpress\/ -->\n<title>Atelier de Pilar G\u00fcell a space of creation in the Raval - Pachiega&#039;s blog<\/title>\n<meta name=\"description\" content=\"Hidden among the narrow streets of the neighborhood is a center dedicated to art, Atelier de Pilar G\u00fcell a space of creation in the Raval.\" \/>\n<meta name=\"robots\" content=\"index, follow, max-snippet:-1, max-image-preview:large, max-video-preview:-1\" \/>\n<link rel=\"canonical\" href=\"https:\/\/marcopachiega.com\/beng\/atelier-de-pilar-guell-a-space-of-creation-in-the-raval\/\" \/>\n<meta property=\"og:locale\" content=\"en_GB\" \/>\n<meta property=\"og:type\" content=\"article\" \/>\n<meta property=\"og:title\" content=\"Atelier de Pilar G\u00fcell a space of creation in the Raval - Pachiega&#039;s blog\" \/>\n<meta property=\"og:description\" content=\"Hidden among the narrow streets of the neighborhood is a center dedicated to art, Atelier de Pilar G\u00fcell a space of creation in the Raval.\" \/>\n<meta property=\"og:url\" content=\"https:\/\/marcopachiega.com\/beng\/atelier-de-pilar-guell-a-space-of-creation-in-the-raval\/\" \/>\n<meta property=\"og:site_name\" content=\"Pachiega&#039;s blog\" \/>\n<meta property=\"article:published_time\" content=\"2019-03-15T19:02:13+00:00\" \/>\n<meta property=\"article:modified_time\" content=\"2021-02-02T20:46:33+00:00\" \/>\n<meta property=\"og:image\" content=\"https:\/\/marcopachiega.com\/beng\/wp-content\/uploads\/sites\/14\/2019\/03\/DSC5094.jpg\" \/>\n\t<meta property=\"og:image:width\" content=\"1226\" \/>\n\t<meta property=\"og:image:height\" content=\"815\" \/>\n\t<meta property=\"og:image:type\" content=\"image\/jpeg\" \/>\n<meta name=\"author\" content=\"marcopac\" \/>\n<meta name=\"twitter:card\" content=\"summary_large_image\" \/>\n<meta name=\"twitter:label1\" content=\"Written by\" \/>\n\t<meta name=\"twitter:data1\" content=\"marcopac\" \/>\n\t<meta name=\"twitter:label2\" content=\"Estimated reading time\" \/>\n\t<meta name=\"twitter:data2\" content=\"2 minutes\" \/>\n<script type=\"application\/ld+json\" class=\"yoast-schema-graph\">{\"@context\":\"https:\\\/\\\/schema.org\",\"@graph\":[{\"@type\":\"Article\",\"@id\":\"https:\\\/\\\/marcopachiega.com\\\/beng\\\/atelier-de-pilar-guell-a-space-of-creation-in-the-raval\\\/#article\",\"isPartOf\":{\"@id\":\"https:\\\/\\\/marcopachiega.com\\\/beng\\\/atelier-de-pilar-guell-a-space-of-creation-in-the-raval\\\/\"},\"author\":{\"name\":\"marcopac\",\"@id\":\"https:\\\/\\\/marcopachiega.com\\\/beng\\\/#\\\/schema\\\/person\\\/5800e113375ba5f33499beca73ac3336\"},\"headline\":\"Atelier de Pilar G\u00fcell a space of creation in the Raval\",\"datePublished\":\"2019-03-15T19:02:13+00:00\",\"dateModified\":\"2021-02-02T20:46:33+00:00\",\"mainEntityOfPage\":{\"@id\":\"https:\\\/\\\/marcopachiega.com\\\/beng\\\/atelier-de-pilar-guell-a-space-of-creation-in-the-raval\\\/\"},\"wordCount\":488,\"commentCount\":0,\"image\":{\"@id\":\"https:\\\/\\\/marcopachiega.com\\\/beng\\\/atelier-de-pilar-guell-a-space-of-creation-in-the-raval\\\/#primaryimage\"},\"thumbnailUrl\":\"https:\\\/\\\/marcopachiega.com\\\/beng\\\/wp-content\\\/uploads\\\/sites\\\/14\\\/2019\\\/03\\\/DSC5094.jpg\",\"keywords\":[\"arte\",\"artisti\",\"atelier\",\"barcellona\",\"Europa\",\"guell\",\"Musica\",\"promozione\",\"spagna\",\"zeigeist\"],\"articleSection\":[\"Barcelona\",\"Events, sport, news\",\"Trips and stories\"],\"inLanguage\":\"en-GB\",\"potentialAction\":[{\"@type\":\"CommentAction\",\"name\":\"Comment\",\"target\":[\"https:\\\/\\\/marcopachiega.com\\\/beng\\\/atelier-de-pilar-guell-a-space-of-creation-in-the-raval\\\/#respond\"]}]},{\"@type\":\"WebPage\",\"@id\":\"https:\\\/\\\/marcopachiega.com\\\/beng\\\/atelier-de-pilar-guell-a-space-of-creation-in-the-raval\\\/\",\"url\":\"https:\\\/\\\/marcopachiega.com\\\/beng\\\/atelier-de-pilar-guell-a-space-of-creation-in-the-raval\\\/\",\"name\":\"Atelier de Pilar G\u00fcell a space of creation in the Raval - Pachiega&#039;s blog\",\"isPartOf\":{\"@id\":\"https:\\\/\\\/marcopachiega.com\\\/beng\\\/#website\"},\"primaryImageOfPage\":{\"@id\":\"https:\\\/\\\/marcopachiega.com\\\/beng\\\/atelier-de-pilar-guell-a-space-of-creation-in-the-raval\\\/#primaryimage\"},\"image\":{\"@id\":\"https:\\\/\\\/marcopachiega.com\\\/beng\\\/atelier-de-pilar-guell-a-space-of-creation-in-the-raval\\\/#primaryimage\"},\"thumbnailUrl\":\"https:\\\/\\\/marcopachiega.com\\\/beng\\\/wp-content\\\/uploads\\\/sites\\\/14\\\/2019\\\/03\\\/DSC5094.jpg\",\"datePublished\":\"2019-03-15T19:02:13+00:00\",\"dateModified\":\"2021-02-02T20:46:33+00:00\",\"author\":{\"@id\":\"https:\\\/\\\/marcopachiega.com\\\/beng\\\/#\\\/schema\\\/person\\\/5800e113375ba5f33499beca73ac3336\"},\"description\":\"Hidden among the narrow streets of the neighborhood is a center dedicated to art, Atelier de Pilar G\u00fcell a space of creation in the Raval.\",\"breadcrumb\":{\"@id\":\"https:\\\/\\\/marcopachiega.com\\\/beng\\\/atelier-de-pilar-guell-a-space-of-creation-in-the-raval\\\/#breadcrumb\"},\"inLanguage\":\"en-GB\",\"potentialAction\":[{\"@type\":\"ReadAction\",\"target\":[\"https:\\\/\\\/marcopachiega.com\\\/beng\\\/atelier-de-pilar-guell-a-space-of-creation-in-the-raval\\\/\"]}]},{\"@type\":\"ImageObject\",\"inLanguage\":\"en-GB\",\"@id\":\"https:\\\/\\\/marcopachiega.com\\\/beng\\\/atelier-de-pilar-guell-a-space-of-creation-in-the-raval\\\/#primaryimage\",\"url\":\"https:\\\/\\\/marcopachiega.com\\\/beng\\\/wp-content\\\/uploads\\\/sites\\\/14\\\/2019\\\/03\\\/DSC5094.jpg\",\"contentUrl\":\"https:\\\/\\\/marcopachiega.com\\\/beng\\\/wp-content\\\/uploads\\\/sites\\\/14\\\/2019\\\/03\\\/DSC5094.jpg\",\"width\":1226,\"height\":815,\"caption\":\"Atelier de Pilar G\u00fcell a space of creation in the Raval\"},{\"@type\":\"BreadcrumbList\",\"@id\":\"https:\\\/\\\/marcopachiega.com\\\/beng\\\/atelier-de-pilar-guell-a-space-of-creation-in-the-raval\\\/#breadcrumb\",\"itemListElement\":[{\"@type\":\"ListItem\",\"position\":1,\"name\":\"Home\",\"item\":\"https:\\\/\\\/marcopachiega.com\\\/beng\\\/\"},{\"@type\":\"ListItem\",\"position\":2,\"name\":\"Atelier de Pilar G\u00fcell a space of creation in the Raval\"}]},{\"@type\":\"WebSite\",\"@id\":\"https:\\\/\\\/marcopachiega.com\\\/beng\\\/#website\",\"url\":\"https:\\\/\\\/marcopachiega.com\\\/beng\\\/\",\"name\":\"Pachiega&#039;s blog\",\"description\":\"Observation post\",\"potentialAction\":[{\"@type\":\"SearchAction\",\"target\":{\"@type\":\"EntryPoint\",\"urlTemplate\":\"https:\\\/\\\/marcopachiega.com\\\/beng\\\/?s={search_term_string}\"},\"query-input\":{\"@type\":\"PropertyValueSpecification\",\"valueRequired\":true,\"valueName\":\"search_term_string\"}}],\"inLanguage\":\"en-GB\"},{\"@type\":\"Person\",\"@id\":\"https:\\\/\\\/marcopachiega.com\\\/beng\\\/#\\\/schema\\\/person\\\/5800e113375ba5f33499beca73ac3336\",\"name\":\"marcopac\",\"image\":{\"@type\":\"ImageObject\",\"inLanguage\":\"en-GB\",\"@id\":\"https:\\\/\\\/secure.gravatar.com\\\/avatar\\\/f6c773c53a48c8f498fdb1e3aea06bcb45bf414ea7545feb7c90bb02e9b7c999?s=96&d=mm&r=g\",\"url\":\"https:\\\/\\\/secure.gravatar.com\\\/avatar\\\/f6c773c53a48c8f498fdb1e3aea06bcb45bf414ea7545feb7c90bb02e9b7c999?s=96&d=mm&r=g\",\"contentUrl\":\"https:\\\/\\\/secure.gravatar.com\\\/avatar\\\/f6c773c53a48c8f498fdb1e3aea06bcb45bf414ea7545feb7c90bb02e9b7c999?s=96&d=mm&r=g\",\"caption\":\"marcopac\"},\"sameAs\":[\"http:\\\/\\\/www.marcopachiega.com\",\"https:\\\/\\\/www.instagram.com\\\/marcopachiega\\\/\",\"https:\\\/\\\/www.linkedin.com\\\/in\\\/marco-pachiega-38546b92\\\/?locale=es_ES\",\"https:\\\/\\\/www.youtube.com\\\/@marcopachiega2999\\\/featured\"],\"url\":\"https:\\\/\\\/marcopachiega.com\\\/beng\\\/author\\\/marcopac\\\/\"}]}<\/script>\n<!-- \/ Yoast SEO plugin. -->","yoast_head_json":{"title":"Atelier de Pilar G\u00fcell a space of creation in the Raval - Pachiega&#039;s blog","description":"Hidden among the narrow streets of the neighborhood is a center dedicated to art, Atelier de Pilar G\u00fcell a space of creation in the Raval.","robots":{"index":"index","follow":"follow","max-snippet":"max-snippet:-1","max-image-preview":"max-image-preview:large","max-video-preview":"max-video-preview:-1"},"canonical":"https:\/\/marcopachiega.com\/beng\/atelier-de-pilar-guell-a-space-of-creation-in-the-raval\/","og_locale":"en_GB","og_type":"article","og_title":"Atelier de Pilar G\u00fcell a space of creation in the Raval - Pachiega&#039;s blog","og_description":"Hidden among the narrow streets of the neighborhood is a center dedicated to art, Atelier de Pilar G\u00fcell a space of creation in the Raval.","og_url":"https:\/\/marcopachiega.com\/beng\/atelier-de-pilar-guell-a-space-of-creation-in-the-raval\/","og_site_name":"Pachiega&#039;s blog","article_published_time":"2019-03-15T19:02:13+00:00","article_modified_time":"2021-02-02T20:46:33+00:00","og_image":[{"width":1226,"height":815,"url":"https:\/\/marcopachiega.com\/beng\/wp-content\/uploads\/sites\/14\/2019\/03\/DSC5094.jpg","type":"image\/jpeg"}],"author":"marcopac","twitter_card":"summary_large_image","twitter_misc":{"Written by":"marcopac","Estimated reading time":"2 minutes"},"schema":{"@context":"https:\/\/schema.org","@graph":[{"@type":"Article","@id":"https:\/\/marcopachiega.com\/beng\/atelier-de-pilar-guell-a-space-of-creation-in-the-raval\/#article","isPartOf":{"@id":"https:\/\/marcopachiega.com\/beng\/atelier-de-pilar-guell-a-space-of-creation-in-the-raval\/"},"author":{"name":"marcopac","@id":"https:\/\/marcopachiega.com\/beng\/#\/schema\/person\/5800e113375ba5f33499beca73ac3336"},"headline":"Atelier de Pilar G\u00fcell a space of creation in the Raval","datePublished":"2019-03-15T19:02:13+00:00","dateModified":"2021-02-02T20:46:33+00:00","mainEntityOfPage":{"@id":"https:\/\/marcopachiega.com\/beng\/atelier-de-pilar-guell-a-space-of-creation-in-the-raval\/"},"wordCount":488,"commentCount":0,"image":{"@id":"https:\/\/marcopachiega.com\/beng\/atelier-de-pilar-guell-a-space-of-creation-in-the-raval\/#primaryimage"},"thumbnailUrl":"https:\/\/marcopachiega.com\/beng\/wp-content\/uploads\/sites\/14\/2019\/03\/DSC5094.jpg","keywords":["arte","artisti","atelier","barcellona","Europa","guell","Musica","promozione","spagna","zeigeist"],"articleSection":["Barcelona","Events, sport, news","Trips and stories"],"inLanguage":"en-GB","potentialAction":[{"@type":"CommentAction","name":"Comment","target":["https:\/\/marcopachiega.com\/beng\/atelier-de-pilar-guell-a-space-of-creation-in-the-raval\/#respond"]}]},{"@type":"WebPage","@id":"https:\/\/marcopachiega.com\/beng\/atelier-de-pilar-guell-a-space-of-creation-in-the-raval\/","url":"https:\/\/marcopachiega.com\/beng\/atelier-de-pilar-guell-a-space-of-creation-in-the-raval\/","name":"Atelier de Pilar G\u00fcell a space of creation in the Raval - Pachiega&#039;s blog","isPartOf":{"@id":"https:\/\/marcopachiega.com\/beng\/#website"},"primaryImageOfPage":{"@id":"https:\/\/marcopachiega.com\/beng\/atelier-de-pilar-guell-a-space-of-creation-in-the-raval\/#primaryimage"},"image":{"@id":"https:\/\/marcopachiega.com\/beng\/atelier-de-pilar-guell-a-space-of-creation-in-the-raval\/#primaryimage"},"thumbnailUrl":"https:\/\/marcopachiega.com\/beng\/wp-content\/uploads\/sites\/14\/2019\/03\/DSC5094.jpg","datePublished":"2019-03-15T19:02:13+00:00","dateModified":"2021-02-02T20:46:33+00:00","author":{"@id":"https:\/\/marcopachiega.com\/beng\/#\/schema\/person\/5800e113375ba5f33499beca73ac3336"},"description":"Hidden among the narrow streets of the neighborhood is a center dedicated to art, Atelier de Pilar G\u00fcell a space of creation in the Raval.","breadcrumb":{"@id":"https:\/\/marcopachiega.com\/beng\/atelier-de-pilar-guell-a-space-of-creation-in-the-raval\/#breadcrumb"},"inLanguage":"en-GB","potentialAction":[{"@type":"ReadAction","target":["https:\/\/marcopachiega.com\/beng\/atelier-de-pilar-guell-a-space-of-creation-in-the-raval\/"]}]},{"@type":"ImageObject","inLanguage":"en-GB","@id":"https:\/\/marcopachiega.com\/beng\/atelier-de-pilar-guell-a-space-of-creation-in-the-raval\/#primaryimage","url":"https:\/\/marcopachiega.com\/beng\/wp-content\/uploads\/sites\/14\/2019\/03\/DSC5094.jpg","contentUrl":"https:\/\/marcopachiega.com\/beng\/wp-content\/uploads\/sites\/14\/2019\/03\/DSC5094.jpg","width":1226,"height":815,"caption":"Atelier de Pilar G\u00fcell a space of creation in the Raval"},{"@type":"BreadcrumbList","@id":"https:\/\/marcopachiega.com\/beng\/atelier-de-pilar-guell-a-space-of-creation-in-the-raval\/#breadcrumb","itemListElement":[{"@type":"ListItem","position":1,"name":"Home","item":"https:\/\/marcopachiega.com\/beng\/"},{"@type":"ListItem","position":2,"name":"Atelier de Pilar G\u00fcell a space of creation in the Raval"}]},{"@type":"WebSite","@id":"https:\/\/marcopachiega.com\/beng\/#website","url":"https:\/\/marcopachiega.com\/beng\/","name":"Pachiega&#039;s blog","description":"Observation post","potentialAction":[{"@type":"SearchAction","target":{"@type":"EntryPoint","urlTemplate":"https:\/\/marcopachiega.com\/beng\/?s={search_term_string}"},"query-input":{"@type":"PropertyValueSpecification","valueRequired":true,"valueName":"search_term_string"}}],"inLanguage":"en-GB"},{"@type":"Person","@id":"https:\/\/marcopachiega.com\/beng\/#\/schema\/person\/5800e113375ba5f33499beca73ac3336","name":"marcopac","image":{"@type":"ImageObject","inLanguage":"en-GB","@id":"https:\/\/secure.gravatar.com\/avatar\/f6c773c53a48c8f498fdb1e3aea06bcb45bf414ea7545feb7c90bb02e9b7c999?s=96&d=mm&r=g","url":"https:\/\/secure.gravatar.com\/avatar\/f6c773c53a48c8f498fdb1e3aea06bcb45bf414ea7545feb7c90bb02e9b7c999?s=96&d=mm&r=g","contentUrl":"https:\/\/secure.gravatar.com\/avatar\/f6c773c53a48c8f498fdb1e3aea06bcb45bf414ea7545feb7c90bb02e9b7c999?s=96&d=mm&r=g","caption":"marcopac"},"sameAs":["http:\/\/www.marcopachiega.com","https:\/\/www.instagram.com\/marcopachiega\/","https:\/\/www.linkedin.com\/in\/marco-pachiega-38546b92\/?locale=es_ES","https:\/\/www.youtube.com\/@marcopachiega2999\/featured"],"url":"https:\/\/marcopachiega.com\/beng\/author\/marcopac\/"}]}},"_links":{"self":[{"href":"https:\/\/marcopachiega.com\/beng\/wp-json\/wp\/v2\/posts\/3108","targetHints":{"allow":["GET"]}}],"collection":[{"href":"https:\/\/marcopachiega.com\/beng\/wp-json\/wp\/v2\/posts"}],"about":[{"href":"https:\/\/marcopachiega.com\/beng\/wp-json\/wp\/v2\/types\/post"}],"author":[{"embeddable":true,"href":"https:\/\/marcopachiega.com\/beng\/wp-json\/wp\/v2\/users\/1"}],"replies":[{"embeddable":true,"href":"https:\/\/marcopachiega.com\/beng\/wp-json\/wp\/v2\/comments?post=3108"}],"version-history":[{"count":0,"href":"https:\/\/marcopachiega.com\/beng\/wp-json\/wp\/v2\/posts\/3108\/revisions"}],"wp:featuredmedia":[{"embeddable":true,"href":"https:\/\/marcopachiega.com\/beng\/wp-json\/wp\/v2\/media\/3104"}],"wp:attachment":[{"href":"https:\/\/marcopachiega.com\/beng\/wp-json\/wp\/v2\/media?parent=3108"}],"wp:term":[{"taxonomy":"category","embeddable":true,"href":"https:\/\/marcopachiega.com\/beng\/wp-json\/wp\/v2\/categories?post=3108"},{"taxonomy":"post_tag","embeddable":true,"href":"https:\/\/marcopachiega.com\/beng\/wp-json\/wp\/v2\/tags?post=3108"}],"curies":[{"name":"wp","href":"https:\/\/api.w.org\/{rel}","templated":true}]}}