{"id":2368,"date":"2016-07-25T21:55:11","date_gmt":"2016-07-25T21:55:11","guid":{"rendered":"http:\/\/marcopachiega.com\/?p=541"},"modified":"2019-05-03T14:18:08","modified_gmt":"2019-05-03T14:18:08","slug":"acab-y-moby-dick-en-el-raval","status":"publish","type":"post","link":"https:\/\/marcopachiega.com\/besp\/acab-y-moby-dick-en-el-raval\/","title":{"rendered":"Achab y Moby Dick en el Raval"},"content":{"rendered":"<h1 style=\"text-align: center;\">ACHAB Y MOBY DICK EN EL RAVAL<\/h1>\n<p>A menudo hacemos encuentros extra\u00f1os por el barrio del Raval de Barcelona. Caracteres extra\u00f1os, con historias a veces sombrias y de mala reputaci\u00f3n.<br \/>\nUna tarde, mientras caminaba con unos amigos, fuimos al bar 68 en busca de una cerveza y un refugio de la lluvia. Justo dentro, por casualidad, me encontr\u00e9 con el capit\u00e1n Achab y su ballena Mody Dick. Si s\u00ed, has le\u00eddo bien, el capit\u00e1n Achab y Moby Dick en el Raval!<\/p>\n<p>&nbsp;<\/p>\n<h4>La Historia:<\/h4>\n<p>Su cara oscura, escavada por las tormentas, sol y fr\u00edo implacable, me miraba con sus ojos oscuros. Y su equipo no se queda atr\u00e1s! individuos turbios que han jurado lealtad al capit\u00e1n, en busca de esta maldita ballena blanca. Una odisea interminable llena de maldiciones, amenazas y viajes agotadores. \u00bfQuien no ha estado fascinado por sus incre\u00edbles aventuras, so\u00f1ando despierto? Este es el capit\u00e1n Achab la ballena Moby Dick en el raval, emblema del mar m\u00e1s distante y peligroso. Obviamente Achab no ha pronunciado una palabra hacia m\u00ed, porque, obviamente, en el bar, no lo encontr\u00e8 en vivo, pero mas bien ilustrado sobre tablas de madera. Entonces, \u00bfcon qui\u00e9n me encontr\u00e9 la otra noche? Con Achab o con su dise\u00f1ador? Obviamente ambos, pero mientras Achab fue \u00abcolgado\u00bb de los mares para cazar su ballena, Jordy su disenador no ha desde\u00f1ado a tener dos palabras acerca de su creaci\u00f3n mientras bebiamos juntos una cerveza. Sus pinturas son dibujadas a mano sobre tablas de madera Simples bol\u00edgrafos y un poco de color adicional para completar el trabajo. Sombras, luces, expresiones, todo se ve muy realista!<img fetchpriority=\"high\" decoding=\"async\" class=\"aligncenter size-full wp-image-538\" src=\"http:\/\/marcopachiega.com\/wp-content\/uploads\/2016\/07\/DSC9531.jpg\" alt=\"_DSC9531\" width=\"2452\" height=\"1630\" \/><\/p>\n<p>[Best_Wordpress_Gallery id=\u00bb31&#8243; gal_title=\u00bbACAB Y MOBY DICK EN EL RAVAL\u00bb]<\/p>\n<p>No s\u00e9 si Jordy nunca ha sido un capit\u00e1n de barco como Achab. Pero sin duda ha acertado completamente la idea de este personaje oscuro y su tripulaci\u00f3n, ya que vagan por los siete mares. Mejor compartir una cerveza con Jordy y dejar al capit\u00e1n colgado en las paredes del <a href=\"https:\/\/www.facebook.com\/bar68barcelona\/?fref=ts\">bar 68.<\/a>\u00a0Que a mirarlo bien a m\u00ed no me parece tan amable!<\/p>\n<p style=\"text-align: center;\">\n<div class=\"gdgallery-gallery-container\" id=\"gdgallery-container-26\" data-id=\"26\">\n    \n<div id=\"gdgallery_container_26\" style=\"display:none;\" data-view=\"justified\">\n            <a href=\"\" target=\"_blank\">\n            <img decoding=\"async\" alt=\"\"\n                 data-type=\"image\"\n                 data-src=\"https:\/\/marcopachiega.com\/besp\/wp-content\/uploads\/sites\/13\/2016\/07\/DSC9562.jpg\"\n                 data-image=\"https:\/\/marcopachiega.com\/besp\/wp-content\/uploads\/sites\/13\/2016\/07\/DSC9562.jpg\"\n                 data-description=\"\"\n                                 style=\"--smush-placeholder-width: 2850px; --smush-placeholder-aspect-ratio: 2850\/1403;display:block\" src=\"data:image\/svg+xml;base64,PHN2ZyB3aWR0aD0iMSIgaGVpZ2h0PSIxIiB4bWxucz0iaHR0cDovL3d3dy53My5vcmcvMjAwMC9zdmciPjwvc3ZnPg==\" class=\"lazyload\">\n        <\/a>\n            <a href=\"\" target=\"_blank\">\n            <img decoding=\"async\" alt=\"\"\n                 data-type=\"image\"\n                 data-src=\"https:\/\/marcopachiega.com\/besp\/wp-content\/uploads\/sites\/13\/2016\/07\/DSC9550.jpg\"\n                 data-image=\"https:\/\/marcopachiega.com\/besp\/wp-content\/uploads\/sites\/13\/2016\/07\/DSC9550.jpg\"\n                 data-description=\"\"\n                                 style=\"--smush-placeholder-width: 2452px; --smush-placeholder-aspect-ratio: 2452\/1630;display:block\" src=\"data:image\/svg+xml;base64,PHN2ZyB3aWR0aD0iMSIgaGVpZ2h0PSIxIiB4bWxucz0iaHR0cDovL3d3dy53My5vcmcvMjAwMC9zdmciPjwvc3ZnPg==\" class=\"lazyload\">\n        <\/a>\n            <a href=\"\" target=\"_blank\">\n            <img decoding=\"async\" alt=\"\"\n                 data-type=\"image\"\n                 data-src=\"https:\/\/marcopachiega.com\/besp\/wp-content\/uploads\/sites\/13\/2016\/07\/DSC9531-e1496527605639.jpg\"\n                 data-image=\"https:\/\/marcopachiega.com\/besp\/wp-content\/uploads\/sites\/13\/2016\/07\/DSC9531-e1496527605639.jpg\"\n                 data-description=\"\"\n                                 style=\"--smush-placeholder-width: 600px; --smush-placeholder-aspect-ratio: 600\/399;display:block\" src=\"data:image\/svg+xml;base64,PHN2ZyB3aWR0aD0iMSIgaGVpZ2h0PSIxIiB4bWxucz0iaHR0cDovL3d3dy53My5vcmcvMjAwMC9zdmciPjwvc3ZnPg==\" class=\"lazyload\">\n        <\/a>\n            <a href=\"\" target=\"_blank\">\n            <img decoding=\"async\" alt=\"\"\n                 data-type=\"image\"\n                 data-src=\"https:\/\/marcopachiega.com\/besp\/wp-content\/uploads\/sites\/13\/2016\/07\/DSC9529.jpg\"\n                 data-image=\"https:\/\/marcopachiega.com\/besp\/wp-content\/uploads\/sites\/13\/2016\/07\/DSC9529.jpg\"\n                 data-description=\"\"\n                                 style=\"--smush-placeholder-width: 2452px; --smush-placeholder-aspect-ratio: 2452\/1630;display:block\" src=\"data:image\/svg+xml;base64,PHN2ZyB3aWR0aD0iMSIgaGVpZ2h0PSIxIiB4bWxucz0iaHR0cDovL3d3dy53My5vcmcvMjAwMC9zdmciPjwvc3ZnPg==\" class=\"lazyload\">\n        <\/a>\n            <a href=\"\" target=\"_blank\">\n            <img decoding=\"async\" alt=\"\"\n                 data-type=\"image\"\n                 data-src=\"https:\/\/marcopachiega.com\/besp\/wp-content\/uploads\/sites\/13\/2016\/07\/DSC9511.jpg\"\n                 data-image=\"https:\/\/marcopachiega.com\/besp\/wp-content\/uploads\/sites\/13\/2016\/07\/DSC9511.jpg\"\n                 data-description=\"\"\n                                 style=\"--smush-placeholder-width: 2452px; --smush-placeholder-aspect-ratio: 2452\/1630;display:block\" src=\"data:image\/svg+xml;base64,PHN2ZyB3aWR0aD0iMSIgaGVpZ2h0PSIxIiB4bWxucz0iaHR0cDovL3d3dy53My5vcmcvMjAwMC9zdmciPjwvc3ZnPg==\" class=\"lazyload\">\n        <\/a>\n            <a href=\"\" target=\"_blank\">\n            <img decoding=\"async\" alt=\"\"\n                 data-type=\"image\"\n                 data-src=\"https:\/\/marcopachiega.com\/besp\/wp-content\/uploads\/sites\/13\/2016\/07\/DSC9507.jpg\"\n                 data-image=\"https:\/\/marcopachiega.com\/besp\/wp-content\/uploads\/sites\/13\/2016\/07\/DSC9507.jpg\"\n                 data-description=\"\"\n                                 style=\"--smush-placeholder-width: 2452px; --smush-placeholder-aspect-ratio: 2452\/1630;display:block\" src=\"data:image\/svg+xml;base64,PHN2ZyB3aWR0aD0iMSIgaGVpZ2h0PSIxIiB4bWxucz0iaHR0cDovL3d3dy53My5vcmcvMjAwMC9zdmciPjwvc3ZnPg==\" class=\"lazyload\">\n        <\/a>\n    <\/div>\n\n\n\n<script type=\"text\/javascript\">\n\n\n    (function() {\n        var runMyCode = function() {\n            jQuery(document).ready(function () {\n                var container = jQuery(\"#gdgallery_container_26\");\n                container.unitegallery({\"gallery_theme\":\"justified\",\"tiles_type\":\"justified\",\"tiles_justified_space_between\":10,\"tile_enable_textpanel\":true,\"tile_textpanel_always_on\":true,\"tile_textpanel_title_text_align\":\"center\",\"tile_textpanel_title_font_size\":\"16\",\"tile_textpanel_title_color\":\"#FFFFFF\",\"tile_textpanel_bg_color\":\"#333333\",\"tile_textpanel_bg_opacity\":0.7,\"tile_enable_border\":true,\"tile_border_width\":\"0\",\"tile_border_color\":\"#333333\",\"tile_border_radius\":\"0\",\"tile_enable_overlay\":true,\"tile_enable_image_effect\":true,\"tile_image_effect_type\":\"blur\",\"tile_image_effect_reverse\":true,\"tile_enable_shadow\":false,\"tile_as_link\":false,\"tile_enable_icons\":true,\"tile_show_link_icon\":true,\"tile_textpanel_appear_type\":\"slide\",\"tile_textpanel_position\":\"inside_bottom\",\"tile_link_newpage\":true,\"lightbox_type\":\"wide\",\"lightbox_arrows_offset\":0,\"lightbox_overlay_color\":\"#000000\",\"lightbox_overlay_opacity\":1,\"lightbox_top_panel_opacity\":1,\"lightbox_show_numbers\":true,\"lightbox_numbers_size\":\"15\",\"lightbox_numbers_color\":\"#FFFFFF\",\"lightbox_slider_image_border_width\":\"0\",\"lightbox_slider_image_border_color\":\"#FFFFFF\",\"lightbox_slider_image_border_radius\":0,\"lightbox_slider_image_shadow\":true,\"lightbox_slider_control_swipe\":true,\"lightbox_slider_control_zoom\":true,\"lightbox_slider_image_border\":true,\"lightbox_show_textpanel\":true,\"lightbox_textpanel_enable_title\":true,\"lightbox_textpanel_enable_description\":false,\"lightbox_textpanel_padding_top\":5,\"lightbox_textpanel_padding_bottom\":5,\"lightbox_textpanel_padding_right\":5,\"lightbox_textpanel_padding_left\":5,\"lightbox_textpanel_title_color\":\"#FFFFFF\",\"lightbox_textpanel_title_text_align\":\"center\",\"lightbox_textpanel_title_font_size\":\"16\",\"lightbox_textpanel_desc_color\":\"#FFFFFF\",\"lightbox_textpanel_desc_text_align\":\"center\",\"lightbox_textpanel_desc_font_size\":\"14\"});\n            });\n        };\n        var timer = function() {\n            if (window.jQuery) {runMyCode(window.jQuery);}\n            else {window.setTimeout(timer, 100);}\n        };\n        timer();\n    })();\n<\/script><style>\n#gdgallery-container-26 {\n   text-align: center}\n\n.gdgallery-pagination-26{\ntext-align: center !important;\n}\n\n.gdgallery-pagination-26 a{\n    font-size: 15px !important;\n    padding: 8px 13px !important;\n    margin: 3px !important;\n    border: 1px solid #333333 !important;\n    border-radius: 0px !important;\n    color: #333333 !important;\n    background-color: #FFFFFF !important;\n    font-family: monospace !important;\n}\n\n.gdgallery-pagination-26 a:hover, .gdgallery-pagination-26 a.gdgallery-pagination-icon-active{\n    color: #FFFFFF !important;\n    background-color: #333333 !important;\n    border-color: #333333 !important;\n}\n\n#gdgallery-container-26 .gdgallery_load_more_space{\n    margin-top: 20px !important;\n    text-align: center !important;\n}\n\n#gdgallery-container-26 .gdgallery_load_more_space button{\n                      padding: 8px 13px !important;\n    font-size: 15px !important;\n    background-color: #333333 !important;\n    color: #FFFFFF !important;\n    border:1px solid #333333 !important;\n                      border-radius: 0px !important;\n                      font-family: monospace !important;\n                  }\n#gdgallery-container-26 .gdgallery_load_more_space button:hover{\n                      background-color: #FFFFFF !important;\n                      color: #333333 !important;\n                      border-color: #333333 !important;\n                  }\n\n#gdgallery-container-26 .gdgallery_load_more_space button,\n#gdgallery-container-26 .gdgallery_load_more_space button:hover,\n#gdgallery-container-26 .gdgallery_load_more_space button:active,\n#gdgallery-container-26 .gdgallery_load_more_space button:focus{\n    outline: none !important;\n}\n\n\n#gdgallery-container-26 .gdgallery_loading li{\n                      border: 3px solid #333333 !important;\n                  }\n\n.ug-lightbox .ug-lightbox-top-panel-overlay{\n    background-color: #000000 !important;\n}\n\n\n                  #gdgallery_container_26{}\n<\/style>\n\n\n\n<\/div>\n\n\n\n\n\n<\/p>\n<p>Marco Pachiega<\/p>\n<p>&nbsp;<\/p>\n","protected":false},"excerpt":{"rendered":"<p>ACHAB Y MOBY DICK EN EL RAVAL A menudo hacemos encuentros extra\u00f1os por el barrio del Raval de Barcelona. Caracteres extra\u00f1os, con historias a veces sombrias y de mala reputaci\u00f3n. Una tarde, mientras caminaba con unos amigos, fuimos al bar 68 en busca de una cerveza y un refugio de la lluvia. Justo dentro, por casualidad, me encontr\u00e9 con el capit\u00e1n Achab y su ballena Mody Dick. Si s\u00ed, has le\u00eddo bien, el capit\u00e1n Achab y Moby Dick en el Raval! &nbsp; La Historia: Su cara oscura, escavada por las tormentas, sol y fr\u00edo implacable, me miraba con sus ojos oscuros. Y su equipo no se queda atr\u00e1s! individuos turbios&hellip; <a class=\"read-more\" href=\"https:\/\/marcopachiega.com\/besp\/acab-y-moby-dick-en-el-raval\/\">Read More<\/a><\/p>\n","protected":false},"author":1,"featured_media":538,"comment_status":"open","ping_status":"open","sticky":false,"template":"","format":"standard","meta":{"footnotes":""},"categories":[328],"tags":[127,122,26,126,125,121,124,123],"class_list":["post-2368","post","type-post","status-publish","format-standard","has-post-thumbnail","hentry","category-escapadas-viajes-y-otras-historias","tag-achab","tag-bar-68","tag-barcelona","tag-color","tag-dibujos","tag-mody-dick","tag-photography","tag-raval"],"yoast_head":"<!-- This site is optimized with the Yoast SEO plugin v27.3 - https:\/\/yoast.com\/product\/yoast-seo-wordpress\/ -->\n<title>Achab y Moby Dick en el Raval - Pachiega&#039;s blog<\/title>\n<meta name=\"description\" content=\"Achab y Moby Dick en el Raval. A menudo hacemos encuentros extra\u00f1os por el barrio del Raval de Barcelona: \u00a0caracteres y historias muy raras.\" \/>\n<meta name=\"robots\" content=\"index, follow, max-snippet:-1, max-image-preview:large, max-video-preview:-1\" \/>\n<link rel=\"canonical\" href=\"https:\/\/marcopachiega.com\/besp\/acab-y-moby-dick-en-el-raval\/\" \/>\n<meta property=\"og:locale\" content=\"es_ES\" \/>\n<meta property=\"og:type\" content=\"article\" \/>\n<meta property=\"og:title\" content=\"Achab y Moby Dick en el Raval - Pachiega&#039;s blog\" \/>\n<meta property=\"og:description\" content=\"Achab y Moby Dick en el Raval. A menudo hacemos encuentros extra\u00f1os por el barrio del Raval de Barcelona: \u00a0caracteres y historias muy raras.\" \/>\n<meta property=\"og:url\" content=\"https:\/\/marcopachiega.com\/besp\/acab-y-moby-dick-en-el-raval\/\" \/>\n<meta property=\"og:site_name\" content=\"Pachiega&#039;s blog\" \/>\n<meta property=\"article:published_time\" content=\"2016-07-25T21:55:11+00:00\" \/>\n<meta property=\"article:modified_time\" content=\"2019-05-03T14:18:08+00:00\" \/>\n<meta property=\"og:image\" content=\"https:\/\/marcopachiega.com\/besp\/wp-content\/uploads\/sites\/13\/2016\/07\/DSC9531-e1496527605639.jpg\" \/>\n\t<meta property=\"og:image:width\" content=\"600\" \/>\n\t<meta property=\"og:image:height\" content=\"399\" \/>\n\t<meta property=\"og:image:type\" content=\"image\/jpeg\" \/>\n<meta name=\"author\" content=\"marcopac\" \/>\n<meta name=\"twitter:card\" content=\"summary_large_image\" \/>\n<meta name=\"twitter:label1\" content=\"Escrito por\" \/>\n\t<meta name=\"twitter:data1\" content=\"marcopac\" \/>\n\t<meta name=\"twitter:label2\" content=\"Tiempo de lectura\" \/>\n\t<meta name=\"twitter:data2\" content=\"2 minutos\" \/>\n<script type=\"application\/ld+json\" class=\"yoast-schema-graph\">{\"@context\":\"https:\\\/\\\/schema.org\",\"@graph\":[{\"@type\":\"Article\",\"@id\":\"https:\\\/\\\/marcopachiega.com\\\/besp\\\/acab-y-moby-dick-en-el-raval\\\/#article\",\"isPartOf\":{\"@id\":\"https:\\\/\\\/marcopachiega.com\\\/besp\\\/acab-y-moby-dick-en-el-raval\\\/\"},\"author\":{\"name\":\"marcopac\",\"@id\":\"https:\\\/\\\/marcopachiega.com\\\/besp\\\/#\\\/schema\\\/person\\\/5800e113375ba5f33499beca73ac3336\"},\"headline\":\"Achab y Moby Dick en el Raval\",\"datePublished\":\"2016-07-25T21:55:11+00:00\",\"dateModified\":\"2019-05-03T14:18:08+00:00\",\"mainEntityOfPage\":{\"@id\":\"https:\\\/\\\/marcopachiega.com\\\/besp\\\/acab-y-moby-dick-en-el-raval\\\/\"},\"wordCount\":376,\"commentCount\":0,\"image\":{\"@id\":\"https:\\\/\\\/marcopachiega.com\\\/besp\\\/acab-y-moby-dick-en-el-raval\\\/#primaryimage\"},\"thumbnailUrl\":\"https:\\\/\\\/marcopachiega.com\\\/besp\\\/wp-content\\\/uploads\\\/sites\\\/13\\\/2016\\\/07\\\/DSC9531-e1496527605639.jpg\",\"keywords\":[\"Achab\",\"bar 68\",\"barcelona\",\"color\",\"dibujos\",\"mody dick\",\"photography\",\"raval\"],\"articleSection\":[\"Escapadas, viajes y otras historias\"],\"inLanguage\":\"es\",\"potentialAction\":[{\"@type\":\"CommentAction\",\"name\":\"Comment\",\"target\":[\"https:\\\/\\\/marcopachiega.com\\\/besp\\\/acab-y-moby-dick-en-el-raval\\\/#respond\"]}]},{\"@type\":\"WebPage\",\"@id\":\"https:\\\/\\\/marcopachiega.com\\\/besp\\\/acab-y-moby-dick-en-el-raval\\\/\",\"url\":\"https:\\\/\\\/marcopachiega.com\\\/besp\\\/acab-y-moby-dick-en-el-raval\\\/\",\"name\":\"Achab y Moby Dick en el Raval - Pachiega&#039;s blog\",\"isPartOf\":{\"@id\":\"https:\\\/\\\/marcopachiega.com\\\/besp\\\/#website\"},\"primaryImageOfPage\":{\"@id\":\"https:\\\/\\\/marcopachiega.com\\\/besp\\\/acab-y-moby-dick-en-el-raval\\\/#primaryimage\"},\"image\":{\"@id\":\"https:\\\/\\\/marcopachiega.com\\\/besp\\\/acab-y-moby-dick-en-el-raval\\\/#primaryimage\"},\"thumbnailUrl\":\"https:\\\/\\\/marcopachiega.com\\\/besp\\\/wp-content\\\/uploads\\\/sites\\\/13\\\/2016\\\/07\\\/DSC9531-e1496527605639.jpg\",\"datePublished\":\"2016-07-25T21:55:11+00:00\",\"dateModified\":\"2019-05-03T14:18:08+00:00\",\"author\":{\"@id\":\"https:\\\/\\\/marcopachiega.com\\\/besp\\\/#\\\/schema\\\/person\\\/5800e113375ba5f33499beca73ac3336\"},\"description\":\"Achab y Moby Dick en el Raval. A menudo hacemos encuentros extra\u00f1os por el barrio del Raval de Barcelona: \u00a0caracteres y historias muy raras.\",\"breadcrumb\":{\"@id\":\"https:\\\/\\\/marcopachiega.com\\\/besp\\\/acab-y-moby-dick-en-el-raval\\\/#breadcrumb\"},\"inLanguage\":\"es\",\"potentialAction\":[{\"@type\":\"ReadAction\",\"target\":[\"https:\\\/\\\/marcopachiega.com\\\/besp\\\/acab-y-moby-dick-en-el-raval\\\/\"]}]},{\"@type\":\"ImageObject\",\"inLanguage\":\"es\",\"@id\":\"https:\\\/\\\/marcopachiega.com\\\/besp\\\/acab-y-moby-dick-en-el-raval\\\/#primaryimage\",\"url\":\"https:\\\/\\\/marcopachiega.com\\\/besp\\\/wp-content\\\/uploads\\\/sites\\\/13\\\/2016\\\/07\\\/DSC9531-e1496527605639.jpg\",\"contentUrl\":\"https:\\\/\\\/marcopachiega.com\\\/besp\\\/wp-content\\\/uploads\\\/sites\\\/13\\\/2016\\\/07\\\/DSC9531-e1496527605639.jpg\",\"width\":600,\"height\":399},{\"@type\":\"BreadcrumbList\",\"@id\":\"https:\\\/\\\/marcopachiega.com\\\/besp\\\/acab-y-moby-dick-en-el-raval\\\/#breadcrumb\",\"itemListElement\":[{\"@type\":\"ListItem\",\"position\":1,\"name\":\"Home\",\"item\":\"https:\\\/\\\/marcopachiega.com\\\/besp\\\/\"},{\"@type\":\"ListItem\",\"position\":2,\"name\":\"Achab y Moby Dick en el Raval\"}]},{\"@type\":\"WebSite\",\"@id\":\"https:\\\/\\\/marcopachiega.com\\\/besp\\\/#website\",\"url\":\"https:\\\/\\\/marcopachiega.com\\\/besp\\\/\",\"name\":\"Pachiega&#039;s blog\",\"description\":\"Observation post\",\"potentialAction\":[{\"@type\":\"SearchAction\",\"target\":{\"@type\":\"EntryPoint\",\"urlTemplate\":\"https:\\\/\\\/marcopachiega.com\\\/besp\\\/?s={search_term_string}\"},\"query-input\":{\"@type\":\"PropertyValueSpecification\",\"valueRequired\":true,\"valueName\":\"search_term_string\"}}],\"inLanguage\":\"es\"},{\"@type\":\"Person\",\"@id\":\"https:\\\/\\\/marcopachiega.com\\\/besp\\\/#\\\/schema\\\/person\\\/5800e113375ba5f33499beca73ac3336\",\"name\":\"marcopac\",\"image\":{\"@type\":\"ImageObject\",\"inLanguage\":\"es\",\"@id\":\"https:\\\/\\\/secure.gravatar.com\\\/avatar\\\/f6c773c53a48c8f498fdb1e3aea06bcb45bf414ea7545feb7c90bb02e9b7c999?s=96&d=mm&r=g\",\"url\":\"https:\\\/\\\/secure.gravatar.com\\\/avatar\\\/f6c773c53a48c8f498fdb1e3aea06bcb45bf414ea7545feb7c90bb02e9b7c999?s=96&d=mm&r=g\",\"contentUrl\":\"https:\\\/\\\/secure.gravatar.com\\\/avatar\\\/f6c773c53a48c8f498fdb1e3aea06bcb45bf414ea7545feb7c90bb02e9b7c999?s=96&d=mm&r=g\",\"caption\":\"marcopac\"},\"sameAs\":[\"http:\\\/\\\/www.marcopachiega.com\",\"https:\\\/\\\/www.instagram.com\\\/marcopachiega\\\/\",\"https:\\\/\\\/www.linkedin.com\\\/in\\\/marco-pachiega-38546b92\\\/?locale=es_ES\",\"https:\\\/\\\/www.youtube.com\\\/@marcopachiega2999\\\/featured\"],\"url\":\"https:\\\/\\\/marcopachiega.com\\\/besp\\\/author\\\/marcopac\\\/\"}]}<\/script>\n<!-- \/ Yoast SEO plugin. -->","yoast_head_json":{"title":"Achab y Moby Dick en el Raval - Pachiega&#039;s blog","description":"Achab y Moby Dick en el Raval. A menudo hacemos encuentros extra\u00f1os por el barrio del Raval de Barcelona: \u00a0caracteres y historias muy raras.","robots":{"index":"index","follow":"follow","max-snippet":"max-snippet:-1","max-image-preview":"max-image-preview:large","max-video-preview":"max-video-preview:-1"},"canonical":"https:\/\/marcopachiega.com\/besp\/acab-y-moby-dick-en-el-raval\/","og_locale":"es_ES","og_type":"article","og_title":"Achab y Moby Dick en el Raval - Pachiega&#039;s blog","og_description":"Achab y Moby Dick en el Raval. A menudo hacemos encuentros extra\u00f1os por el barrio del Raval de Barcelona: \u00a0caracteres y historias muy raras.","og_url":"https:\/\/marcopachiega.com\/besp\/acab-y-moby-dick-en-el-raval\/","og_site_name":"Pachiega&#039;s blog","article_published_time":"2016-07-25T21:55:11+00:00","article_modified_time":"2019-05-03T14:18:08+00:00","og_image":[{"width":600,"height":399,"url":"https:\/\/marcopachiega.com\/besp\/wp-content\/uploads\/sites\/13\/2016\/07\/DSC9531-e1496527605639.jpg","type":"image\/jpeg"}],"author":"marcopac","twitter_card":"summary_large_image","twitter_misc":{"Escrito por":"marcopac","Tiempo de lectura":"2 minutos"},"schema":{"@context":"https:\/\/schema.org","@graph":[{"@type":"Article","@id":"https:\/\/marcopachiega.com\/besp\/acab-y-moby-dick-en-el-raval\/#article","isPartOf":{"@id":"https:\/\/marcopachiega.com\/besp\/acab-y-moby-dick-en-el-raval\/"},"author":{"name":"marcopac","@id":"https:\/\/marcopachiega.com\/besp\/#\/schema\/person\/5800e113375ba5f33499beca73ac3336"},"headline":"Achab y Moby Dick en el Raval","datePublished":"2016-07-25T21:55:11+00:00","dateModified":"2019-05-03T14:18:08+00:00","mainEntityOfPage":{"@id":"https:\/\/marcopachiega.com\/besp\/acab-y-moby-dick-en-el-raval\/"},"wordCount":376,"commentCount":0,"image":{"@id":"https:\/\/marcopachiega.com\/besp\/acab-y-moby-dick-en-el-raval\/#primaryimage"},"thumbnailUrl":"https:\/\/marcopachiega.com\/besp\/wp-content\/uploads\/sites\/13\/2016\/07\/DSC9531-e1496527605639.jpg","keywords":["Achab","bar 68","barcelona","color","dibujos","mody dick","photography","raval"],"articleSection":["Escapadas, viajes y otras historias"],"inLanguage":"es","potentialAction":[{"@type":"CommentAction","name":"Comment","target":["https:\/\/marcopachiega.com\/besp\/acab-y-moby-dick-en-el-raval\/#respond"]}]},{"@type":"WebPage","@id":"https:\/\/marcopachiega.com\/besp\/acab-y-moby-dick-en-el-raval\/","url":"https:\/\/marcopachiega.com\/besp\/acab-y-moby-dick-en-el-raval\/","name":"Achab y Moby Dick en el Raval - Pachiega&#039;s blog","isPartOf":{"@id":"https:\/\/marcopachiega.com\/besp\/#website"},"primaryImageOfPage":{"@id":"https:\/\/marcopachiega.com\/besp\/acab-y-moby-dick-en-el-raval\/#primaryimage"},"image":{"@id":"https:\/\/marcopachiega.com\/besp\/acab-y-moby-dick-en-el-raval\/#primaryimage"},"thumbnailUrl":"https:\/\/marcopachiega.com\/besp\/wp-content\/uploads\/sites\/13\/2016\/07\/DSC9531-e1496527605639.jpg","datePublished":"2016-07-25T21:55:11+00:00","dateModified":"2019-05-03T14:18:08+00:00","author":{"@id":"https:\/\/marcopachiega.com\/besp\/#\/schema\/person\/5800e113375ba5f33499beca73ac3336"},"description":"Achab y Moby Dick en el Raval. A menudo hacemos encuentros extra\u00f1os por el barrio del Raval de Barcelona: \u00a0caracteres y historias muy raras.","breadcrumb":{"@id":"https:\/\/marcopachiega.com\/besp\/acab-y-moby-dick-en-el-raval\/#breadcrumb"},"inLanguage":"es","potentialAction":[{"@type":"ReadAction","target":["https:\/\/marcopachiega.com\/besp\/acab-y-moby-dick-en-el-raval\/"]}]},{"@type":"ImageObject","inLanguage":"es","@id":"https:\/\/marcopachiega.com\/besp\/acab-y-moby-dick-en-el-raval\/#primaryimage","url":"https:\/\/marcopachiega.com\/besp\/wp-content\/uploads\/sites\/13\/2016\/07\/DSC9531-e1496527605639.jpg","contentUrl":"https:\/\/marcopachiega.com\/besp\/wp-content\/uploads\/sites\/13\/2016\/07\/DSC9531-e1496527605639.jpg","width":600,"height":399},{"@type":"BreadcrumbList","@id":"https:\/\/marcopachiega.com\/besp\/acab-y-moby-dick-en-el-raval\/#breadcrumb","itemListElement":[{"@type":"ListItem","position":1,"name":"Home","item":"https:\/\/marcopachiega.com\/besp\/"},{"@type":"ListItem","position":2,"name":"Achab y Moby Dick en el Raval"}]},{"@type":"WebSite","@id":"https:\/\/marcopachiega.com\/besp\/#website","url":"https:\/\/marcopachiega.com\/besp\/","name":"Pachiega&#039;s blog","description":"Observation post","potentialAction":[{"@type":"SearchAction","target":{"@type":"EntryPoint","urlTemplate":"https:\/\/marcopachiega.com\/besp\/?s={search_term_string}"},"query-input":{"@type":"PropertyValueSpecification","valueRequired":true,"valueName":"search_term_string"}}],"inLanguage":"es"},{"@type":"Person","@id":"https:\/\/marcopachiega.com\/besp\/#\/schema\/person\/5800e113375ba5f33499beca73ac3336","name":"marcopac","image":{"@type":"ImageObject","inLanguage":"es","@id":"https:\/\/secure.gravatar.com\/avatar\/f6c773c53a48c8f498fdb1e3aea06bcb45bf414ea7545feb7c90bb02e9b7c999?s=96&d=mm&r=g","url":"https:\/\/secure.gravatar.com\/avatar\/f6c773c53a48c8f498fdb1e3aea06bcb45bf414ea7545feb7c90bb02e9b7c999?s=96&d=mm&r=g","contentUrl":"https:\/\/secure.gravatar.com\/avatar\/f6c773c53a48c8f498fdb1e3aea06bcb45bf414ea7545feb7c90bb02e9b7c999?s=96&d=mm&r=g","caption":"marcopac"},"sameAs":["http:\/\/www.marcopachiega.com","https:\/\/www.instagram.com\/marcopachiega\/","https:\/\/www.linkedin.com\/in\/marco-pachiega-38546b92\/?locale=es_ES","https:\/\/www.youtube.com\/@marcopachiega2999\/featured"],"url":"https:\/\/marcopachiega.com\/besp\/author\/marcopac\/"}]}},"_links":{"self":[{"href":"https:\/\/marcopachiega.com\/besp\/wp-json\/wp\/v2\/posts\/2368","targetHints":{"allow":["GET"]}}],"collection":[{"href":"https:\/\/marcopachiega.com\/besp\/wp-json\/wp\/v2\/posts"}],"about":[{"href":"https:\/\/marcopachiega.com\/besp\/wp-json\/wp\/v2\/types\/post"}],"author":[{"embeddable":true,"href":"https:\/\/marcopachiega.com\/besp\/wp-json\/wp\/v2\/users\/1"}],"replies":[{"embeddable":true,"href":"https:\/\/marcopachiega.com\/besp\/wp-json\/wp\/v2\/comments?post=2368"}],"version-history":[{"count":0,"href":"https:\/\/marcopachiega.com\/besp\/wp-json\/wp\/v2\/posts\/2368\/revisions"}],"wp:featuredmedia":[{"embeddable":true,"href":"https:\/\/marcopachiega.com\/besp\/wp-json\/wp\/v2\/media\/538"}],"wp:attachment":[{"href":"https:\/\/marcopachiega.com\/besp\/wp-json\/wp\/v2\/media?parent=2368"}],"wp:term":[{"taxonomy":"category","embeddable":true,"href":"https:\/\/marcopachiega.com\/besp\/wp-json\/wp\/v2\/categories?post=2368"},{"taxonomy":"post_tag","embeddable":true,"href":"https:\/\/marcopachiega.com\/besp\/wp-json\/wp\/v2\/tags?post=2368"}],"curies":[{"name":"wp","href":"https:\/\/api.w.org\/{rel}","templated":true}]}}