{"id":2374,"date":"2018-04-04T16:21:28","date_gmt":"2018-04-04T16:21:28","guid":{"rendered":"http:\/\/marcopachiega.com\/?p=2037"},"modified":"2018-09-29T20:08:35","modified_gmt":"2018-09-29T20:08:35","slug":"recordar","status":"publish","type":"post","link":"https:\/\/marcopachiega.com\/besp\/recordar\/","title":{"rendered":"La importancia de recordar, pero \u00bfa qui\u00e9n le importa?"},"content":{"rendered":"<h1 style=\"text-align: center;\"><strong>La importancia de recordar, pero \u00bfa qui\u00e9n le importa?<\/strong><\/h1>\n<h2 style=\"text-align: center;\"><strong>Durante los \u00faltimos seis meses Las Ramblas ha cambiado su rostro una vez m\u00e1s<\/strong><\/h2>\n<p style=\"text-align: right;\"><strong><em><a href=\"http:\/\/marcopachiega.com\/limportanza-di-ricordare-ma-a-chi-importa\/\">Versione in Italiano<\/a><\/em><\/strong><\/p>\n<p><strong><img fetchpriority=\"high\" decoding=\"async\" class=\"aligncenter wp-image-2041 size-full\" src=\"http:\/\/marcopachiega.com\/wp-content\/uploads\/2018\/04\/DSC7267-1.jpg\" alt=\"La importancia de recordar, pero \u00bfa qui\u00e9n le importa?\" width=\"1226\" height=\"815\" srcset=\"https:\/\/marcopachiega.com\/besp\/wp-content\/uploads\/sites\/13\/2018\/04\/DSC7267-1.jpg 1226w, https:\/\/marcopachiega.com\/besp\/wp-content\/uploads\/sites\/13\/2018\/04\/DSC7267-1-420x279.jpg 420w, https:\/\/marcopachiega.com\/besp\/wp-content\/uploads\/sites\/13\/2018\/04\/DSC7267-1-744x495.jpg 744w, https:\/\/marcopachiega.com\/besp\/wp-content\/uploads\/sites\/13\/2018\/04\/DSC7267-1-1200x798.jpg 1200w, https:\/\/marcopachiega.com\/besp\/wp-content\/uploads\/sites\/13\/2018\/04\/DSC7267-1-768x511.jpg 768w\" sizes=\"(max-width: 1226px) 100vw, 1226px\" \/><\/strong><\/p>\n<p><strong>Una entrevista de escasos minutos y con pocos testigos no puede describir un evento con precisi\u00f3n. Sin embargo, permite evaluar una situaci\u00f3n a grandes rasgos. Despu\u00e9s de algo m\u00e1s de medio a\u00f1o del terrible atentado terrorista de Las Ramblas, en el centro de Barcelona, \u200b\u200bparece que las cosas han cambiado.<\/strong><\/p>\n<h3><strong>El incidente<\/strong><\/h3>\n<p><strong>La tarde de 17 de Agosto, una furgoneta conducida por un joven de origen magreb\u00ed recorri\u00f3 500 metros por el paseo m\u00e1s famoso de la capital catalana, arrollando a los peatones, mayor\u00eda de los cuales eran turistas. Con un c\u00f3mputo de 13 fallecidos y 85 heridos, el episodio ser\u00eda reclamado posteriormente por el ISIS. Junto con las ciudades de Berl\u00edn, Niza, Londres y Estocolmo, Barcelona tambi\u00e9n result\u00f3 herida.<\/strong><\/p>\n<p><strong>Puede encontrar m\u00e1s informaci\u00f3n y art\u00edculos <a href=\"https:\/\/elpais.com\/tag\/atentado_barcelona_17_agosto_2017\/a\" target=\"_blank\" rel=\"noopener\">aqu\u00ed<\/a>.<\/strong><\/p>\n<p><strong><img decoding=\"async\" class=\"aligncenter wp-image-2042 size-full lazyload\" data-src=\"http:\/\/marcopachiega.com\/wp-content\/uploads\/2018\/04\/DSC7273.jpg\" alt=\"La importancia de recordar, pero \u00bfa qui\u00e9n le importa?\" width=\"1226\" height=\"815\" data-srcset=\"https:\/\/marcopachiega.com\/besp\/wp-content\/uploads\/sites\/13\/2018\/04\/DSC7273.jpg 1226w, https:\/\/marcopachiega.com\/besp\/wp-content\/uploads\/sites\/13\/2018\/04\/DSC7273-420x279.jpg 420w, https:\/\/marcopachiega.com\/besp\/wp-content\/uploads\/sites\/13\/2018\/04\/DSC7273-744x495.jpg 744w, https:\/\/marcopachiega.com\/besp\/wp-content\/uploads\/sites\/13\/2018\/04\/DSC7273-1200x798.jpg 1200w, https:\/\/marcopachiega.com\/besp\/wp-content\/uploads\/sites\/13\/2018\/04\/DSC7273-768x511.jpg 768w\" data-sizes=\"(max-width: 1226px) 100vw, 1226px\" src=\"data:image\/svg+xml;base64,PHN2ZyB3aWR0aD0iMSIgaGVpZ2h0PSIxIiB4bWxucz0iaHR0cDovL3d3dy53My5vcmcvMjAwMC9zdmciPjwvc3ZnPg==\" style=\"--smush-placeholder-width: 1226px; --smush-placeholder-aspect-ratio: 1226\/815;\" \/><\/strong><\/p>\n<h3><strong>Reacciones<\/strong><\/h3>\n<p><strong>Pronto se convirti\u00f3 en un acontecimiento de gran impacto psicol\u00f3gico, que fue acrecentado por las nuevas tecnolog\u00edas de comunicaci\u00f3n digital. V\u00eddeos y fotograf\u00edas se compartieron inmediatamente en las redes sociales a tiempo real. Los principales peri\u00f3dicos de casi todo el mundo, despu\u00e9s del accidente, entrevistaron en vivo e hicieron varios an\u00e1lisis del caso en profundidad a ritmo r\u00e1pido y constante.<\/strong><\/p>\n<p><strong>Los d\u00edas siguientes, una multitud de personas sali\u00f3 a las calles para mostrar su apoyo a las v\u00edctimas\u00a0y culmin\u00f3 en Plaza\u00a0<a href=\"https:\/\/elpais.com\/ccaa\/2017\/08\/18\/catalunya\/1503054666_160105.html\" target=\"_blank\" rel=\"noopener\">Catalunya<\/a>,\u00a0con el famoso grito \u00abJo no tinc por\u00bb (<em>No tengo miedo<\/em>). Asimismo, Las Ramblas fue tapizada por im\u00e1genes, flores y velas durante varias semanas.<\/strong><\/p>\n<p><strong>Como se ha anticipado en el art\u00edculo, a trav\u00e9s de algunas entrevistas, no se puede definir con exactitud la situaci\u00f3n, pero s\u00ed puede trazarse un esquema general. Cierto es que tras preguntar a algunos comerciantes, se vio la necesidad de no hablar m\u00e1s y enterrar este asunto. Por otro lado, los turistas, muy pocos sab\u00edan que se estaban tomando un selfie en el lugar de una masacre que sacudi\u00f3 a Espa\u00f1a y Europa en su conjunto.<\/strong><\/p>\n<p><strong><img decoding=\"async\" class=\"aligncenter wp-image-2047 size-full lazyload\" data-src=\"http:\/\/marcopachiega.com\/wp-content\/uploads\/2018\/04\/DSC7310.jpg\" alt=\"La importancia de recordar, pero \u00bfa qui\u00e9n le importa?\" width=\"1226\" height=\"815\" data-srcset=\"https:\/\/marcopachiega.com\/besp\/wp-content\/uploads\/sites\/13\/2018\/04\/DSC7310.jpg 1226w, https:\/\/marcopachiega.com\/besp\/wp-content\/uploads\/sites\/13\/2018\/04\/DSC7310-420x279.jpg 420w, https:\/\/marcopachiega.com\/besp\/wp-content\/uploads\/sites\/13\/2018\/04\/DSC7310-744x495.jpg 744w, https:\/\/marcopachiega.com\/besp\/wp-content\/uploads\/sites\/13\/2018\/04\/DSC7310-1200x798.jpg 1200w, https:\/\/marcopachiega.com\/besp\/wp-content\/uploads\/sites\/13\/2018\/04\/DSC7310-768x511.jpg 768w\" data-sizes=\"(max-width: 1226px) 100vw, 1226px\" src=\"data:image\/svg+xml;base64,PHN2ZyB3aWR0aD0iMSIgaGVpZ2h0PSIxIiB4bWxucz0iaHR0cDovL3d3dy53My5vcmcvMjAwMC9zdmciPjwvc3ZnPg==\" style=\"--smush-placeholder-width: 1226px; --smush-placeholder-aspect-ratio: 1226\/815;\" \/><\/strong><\/p>\n<h3><strong>Consecuencias<\/strong><\/h3>\n<p><strong>Tras el ataque, el municipio de Barcelona prepar\u00f3 la instalaci\u00f3n de bloques de piedra y palos de acero para evitar futuras invasiones de autom\u00f3viles en la avenida.<\/strong><\/p>\n<p><strong>Puede sorprender la falta de informaci\u00f3n sobre los turistas o la voluntad de los residentes de no volver a hablar, pero parece que hay una estrecha relaci\u00f3n entre un evento tr\u00e1gico y la voracidad con la que los medios consumen, con fotos, entrevistas e informes, los sucesos. Las noticias se mezclaron incesantemente con rumores no oficiales y falsos. Incluso, se habl\u00f3 de rehenes y hombres armados en las calles del centro. En definitiva, un verdadero bombardeo de medios sacudi\u00f3 sin cuidado ni detenimiento.<\/strong><\/p>\n<p><strong><img decoding=\"async\" class=\"aligncenter wp-image-2045 size-full lazyload\" data-src=\"http:\/\/marcopachiega.com\/wp-content\/uploads\/2018\/04\/DSC7304-1.jpg\" alt=\"La importancia de recordar, pero \u00bfa qui\u00e9n le importa?\" width=\"1226\" height=\"815\" data-srcset=\"https:\/\/marcopachiega.com\/besp\/wp-content\/uploads\/sites\/13\/2018\/04\/DSC7304-1.jpg 1226w, https:\/\/marcopachiega.com\/besp\/wp-content\/uploads\/sites\/13\/2018\/04\/DSC7304-1-420x279.jpg 420w, https:\/\/marcopachiega.com\/besp\/wp-content\/uploads\/sites\/13\/2018\/04\/DSC7304-1-744x495.jpg 744w, https:\/\/marcopachiega.com\/besp\/wp-content\/uploads\/sites\/13\/2018\/04\/DSC7304-1-1200x798.jpg 1200w, https:\/\/marcopachiega.com\/besp\/wp-content\/uploads\/sites\/13\/2018\/04\/DSC7304-1-768x511.jpg 768w\" data-sizes=\"(max-width: 1226px) 100vw, 1226px\" src=\"data:image\/svg+xml;base64,PHN2ZyB3aWR0aD0iMSIgaGVpZ2h0PSIxIiB4bWxucz0iaHR0cDovL3d3dy53My5vcmcvMjAwMC9zdmciPjwvc3ZnPg==\" style=\"--smush-placeholder-width: 1226px; --smush-placeholder-aspect-ratio: 1226\/815;\" \/><\/strong><\/p>\n<p><strong>A partir de la mayor esfera de informaci\u00f3n, la de los peri\u00f3dicos, el drama del imprevisto alcanz\u00f3 inmediatamente otro nivel viral, el de las redes sociales. Mediante mensajes v\u00eda WhatsApp, se dio un paso m\u00e1s y se logr\u00f3 obtener el n\u00famero personal de los usuarios.<\/strong><\/p>\n<p><strong>Como resultado, se produjeron dos reacciones opuestas. Por un lado, aquellos que han experimentado el incidente en primera persona ya no quieren hablar de ello debido a la presi\u00f3n extenuante de responder a las mismas preguntas. Por otro\u00a0los turistas no tuvieron tiempo de asimilar realmente las noticias. As\u00ed pues, era doble el escenario resultante: un gigantesco fuego de paja medi\u00e1tica que no ha dejado rastro en la conciencia de los visitantes pero que en otros ha\u00a0cruzado indeleblemente el alma.<\/strong><\/p>\n<p><strong><img decoding=\"async\" class=\"aligncenter wp-image-2046 size-full lazyload\" data-src=\"http:\/\/marcopachiega.com\/wp-content\/uploads\/2018\/04\/DSC7308.jpg\" alt=\"La importancia de recordar, pero \u00bfa qui\u00e9n le importa?\" width=\"1226\" height=\"815\" data-srcset=\"https:\/\/marcopachiega.com\/besp\/wp-content\/uploads\/sites\/13\/2018\/04\/DSC7308.jpg 1226w, https:\/\/marcopachiega.com\/besp\/wp-content\/uploads\/sites\/13\/2018\/04\/DSC7308-420x279.jpg 420w, https:\/\/marcopachiega.com\/besp\/wp-content\/uploads\/sites\/13\/2018\/04\/DSC7308-744x495.jpg 744w, https:\/\/marcopachiega.com\/besp\/wp-content\/uploads\/sites\/13\/2018\/04\/DSC7308-1200x798.jpg 1200w, https:\/\/marcopachiega.com\/besp\/wp-content\/uploads\/sites\/13\/2018\/04\/DSC7308-768x511.jpg 768w\" data-sizes=\"(max-width: 1226px) 100vw, 1226px\" src=\"data:image\/svg+xml;base64,PHN2ZyB3aWR0aD0iMSIgaGVpZ2h0PSIxIiB4bWxucz0iaHR0cDovL3d3dy53My5vcmcvMjAwMC9zdmciPjwvc3ZnPg==\" style=\"--smush-placeholder-width: 1226px; --smush-placeholder-aspect-ratio: 1226\/815;\" \/><\/strong><\/p>\n<h3><strong>Las Ramblas hoy<\/strong><\/h3>\n<p><strong>Miles de personas todos los d\u00edas visitan Las Ramblas y las tiendas han reanudado su actividad. Solo unos bloques de cemento muestran el cambio, de manera silenciosa y austera, con la responsabilidad de no olvidar lo que sucedi\u00f3 el 17 de agosto de 2017.<\/strong><\/p>\n<p><strong><a href=\"#_ftnref1\" name=\"_ftn1\"><\/a><\/strong><\/p>\n<p><strong><em>Marco Pachiega<\/em><\/strong><\/p>\n<p>&nbsp;<\/p>\n","protected":false},"excerpt":{"rendered":"<p>La importancia de recordar, pero \u00bfa qui\u00e9n le importa? Durante los \u00faltimos seis meses Las Ramblas ha cambiado su rostro una vez m\u00e1s Versione in Italiano Una entrevista de escasos minutos y con pocos testigos no puede describir un evento con precisi\u00f3n. Sin embargo, permite evaluar una situaci\u00f3n a grandes rasgos. Despu\u00e9s de algo m\u00e1s de medio a\u00f1o del terrible atentado terrorista de Las Ramblas, en el centro de Barcelona, \u200b\u200bparece que las cosas han cambiado. El incidente La tarde de 17 de Agosto, una furgoneta conducida por un joven de origen magreb\u00ed recorri\u00f3 500 metros por el paseo m\u00e1s famoso de la capital catalana, arrollando a los peatones, mayor\u00eda&hellip; <a class=\"read-more\" href=\"https:\/\/marcopachiega.com\/besp\/recordar\/\">Read More<\/a><\/p>\n","protected":false},"author":1,"featured_media":2043,"comment_status":"open","ping_status":"open","sticky":false,"template":"","format":"standard","meta":{"footnotes":""},"categories":[329],"tags":[277,278,26,246,134,7,281,276,280,279,201,36,24,137,187,181,188],"class_list":["post-2374","post","type-post","status-publish","format-standard","has-post-thumbnail","hentry","category-eventos-deporte-noticias","tag-agosto","tag-attentato","tag-barcelona","tag-catalogna","tag-catalunya","tag-fotografia","tag-giornalismo","tag-las-ramblas","tag-periodismo","tag-riflessioni","tag-spagna","tag-spain","tag-street","tag-travel","tag-turismo","tag-vacanze","tag-viaggi"],"yoast_head":"<!-- This site is optimized with the Yoast SEO plugin v27.3 - https:\/\/yoast.com\/product\/yoast-seo-wordpress\/ -->\n<title>La importancia de recordar, pero \u00bfa qui\u00e9n le importa? - Pachiega&#039;s blog<\/title>\n<meta name=\"description\" content=\"La importancia de recordar, pero \u00bfa qui\u00e9n le importa? Durante los \u00faltimos seis meses Las Ramblas ha cambiado su rostro una vez m\u00e1s Una entrevista de escasos minutos y con pocos testigos no puede describir un evento con precisi\u00f3n. Sin embargo, permite evaluar una situaci\u00f3n a grandes rasgos.\" \/>\n<meta name=\"robots\" content=\"index, follow, max-snippet:-1, max-image-preview:large, max-video-preview:-1\" \/>\n<link rel=\"canonical\" href=\"https:\/\/marcopachiega.com\/besp\/recordar\/\" \/>\n<meta property=\"og:locale\" content=\"es_ES\" \/>\n<meta property=\"og:type\" content=\"article\" \/>\n<meta property=\"og:title\" content=\"La importancia de recordar, pero \u00bfa qui\u00e9n le importa? - Pachiega&#039;s blog\" \/>\n<meta property=\"og:description\" content=\"La importancia de recordar, pero \u00bfa qui\u00e9n le importa? Durante los \u00faltimos seis meses Las Ramblas ha cambiado su rostro una vez m\u00e1s Una entrevista de escasos minutos y con pocos testigos no puede describir un evento con precisi\u00f3n. Sin embargo, permite evaluar una situaci\u00f3n a grandes rasgos.\" \/>\n<meta property=\"og:url\" content=\"https:\/\/marcopachiega.com\/besp\/recordar\/\" \/>\n<meta property=\"og:site_name\" content=\"Pachiega&#039;s blog\" \/>\n<meta property=\"article:published_time\" content=\"2018-04-04T16:21:28+00:00\" \/>\n<meta property=\"article:modified_time\" content=\"2018-09-29T20:08:35+00:00\" \/>\n<meta property=\"og:image\" content=\"https:\/\/marcopachiega.com\/besp\/wp-content\/uploads\/sites\/13\/2018\/04\/DSC7279.jpg\" \/>\n\t<meta property=\"og:image:width\" content=\"1226\" \/>\n\t<meta property=\"og:image:height\" content=\"815\" \/>\n\t<meta property=\"og:image:type\" content=\"image\/jpeg\" \/>\n<meta name=\"author\" content=\"marcopac\" \/>\n<meta name=\"twitter:card\" content=\"summary_large_image\" \/>\n<meta name=\"twitter:label1\" content=\"Escrito por\" \/>\n\t<meta name=\"twitter:data1\" content=\"marcopac\" \/>\n\t<meta name=\"twitter:label2\" content=\"Tiempo de lectura\" \/>\n\t<meta name=\"twitter:data2\" content=\"3 minutos\" \/>\n<script type=\"application\/ld+json\" class=\"yoast-schema-graph\">{\"@context\":\"https:\\\/\\\/schema.org\",\"@graph\":[{\"@type\":\"Article\",\"@id\":\"https:\\\/\\\/marcopachiega.com\\\/besp\\\/recordar\\\/#article\",\"isPartOf\":{\"@id\":\"https:\\\/\\\/marcopachiega.com\\\/besp\\\/recordar\\\/\"},\"author\":{\"name\":\"marcopac\",\"@id\":\"https:\\\/\\\/marcopachiega.com\\\/besp\\\/#\\\/schema\\\/person\\\/5800e113375ba5f33499beca73ac3336\"},\"headline\":\"La importancia de recordar, pero \u00bfa qui\u00e9n le importa?\",\"datePublished\":\"2018-04-04T16:21:28+00:00\",\"dateModified\":\"2018-09-29T20:08:35+00:00\",\"mainEntityOfPage\":{\"@id\":\"https:\\\/\\\/marcopachiega.com\\\/besp\\\/recordar\\\/\"},\"wordCount\":675,\"commentCount\":0,\"image\":{\"@id\":\"https:\\\/\\\/marcopachiega.com\\\/besp\\\/recordar\\\/#primaryimage\"},\"thumbnailUrl\":\"https:\\\/\\\/marcopachiega.com\\\/besp\\\/wp-content\\\/uploads\\\/sites\\\/13\\\/2018\\\/04\\\/DSC7279.jpg\",\"keywords\":[\"Agosto\",\"Attentato\",\"barcelona\",\"catalogna\",\"Catalunya\",\"fotografia\",\"giornalismo\",\"las ramblas\",\"periodismo\",\"riflessioni\",\"spagna\",\"spain\",\"street\",\"travel\",\"turismo\",\"vacanze\",\"viaggi\"],\"articleSection\":[\"Eventos, deporte, noticias\"],\"inLanguage\":\"es\",\"potentialAction\":[{\"@type\":\"CommentAction\",\"name\":\"Comment\",\"target\":[\"https:\\\/\\\/marcopachiega.com\\\/besp\\\/recordar\\\/#respond\"]}]},{\"@type\":\"WebPage\",\"@id\":\"https:\\\/\\\/marcopachiega.com\\\/besp\\\/recordar\\\/\",\"url\":\"https:\\\/\\\/marcopachiega.com\\\/besp\\\/recordar\\\/\",\"name\":\"La importancia de recordar, pero \u00bfa qui\u00e9n le importa? - Pachiega&#039;s blog\",\"isPartOf\":{\"@id\":\"https:\\\/\\\/marcopachiega.com\\\/besp\\\/#website\"},\"primaryImageOfPage\":{\"@id\":\"https:\\\/\\\/marcopachiega.com\\\/besp\\\/recordar\\\/#primaryimage\"},\"image\":{\"@id\":\"https:\\\/\\\/marcopachiega.com\\\/besp\\\/recordar\\\/#primaryimage\"},\"thumbnailUrl\":\"https:\\\/\\\/marcopachiega.com\\\/besp\\\/wp-content\\\/uploads\\\/sites\\\/13\\\/2018\\\/04\\\/DSC7279.jpg\",\"datePublished\":\"2018-04-04T16:21:28+00:00\",\"dateModified\":\"2018-09-29T20:08:35+00:00\",\"author\":{\"@id\":\"https:\\\/\\\/marcopachiega.com\\\/besp\\\/#\\\/schema\\\/person\\\/5800e113375ba5f33499beca73ac3336\"},\"description\":\"La importancia de recordar, pero \u00bfa qui\u00e9n le importa? Durante los \u00faltimos seis meses Las Ramblas ha cambiado su rostro una vez m\u00e1s Una entrevista de escasos minutos y con pocos testigos no puede describir un evento con precisi\u00f3n. Sin embargo, permite evaluar una situaci\u00f3n a grandes rasgos.\",\"breadcrumb\":{\"@id\":\"https:\\\/\\\/marcopachiega.com\\\/besp\\\/recordar\\\/#breadcrumb\"},\"inLanguage\":\"es\",\"potentialAction\":[{\"@type\":\"ReadAction\",\"target\":[\"https:\\\/\\\/marcopachiega.com\\\/besp\\\/recordar\\\/\"]}]},{\"@type\":\"ImageObject\",\"inLanguage\":\"es\",\"@id\":\"https:\\\/\\\/marcopachiega.com\\\/besp\\\/recordar\\\/#primaryimage\",\"url\":\"https:\\\/\\\/marcopachiega.com\\\/besp\\\/wp-content\\\/uploads\\\/sites\\\/13\\\/2018\\\/04\\\/DSC7279.jpg\",\"contentUrl\":\"https:\\\/\\\/marcopachiega.com\\\/besp\\\/wp-content\\\/uploads\\\/sites\\\/13\\\/2018\\\/04\\\/DSC7279.jpg\",\"width\":1226,\"height\":815},{\"@type\":\"BreadcrumbList\",\"@id\":\"https:\\\/\\\/marcopachiega.com\\\/besp\\\/recordar\\\/#breadcrumb\",\"itemListElement\":[{\"@type\":\"ListItem\",\"position\":1,\"name\":\"Home\",\"item\":\"https:\\\/\\\/marcopachiega.com\\\/besp\\\/\"},{\"@type\":\"ListItem\",\"position\":2,\"name\":\"La importancia de recordar, pero \u00bfa qui\u00e9n le importa?\"}]},{\"@type\":\"WebSite\",\"@id\":\"https:\\\/\\\/marcopachiega.com\\\/besp\\\/#website\",\"url\":\"https:\\\/\\\/marcopachiega.com\\\/besp\\\/\",\"name\":\"Pachiega&#039;s blog\",\"description\":\"Observation post\",\"potentialAction\":[{\"@type\":\"SearchAction\",\"target\":{\"@type\":\"EntryPoint\",\"urlTemplate\":\"https:\\\/\\\/marcopachiega.com\\\/besp\\\/?s={search_term_string}\"},\"query-input\":{\"@type\":\"PropertyValueSpecification\",\"valueRequired\":true,\"valueName\":\"search_term_string\"}}],\"inLanguage\":\"es\"},{\"@type\":\"Person\",\"@id\":\"https:\\\/\\\/marcopachiega.com\\\/besp\\\/#\\\/schema\\\/person\\\/5800e113375ba5f33499beca73ac3336\",\"name\":\"marcopac\",\"image\":{\"@type\":\"ImageObject\",\"inLanguage\":\"es\",\"@id\":\"https:\\\/\\\/secure.gravatar.com\\\/avatar\\\/f6c773c53a48c8f498fdb1e3aea06bcb45bf414ea7545feb7c90bb02e9b7c999?s=96&d=mm&r=g\",\"url\":\"https:\\\/\\\/secure.gravatar.com\\\/avatar\\\/f6c773c53a48c8f498fdb1e3aea06bcb45bf414ea7545feb7c90bb02e9b7c999?s=96&d=mm&r=g\",\"contentUrl\":\"https:\\\/\\\/secure.gravatar.com\\\/avatar\\\/f6c773c53a48c8f498fdb1e3aea06bcb45bf414ea7545feb7c90bb02e9b7c999?s=96&d=mm&r=g\",\"caption\":\"marcopac\"},\"sameAs\":[\"http:\\\/\\\/www.marcopachiega.com\",\"https:\\\/\\\/www.instagram.com\\\/marcopachiega\\\/\",\"https:\\\/\\\/www.linkedin.com\\\/in\\\/marco-pachiega-38546b92\\\/?locale=es_ES\",\"https:\\\/\\\/www.youtube.com\\\/@marcopachiega2999\\\/featured\"],\"url\":\"https:\\\/\\\/marcopachiega.com\\\/besp\\\/author\\\/marcopac\\\/\"}]}<\/script>\n<!-- \/ Yoast SEO plugin. -->","yoast_head_json":{"title":"La importancia de recordar, pero \u00bfa qui\u00e9n le importa? - Pachiega&#039;s blog","description":"La importancia de recordar, pero \u00bfa qui\u00e9n le importa? Durante los \u00faltimos seis meses Las Ramblas ha cambiado su rostro una vez m\u00e1s Una entrevista de escasos minutos y con pocos testigos no puede describir un evento con precisi\u00f3n. Sin embargo, permite evaluar una situaci\u00f3n a grandes rasgos.","robots":{"index":"index","follow":"follow","max-snippet":"max-snippet:-1","max-image-preview":"max-image-preview:large","max-video-preview":"max-video-preview:-1"},"canonical":"https:\/\/marcopachiega.com\/besp\/recordar\/","og_locale":"es_ES","og_type":"article","og_title":"La importancia de recordar, pero \u00bfa qui\u00e9n le importa? - Pachiega&#039;s blog","og_description":"La importancia de recordar, pero \u00bfa qui\u00e9n le importa? Durante los \u00faltimos seis meses Las Ramblas ha cambiado su rostro una vez m\u00e1s Una entrevista de escasos minutos y con pocos testigos no puede describir un evento con precisi\u00f3n. Sin embargo, permite evaluar una situaci\u00f3n a grandes rasgos.","og_url":"https:\/\/marcopachiega.com\/besp\/recordar\/","og_site_name":"Pachiega&#039;s blog","article_published_time":"2018-04-04T16:21:28+00:00","article_modified_time":"2018-09-29T20:08:35+00:00","og_image":[{"width":1226,"height":815,"url":"https:\/\/marcopachiega.com\/besp\/wp-content\/uploads\/sites\/13\/2018\/04\/DSC7279.jpg","type":"image\/jpeg"}],"author":"marcopac","twitter_card":"summary_large_image","twitter_misc":{"Escrito por":"marcopac","Tiempo de lectura":"3 minutos"},"schema":{"@context":"https:\/\/schema.org","@graph":[{"@type":"Article","@id":"https:\/\/marcopachiega.com\/besp\/recordar\/#article","isPartOf":{"@id":"https:\/\/marcopachiega.com\/besp\/recordar\/"},"author":{"name":"marcopac","@id":"https:\/\/marcopachiega.com\/besp\/#\/schema\/person\/5800e113375ba5f33499beca73ac3336"},"headline":"La importancia de recordar, pero \u00bfa qui\u00e9n le importa?","datePublished":"2018-04-04T16:21:28+00:00","dateModified":"2018-09-29T20:08:35+00:00","mainEntityOfPage":{"@id":"https:\/\/marcopachiega.com\/besp\/recordar\/"},"wordCount":675,"commentCount":0,"image":{"@id":"https:\/\/marcopachiega.com\/besp\/recordar\/#primaryimage"},"thumbnailUrl":"https:\/\/marcopachiega.com\/besp\/wp-content\/uploads\/sites\/13\/2018\/04\/DSC7279.jpg","keywords":["Agosto","Attentato","barcelona","catalogna","Catalunya","fotografia","giornalismo","las ramblas","periodismo","riflessioni","spagna","spain","street","travel","turismo","vacanze","viaggi"],"articleSection":["Eventos, deporte, noticias"],"inLanguage":"es","potentialAction":[{"@type":"CommentAction","name":"Comment","target":["https:\/\/marcopachiega.com\/besp\/recordar\/#respond"]}]},{"@type":"WebPage","@id":"https:\/\/marcopachiega.com\/besp\/recordar\/","url":"https:\/\/marcopachiega.com\/besp\/recordar\/","name":"La importancia de recordar, pero \u00bfa qui\u00e9n le importa? - Pachiega&#039;s blog","isPartOf":{"@id":"https:\/\/marcopachiega.com\/besp\/#website"},"primaryImageOfPage":{"@id":"https:\/\/marcopachiega.com\/besp\/recordar\/#primaryimage"},"image":{"@id":"https:\/\/marcopachiega.com\/besp\/recordar\/#primaryimage"},"thumbnailUrl":"https:\/\/marcopachiega.com\/besp\/wp-content\/uploads\/sites\/13\/2018\/04\/DSC7279.jpg","datePublished":"2018-04-04T16:21:28+00:00","dateModified":"2018-09-29T20:08:35+00:00","author":{"@id":"https:\/\/marcopachiega.com\/besp\/#\/schema\/person\/5800e113375ba5f33499beca73ac3336"},"description":"La importancia de recordar, pero \u00bfa qui\u00e9n le importa? Durante los \u00faltimos seis meses Las Ramblas ha cambiado su rostro una vez m\u00e1s Una entrevista de escasos minutos y con pocos testigos no puede describir un evento con precisi\u00f3n. Sin embargo, permite evaluar una situaci\u00f3n a grandes rasgos.","breadcrumb":{"@id":"https:\/\/marcopachiega.com\/besp\/recordar\/#breadcrumb"},"inLanguage":"es","potentialAction":[{"@type":"ReadAction","target":["https:\/\/marcopachiega.com\/besp\/recordar\/"]}]},{"@type":"ImageObject","inLanguage":"es","@id":"https:\/\/marcopachiega.com\/besp\/recordar\/#primaryimage","url":"https:\/\/marcopachiega.com\/besp\/wp-content\/uploads\/sites\/13\/2018\/04\/DSC7279.jpg","contentUrl":"https:\/\/marcopachiega.com\/besp\/wp-content\/uploads\/sites\/13\/2018\/04\/DSC7279.jpg","width":1226,"height":815},{"@type":"BreadcrumbList","@id":"https:\/\/marcopachiega.com\/besp\/recordar\/#breadcrumb","itemListElement":[{"@type":"ListItem","position":1,"name":"Home","item":"https:\/\/marcopachiega.com\/besp\/"},{"@type":"ListItem","position":2,"name":"La importancia de recordar, pero \u00bfa qui\u00e9n le importa?"}]},{"@type":"WebSite","@id":"https:\/\/marcopachiega.com\/besp\/#website","url":"https:\/\/marcopachiega.com\/besp\/","name":"Pachiega&#039;s blog","description":"Observation post","potentialAction":[{"@type":"SearchAction","target":{"@type":"EntryPoint","urlTemplate":"https:\/\/marcopachiega.com\/besp\/?s={search_term_string}"},"query-input":{"@type":"PropertyValueSpecification","valueRequired":true,"valueName":"search_term_string"}}],"inLanguage":"es"},{"@type":"Person","@id":"https:\/\/marcopachiega.com\/besp\/#\/schema\/person\/5800e113375ba5f33499beca73ac3336","name":"marcopac","image":{"@type":"ImageObject","inLanguage":"es","@id":"https:\/\/secure.gravatar.com\/avatar\/f6c773c53a48c8f498fdb1e3aea06bcb45bf414ea7545feb7c90bb02e9b7c999?s=96&d=mm&r=g","url":"https:\/\/secure.gravatar.com\/avatar\/f6c773c53a48c8f498fdb1e3aea06bcb45bf414ea7545feb7c90bb02e9b7c999?s=96&d=mm&r=g","contentUrl":"https:\/\/secure.gravatar.com\/avatar\/f6c773c53a48c8f498fdb1e3aea06bcb45bf414ea7545feb7c90bb02e9b7c999?s=96&d=mm&r=g","caption":"marcopac"},"sameAs":["http:\/\/www.marcopachiega.com","https:\/\/www.instagram.com\/marcopachiega\/","https:\/\/www.linkedin.com\/in\/marco-pachiega-38546b92\/?locale=es_ES","https:\/\/www.youtube.com\/@marcopachiega2999\/featured"],"url":"https:\/\/marcopachiega.com\/besp\/author\/marcopac\/"}]}},"_links":{"self":[{"href":"https:\/\/marcopachiega.com\/besp\/wp-json\/wp\/v2\/posts\/2374","targetHints":{"allow":["GET"]}}],"collection":[{"href":"https:\/\/marcopachiega.com\/besp\/wp-json\/wp\/v2\/posts"}],"about":[{"href":"https:\/\/marcopachiega.com\/besp\/wp-json\/wp\/v2\/types\/post"}],"author":[{"embeddable":true,"href":"https:\/\/marcopachiega.com\/besp\/wp-json\/wp\/v2\/users\/1"}],"replies":[{"embeddable":true,"href":"https:\/\/marcopachiega.com\/besp\/wp-json\/wp\/v2\/comments?post=2374"}],"version-history":[{"count":0,"href":"https:\/\/marcopachiega.com\/besp\/wp-json\/wp\/v2\/posts\/2374\/revisions"}],"wp:featuredmedia":[{"embeddable":true,"href":"https:\/\/marcopachiega.com\/besp\/wp-json\/wp\/v2\/media\/2043"}],"wp:attachment":[{"href":"https:\/\/marcopachiega.com\/besp\/wp-json\/wp\/v2\/media?parent=2374"}],"wp:term":[{"taxonomy":"category","embeddable":true,"href":"https:\/\/marcopachiega.com\/besp\/wp-json\/wp\/v2\/categories?post=2374"},{"taxonomy":"post_tag","embeddable":true,"href":"https:\/\/marcopachiega.com\/besp\/wp-json\/wp\/v2\/tags?post=2374"}],"curies":[{"name":"wp","href":"https:\/\/api.w.org\/{rel}","templated":true}]}}