{"id":2394,"date":"2017-03-03T18:10:13","date_gmt":"2017-03-03T18:10:13","guid":{"rendered":"http:\/\/marcopachiega.com\/?p=884"},"modified":"2018-09-29T20:10:29","modified_gmt":"2018-09-29T20:10:29","slug":"la-floresta-trekking-2","status":"publish","type":"post","link":"https:\/\/marcopachiega.com\/besp\/la-floresta-trekking-2\/","title":{"rendered":"LA FLORESTA VALLDOREIX TREKKING"},"content":{"rendered":"<h1 style=\"text-align: center;\">LA FLORESTA VALLDOREIX TREKKING<\/h1>\n<p><img fetchpriority=\"high\" decoding=\"async\" class=\"aligncenter wp-image-853\" src=\"http:\/\/marcopachiega.com\/wp-content\/uploads\/2017\/02\/DSC4510-420x279.jpg\" alt=\"La Floresta Valldoreix trekking\" width=\"438\" height=\"291\" \/><\/p>\n<p>&nbsp;<\/p>\n<p>La Floresta Valldoreix \u00a0en senderismo: algunos n\u00fameros para recordar<\/p>\n<ul>\n<li>10 km Distancia<\/li>\n<li>tiempo de 4h<\/li>\n<li>250 m diferencia de altura<\/li>\n<li>y recuerda de llevar agua, un buen calzado y una c\u00e1mara<\/li>\n<\/ul>\n<p>&nbsp;<\/p>\n<h4>Esta es mi historia:<\/h4>\n<p>A menudo nos cansamos del tr\u00e1fico en esta ciudad, el bullicio de de Barcelona. \u200bUna de las ciudades m\u00e1s contaminadas en Europa. As\u00ed que cada vez que quiero sumergirme en un entorno tranquilo y relajante tengo una soluci\u00f3n r\u00e1pida, justo detr\u00e1s de la ciudad.<\/p>\n<p>La soluci\u00f3n se llama Parque de Collserola.<\/p>\n<p>M\u00e1s all\u00e1 de las peque\u00f1as monta\u00f1as que rodean la ciudad, el hormig\u00f3n se detiene para dar paso al verde, los colores y la naturaleza. A trav\u00e9s de la l\u00ednea <a href=\"http:\/\/www.fgc.cat\/esp\/barcelona-valles.asp?linia=S2\" target=\"_blank\" rel=\"noopener\">(S1)<\/a> de los trenes de Barcelona a Terrassa hay un peque\u00f1o pueblo llamado <a href=\"http:\/\/floresta.ddl.net\/\" target=\"_blank\" rel=\"noopener\">La Floresta<\/a>.<\/p>\n<p>Subir y descender despu\u00e9s de s\u00f3lo 30 minutos y notar un cambio sustancial del paisaje circundante.<\/p>\n<h4>Recorrido:<\/h4>\n<p>Aqu\u00ed, el verde es el anfitri\u00f3n y desde la parada del tren tengo acceso a varias rutas es f\u00e1cil.<\/p>\n<p>Tomo la direcci\u00f3n de Can Bosquet para llegar a la ciudad de Valldoreix. R\u00e1pidamente el asfalto se convierte en una pista de tierra, el aire es limpia, fresca y buena. No es casualidad que mi nariz comienza a oler de nuevola hierba fresca, la humedad de la tierra. Mi piel puede reconocer el cambio de temperatura en las caracter\u00edsticas areas de sol y sombra. Simplemente fant\u00e1stico.<\/p>\n<p>El camino desciende para llegar a un peque\u00f1o r\u00edo, la humedad comienza a hacerse m\u00e1s fuerte y mis sentidos adoran estos cambios.<\/p>\n<p>El canto de los p\u00e1jaros, los colores de las flores, los \u00e1rboles ralentiza mi mente el pensamiento tipico de ciudad.<\/p>\n<p>Si bien varias veces a trav\u00e9s del peque\u00f1o r\u00edo, que se dan cuenta de que el ambiente se vuelve m\u00e1s oscuro, m\u00e1s grueso y eso me gusta! Los rayos del sol apenas penetran en la tierra cubierta de hierba espesa y musgo, debido a las gruesas ramas que se entrelazan por encima de mi cabeza. El silencio es roto s\u00f3lo por los p\u00e1jaros y el clic de la c\u00e1mara.<\/p>\n<p>&nbsp;<\/p>\n<p>[Best_Wordpress_Gallery id=\u00bb53&#8243; gal_title=\u00bbLa floresta trekking\u00bb]<\/p>\n<p>&nbsp;<\/p>\n<p>Sombras, las luces, el silencio, el viento: es hermoso como la naturaleza lo envuelve todo y parece estar en una selva tropical. El sendero contin\u00faa llev\u00e1ndome a Can Castelv\u00ed para llegar al monasterio de La Salut. \u00a0Es un placer ver mi \u00faltima parada desde arriba: Valldoreix. Una ciudad no muy lejas de Barcelona.<\/p>\n<p>Al final del viaje para volver a la gran ciudad llego a la otra estaci\u00f3n. Siento los pies cansados, la m\u00e1quina est\u00e1 llena de fotos. Esta noche no salgo. Me espero un largo proceso de edici\u00f3n. Y esto es lo que me gusta!<\/p>\n<pre><em>Marco Pachiega<\/em><\/pre>\n<p>&nbsp;<\/p>\n<p>&nbsp;<\/p>\n","protected":false},"excerpt":{"rendered":"<p>LA FLORESTA VALLDOREIX TREKKING &nbsp; La Floresta Valldoreix \u00a0en senderismo: algunos n\u00fameros para recordar 10 km Distancia tiempo de 4h 250 m diferencia de altura y recuerda de llevar agua, un buen calzado y una c\u00e1mara &nbsp; Esta es mi historia: A menudo nos cansamos del tr\u00e1fico en esta ciudad, el bullicio de de Barcelona. \u200bUna de las ciudades m\u00e1s contaminadas en Europa. As\u00ed que cada vez que quiero sumergirme en un entorno tranquilo y relajante tengo una soluci\u00f3n r\u00e1pida, justo detr\u00e1s de la ciudad. La soluci\u00f3n se llama Parque de Collserola. M\u00e1s all\u00e1 de las peque\u00f1as monta\u00f1as que rodean la ciudad, el hormig\u00f3n se detiene para dar paso al&hellip; <a class=\"read-more\" href=\"https:\/\/marcopachiega.com\/besp\/la-floresta-trekking-2\/\">Read More<\/a><\/p>\n","protected":false},"author":1,"featured_media":853,"comment_status":"open","ping_status":"open","sticky":false,"template":"","format":"standard","meta":{"footnotes":""},"categories":[328],"tags":[26,134,151,150,154,152,124,153,155],"class_list":["post-2394","post","type-post","status-publish","format-standard","has-post-thumbnail","hentry","category-escapadas-viajes-y-otras-historias","tag-barcelona","tag-catalunya","tag-collserola","tag-la-floresta","tag-nature","tag-park","tag-photography","tag-trekking","tag-valldoreix"],"yoast_head":"<!-- This site is optimized with the Yoast SEO plugin v27.3 - https:\/\/yoast.com\/product\/yoast-seo-wordpress\/ -->\n<title>LA FLORESTA VALLDOREIX TREKKING - Pachiega&#039;s blog<\/title>\n<meta name=\"description\" content=\"LA FLORESTA VALLDOREIX TREKKING. A menudo nos cansamos del tr\u00e1fico en esta ciudad, el bullicio de de Barcelona. La soluci\u00f3n se llama Parque de Collserola.\" \/>\n<meta name=\"robots\" content=\"index, follow, max-snippet:-1, max-image-preview:large, max-video-preview:-1\" \/>\n<link rel=\"canonical\" href=\"https:\/\/marcopachiega.com\/besp\/la-floresta-trekking-2\/\" \/>\n<meta property=\"og:locale\" content=\"es_ES\" \/>\n<meta property=\"og:type\" content=\"article\" \/>\n<meta property=\"og:title\" content=\"LA FLORESTA VALLDOREIX TREKKING - Pachiega&#039;s blog\" \/>\n<meta property=\"og:description\" content=\"LA FLORESTA VALLDOREIX TREKKING. A menudo nos cansamos del tr\u00e1fico en esta ciudad, el bullicio de de Barcelona. La soluci\u00f3n se llama Parque de Collserola.\" \/>\n<meta property=\"og:url\" content=\"https:\/\/marcopachiega.com\/besp\/la-floresta-trekking-2\/\" \/>\n<meta property=\"og:site_name\" content=\"Pachiega&#039;s blog\" \/>\n<meta property=\"article:published_time\" content=\"2017-03-03T18:10:13+00:00\" \/>\n<meta property=\"article:modified_time\" content=\"2018-09-29T20:10:29+00:00\" \/>\n<meta property=\"og:image\" content=\"https:\/\/marcopachiega.com\/besp\/wp-content\/uploads\/sites\/13\/2017\/02\/DSC4510-e1495439415989.jpg\" \/>\n\t<meta property=\"og:image:width\" content=\"600\" \/>\n\t<meta property=\"og:image:height\" content=\"399\" \/>\n\t<meta property=\"og:image:type\" content=\"image\/jpeg\" \/>\n<meta name=\"author\" content=\"marcopac\" \/>\n<meta name=\"twitter:card\" content=\"summary_large_image\" \/>\n<meta name=\"twitter:label1\" content=\"Escrito por\" \/>\n\t<meta name=\"twitter:data1\" content=\"marcopac\" \/>\n\t<meta name=\"twitter:label2\" content=\"Tiempo de lectura\" \/>\n\t<meta name=\"twitter:data2\" content=\"2 minutos\" \/>\n<script type=\"application\/ld+json\" class=\"yoast-schema-graph\">{\"@context\":\"https:\\\/\\\/schema.org\",\"@graph\":[{\"@type\":\"Article\",\"@id\":\"https:\\\/\\\/marcopachiega.com\\\/besp\\\/la-floresta-trekking-2\\\/#article\",\"isPartOf\":{\"@id\":\"https:\\\/\\\/marcopachiega.com\\\/besp\\\/la-floresta-trekking-2\\\/\"},\"author\":{\"name\":\"marcopac\",\"@id\":\"https:\\\/\\\/marcopachiega.com\\\/besp\\\/#\\\/schema\\\/person\\\/5800e113375ba5f33499beca73ac3336\"},\"headline\":\"LA FLORESTA VALLDOREIX TREKKING\",\"datePublished\":\"2017-03-03T18:10:13+00:00\",\"dateModified\":\"2018-09-29T20:10:29+00:00\",\"mainEntityOfPage\":{\"@id\":\"https:\\\/\\\/marcopachiega.com\\\/besp\\\/la-floresta-trekking-2\\\/\"},\"wordCount\":499,\"commentCount\":0,\"image\":{\"@id\":\"https:\\\/\\\/marcopachiega.com\\\/besp\\\/la-floresta-trekking-2\\\/#primaryimage\"},\"thumbnailUrl\":\"https:\\\/\\\/marcopachiega.com\\\/besp\\\/wp-content\\\/uploads\\\/sites\\\/13\\\/2017\\\/02\\\/DSC4510-e1495439415989.jpg\",\"keywords\":[\"barcelona\",\"Catalunya\",\"collserola\",\"la floresta\",\"nature\",\"park\",\"photography\",\"trekking\",\"valldoreix\"],\"articleSection\":[\"Escapadas, viajes y otras historias\"],\"inLanguage\":\"es\",\"potentialAction\":[{\"@type\":\"CommentAction\",\"name\":\"Comment\",\"target\":[\"https:\\\/\\\/marcopachiega.com\\\/besp\\\/la-floresta-trekking-2\\\/#respond\"]}]},{\"@type\":\"WebPage\",\"@id\":\"https:\\\/\\\/marcopachiega.com\\\/besp\\\/la-floresta-trekking-2\\\/\",\"url\":\"https:\\\/\\\/marcopachiega.com\\\/besp\\\/la-floresta-trekking-2\\\/\",\"name\":\"LA FLORESTA VALLDOREIX TREKKING - Pachiega&#039;s blog\",\"isPartOf\":{\"@id\":\"https:\\\/\\\/marcopachiega.com\\\/besp\\\/#website\"},\"primaryImageOfPage\":{\"@id\":\"https:\\\/\\\/marcopachiega.com\\\/besp\\\/la-floresta-trekking-2\\\/#primaryimage\"},\"image\":{\"@id\":\"https:\\\/\\\/marcopachiega.com\\\/besp\\\/la-floresta-trekking-2\\\/#primaryimage\"},\"thumbnailUrl\":\"https:\\\/\\\/marcopachiega.com\\\/besp\\\/wp-content\\\/uploads\\\/sites\\\/13\\\/2017\\\/02\\\/DSC4510-e1495439415989.jpg\",\"datePublished\":\"2017-03-03T18:10:13+00:00\",\"dateModified\":\"2018-09-29T20:10:29+00:00\",\"author\":{\"@id\":\"https:\\\/\\\/marcopachiega.com\\\/besp\\\/#\\\/schema\\\/person\\\/5800e113375ba5f33499beca73ac3336\"},\"description\":\"LA FLORESTA VALLDOREIX TREKKING. A menudo nos cansamos del tr\u00e1fico en esta ciudad, el bullicio de de Barcelona. La soluci\u00f3n se llama Parque de Collserola.\",\"breadcrumb\":{\"@id\":\"https:\\\/\\\/marcopachiega.com\\\/besp\\\/la-floresta-trekking-2\\\/#breadcrumb\"},\"inLanguage\":\"es\",\"potentialAction\":[{\"@type\":\"ReadAction\",\"target\":[\"https:\\\/\\\/marcopachiega.com\\\/besp\\\/la-floresta-trekking-2\\\/\"]}]},{\"@type\":\"ImageObject\",\"inLanguage\":\"es\",\"@id\":\"https:\\\/\\\/marcopachiega.com\\\/besp\\\/la-floresta-trekking-2\\\/#primaryimage\",\"url\":\"https:\\\/\\\/marcopachiega.com\\\/besp\\\/wp-content\\\/uploads\\\/sites\\\/13\\\/2017\\\/02\\\/DSC4510-e1495439415989.jpg\",\"contentUrl\":\"https:\\\/\\\/marcopachiega.com\\\/besp\\\/wp-content\\\/uploads\\\/sites\\\/13\\\/2017\\\/02\\\/DSC4510-e1495439415989.jpg\",\"width\":600,\"height\":399,\"caption\":\"la floresta trekking\"},{\"@type\":\"BreadcrumbList\",\"@id\":\"https:\\\/\\\/marcopachiega.com\\\/besp\\\/la-floresta-trekking-2\\\/#breadcrumb\",\"itemListElement\":[{\"@type\":\"ListItem\",\"position\":1,\"name\":\"Home\",\"item\":\"https:\\\/\\\/marcopachiega.com\\\/besp\\\/\"},{\"@type\":\"ListItem\",\"position\":2,\"name\":\"LA FLORESTA VALLDOREIX TREKKING\"}]},{\"@type\":\"WebSite\",\"@id\":\"https:\\\/\\\/marcopachiega.com\\\/besp\\\/#website\",\"url\":\"https:\\\/\\\/marcopachiega.com\\\/besp\\\/\",\"name\":\"Pachiega&#039;s blog\",\"description\":\"Observation post\",\"potentialAction\":[{\"@type\":\"SearchAction\",\"target\":{\"@type\":\"EntryPoint\",\"urlTemplate\":\"https:\\\/\\\/marcopachiega.com\\\/besp\\\/?s={search_term_string}\"},\"query-input\":{\"@type\":\"PropertyValueSpecification\",\"valueRequired\":true,\"valueName\":\"search_term_string\"}}],\"inLanguage\":\"es\"},{\"@type\":\"Person\",\"@id\":\"https:\\\/\\\/marcopachiega.com\\\/besp\\\/#\\\/schema\\\/person\\\/5800e113375ba5f33499beca73ac3336\",\"name\":\"marcopac\",\"image\":{\"@type\":\"ImageObject\",\"inLanguage\":\"es\",\"@id\":\"https:\\\/\\\/secure.gravatar.com\\\/avatar\\\/f6c773c53a48c8f498fdb1e3aea06bcb45bf414ea7545feb7c90bb02e9b7c999?s=96&d=mm&r=g\",\"url\":\"https:\\\/\\\/secure.gravatar.com\\\/avatar\\\/f6c773c53a48c8f498fdb1e3aea06bcb45bf414ea7545feb7c90bb02e9b7c999?s=96&d=mm&r=g\",\"contentUrl\":\"https:\\\/\\\/secure.gravatar.com\\\/avatar\\\/f6c773c53a48c8f498fdb1e3aea06bcb45bf414ea7545feb7c90bb02e9b7c999?s=96&d=mm&r=g\",\"caption\":\"marcopac\"},\"sameAs\":[\"http:\\\/\\\/www.marcopachiega.com\",\"https:\\\/\\\/www.instagram.com\\\/marcopachiega\\\/\",\"https:\\\/\\\/www.linkedin.com\\\/in\\\/marco-pachiega-38546b92\\\/?locale=es_ES\",\"https:\\\/\\\/www.youtube.com\\\/@marcopachiega2999\\\/featured\"],\"url\":\"https:\\\/\\\/marcopachiega.com\\\/besp\\\/author\\\/marcopac\\\/\"}]}<\/script>\n<!-- \/ Yoast SEO plugin. -->","yoast_head_json":{"title":"LA FLORESTA VALLDOREIX TREKKING - Pachiega&#039;s blog","description":"LA FLORESTA VALLDOREIX TREKKING. A menudo nos cansamos del tr\u00e1fico en esta ciudad, el bullicio de de Barcelona. La soluci\u00f3n se llama Parque de Collserola.","robots":{"index":"index","follow":"follow","max-snippet":"max-snippet:-1","max-image-preview":"max-image-preview:large","max-video-preview":"max-video-preview:-1"},"canonical":"https:\/\/marcopachiega.com\/besp\/la-floresta-trekking-2\/","og_locale":"es_ES","og_type":"article","og_title":"LA FLORESTA VALLDOREIX TREKKING - Pachiega&#039;s blog","og_description":"LA FLORESTA VALLDOREIX TREKKING. A menudo nos cansamos del tr\u00e1fico en esta ciudad, el bullicio de de Barcelona. La soluci\u00f3n se llama Parque de Collserola.","og_url":"https:\/\/marcopachiega.com\/besp\/la-floresta-trekking-2\/","og_site_name":"Pachiega&#039;s blog","article_published_time":"2017-03-03T18:10:13+00:00","article_modified_time":"2018-09-29T20:10:29+00:00","og_image":[{"width":600,"height":399,"url":"https:\/\/marcopachiega.com\/besp\/wp-content\/uploads\/sites\/13\/2017\/02\/DSC4510-e1495439415989.jpg","type":"image\/jpeg"}],"author":"marcopac","twitter_card":"summary_large_image","twitter_misc":{"Escrito por":"marcopac","Tiempo de lectura":"2 minutos"},"schema":{"@context":"https:\/\/schema.org","@graph":[{"@type":"Article","@id":"https:\/\/marcopachiega.com\/besp\/la-floresta-trekking-2\/#article","isPartOf":{"@id":"https:\/\/marcopachiega.com\/besp\/la-floresta-trekking-2\/"},"author":{"name":"marcopac","@id":"https:\/\/marcopachiega.com\/besp\/#\/schema\/person\/5800e113375ba5f33499beca73ac3336"},"headline":"LA FLORESTA VALLDOREIX TREKKING","datePublished":"2017-03-03T18:10:13+00:00","dateModified":"2018-09-29T20:10:29+00:00","mainEntityOfPage":{"@id":"https:\/\/marcopachiega.com\/besp\/la-floresta-trekking-2\/"},"wordCount":499,"commentCount":0,"image":{"@id":"https:\/\/marcopachiega.com\/besp\/la-floresta-trekking-2\/#primaryimage"},"thumbnailUrl":"https:\/\/marcopachiega.com\/besp\/wp-content\/uploads\/sites\/13\/2017\/02\/DSC4510-e1495439415989.jpg","keywords":["barcelona","Catalunya","collserola","la floresta","nature","park","photography","trekking","valldoreix"],"articleSection":["Escapadas, viajes y otras historias"],"inLanguage":"es","potentialAction":[{"@type":"CommentAction","name":"Comment","target":["https:\/\/marcopachiega.com\/besp\/la-floresta-trekking-2\/#respond"]}]},{"@type":"WebPage","@id":"https:\/\/marcopachiega.com\/besp\/la-floresta-trekking-2\/","url":"https:\/\/marcopachiega.com\/besp\/la-floresta-trekking-2\/","name":"LA FLORESTA VALLDOREIX TREKKING - Pachiega&#039;s blog","isPartOf":{"@id":"https:\/\/marcopachiega.com\/besp\/#website"},"primaryImageOfPage":{"@id":"https:\/\/marcopachiega.com\/besp\/la-floresta-trekking-2\/#primaryimage"},"image":{"@id":"https:\/\/marcopachiega.com\/besp\/la-floresta-trekking-2\/#primaryimage"},"thumbnailUrl":"https:\/\/marcopachiega.com\/besp\/wp-content\/uploads\/sites\/13\/2017\/02\/DSC4510-e1495439415989.jpg","datePublished":"2017-03-03T18:10:13+00:00","dateModified":"2018-09-29T20:10:29+00:00","author":{"@id":"https:\/\/marcopachiega.com\/besp\/#\/schema\/person\/5800e113375ba5f33499beca73ac3336"},"description":"LA FLORESTA VALLDOREIX TREKKING. A menudo nos cansamos del tr\u00e1fico en esta ciudad, el bullicio de de Barcelona. La soluci\u00f3n se llama Parque de Collserola.","breadcrumb":{"@id":"https:\/\/marcopachiega.com\/besp\/la-floresta-trekking-2\/#breadcrumb"},"inLanguage":"es","potentialAction":[{"@type":"ReadAction","target":["https:\/\/marcopachiega.com\/besp\/la-floresta-trekking-2\/"]}]},{"@type":"ImageObject","inLanguage":"es","@id":"https:\/\/marcopachiega.com\/besp\/la-floresta-trekking-2\/#primaryimage","url":"https:\/\/marcopachiega.com\/besp\/wp-content\/uploads\/sites\/13\/2017\/02\/DSC4510-e1495439415989.jpg","contentUrl":"https:\/\/marcopachiega.com\/besp\/wp-content\/uploads\/sites\/13\/2017\/02\/DSC4510-e1495439415989.jpg","width":600,"height":399,"caption":"la floresta trekking"},{"@type":"BreadcrumbList","@id":"https:\/\/marcopachiega.com\/besp\/la-floresta-trekking-2\/#breadcrumb","itemListElement":[{"@type":"ListItem","position":1,"name":"Home","item":"https:\/\/marcopachiega.com\/besp\/"},{"@type":"ListItem","position":2,"name":"LA FLORESTA VALLDOREIX TREKKING"}]},{"@type":"WebSite","@id":"https:\/\/marcopachiega.com\/besp\/#website","url":"https:\/\/marcopachiega.com\/besp\/","name":"Pachiega&#039;s blog","description":"Observation post","potentialAction":[{"@type":"SearchAction","target":{"@type":"EntryPoint","urlTemplate":"https:\/\/marcopachiega.com\/besp\/?s={search_term_string}"},"query-input":{"@type":"PropertyValueSpecification","valueRequired":true,"valueName":"search_term_string"}}],"inLanguage":"es"},{"@type":"Person","@id":"https:\/\/marcopachiega.com\/besp\/#\/schema\/person\/5800e113375ba5f33499beca73ac3336","name":"marcopac","image":{"@type":"ImageObject","inLanguage":"es","@id":"https:\/\/secure.gravatar.com\/avatar\/f6c773c53a48c8f498fdb1e3aea06bcb45bf414ea7545feb7c90bb02e9b7c999?s=96&d=mm&r=g","url":"https:\/\/secure.gravatar.com\/avatar\/f6c773c53a48c8f498fdb1e3aea06bcb45bf414ea7545feb7c90bb02e9b7c999?s=96&d=mm&r=g","contentUrl":"https:\/\/secure.gravatar.com\/avatar\/f6c773c53a48c8f498fdb1e3aea06bcb45bf414ea7545feb7c90bb02e9b7c999?s=96&d=mm&r=g","caption":"marcopac"},"sameAs":["http:\/\/www.marcopachiega.com","https:\/\/www.instagram.com\/marcopachiega\/","https:\/\/www.linkedin.com\/in\/marco-pachiega-38546b92\/?locale=es_ES","https:\/\/www.youtube.com\/@marcopachiega2999\/featured"],"url":"https:\/\/marcopachiega.com\/besp\/author\/marcopac\/"}]}},"_links":{"self":[{"href":"https:\/\/marcopachiega.com\/besp\/wp-json\/wp\/v2\/posts\/2394","targetHints":{"allow":["GET"]}}],"collection":[{"href":"https:\/\/marcopachiega.com\/besp\/wp-json\/wp\/v2\/posts"}],"about":[{"href":"https:\/\/marcopachiega.com\/besp\/wp-json\/wp\/v2\/types\/post"}],"author":[{"embeddable":true,"href":"https:\/\/marcopachiega.com\/besp\/wp-json\/wp\/v2\/users\/1"}],"replies":[{"embeddable":true,"href":"https:\/\/marcopachiega.com\/besp\/wp-json\/wp\/v2\/comments?post=2394"}],"version-history":[{"count":0,"href":"https:\/\/marcopachiega.com\/besp\/wp-json\/wp\/v2\/posts\/2394\/revisions"}],"wp:featuredmedia":[{"embeddable":true,"href":"https:\/\/marcopachiega.com\/besp\/wp-json\/wp\/v2\/media\/853"}],"wp:attachment":[{"href":"https:\/\/marcopachiega.com\/besp\/wp-json\/wp\/v2\/media?parent=2394"}],"wp:term":[{"taxonomy":"category","embeddable":true,"href":"https:\/\/marcopachiega.com\/besp\/wp-json\/wp\/v2\/categories?post=2394"},{"taxonomy":"post_tag","embeddable":true,"href":"https:\/\/marcopachiega.com\/besp\/wp-json\/wp\/v2\/tags?post=2394"}],"curies":[{"name":"wp","href":"https:\/\/api.w.org\/{rel}","templated":true}]}}