{"id":2665,"date":"2018-09-28T16:12:01","date_gmt":"2018-09-28T16:12:01","guid":{"rendered":"https:\/\/marcopachiega.com\/blog\/?p=2665"},"modified":"2018-09-29T19:44:09","modified_gmt":"2018-09-29T19:44:09","slug":"helen-ceballos","status":"publish","type":"post","link":"https:\/\/marcopachiega.com\/besp\/helen-ceballos\/","title":{"rendered":"Entrevista con Helen Ceballos en el Materic"},"content":{"rendered":"<h1 style=\"text-align: center;\"><strong>Entrevista con Helen Ceballos en el Materic<\/strong><\/h1>\n<h2 style=\"text-align: center;\">Una breve entrevista donde la artista explica los motivos que la llevaron a elegir el tema de la inmigraci\u00f3n<\/h2>\n<p>Helen Ceballos es la \u00faltima en actuar en Materic. Recuperamos fuerza, nos sentamos y comenzamos a conocer las razones y el significado de su trabajo.<\/p>\n<p><img fetchpriority=\"high\" decoding=\"async\" class=\"aligncenter size-full wp-image-2679\" src=\"https:\/\/marcopachiega.com\/blog\/wp-content\/uploads\/sites\/9\/2018\/09\/DSC_8161.jpg\" alt=\"Helen Ceballos\" width=\"1200\" height=\"800\" \/><\/p>\n<h3>Qui\u00e9n es Helen Ceballos<\/h3>\n<p>Helen naci\u00f3 en el Caribe en 1986 y creci\u00f3 en tres islas, Cuba, Puerto Rico y Rep\u00fablica Dominicana. Tiene t\u00edtulo en drama y letras en la Universidad de Puerto Rico. Emigrar nunca es f\u00e1cil, especialmente para aquellos que vienen de lugares devastados por calamidades naturales o guerras. No se trata solo de salir del pa\u00eds, sino de encontrar una manera para comenzar desde cero.<\/p>\n<h3>Inmigraci\u00f3n<\/h3>\n<p>Cuando se le pregunt\u00f3 qu\u00e9 la motiv\u00f3 a realizar esta actuaci\u00f3n, respondi\u00f3 que ella no lo eligi\u00f3. Fue elegida. Su espect\u00e1culo se basa en an\u00e9cdotas vividas en primera persona o contadas por aquellos que se embarcaron en un peque\u00f1o barco cruzando un oc\u00e9ano en plena noche.<\/p>\n<p>Desde su punto de vista las leyes de inmigraci\u00f3n son una invenci\u00f3n pol\u00edtica y socioecon\u00f3mica. Aunque pueda parecer una idea naif, Helen sue\u00f1a con mundo sin fronteras o con poner fin al derramamiento de sangre y a la especulaci\u00f3n econ\u00f3mica resultante. La inmigraci\u00f3n afecta al mundo entero sin excepci\u00f3n. Los que emigran lo hacen para escapar de la pobreza, el crimen o los desastres naturales como los caribe\u00f1os arrassados por los huracanes Irma y Mar\u00eda.<\/p>\n<h3>La ley de Trump<\/h3>\n<p><img decoding=\"async\" class=\"aligncenter size-full wp-image-2683 lazyload\" data-src=\"https:\/\/marcopachiega.com\/blog\/wp-content\/uploads\/sites\/9\/2018\/09\/DSC_8222.jpg\" alt=\"\" width=\"800\" height=\"1200\" src=\"data:image\/svg+xml;base64,PHN2ZyB3aWR0aD0iMSIgaGVpZ2h0PSIxIiB4bWxucz0iaHR0cDovL3d3dy53My5vcmcvMjAwMC9zdmciPjwvc3ZnPg==\" style=\"--smush-placeholder-width: 800px; --smush-placeholder-aspect-ratio: 800\/1200;\" \/><\/p>\n<p>En el final de su acto, Helen se encuentra encerrada en una jaula mientras se reproduce una grabaci\u00f3n de llantos desesperados de ni\u00f1os.<\/p>\n<p>Es la denuncia de la exacerbaci\u00f3n del <a href=\"https:\/\/marcopachiega.com\/besp\/inmigracion\/\" target=\"_blank\" rel=\"noopener\">crimen de inmigraci\u00f3n<\/a>, impulsado por Trump. Por eso cr\u00ecmen est\u00e0 previsto del encarcelamiento. Sin embargo, la ley no es aplicable a menores creando un fallo legislativo, lo que impide que el ni\u00f1o regrese a su hogar o sea adoptado si est\u00e0 registrado a nombre de la familia encarcelada. Durante la custodia los ni\u00f1os sufren el impacto de la separaci\u00f3n, la soledad, la desnutrici\u00f3n y la violencia psicol\u00f3gica durante largos meses. Su objetivo es concienciar a la gente que observa estos eventos de una manera distante y extranjera como si fuera una pel\u00edcula.<\/p>\n<h3>Pr\u00f3xima exposici\u00f3n en Europa<\/h3>\n<p>Al final de la entrevista, Helen continuar\u00e0 su actuaci\u00f3n en Europa exactamente en Berl\u00edn el 4 de octubre del 2018. La galer\u00eda de arte <strong><a href=\"http:\/\/www.kritische-kunst.org\/\" target=\"_blank\" rel=\"noopener\">OKK<\/a><\/strong> albergar\u00e1 parte de su proyecto junto con el trabajo fotogr\u00e1fico de Amarilis Torres Carrasquillo. Se trata de un proyecto centrado en el desastre del hurac\u00e1n Mar\u00eda titulado \u00abNO VOY A PEDIRLE NADIE QUE ME CREA\u00bb.<\/p>\n<p><em>Marco Pachiega<\/em><\/p>\n","protected":false},"excerpt":{"rendered":"<p>Entrevista con Helen Ceballos en el Materic Una breve entrevista donde la artista explica los motivos que la llevaron a elegir el tema de la inmigraci\u00f3n Helen Ceballos es la \u00faltima en actuar en Materic. Recuperamos fuerza, nos sentamos y comenzamos a conocer las razones y el significado de su trabajo. Qui\u00e9n es Helen Ceballos Helen naci\u00f3 en el Caribe en 1986 y creci\u00f3 en tres islas, Cuba, Puerto Rico y Rep\u00fablica Dominicana. Tiene t\u00edtulo en drama y letras en la Universidad de Puerto Rico. Emigrar nunca es f\u00e1cil, especialmente para aquellos que vienen de lugares devastados por calamidades naturales o guerras. No se trata solo de salir del pa\u00eds,&hellip; <a class=\"read-more\" href=\"https:\/\/marcopachiega.com\/besp\/helen-ceballos\/\">Read More<\/a><\/p>\n","protected":false},"author":1,"featured_media":2674,"comment_status":"open","ping_status":"open","sticky":false,"template":"","format":"standard","meta":{"footnotes":""},"categories":[329],"tags":[373,374,368,375,370,376],"class_list":["post-2665","post","type-post","status-publish","format-standard","has-post-thumbnail","hentry","category-eventos-deporte-noticias","tag-caraibi","tag-esibizione","tag-helen-ceballos","tag-immigrazione","tag-materic","tag-trump"],"yoast_head":"<!-- This site is optimized with the Yoast SEO plugin v27.3 - https:\/\/yoast.com\/product\/yoast-seo-wordpress\/ -->\n<title>Entrevista con Helen Ceballos en el Materic - Pachiega&#039;s blog<\/title>\n<meta name=\"description\" content=\"Una breve entrevista con Helen Ceballos donde la artista explica los motivos y las causas que la llevaron a elegir el tema de la inmigraci\u00f3n.\" \/>\n<meta name=\"robots\" content=\"index, follow, max-snippet:-1, max-image-preview:large, max-video-preview:-1\" \/>\n<link rel=\"canonical\" href=\"https:\/\/marcopachiega.com\/besp\/helen-ceballos\/\" \/>\n<meta property=\"og:locale\" content=\"es_ES\" \/>\n<meta property=\"og:type\" content=\"article\" \/>\n<meta property=\"og:title\" content=\"Entrevista con Helen Ceballos en el Materic - Pachiega&#039;s blog\" \/>\n<meta property=\"og:description\" content=\"Una breve entrevista con Helen Ceballos donde la artista explica los motivos y las causas que la llevaron a elegir el tema de la inmigraci\u00f3n.\" \/>\n<meta property=\"og:url\" content=\"https:\/\/marcopachiega.com\/besp\/helen-ceballos\/\" \/>\n<meta property=\"og:site_name\" content=\"Pachiega&#039;s blog\" \/>\n<meta property=\"article:published_time\" content=\"2018-09-28T16:12:01+00:00\" \/>\n<meta property=\"article:modified_time\" content=\"2018-09-29T19:44:09+00:00\" \/>\n<meta property=\"og:image\" content=\"https:\/\/marcopachiega.com\/besp\/wp-content\/uploads\/sites\/13\/2018\/09\/DSC1387.jpg\" \/>\n\t<meta property=\"og:image:width\" content=\"798\" \/>\n\t<meta property=\"og:image:height\" content=\"1200\" \/>\n\t<meta property=\"og:image:type\" content=\"image\/jpeg\" \/>\n<meta name=\"author\" content=\"marcopac\" \/>\n<meta name=\"twitter:card\" content=\"summary_large_image\" \/>\n<meta name=\"twitter:label1\" content=\"Escrito por\" \/>\n\t<meta name=\"twitter:data1\" content=\"marcopac\" \/>\n\t<meta name=\"twitter:label2\" content=\"Tiempo de lectura\" \/>\n\t<meta name=\"twitter:data2\" content=\"2 minutos\" \/>\n<script type=\"application\/ld+json\" class=\"yoast-schema-graph\">{\"@context\":\"https:\\\/\\\/schema.org\",\"@graph\":[{\"@type\":\"Article\",\"@id\":\"https:\\\/\\\/marcopachiega.com\\\/besp\\\/helen-ceballos\\\/#article\",\"isPartOf\":{\"@id\":\"https:\\\/\\\/marcopachiega.com\\\/besp\\\/helen-ceballos\\\/\"},\"author\":{\"name\":\"marcopac\",\"@id\":\"https:\\\/\\\/marcopachiega.com\\\/besp\\\/#\\\/schema\\\/person\\\/5800e113375ba5f33499beca73ac3336\"},\"headline\":\"Entrevista con Helen Ceballos en el Materic\",\"datePublished\":\"2018-09-28T16:12:01+00:00\",\"dateModified\":\"2018-09-29T19:44:09+00:00\",\"mainEntityOfPage\":{\"@id\":\"https:\\\/\\\/marcopachiega.com\\\/besp\\\/helen-ceballos\\\/\"},\"wordCount\":479,\"commentCount\":0,\"image\":{\"@id\":\"https:\\\/\\\/marcopachiega.com\\\/besp\\\/helen-ceballos\\\/#primaryimage\"},\"thumbnailUrl\":\"https:\\\/\\\/marcopachiega.com\\\/besp\\\/wp-content\\\/uploads\\\/sites\\\/13\\\/2018\\\/09\\\/DSC1387.jpg\",\"keywords\":[\"Caraibi\",\"Esibizione\",\"Helen ceballos\",\"Immigrazione\",\"materic\",\"trump\"],\"articleSection\":[\"Eventos, deporte, noticias\"],\"inLanguage\":\"es\",\"potentialAction\":[{\"@type\":\"CommentAction\",\"name\":\"Comment\",\"target\":[\"https:\\\/\\\/marcopachiega.com\\\/besp\\\/helen-ceballos\\\/#respond\"]}]},{\"@type\":\"WebPage\",\"@id\":\"https:\\\/\\\/marcopachiega.com\\\/besp\\\/helen-ceballos\\\/\",\"url\":\"https:\\\/\\\/marcopachiega.com\\\/besp\\\/helen-ceballos\\\/\",\"name\":\"Entrevista con Helen Ceballos en el Materic - Pachiega&#039;s blog\",\"isPartOf\":{\"@id\":\"https:\\\/\\\/marcopachiega.com\\\/besp\\\/#website\"},\"primaryImageOfPage\":{\"@id\":\"https:\\\/\\\/marcopachiega.com\\\/besp\\\/helen-ceballos\\\/#primaryimage\"},\"image\":{\"@id\":\"https:\\\/\\\/marcopachiega.com\\\/besp\\\/helen-ceballos\\\/#primaryimage\"},\"thumbnailUrl\":\"https:\\\/\\\/marcopachiega.com\\\/besp\\\/wp-content\\\/uploads\\\/sites\\\/13\\\/2018\\\/09\\\/DSC1387.jpg\",\"datePublished\":\"2018-09-28T16:12:01+00:00\",\"dateModified\":\"2018-09-29T19:44:09+00:00\",\"author\":{\"@id\":\"https:\\\/\\\/marcopachiega.com\\\/besp\\\/#\\\/schema\\\/person\\\/5800e113375ba5f33499beca73ac3336\"},\"description\":\"Una breve entrevista con Helen Ceballos donde la artista explica los motivos y las causas que la llevaron a elegir el tema de la inmigraci\u00f3n.\",\"breadcrumb\":{\"@id\":\"https:\\\/\\\/marcopachiega.com\\\/besp\\\/helen-ceballos\\\/#breadcrumb\"},\"inLanguage\":\"es\",\"potentialAction\":[{\"@type\":\"ReadAction\",\"target\":[\"https:\\\/\\\/marcopachiega.com\\\/besp\\\/helen-ceballos\\\/\"]}]},{\"@type\":\"ImageObject\",\"inLanguage\":\"es\",\"@id\":\"https:\\\/\\\/marcopachiega.com\\\/besp\\\/helen-ceballos\\\/#primaryimage\",\"url\":\"https:\\\/\\\/marcopachiega.com\\\/besp\\\/wp-content\\\/uploads\\\/sites\\\/13\\\/2018\\\/09\\\/DSC1387.jpg\",\"contentUrl\":\"https:\\\/\\\/marcopachiega.com\\\/besp\\\/wp-content\\\/uploads\\\/sites\\\/13\\\/2018\\\/09\\\/DSC1387.jpg\",\"width\":798,\"height\":1200,\"caption\":\"Materic, Helen Ceballos\"},{\"@type\":\"BreadcrumbList\",\"@id\":\"https:\\\/\\\/marcopachiega.com\\\/besp\\\/helen-ceballos\\\/#breadcrumb\",\"itemListElement\":[{\"@type\":\"ListItem\",\"position\":1,\"name\":\"Home\",\"item\":\"https:\\\/\\\/marcopachiega.com\\\/besp\\\/\"},{\"@type\":\"ListItem\",\"position\":2,\"name\":\"Entrevista con Helen Ceballos en el Materic\"}]},{\"@type\":\"WebSite\",\"@id\":\"https:\\\/\\\/marcopachiega.com\\\/besp\\\/#website\",\"url\":\"https:\\\/\\\/marcopachiega.com\\\/besp\\\/\",\"name\":\"Pachiega&#039;s blog\",\"description\":\"Observation post\",\"potentialAction\":[{\"@type\":\"SearchAction\",\"target\":{\"@type\":\"EntryPoint\",\"urlTemplate\":\"https:\\\/\\\/marcopachiega.com\\\/besp\\\/?s={search_term_string}\"},\"query-input\":{\"@type\":\"PropertyValueSpecification\",\"valueRequired\":true,\"valueName\":\"search_term_string\"}}],\"inLanguage\":\"es\"},{\"@type\":\"Person\",\"@id\":\"https:\\\/\\\/marcopachiega.com\\\/besp\\\/#\\\/schema\\\/person\\\/5800e113375ba5f33499beca73ac3336\",\"name\":\"marcopac\",\"image\":{\"@type\":\"ImageObject\",\"inLanguage\":\"es\",\"@id\":\"https:\\\/\\\/secure.gravatar.com\\\/avatar\\\/f6c773c53a48c8f498fdb1e3aea06bcb45bf414ea7545feb7c90bb02e9b7c999?s=96&d=mm&r=g\",\"url\":\"https:\\\/\\\/secure.gravatar.com\\\/avatar\\\/f6c773c53a48c8f498fdb1e3aea06bcb45bf414ea7545feb7c90bb02e9b7c999?s=96&d=mm&r=g\",\"contentUrl\":\"https:\\\/\\\/secure.gravatar.com\\\/avatar\\\/f6c773c53a48c8f498fdb1e3aea06bcb45bf414ea7545feb7c90bb02e9b7c999?s=96&d=mm&r=g\",\"caption\":\"marcopac\"},\"sameAs\":[\"http:\\\/\\\/www.marcopachiega.com\",\"https:\\\/\\\/www.instagram.com\\\/marcopachiega\\\/\",\"https:\\\/\\\/www.linkedin.com\\\/in\\\/marco-pachiega-38546b92\\\/?locale=es_ES\",\"https:\\\/\\\/www.youtube.com\\\/@marcopachiega2999\\\/featured\"],\"url\":\"https:\\\/\\\/marcopachiega.com\\\/besp\\\/author\\\/marcopac\\\/\"}]}<\/script>\n<!-- \/ Yoast SEO plugin. -->","yoast_head_json":{"title":"Entrevista con Helen Ceballos en el Materic - Pachiega&#039;s blog","description":"Una breve entrevista con Helen Ceballos donde la artista explica los motivos y las causas que la llevaron a elegir el tema de la inmigraci\u00f3n.","robots":{"index":"index","follow":"follow","max-snippet":"max-snippet:-1","max-image-preview":"max-image-preview:large","max-video-preview":"max-video-preview:-1"},"canonical":"https:\/\/marcopachiega.com\/besp\/helen-ceballos\/","og_locale":"es_ES","og_type":"article","og_title":"Entrevista con Helen Ceballos en el Materic - Pachiega&#039;s blog","og_description":"Una breve entrevista con Helen Ceballos donde la artista explica los motivos y las causas que la llevaron a elegir el tema de la inmigraci\u00f3n.","og_url":"https:\/\/marcopachiega.com\/besp\/helen-ceballos\/","og_site_name":"Pachiega&#039;s blog","article_published_time":"2018-09-28T16:12:01+00:00","article_modified_time":"2018-09-29T19:44:09+00:00","og_image":[{"width":798,"height":1200,"url":"https:\/\/marcopachiega.com\/besp\/wp-content\/uploads\/sites\/13\/2018\/09\/DSC1387.jpg","type":"image\/jpeg"}],"author":"marcopac","twitter_card":"summary_large_image","twitter_misc":{"Escrito por":"marcopac","Tiempo de lectura":"2 minutos"},"schema":{"@context":"https:\/\/schema.org","@graph":[{"@type":"Article","@id":"https:\/\/marcopachiega.com\/besp\/helen-ceballos\/#article","isPartOf":{"@id":"https:\/\/marcopachiega.com\/besp\/helen-ceballos\/"},"author":{"name":"marcopac","@id":"https:\/\/marcopachiega.com\/besp\/#\/schema\/person\/5800e113375ba5f33499beca73ac3336"},"headline":"Entrevista con Helen Ceballos en el Materic","datePublished":"2018-09-28T16:12:01+00:00","dateModified":"2018-09-29T19:44:09+00:00","mainEntityOfPage":{"@id":"https:\/\/marcopachiega.com\/besp\/helen-ceballos\/"},"wordCount":479,"commentCount":0,"image":{"@id":"https:\/\/marcopachiega.com\/besp\/helen-ceballos\/#primaryimage"},"thumbnailUrl":"https:\/\/marcopachiega.com\/besp\/wp-content\/uploads\/sites\/13\/2018\/09\/DSC1387.jpg","keywords":["Caraibi","Esibizione","Helen ceballos","Immigrazione","materic","trump"],"articleSection":["Eventos, deporte, noticias"],"inLanguage":"es","potentialAction":[{"@type":"CommentAction","name":"Comment","target":["https:\/\/marcopachiega.com\/besp\/helen-ceballos\/#respond"]}]},{"@type":"WebPage","@id":"https:\/\/marcopachiega.com\/besp\/helen-ceballos\/","url":"https:\/\/marcopachiega.com\/besp\/helen-ceballos\/","name":"Entrevista con Helen Ceballos en el Materic - Pachiega&#039;s blog","isPartOf":{"@id":"https:\/\/marcopachiega.com\/besp\/#website"},"primaryImageOfPage":{"@id":"https:\/\/marcopachiega.com\/besp\/helen-ceballos\/#primaryimage"},"image":{"@id":"https:\/\/marcopachiega.com\/besp\/helen-ceballos\/#primaryimage"},"thumbnailUrl":"https:\/\/marcopachiega.com\/besp\/wp-content\/uploads\/sites\/13\/2018\/09\/DSC1387.jpg","datePublished":"2018-09-28T16:12:01+00:00","dateModified":"2018-09-29T19:44:09+00:00","author":{"@id":"https:\/\/marcopachiega.com\/besp\/#\/schema\/person\/5800e113375ba5f33499beca73ac3336"},"description":"Una breve entrevista con Helen Ceballos donde la artista explica los motivos y las causas que la llevaron a elegir el tema de la inmigraci\u00f3n.","breadcrumb":{"@id":"https:\/\/marcopachiega.com\/besp\/helen-ceballos\/#breadcrumb"},"inLanguage":"es","potentialAction":[{"@type":"ReadAction","target":["https:\/\/marcopachiega.com\/besp\/helen-ceballos\/"]}]},{"@type":"ImageObject","inLanguage":"es","@id":"https:\/\/marcopachiega.com\/besp\/helen-ceballos\/#primaryimage","url":"https:\/\/marcopachiega.com\/besp\/wp-content\/uploads\/sites\/13\/2018\/09\/DSC1387.jpg","contentUrl":"https:\/\/marcopachiega.com\/besp\/wp-content\/uploads\/sites\/13\/2018\/09\/DSC1387.jpg","width":798,"height":1200,"caption":"Materic, Helen Ceballos"},{"@type":"BreadcrumbList","@id":"https:\/\/marcopachiega.com\/besp\/helen-ceballos\/#breadcrumb","itemListElement":[{"@type":"ListItem","position":1,"name":"Home","item":"https:\/\/marcopachiega.com\/besp\/"},{"@type":"ListItem","position":2,"name":"Entrevista con Helen Ceballos en el Materic"}]},{"@type":"WebSite","@id":"https:\/\/marcopachiega.com\/besp\/#website","url":"https:\/\/marcopachiega.com\/besp\/","name":"Pachiega&#039;s blog","description":"Observation post","potentialAction":[{"@type":"SearchAction","target":{"@type":"EntryPoint","urlTemplate":"https:\/\/marcopachiega.com\/besp\/?s={search_term_string}"},"query-input":{"@type":"PropertyValueSpecification","valueRequired":true,"valueName":"search_term_string"}}],"inLanguage":"es"},{"@type":"Person","@id":"https:\/\/marcopachiega.com\/besp\/#\/schema\/person\/5800e113375ba5f33499beca73ac3336","name":"marcopac","image":{"@type":"ImageObject","inLanguage":"es","@id":"https:\/\/secure.gravatar.com\/avatar\/f6c773c53a48c8f498fdb1e3aea06bcb45bf414ea7545feb7c90bb02e9b7c999?s=96&d=mm&r=g","url":"https:\/\/secure.gravatar.com\/avatar\/f6c773c53a48c8f498fdb1e3aea06bcb45bf414ea7545feb7c90bb02e9b7c999?s=96&d=mm&r=g","contentUrl":"https:\/\/secure.gravatar.com\/avatar\/f6c773c53a48c8f498fdb1e3aea06bcb45bf414ea7545feb7c90bb02e9b7c999?s=96&d=mm&r=g","caption":"marcopac"},"sameAs":["http:\/\/www.marcopachiega.com","https:\/\/www.instagram.com\/marcopachiega\/","https:\/\/www.linkedin.com\/in\/marco-pachiega-38546b92\/?locale=es_ES","https:\/\/www.youtube.com\/@marcopachiega2999\/featured"],"url":"https:\/\/marcopachiega.com\/besp\/author\/marcopac\/"}]}},"_links":{"self":[{"href":"https:\/\/marcopachiega.com\/besp\/wp-json\/wp\/v2\/posts\/2665","targetHints":{"allow":["GET"]}}],"collection":[{"href":"https:\/\/marcopachiega.com\/besp\/wp-json\/wp\/v2\/posts"}],"about":[{"href":"https:\/\/marcopachiega.com\/besp\/wp-json\/wp\/v2\/types\/post"}],"author":[{"embeddable":true,"href":"https:\/\/marcopachiega.com\/besp\/wp-json\/wp\/v2\/users\/1"}],"replies":[{"embeddable":true,"href":"https:\/\/marcopachiega.com\/besp\/wp-json\/wp\/v2\/comments?post=2665"}],"version-history":[{"count":0,"href":"https:\/\/marcopachiega.com\/besp\/wp-json\/wp\/v2\/posts\/2665\/revisions"}],"wp:featuredmedia":[{"embeddable":true,"href":"https:\/\/marcopachiega.com\/besp\/wp-json\/wp\/v2\/media\/2674"}],"wp:attachment":[{"href":"https:\/\/marcopachiega.com\/besp\/wp-json\/wp\/v2\/media?parent=2665"}],"wp:term":[{"taxonomy":"category","embeddable":true,"href":"https:\/\/marcopachiega.com\/besp\/wp-json\/wp\/v2\/categories?post=2665"},{"taxonomy":"post_tag","embeddable":true,"href":"https:\/\/marcopachiega.com\/besp\/wp-json\/wp\/v2\/tags?post=2665"}],"curies":[{"name":"wp","href":"https:\/\/api.w.org\/{rel}","templated":true}]}}