{"id":2671,"date":"2018-09-28T16:12:01","date_gmt":"2018-09-28T16:12:01","guid":{"rendered":"https:\/\/marcopachiega.com\/blog\/?p=2671"},"modified":"2018-10-01T13:17:02","modified_gmt":"2018-10-01T13:17:02","slug":"inmigracion","status":"publish","type":"post","link":"https:\/\/marcopachiega.com\/besp\/inmigracion\/","title":{"rendered":"Ley de inmigraci\u00f3n de Donald Trump"},"content":{"rendered":"<h1 style=\"text-align: center;\"><strong>Ley de inmigraci\u00f3n de Donald Trump<\/strong><\/h1>\n<h2 style=\"text-align: center;\"><strong>La promesa de no dividir familias y menores no resuelve el problema<\/strong><\/h2>\n<p>La <strong><a href=\"https:\/\/marcopachiega.com\/besp\/?p=2665&amp;preview=true\" target=\"_blank\" rel=\"noopener\">entrevista de Helen Ceballos<\/a><\/strong> me despert\u00f3 la curiosidad sobre la inmigraci\u00f3n en Estados Unidos. <strong><a href=\"https:\/\/marcopachiega.com\/besp\/?p=2663&amp;preview=true\" target=\"_blank\" rel=\"noopener\">Las fotos de su actuaci\u00f3n<\/a> <\/strong>no solo cuentan su experiencia personal, sino que denuncian una legislaci\u00f3n controvertida y dif\u00edcil. Los que pierden, como suele pasar, son los menores de edad.<\/p>\n<h3>Un poco de historia en resumen<\/h3>\n<p>Los Estados Unidos de Am\u00e9rica son una naci\u00f3n de origen colonial lo que gener\u00f3 un enorme flujo migratorio en solo dos siglos de historia. En las \u00faltimos decadas se han promulgado varias leyes para regular la inmigraci\u00f3n ilegal proveniente sobretodo desde el sur de America.<\/p>\n<h4>El caso Flores V. Reno<\/h4>\n<p>En 1997, un acuerdo llamado Flores decret\u00f3 los puntos clave para garantizar a los menores condiciones dignas en los centros de detenci\u00f3n.<\/p>\n<ul>\n<li>comida y agua potable,<\/li>\n<li>asistencia m\u00e9dica en caso de emergencias,<\/li>\n<li>inodoros y lavabos,<\/li>\n<li>adecuado control de temperatura y ventilaci\u00f3n,<\/li>\n<li>supervisi\u00f3n adecuada para proteger a los menores de los dem\u00e1s,<\/li>\n<li>separaci\u00f3n [de ni\u00f1os] de adultos no relacionados cuando sea posible<\/li>\n<\/ul>\n<p>Si est\u00e1s interesado en obtener m\u00e1s informaci\u00f3n, puede leer todo el documento <strong><a href=\"https:\/\/www.aclu.org\/sites\/default\/files\/field_document\/flores_settlement_final_plus_extension_of_settlement011797.pdf\" target=\"_blank\" rel=\"noopener\">The Flores agreement<\/a>.<\/strong><\/p>\n<h4>El ataque de 2001 y el Departamento de Seguridad Nacional (DHS), 2002<\/h4>\n<p>El <strong><a href=\"https:\/\/es.wikipedia.org\/wiki\/Atentados_del_11_de_septiembre_de_2001\" target=\"_blank\" rel=\"noopener\">9 de septiembre 2001 un terrible ataque<\/a><\/strong> al World Trade Center en Nueva York ha decretado el comienzo de nuevas leyes sobre privacidad e inmigraci\u00f3n. En 2002, el Congreso aprob\u00f3 la Ley de Seguridad Nacional (HSA), que cre\u00f3 un nuevo organismo llamado el Departamento de Seguridad Nacional (DHS). Tras el aumento de los flujos migratorios, se requiri\u00f3 un mejor control y coordinaci\u00f3n de las fronteras.<\/p>\n<p>El DHS asigna el control fronterizo, la detenci\u00f3n y la reasignaci\u00f3n a dos entidades diferentes: los Servicios de Ciudadan\u00eda e Inmigraci\u00f3n de los Estados Unidos (ICE) y la Aduana y la Patrulla Fronteriza (CBP) de los Estados Unidos. El control y la detenci\u00f3n de menores no acompa\u00f1ados se asign\u00f3 al Departamento de Salud y Servicios Humanos (DHHS). Se trada de tres instituciones diferentes para una mayor eficiencia debido al aumento de la inmigraci\u00f3n.<\/p>\n<h4>Ley de reautorizaci\u00f3n de la protecci\u00f3n de v\u00edctimas de la trata (TVPRA), 2008<\/h4>\n<p>La reforma mencionada tiene como objetivo proteger y prevenir el tr\u00e1fico inmigrante de menores no acompa\u00f1ados. Poniendo el DHS la responsabilidad de asignar al ni\u00f1o una familia adoptiva y garantizar la protecci\u00f3n gracias a un abogado que se ocupa de los intereses del menor.<\/p>\n<p><img fetchpriority=\"high\" decoding=\"async\" class=\"aligncenter wp-image-2682 size-full\" src=\"https:\/\/marcopachiega.com\/besp\/wp-content\/uploads\/sites\/13\/2018\/09\/DSC_8222.jpg\" alt=\"Materic, inmigraci\u00f3n\" width=\"800\" height=\"1200\" srcset=\"https:\/\/marcopachiega.com\/besp\/wp-content\/uploads\/sites\/13\/2018\/09\/DSC_8222.jpg 800w, https:\/\/marcopachiega.com\/besp\/wp-content\/uploads\/sites\/13\/2018\/09\/DSC_8222-280x420.jpg 280w, https:\/\/marcopachiega.com\/besp\/wp-content\/uploads\/sites\/13\/2018\/09\/DSC_8222-744x1116.jpg 744w\" sizes=\"(max-width: 800px) 100vw, 800px\" \/><\/p>\n<h3>La tolerancia cero de Trump en realidad<\/h3>\n<p>El 45\u00ba presidente de los Estados Unidos ha exacerbado el delito de inmigraci\u00f3n ilegal, para quien ahora est\u00e1 planeada la prisi\u00f3n. \u00bfQu\u00e9 sucede si una familia o un menor irregular es interceptado en la frontera?<\/p>\n<p>En el caso de los ni\u00f1os no acompa\u00f1ados, el TVPRA conserva la custodia a la espera de repatriarlo o entregarlo a las familias de crianza.<\/p>\n<p>En cambio, en la situaci\u00f3n de una familia, los diversos departamentos asignados se ocupan de los adultos, que est\u00e1n encarcelados hasta la conclusi\u00f3n de las investigaciones legales. \u00bfY sus hijos?<\/p>\n<p>Por el contrario la pena de encarcelamiento no es aplicable para menores. El fallo burocr\u00e1tico que se crea no permite que los menores sean adoptados o repatriados como hijos leg\u00edtimos de padres inmigrantes. As\u00ec pues, sigue la permanencia en estructuras inadecuadas y, a menudo, muy similar a las prisiones.<\/p>\n<h3>Marcha atr\u00e1s<\/h3>\n<p>Las fuertes cr\u00edticas e indignaci\u00f3n por las repetidas separaciones forzaron a Trump a retroceder, firmando un decreto para garantizar la unidad familiar.<\/p>\n<p>Sin embargo, los datos no dan ninguna raz\u00f3n para su soluci\u00f3n porque diferentes estad\u00edsticas informan que solo un tercio de los ni\u00f1os vuelve a abrazar a sus padres. \u00bfPor qu\u00e9 motivo?<\/p>\n<p>Los menores no acompa\u00f1ados que cruzan la frontera, huyen de la pobreza y del crimen organizado. Muchos padres, en Guatemala y Honduras por ejemplo, son dif\u00edciles de contactar o se niegan a recibir a sus hijos en casa, con la esperanza de que sean adoptados o confiados a un familiar que resida legalmente en Estados Unidos.<br \/>\nEn el otro caso, los procedimientos para solicitar asilo pol\u00edtico o el simple registro de inmigrantes ilegales requieren per\u00edodos que var\u00edan de semanas a meses. Durante este tiempo, las familias son trasladas a los campamentos. Lamentablemente, a pesar de los esfuerzos declarados,a menudo los centros a menudo carecen de certificaci\u00f3n y toman medidas penitenciarias contra personas que no han cometido ning\u00fan delito.<\/p>\n<h3>Las instalaciones de recepci\u00f3n<\/h3>\n<p>Los centros de Hutto y Shilom han sufrido protestas por no ser estructuras certificadas. Adem\u00e1s de la violencia psicol\u00f3gica, el r\u00e9gimen penitenciario muchas quejas fueron contra la obligaci\u00f3n de tomar drogas psicotr\u00f3picas. Muchos abogados y pedagogos han verificado las condiciones precarias de los centros, donde ni\u00f1os con gritos hist\u00e9ricos o silencios deprimentes contin\u00faan su estad\u00eda por largo tiempo. Todav\u00eda hay muchos menores en este limbo comparable a una prisi\u00f3n donde intereses pol\u00edticos, econ\u00f3micos y legales ralentizan la soluci\u00f3n.<\/p>\n<h3>M\u00e1s detalles:<\/h3>\n<p><strong><a href=\"https:\/\/www.sfbar.org\/forms\/lawyerreferrals\/immigration\/unaccompanied-alien-children-an-overview.pdf\" target=\"_blank\" rel=\"noopener\">Unaccompanied Alien Children: An Overview<\/a><\/strong><\/p>\n<p><strong><a href=\"https:\/\/scholarship.law.marquette.edu\/cgi\/viewcontent.cgi?article=5138&amp;context=mulr\" target=\"_blank\" rel=\"noopener\">Codifying the Flores Settlement Agreement: Seeking to Protect Immigrant Children in U.S. Custody<\/a><\/strong><\/p>\n<p><strong><a href=\"https:\/\/justiceforimmigrants.org\/2016site\/wp-content\/uploads\/2018\/08\/Flores-Agreement-Settlement-1.pdf\" target=\"_blank\" rel=\"noopener\">Frequently Asked Questions on the Flores Agreement Settlement<\/a><\/strong><\/p>\n<p><strong><a href=\"https:\/\/www.aclu.org\/sites\/default\/files\/field_document\/flores_settlement_final_plus_extension_of_settlement011797.pdf\" target=\"_blank\" rel=\"noopener\">flores_settlement_final_plus_extension_of_settlement011797.pdf<\/a><\/strong><\/p>\n<p class=\"page-header__title\"><strong><a href=\"https:\/\/www.whitehouse.gov\/presidential-actions\/affording-congress-opportunity-address-family-separation\/\" target=\"_blank\" rel=\"noopener\">Affording Congress an Opportunity to Address Family Separation<\/a><\/strong><\/p>\n<p><em>Marco Pachiega<\/em><\/p>\n","protected":false},"excerpt":{"rendered":"<p>Ley de inmigraci\u00f3n de Donald Trump La promesa de no dividir familias y menores no resuelve el problema La entrevista de Helen Ceballos me despert\u00f3 la curiosidad sobre la inmigraci\u00f3n en Estados Unidos. Las fotos de su actuaci\u00f3n no solo cuentan su experiencia personal, sino que denuncian una legislaci\u00f3n controvertida y dif\u00edcil. Los que pierden, como suele pasar, son los menores de edad. Un poco de historia en resumen Los Estados Unidos de Am\u00e9rica son una naci\u00f3n de origen colonial lo que gener\u00f3 un enorme flujo migratorio en solo dos siglos de historia. En las \u00faltimos decadas se han promulgado varias leyes para regular la inmigraci\u00f3n ilegal proveniente sobretodo desde&hellip; <a class=\"read-more\" href=\"https:\/\/marcopachiega.com\/besp\/inmigracion\/\">Read More<\/a><\/p>\n","protected":false},"author":1,"featured_media":2682,"comment_status":"open","ping_status":"open","sticky":false,"template":"","format":"standard","meta":{"footnotes":""},"categories":[329],"tags":[378,379,377,376],"class_list":["post-2671","post","type-post","status-publish","format-standard","has-post-thumbnail","hentry","category-eventos-deporte-noticias","tag-donald","tag-homeland-security","tag-inmigracinn","tag-trump"],"yoast_head":"<!-- This site is optimized with the Yoast SEO plugin v27.3 - https:\/\/yoast.com\/product\/yoast-seo-wordpress\/ -->\n<title>Ley de inmigraci\u00f3n de Donald Trump - Pachiega&#039;s blog<\/title>\n<meta name=\"description\" content=\"La entrevista de Helen Ceballos me despert\u00f3 mi curiosidad sobre la inmigraci\u00f3n y la tolerancia zero de los EE. UU. con Donald Trump.\" \/>\n<meta name=\"robots\" content=\"index, follow, max-snippet:-1, max-image-preview:large, max-video-preview:-1\" \/>\n<link rel=\"canonical\" href=\"https:\/\/marcopachiega.com\/besp\/inmigracion\/\" \/>\n<meta property=\"og:locale\" content=\"es_ES\" \/>\n<meta property=\"og:type\" content=\"article\" \/>\n<meta property=\"og:title\" content=\"Ley de inmigraci\u00f3n de Donald Trump - Pachiega&#039;s blog\" \/>\n<meta property=\"og:description\" content=\"La entrevista de Helen Ceballos me despert\u00f3 mi curiosidad sobre la inmigraci\u00f3n y la tolerancia zero de los EE. UU. con Donald Trump.\" \/>\n<meta property=\"og:url\" content=\"https:\/\/marcopachiega.com\/besp\/inmigracion\/\" \/>\n<meta property=\"og:site_name\" content=\"Pachiega&#039;s blog\" \/>\n<meta property=\"article:published_time\" content=\"2018-09-28T16:12:01+00:00\" \/>\n<meta property=\"article:modified_time\" content=\"2018-10-01T13:17:02+00:00\" \/>\n<meta property=\"og:image\" content=\"https:\/\/marcopachiega.com\/besp\/wp-content\/uploads\/sites\/13\/2018\/09\/DSC_8222.jpg\" \/>\n\t<meta property=\"og:image:width\" content=\"800\" \/>\n\t<meta property=\"og:image:height\" content=\"1200\" \/>\n\t<meta property=\"og:image:type\" content=\"image\/jpeg\" \/>\n<meta name=\"author\" content=\"marcopac\" \/>\n<meta name=\"twitter:card\" content=\"summary_large_image\" \/>\n<meta name=\"twitter:label1\" content=\"Escrito por\" \/>\n\t<meta name=\"twitter:data1\" content=\"marcopac\" \/>\n\t<meta name=\"twitter:label2\" content=\"Tiempo de lectura\" \/>\n\t<meta name=\"twitter:data2\" content=\"5 minutos\" \/>\n<script type=\"application\/ld+json\" class=\"yoast-schema-graph\">{\"@context\":\"https:\\\/\\\/schema.org\",\"@graph\":[{\"@type\":\"Article\",\"@id\":\"https:\\\/\\\/marcopachiega.com\\\/besp\\\/inmigracion\\\/#article\",\"isPartOf\":{\"@id\":\"https:\\\/\\\/marcopachiega.com\\\/besp\\\/inmigracion\\\/\"},\"author\":{\"name\":\"marcopac\",\"@id\":\"https:\\\/\\\/marcopachiega.com\\\/besp\\\/#\\\/schema\\\/person\\\/5800e113375ba5f33499beca73ac3336\"},\"headline\":\"Ley de inmigraci\u00f3n de Donald Trump\",\"datePublished\":\"2018-09-28T16:12:01+00:00\",\"dateModified\":\"2018-10-01T13:17:02+00:00\",\"mainEntityOfPage\":{\"@id\":\"https:\\\/\\\/marcopachiega.com\\\/besp\\\/inmigracion\\\/\"},\"wordCount\":924,\"commentCount\":0,\"image\":{\"@id\":\"https:\\\/\\\/marcopachiega.com\\\/besp\\\/inmigracion\\\/#primaryimage\"},\"thumbnailUrl\":\"https:\\\/\\\/marcopachiega.com\\\/besp\\\/wp-content\\\/uploads\\\/sites\\\/13\\\/2018\\\/09\\\/DSC_8222.jpg\",\"keywords\":[\"donald\",\"homeland security\",\"inmigraci\u00f1n\",\"trump\"],\"articleSection\":[\"Eventos, deporte, noticias\"],\"inLanguage\":\"es\",\"potentialAction\":[{\"@type\":\"CommentAction\",\"name\":\"Comment\",\"target\":[\"https:\\\/\\\/marcopachiega.com\\\/besp\\\/inmigracion\\\/#respond\"]}]},{\"@type\":\"WebPage\",\"@id\":\"https:\\\/\\\/marcopachiega.com\\\/besp\\\/inmigracion\\\/\",\"url\":\"https:\\\/\\\/marcopachiega.com\\\/besp\\\/inmigracion\\\/\",\"name\":\"Ley de inmigraci\u00f3n de Donald Trump - Pachiega&#039;s blog\",\"isPartOf\":{\"@id\":\"https:\\\/\\\/marcopachiega.com\\\/besp\\\/#website\"},\"primaryImageOfPage\":{\"@id\":\"https:\\\/\\\/marcopachiega.com\\\/besp\\\/inmigracion\\\/#primaryimage\"},\"image\":{\"@id\":\"https:\\\/\\\/marcopachiega.com\\\/besp\\\/inmigracion\\\/#primaryimage\"},\"thumbnailUrl\":\"https:\\\/\\\/marcopachiega.com\\\/besp\\\/wp-content\\\/uploads\\\/sites\\\/13\\\/2018\\\/09\\\/DSC_8222.jpg\",\"datePublished\":\"2018-09-28T16:12:01+00:00\",\"dateModified\":\"2018-10-01T13:17:02+00:00\",\"author\":{\"@id\":\"https:\\\/\\\/marcopachiega.com\\\/besp\\\/#\\\/schema\\\/person\\\/5800e113375ba5f33499beca73ac3336\"},\"description\":\"La entrevista de Helen Ceballos me despert\u00f3 mi curiosidad sobre la inmigraci\u00f3n y la tolerancia zero de los EE. UU. con Donald Trump.\",\"breadcrumb\":{\"@id\":\"https:\\\/\\\/marcopachiega.com\\\/besp\\\/inmigracion\\\/#breadcrumb\"},\"inLanguage\":\"es\",\"potentialAction\":[{\"@type\":\"ReadAction\",\"target\":[\"https:\\\/\\\/marcopachiega.com\\\/besp\\\/inmigracion\\\/\"]}]},{\"@type\":\"ImageObject\",\"inLanguage\":\"es\",\"@id\":\"https:\\\/\\\/marcopachiega.com\\\/besp\\\/inmigracion\\\/#primaryimage\",\"url\":\"https:\\\/\\\/marcopachiega.com\\\/besp\\\/wp-content\\\/uploads\\\/sites\\\/13\\\/2018\\\/09\\\/DSC_8222.jpg\",\"contentUrl\":\"https:\\\/\\\/marcopachiega.com\\\/besp\\\/wp-content\\\/uploads\\\/sites\\\/13\\\/2018\\\/09\\\/DSC_8222.jpg\",\"width\":800,\"height\":1200,\"caption\":\"Materic, inmigraci\u00f2n\"},{\"@type\":\"BreadcrumbList\",\"@id\":\"https:\\\/\\\/marcopachiega.com\\\/besp\\\/inmigracion\\\/#breadcrumb\",\"itemListElement\":[{\"@type\":\"ListItem\",\"position\":1,\"name\":\"Home\",\"item\":\"https:\\\/\\\/marcopachiega.com\\\/besp\\\/\"},{\"@type\":\"ListItem\",\"position\":2,\"name\":\"Ley de inmigraci\u00f3n de Donald Trump\"}]},{\"@type\":\"WebSite\",\"@id\":\"https:\\\/\\\/marcopachiega.com\\\/besp\\\/#website\",\"url\":\"https:\\\/\\\/marcopachiega.com\\\/besp\\\/\",\"name\":\"Pachiega&#039;s blog\",\"description\":\"Observation post\",\"potentialAction\":[{\"@type\":\"SearchAction\",\"target\":{\"@type\":\"EntryPoint\",\"urlTemplate\":\"https:\\\/\\\/marcopachiega.com\\\/besp\\\/?s={search_term_string}\"},\"query-input\":{\"@type\":\"PropertyValueSpecification\",\"valueRequired\":true,\"valueName\":\"search_term_string\"}}],\"inLanguage\":\"es\"},{\"@type\":\"Person\",\"@id\":\"https:\\\/\\\/marcopachiega.com\\\/besp\\\/#\\\/schema\\\/person\\\/5800e113375ba5f33499beca73ac3336\",\"name\":\"marcopac\",\"image\":{\"@type\":\"ImageObject\",\"inLanguage\":\"es\",\"@id\":\"https:\\\/\\\/secure.gravatar.com\\\/avatar\\\/f6c773c53a48c8f498fdb1e3aea06bcb45bf414ea7545feb7c90bb02e9b7c999?s=96&d=mm&r=g\",\"url\":\"https:\\\/\\\/secure.gravatar.com\\\/avatar\\\/f6c773c53a48c8f498fdb1e3aea06bcb45bf414ea7545feb7c90bb02e9b7c999?s=96&d=mm&r=g\",\"contentUrl\":\"https:\\\/\\\/secure.gravatar.com\\\/avatar\\\/f6c773c53a48c8f498fdb1e3aea06bcb45bf414ea7545feb7c90bb02e9b7c999?s=96&d=mm&r=g\",\"caption\":\"marcopac\"},\"sameAs\":[\"http:\\\/\\\/www.marcopachiega.com\",\"https:\\\/\\\/www.instagram.com\\\/marcopachiega\\\/\",\"https:\\\/\\\/www.linkedin.com\\\/in\\\/marco-pachiega-38546b92\\\/?locale=es_ES\",\"https:\\\/\\\/www.youtube.com\\\/@marcopachiega2999\\\/featured\"],\"url\":\"https:\\\/\\\/marcopachiega.com\\\/besp\\\/author\\\/marcopac\\\/\"}]}<\/script>\n<!-- \/ Yoast SEO plugin. -->","yoast_head_json":{"title":"Ley de inmigraci\u00f3n de Donald Trump - Pachiega&#039;s blog","description":"La entrevista de Helen Ceballos me despert\u00f3 mi curiosidad sobre la inmigraci\u00f3n y la tolerancia zero de los EE. UU. con Donald Trump.","robots":{"index":"index","follow":"follow","max-snippet":"max-snippet:-1","max-image-preview":"max-image-preview:large","max-video-preview":"max-video-preview:-1"},"canonical":"https:\/\/marcopachiega.com\/besp\/inmigracion\/","og_locale":"es_ES","og_type":"article","og_title":"Ley de inmigraci\u00f3n de Donald Trump - Pachiega&#039;s blog","og_description":"La entrevista de Helen Ceballos me despert\u00f3 mi curiosidad sobre la inmigraci\u00f3n y la tolerancia zero de los EE. UU. con Donald Trump.","og_url":"https:\/\/marcopachiega.com\/besp\/inmigracion\/","og_site_name":"Pachiega&#039;s blog","article_published_time":"2018-09-28T16:12:01+00:00","article_modified_time":"2018-10-01T13:17:02+00:00","og_image":[{"width":800,"height":1200,"url":"https:\/\/marcopachiega.com\/besp\/wp-content\/uploads\/sites\/13\/2018\/09\/DSC_8222.jpg","type":"image\/jpeg"}],"author":"marcopac","twitter_card":"summary_large_image","twitter_misc":{"Escrito por":"marcopac","Tiempo de lectura":"5 minutos"},"schema":{"@context":"https:\/\/schema.org","@graph":[{"@type":"Article","@id":"https:\/\/marcopachiega.com\/besp\/inmigracion\/#article","isPartOf":{"@id":"https:\/\/marcopachiega.com\/besp\/inmigracion\/"},"author":{"name":"marcopac","@id":"https:\/\/marcopachiega.com\/besp\/#\/schema\/person\/5800e113375ba5f33499beca73ac3336"},"headline":"Ley de inmigraci\u00f3n de Donald Trump","datePublished":"2018-09-28T16:12:01+00:00","dateModified":"2018-10-01T13:17:02+00:00","mainEntityOfPage":{"@id":"https:\/\/marcopachiega.com\/besp\/inmigracion\/"},"wordCount":924,"commentCount":0,"image":{"@id":"https:\/\/marcopachiega.com\/besp\/inmigracion\/#primaryimage"},"thumbnailUrl":"https:\/\/marcopachiega.com\/besp\/wp-content\/uploads\/sites\/13\/2018\/09\/DSC_8222.jpg","keywords":["donald","homeland security","inmigraci\u00f1n","trump"],"articleSection":["Eventos, deporte, noticias"],"inLanguage":"es","potentialAction":[{"@type":"CommentAction","name":"Comment","target":["https:\/\/marcopachiega.com\/besp\/inmigracion\/#respond"]}]},{"@type":"WebPage","@id":"https:\/\/marcopachiega.com\/besp\/inmigracion\/","url":"https:\/\/marcopachiega.com\/besp\/inmigracion\/","name":"Ley de inmigraci\u00f3n de Donald Trump - Pachiega&#039;s blog","isPartOf":{"@id":"https:\/\/marcopachiega.com\/besp\/#website"},"primaryImageOfPage":{"@id":"https:\/\/marcopachiega.com\/besp\/inmigracion\/#primaryimage"},"image":{"@id":"https:\/\/marcopachiega.com\/besp\/inmigracion\/#primaryimage"},"thumbnailUrl":"https:\/\/marcopachiega.com\/besp\/wp-content\/uploads\/sites\/13\/2018\/09\/DSC_8222.jpg","datePublished":"2018-09-28T16:12:01+00:00","dateModified":"2018-10-01T13:17:02+00:00","author":{"@id":"https:\/\/marcopachiega.com\/besp\/#\/schema\/person\/5800e113375ba5f33499beca73ac3336"},"description":"La entrevista de Helen Ceballos me despert\u00f3 mi curiosidad sobre la inmigraci\u00f3n y la tolerancia zero de los EE. UU. con Donald Trump.","breadcrumb":{"@id":"https:\/\/marcopachiega.com\/besp\/inmigracion\/#breadcrumb"},"inLanguage":"es","potentialAction":[{"@type":"ReadAction","target":["https:\/\/marcopachiega.com\/besp\/inmigracion\/"]}]},{"@type":"ImageObject","inLanguage":"es","@id":"https:\/\/marcopachiega.com\/besp\/inmigracion\/#primaryimage","url":"https:\/\/marcopachiega.com\/besp\/wp-content\/uploads\/sites\/13\/2018\/09\/DSC_8222.jpg","contentUrl":"https:\/\/marcopachiega.com\/besp\/wp-content\/uploads\/sites\/13\/2018\/09\/DSC_8222.jpg","width":800,"height":1200,"caption":"Materic, inmigraci\u00f2n"},{"@type":"BreadcrumbList","@id":"https:\/\/marcopachiega.com\/besp\/inmigracion\/#breadcrumb","itemListElement":[{"@type":"ListItem","position":1,"name":"Home","item":"https:\/\/marcopachiega.com\/besp\/"},{"@type":"ListItem","position":2,"name":"Ley de inmigraci\u00f3n de Donald Trump"}]},{"@type":"WebSite","@id":"https:\/\/marcopachiega.com\/besp\/#website","url":"https:\/\/marcopachiega.com\/besp\/","name":"Pachiega&#039;s blog","description":"Observation post","potentialAction":[{"@type":"SearchAction","target":{"@type":"EntryPoint","urlTemplate":"https:\/\/marcopachiega.com\/besp\/?s={search_term_string}"},"query-input":{"@type":"PropertyValueSpecification","valueRequired":true,"valueName":"search_term_string"}}],"inLanguage":"es"},{"@type":"Person","@id":"https:\/\/marcopachiega.com\/besp\/#\/schema\/person\/5800e113375ba5f33499beca73ac3336","name":"marcopac","image":{"@type":"ImageObject","inLanguage":"es","@id":"https:\/\/secure.gravatar.com\/avatar\/f6c773c53a48c8f498fdb1e3aea06bcb45bf414ea7545feb7c90bb02e9b7c999?s=96&d=mm&r=g","url":"https:\/\/secure.gravatar.com\/avatar\/f6c773c53a48c8f498fdb1e3aea06bcb45bf414ea7545feb7c90bb02e9b7c999?s=96&d=mm&r=g","contentUrl":"https:\/\/secure.gravatar.com\/avatar\/f6c773c53a48c8f498fdb1e3aea06bcb45bf414ea7545feb7c90bb02e9b7c999?s=96&d=mm&r=g","caption":"marcopac"},"sameAs":["http:\/\/www.marcopachiega.com","https:\/\/www.instagram.com\/marcopachiega\/","https:\/\/www.linkedin.com\/in\/marco-pachiega-38546b92\/?locale=es_ES","https:\/\/www.youtube.com\/@marcopachiega2999\/featured"],"url":"https:\/\/marcopachiega.com\/besp\/author\/marcopac\/"}]}},"_links":{"self":[{"href":"https:\/\/marcopachiega.com\/besp\/wp-json\/wp\/v2\/posts\/2671","targetHints":{"allow":["GET"]}}],"collection":[{"href":"https:\/\/marcopachiega.com\/besp\/wp-json\/wp\/v2\/posts"}],"about":[{"href":"https:\/\/marcopachiega.com\/besp\/wp-json\/wp\/v2\/types\/post"}],"author":[{"embeddable":true,"href":"https:\/\/marcopachiega.com\/besp\/wp-json\/wp\/v2\/users\/1"}],"replies":[{"embeddable":true,"href":"https:\/\/marcopachiega.com\/besp\/wp-json\/wp\/v2\/comments?post=2671"}],"version-history":[{"count":0,"href":"https:\/\/marcopachiega.com\/besp\/wp-json\/wp\/v2\/posts\/2671\/revisions"}],"wp:featuredmedia":[{"embeddable":true,"href":"https:\/\/marcopachiega.com\/besp\/wp-json\/wp\/v2\/media\/2682"}],"wp:attachment":[{"href":"https:\/\/marcopachiega.com\/besp\/wp-json\/wp\/v2\/media?parent=2671"}],"wp:term":[{"taxonomy":"category","embeddable":true,"href":"https:\/\/marcopachiega.com\/besp\/wp-json\/wp\/v2\/categories?post=2671"},{"taxonomy":"post_tag","embeddable":true,"href":"https:\/\/marcopachiega.com\/besp\/wp-json\/wp\/v2\/tags?post=2671"}],"curies":[{"name":"wp","href":"https:\/\/api.w.org\/{rel}","templated":true}]}}