{"id":2807,"date":"2018-12-03T14:09:28","date_gmt":"2018-12-03T14:09:28","guid":{"rendered":"https:\/\/marcopachiega.com\/blog\/?p=2807"},"modified":"2019-05-03T14:14:35","modified_gmt":"2019-05-03T14:14:35","slug":"il-dolmen-de-la-pedra-gentil-di-vallgorguina","status":"publish","type":"post","link":"https:\/\/marcopachiega.com\/besp\/il-dolmen-de-la-pedra-gentil-di-vallgorguina\/","title":{"rendered":"El Dolmen de la Pedra Gentil de Vallgorguina"},"content":{"rendered":"<h1 style=\"text-align: center;\">El Dolmen de la Pedra Gentil de Vallgorguina<\/h1>\n<h2 style=\"text-align: center;\">Una estructura megal\u00edtica de 5000 a\u00f1os cerca de Barcelona.<\/h2>\n<p>Catalu\u00f1a no solo es famosa por sus costas soleadas, su comida o su capital, Barcelona. En esta regi\u00f3n se esconden antiguas estructuras que se remontan mucho antes del Imperio Romano.<\/p>\n<p><img fetchpriority=\"high\" decoding=\"async\" class=\"aligncenter wp-image-2813 size-full\" src=\"https:\/\/marcopachiega.com\/besp\/wp-content\/uploads\/sites\/13\/2018\/12\/DSC2790.jpg\" alt=\"El Dolmen de la Pedra Gentil de Vallgorguina\" width=\"1200\" height=\"798\" srcset=\"https:\/\/marcopachiega.com\/besp\/wp-content\/uploads\/sites\/13\/2018\/12\/DSC2790.jpg 1200w, https:\/\/marcopachiega.com\/besp\/wp-content\/uploads\/sites\/13\/2018\/12\/DSC2790-420x279.jpg 420w, https:\/\/marcopachiega.com\/besp\/wp-content\/uploads\/sites\/13\/2018\/12\/DSC2790-744x495.jpg 744w\" sizes=\"(max-width: 1200px) 100vw, 1200px\" \/><\/p>\n<p>En mi ultimo articulo he descubierto un peque\u00f1o <strong><a href=\"https:\/\/marcopachiega.com\/besp\/los-murales-de-cacciano\/\" target=\"_blank\" rel=\"noopener noreferrer\">pueblo en Italia lleno de murales<\/a>.<\/strong> Hoy vamos an otro sitio muy interesante.<\/p>\n<h3>San Celoni<\/h3>\n<p>Tomando el tren R-2 desde Barcelona, se llega a <strong><a href=\"http:\/\/www.santceloni.cat\/6932\" target=\"_blank\" rel=\"noopener noreferrer\">San Celoni<\/a><\/strong>, un municipio espa\u00f1ol de poco m\u00e1s de 16,000 miembros de la Comarca del Vall\u00e8s Oriental. Bajando del tren me encuentro frente a la estaci\u00f3n, la parada de autob\u00fas que me llevar\u00e1 dentro del parque de\u00a0<strong><a href=\"https:\/\/es.wikipedia.org\/wiki\/Parque_del_Montnegre_i_el_Corredor\" target=\"_blank\" rel=\"noopener noreferrer\">Montnegre i Corredor<\/a><\/strong>. Y es precisamente aqu\u00ed donde comienza mi peque\u00f1a excursi\u00f3n en busca del Dolmen de la Pedra Gentil.<\/p>\n<p>Es la tarde y aproximadamente en una hora llego al lugar designado. Durante la ruta, la se\u00f1alizaci\u00f3n indica claramente qu\u00e9 direcci\u00f3n tomar para admirar el dolmen formado por 7 megalitos verticales que sostienen uno mucho m\u00e1s grande sobre ellos.<\/p>\n<h3><strong>El dolmen<\/strong><\/h3>\n<p>Las fotos que se encuentran en Internet pueden dar err\u00f3neamente la idea que sea una construcci\u00f2n muy grande, sin embargo resulta m\u00e1s peque\u00f1o. A pesar de su altura, que alcanza unos 1,5 metros, el Dolmen de la Pedra Gentil muestra una impresionante solidez y un poco de miedo a acercarse. \u00bfSer\u00e1 para romper? Obviamente no. Cuando lo toco, las piedras de granito son fuertes y austeras. El lugar en s\u00ed mismo emana un sentido de religiosidad y ocultismo, \u00a1Quiz\u00e0s me influyeron las lecturas encontradas en la web!<\/p>\n<p>Se dice que era un lugar de culto de brujas y ritos sat\u00e1nicos. Incluso hoy en d\u00eda es visitado por ocultistas y amantes del esoterismo. La estructura megal\u00edtica est\u00e1 fechada entre 3500 &#8211; 2000 a. C.<\/p>\n<p>Como siempre, me encanta hacer las cosas con calma. Me siento y me relajo con un bocadillo previamente preparado. Alrededor de la estructura se extiende un bosque de pinos mezclado con otros arbustos. Dado el terreno rocoso las ra\u00edces de los pinos, que rodean al Dolmen, emergen del suelo dando la impresi\u00f3n de ser tent\u00e1culos largos y siniestros.<\/p>\n<p>Despu\u00e9s de la comida me preparo para tomar algunas fotos de este lugar solitario. El silencio es roto solo por el viento que silba entre las hojas de los \u00e1rboles. El sol se pone con su trayectoria invernal, en pocas horas estar\u00e1 oscuro. Las sombras que se extienden y la calma del lugar me hacen sentir una siniestra melancol\u00eda. Termino la visita con las \u00faltimas fotograf\u00edas para dirigir otro lugar de inter\u00e9s religioso.<\/p>\n<h3><strong>Santa Eul\u00e0lia de Tapioles<\/strong><\/h3>\n<p>Justo al lado del Dolmen se alza la antigua iglesia de <strong><a href=\"https:\/\/ca.wikipedia.org\/wiki\/Santa_Eul%C3%A0lia_de_Tapioles\" target=\"_blank\" rel=\"noopener noreferrer\">Santa Eul\u00e0lia de Tapioles<\/a><\/strong>, patrimonio arquitect\u00f3nico de Catalu\u00f1a. La iglesia de estilo rom\u00e1nico, a pesar de algunas reformas barrocas, est\u00e1 fechada en 878 dC. Fue construido como celda mon\u00e1stica que comprende un cementerio y una casa. Aparte del vandalismo habitual, solo se puede admirar el edificio desde el exterior, ya que algunas paredes no son seguras.<\/p>\n<p><img decoding=\"async\" class=\"aligncenter wp-image-2819 size-full lazyload\" data-src=\"https:\/\/marcopachiega.com\/blog\/wp-content\/uploads\/sites\/9\/2018\/12\/DSC2889.jpg\" alt=\"El Dolmen de la Pedra Gentil de Vallgorguina\" width=\"1200\" height=\"798\" src=\"data:image\/svg+xml;base64,PHN2ZyB3aWR0aD0iMSIgaGVpZ2h0PSIxIiB4bWxucz0iaHR0cDovL3d3dy53My5vcmcvMjAwMC9zdmciPjwvc3ZnPg==\" style=\"--smush-placeholder-width: 1200px; --smush-placeholder-aspect-ratio: 1200\/798;\" \/><\/p>\n<p>Encontrar dos estructuras religiosas de creencias opuestas, no muy distantes entre s\u00ed, me hace pensar que este ha sido siempre un lugar de culto desde la antig\u00fcedad. Hoy en d\u00eda es solo un destino para los curiosos y amantes del trekking, pero \u00e0un solo por un momento, se puede apreciar un ambiente en parte inquietante que despierta respeto.<\/p>\n<p>El tiempo pasa y la luz cada vez m\u00e1s debil me advierte que es hora de volver. Llego a San Celoni en autob\u00fas y una ligera lluvia me acompa\u00f1a mientras espero el tren para la ca\u00f3tica Barcelona.<\/p>\n<p>Quieres leer m\u00e0s? Descubre mi lista de articul\u00f2s en<strong> <a href=\"https:\/\/marcopachiega.com\/besp\/viajes-y-otras-historias\/\" target=\"_blank\" rel=\"noopener noreferrer\">Viajes o otras historias<\/a>.\u00a0<\/strong><\/p>\n<p>&nbsp;<\/p>\n<p style=\"text-align: center;\">\n<div class=\"gdgallery-gallery-container\" id=\"gdgallery-container-7\" data-id=\"7\">\n    \n<div id=\"gdgallery_container_7\" style=\"display:none;\" data-view=\"justified\">\n            <a href=\"\" target=\"_blank\">\n            <img decoding=\"async\" alt=\"\"\n                 data-type=\"image\"\n                 data-src=\"https:\/\/marcopachiega.com\/besp\/wp-content\/uploads\/sites\/13\/2018\/12\/DSC3057.jpg\"\n                 data-image=\"https:\/\/marcopachiega.com\/besp\/wp-content\/uploads\/sites\/13\/2018\/12\/DSC3057.jpg\"\n                 data-description=\"\"\n                                 style=\"--smush-placeholder-width: 1200px; --smush-placeholder-aspect-ratio: 1200\/798;display:block\" src=\"data:image\/svg+xml;base64,PHN2ZyB3aWR0aD0iMSIgaGVpZ2h0PSIxIiB4bWxucz0iaHR0cDovL3d3dy53My5vcmcvMjAwMC9zdmciPjwvc3ZnPg==\" class=\"lazyload\">\n        <\/a>\n            <a href=\"\" target=\"_blank\">\n            <img decoding=\"async\" alt=\"\"\n                 data-type=\"image\"\n                 data-src=\"https:\/\/marcopachiega.com\/besp\/wp-content\/uploads\/sites\/13\/2018\/12\/DSC3039.jpg\"\n                 data-image=\"https:\/\/marcopachiega.com\/besp\/wp-content\/uploads\/sites\/13\/2018\/12\/DSC3039.jpg\"\n                 data-description=\"\"\n                                 style=\"--smush-placeholder-width: 1200px; --smush-placeholder-aspect-ratio: 1200\/798;display:block\" src=\"data:image\/svg+xml;base64,PHN2ZyB3aWR0aD0iMSIgaGVpZ2h0PSIxIiB4bWxucz0iaHR0cDovL3d3dy53My5vcmcvMjAwMC9zdmciPjwvc3ZnPg==\" class=\"lazyload\">\n        <\/a>\n            <a href=\"\" target=\"_blank\">\n            <img decoding=\"async\" alt=\"\"\n                 data-type=\"image\"\n                 data-src=\"https:\/\/marcopachiega.com\/besp\/wp-content\/uploads\/sites\/13\/2018\/12\/DSC3034.jpg\"\n                 data-image=\"https:\/\/marcopachiega.com\/besp\/wp-content\/uploads\/sites\/13\/2018\/12\/DSC3034.jpg\"\n                 data-description=\"\"\n                                 style=\"--smush-placeholder-width: 1200px; --smush-placeholder-aspect-ratio: 1200\/798;display:block\" src=\"data:image\/svg+xml;base64,PHN2ZyB3aWR0aD0iMSIgaGVpZ2h0PSIxIiB4bWxucz0iaHR0cDovL3d3dy53My5vcmcvMjAwMC9zdmciPjwvc3ZnPg==\" class=\"lazyload\">\n        <\/a>\n            <a href=\"\" target=\"_blank\">\n            <img decoding=\"async\" alt=\"\"\n                 data-type=\"image\"\n                 data-src=\"https:\/\/marcopachiega.com\/besp\/wp-content\/uploads\/sites\/13\/2018\/12\/DSC3033.jpg\"\n                 data-image=\"https:\/\/marcopachiega.com\/besp\/wp-content\/uploads\/sites\/13\/2018\/12\/DSC3033.jpg\"\n                 data-description=\"\"\n                                 style=\"--smush-placeholder-width: 798px; --smush-placeholder-aspect-ratio: 798\/1200;display:block\" src=\"data:image\/svg+xml;base64,PHN2ZyB3aWR0aD0iMSIgaGVpZ2h0PSIxIiB4bWxucz0iaHR0cDovL3d3dy53My5vcmcvMjAwMC9zdmciPjwvc3ZnPg==\" class=\"lazyload\">\n        <\/a>\n            <a href=\"\" target=\"_blank\">\n            <img decoding=\"async\" alt=\"\"\n                 data-type=\"image\"\n                 data-src=\"https:\/\/marcopachiega.com\/besp\/wp-content\/uploads\/sites\/13\/2018\/12\/DSC2956.jpg\"\n                 data-image=\"https:\/\/marcopachiega.com\/besp\/wp-content\/uploads\/sites\/13\/2018\/12\/DSC2956.jpg\"\n                 data-description=\"\"\n                                 style=\"--smush-placeholder-width: 798px; --smush-placeholder-aspect-ratio: 798\/1200;display:block\" src=\"data:image\/svg+xml;base64,PHN2ZyB3aWR0aD0iMSIgaGVpZ2h0PSIxIiB4bWxucz0iaHR0cDovL3d3dy53My5vcmcvMjAwMC9zdmciPjwvc3ZnPg==\" class=\"lazyload\">\n        <\/a>\n            <a href=\"\" target=\"_blank\">\n            <img decoding=\"async\" alt=\"\"\n                 data-type=\"image\"\n                 data-src=\"https:\/\/marcopachiega.com\/besp\/wp-content\/uploads\/sites\/13\/2018\/12\/DSC2901.jpg\"\n                 data-image=\"https:\/\/marcopachiega.com\/besp\/wp-content\/uploads\/sites\/13\/2018\/12\/DSC2901.jpg\"\n                 data-description=\"\"\n                                 style=\"--smush-placeholder-width: 798px; --smush-placeholder-aspect-ratio: 798\/1200;display:block\" src=\"data:image\/svg+xml;base64,PHN2ZyB3aWR0aD0iMSIgaGVpZ2h0PSIxIiB4bWxucz0iaHR0cDovL3d3dy53My5vcmcvMjAwMC9zdmciPjwvc3ZnPg==\" class=\"lazyload\">\n        <\/a>\n            <a href=\"\" target=\"_blank\">\n            <img decoding=\"async\" alt=\"\"\n                 data-type=\"image\"\n                 data-src=\"https:\/\/marcopachiega.com\/besp\/wp-content\/uploads\/sites\/13\/2018\/12\/DSC2889.jpg\"\n                 data-image=\"https:\/\/marcopachiega.com\/besp\/wp-content\/uploads\/sites\/13\/2018\/12\/DSC2889.jpg\"\n                 data-description=\"\"\n                                 style=\"--smush-placeholder-width: 1200px; --smush-placeholder-aspect-ratio: 1200\/798;display:block\" src=\"data:image\/svg+xml;base64,PHN2ZyB3aWR0aD0iMSIgaGVpZ2h0PSIxIiB4bWxucz0iaHR0cDovL3d3dy53My5vcmcvMjAwMC9zdmciPjwvc3ZnPg==\" class=\"lazyload\">\n        <\/a>\n            <a href=\"\" target=\"_blank\">\n            <img decoding=\"async\" alt=\"\"\n                 data-type=\"image\"\n                 data-src=\"https:\/\/marcopachiega.com\/besp\/wp-content\/uploads\/sites\/13\/2018\/12\/DSC2878.jpg\"\n                 data-image=\"https:\/\/marcopachiega.com\/besp\/wp-content\/uploads\/sites\/13\/2018\/12\/DSC2878.jpg\"\n                 data-description=\"\"\n                                 style=\"--smush-placeholder-width: 798px; --smush-placeholder-aspect-ratio: 798\/1200;display:block\" src=\"data:image\/svg+xml;base64,PHN2ZyB3aWR0aD0iMSIgaGVpZ2h0PSIxIiB4bWxucz0iaHR0cDovL3d3dy53My5vcmcvMjAwMC9zdmciPjwvc3ZnPg==\" class=\"lazyload\">\n        <\/a>\n            <a href=\"\" target=\"_blank\">\n            <img decoding=\"async\" alt=\"\"\n                 data-type=\"image\"\n                 data-src=\"https:\/\/marcopachiega.com\/besp\/wp-content\/uploads\/sites\/13\/2018\/12\/DSC2808-Edit_09-Edit_10-Edit_11-Edit_12-Edit_13-Edit_tonemapped.jpg\"\n                 data-image=\"https:\/\/marcopachiega.com\/besp\/wp-content\/uploads\/sites\/13\/2018\/12\/DSC2808-Edit_09-Edit_10-Edit_11-Edit_12-Edit_13-Edit_tonemapped.jpg\"\n                 data-description=\"\"\n                                 style=\"--smush-placeholder-width: 1200px; --smush-placeholder-aspect-ratio: 1200\/792;display:block\" src=\"data:image\/svg+xml;base64,PHN2ZyB3aWR0aD0iMSIgaGVpZ2h0PSIxIiB4bWxucz0iaHR0cDovL3d3dy53My5vcmcvMjAwMC9zdmciPjwvc3ZnPg==\" class=\"lazyload\">\n        <\/a>\n            <a href=\"\" target=\"_blank\">\n            <img decoding=\"async\" alt=\"\"\n                 data-type=\"image\"\n                 data-src=\"https:\/\/marcopachiega.com\/besp\/wp-content\/uploads\/sites\/13\/2018\/12\/DSC2790.jpg\"\n                 data-image=\"https:\/\/marcopachiega.com\/besp\/wp-content\/uploads\/sites\/13\/2018\/12\/DSC2790.jpg\"\n                 data-description=\"\"\n                                 style=\"--smush-placeholder-width: 1200px; --smush-placeholder-aspect-ratio: 1200\/798;display:block\" src=\"data:image\/svg+xml;base64,PHN2ZyB3aWR0aD0iMSIgaGVpZ2h0PSIxIiB4bWxucz0iaHR0cDovL3d3dy53My5vcmcvMjAwMC9zdmciPjwvc3ZnPg==\" class=\"lazyload\">\n        <\/a>\n            <a href=\"\" target=\"_blank\">\n            <img decoding=\"async\" alt=\"\"\n                 data-type=\"image\"\n                 data-src=\"https:\/\/marcopachiega.com\/besp\/wp-content\/uploads\/sites\/13\/2018\/12\/DSC2786.jpg\"\n                 data-image=\"https:\/\/marcopachiega.com\/besp\/wp-content\/uploads\/sites\/13\/2018\/12\/DSC2786.jpg\"\n                 data-description=\"\"\n                                 style=\"--smush-placeholder-width: 798px; --smush-placeholder-aspect-ratio: 798\/1200;display:block\" src=\"data:image\/svg+xml;base64,PHN2ZyB3aWR0aD0iMSIgaGVpZ2h0PSIxIiB4bWxucz0iaHR0cDovL3d3dy53My5vcmcvMjAwMC9zdmciPjwvc3ZnPg==\" class=\"lazyload\">\n        <\/a>\n            <a href=\"\" target=\"_blank\">\n            <img decoding=\"async\" alt=\"\"\n                 data-type=\"image\"\n                 data-src=\"https:\/\/marcopachiega.com\/besp\/wp-content\/uploads\/sites\/13\/2018\/12\/DSC2780.jpg\"\n                 data-image=\"https:\/\/marcopachiega.com\/besp\/wp-content\/uploads\/sites\/13\/2018\/12\/DSC2780.jpg\"\n                 data-description=\"\"\n                                 style=\"--smush-placeholder-width: 1200px; --smush-placeholder-aspect-ratio: 1200\/798;display:block\" src=\"data:image\/svg+xml;base64,PHN2ZyB3aWR0aD0iMSIgaGVpZ2h0PSIxIiB4bWxucz0iaHR0cDovL3d3dy53My5vcmcvMjAwMC9zdmciPjwvc3ZnPg==\" class=\"lazyload\">\n        <\/a>\n            <a href=\"\" target=\"_blank\">\n            <img decoding=\"async\" alt=\"\"\n                 data-type=\"image\"\n                 data-src=\"https:\/\/marcopachiega.com\/besp\/wp-content\/uploads\/sites\/13\/2018\/12\/DSC2776.jpg\"\n                 data-image=\"https:\/\/marcopachiega.com\/besp\/wp-content\/uploads\/sites\/13\/2018\/12\/DSC2776.jpg\"\n                 data-description=\"\"\n                                 style=\"--smush-placeholder-width: 1200px; --smush-placeholder-aspect-ratio: 1200\/798;display:block\" src=\"data:image\/svg+xml;base64,PHN2ZyB3aWR0aD0iMSIgaGVpZ2h0PSIxIiB4bWxucz0iaHR0cDovL3d3dy53My5vcmcvMjAwMC9zdmciPjwvc3ZnPg==\" class=\"lazyload\">\n        <\/a>\n    <\/div>\n\n\n\n<script type=\"text\/javascript\">\n\n\n    (function() {\n        var runMyCode = function() {\n            jQuery(document).ready(function () {\n                var container = jQuery(\"#gdgallery_container_7\");\n                container.unitegallery({\"gallery_theme\":\"justified\",\"tiles_type\":\"justified\",\"tiles_justified_space_between\":10,\"tile_enable_textpanel\":true,\"tile_textpanel_always_on\":true,\"tile_textpanel_title_text_align\":\"center\",\"tile_textpanel_title_font_size\":\"16\",\"tile_textpanel_title_color\":\"#FFFFFF\",\"tile_textpanel_bg_color\":\"#333333\",\"tile_textpanel_bg_opacity\":0.7,\"tile_enable_border\":true,\"tile_border_width\":\"0\",\"tile_border_color\":\"#333333\",\"tile_border_radius\":\"0\",\"tile_enable_overlay\":true,\"tile_enable_image_effect\":true,\"tile_image_effect_type\":\"blur\",\"tile_image_effect_reverse\":true,\"tile_enable_shadow\":false,\"tile_as_link\":false,\"tile_enable_icons\":true,\"tile_show_link_icon\":true,\"tile_textpanel_appear_type\":\"slide\",\"tile_textpanel_position\":\"inside_bottom\",\"tile_link_newpage\":true,\"lightbox_type\":\"wide\",\"lightbox_arrows_offset\":0,\"lightbox_overlay_color\":\"#000000\",\"lightbox_overlay_opacity\":1,\"lightbox_top_panel_opacity\":1,\"lightbox_show_numbers\":true,\"lightbox_numbers_size\":\"15\",\"lightbox_numbers_color\":\"#FFFFFF\",\"lightbox_slider_image_border_width\":\"0\",\"lightbox_slider_image_border_color\":\"#FFFFFF\",\"lightbox_slider_image_border_radius\":0,\"lightbox_slider_image_shadow\":true,\"lightbox_slider_control_swipe\":true,\"lightbox_slider_control_zoom\":true,\"lightbox_slider_image_border\":true,\"lightbox_show_textpanel\":true,\"lightbox_textpanel_enable_title\":true,\"lightbox_textpanel_enable_description\":false,\"lightbox_textpanel_padding_top\":5,\"lightbox_textpanel_padding_bottom\":5,\"lightbox_textpanel_padding_right\":5,\"lightbox_textpanel_padding_left\":5,\"lightbox_textpanel_title_color\":\"#FFFFFF\",\"lightbox_textpanel_title_text_align\":\"center\",\"lightbox_textpanel_title_font_size\":\"16\",\"lightbox_textpanel_desc_color\":\"#FFFFFF\",\"lightbox_textpanel_desc_text_align\":\"center\",\"lightbox_textpanel_desc_font_size\":\"14\"});\n            });\n        };\n        var timer = function() {\n            if (window.jQuery) {runMyCode(window.jQuery);}\n            else {window.setTimeout(timer, 100);}\n        };\n        timer();\n    })();\n<\/script><style>\n#gdgallery-container-7 {\n   text-align: center}\n\n.gdgallery-pagination-7{\ntext-align: center !important;\n}\n\n.gdgallery-pagination-7 a{\n    font-size: 15px !important;\n    padding: 8px 13px !important;\n    margin: 3px !important;\n    border: 1px solid #333333 !important;\n    border-radius: 0px !important;\n    color: #333333 !important;\n    background-color: #FFFFFF !important;\n    font-family: monospace !important;\n}\n\n.gdgallery-pagination-7 a:hover, .gdgallery-pagination-7 a.gdgallery-pagination-icon-active{\n    color: #FFFFFF !important;\n    background-color: #333333 !important;\n    border-color: #333333 !important;\n}\n\n#gdgallery-container-7 .gdgallery_load_more_space{\n    margin-top: 20px !important;\n    text-align: center !important;\n}\n\n#gdgallery-container-7 .gdgallery_load_more_space button{\n                      padding: 8px 13px !important;\n    font-size: 15px !important;\n    background-color: #333333 !important;\n    color: #FFFFFF !important;\n    border:1px solid #333333 !important;\n                      border-radius: 0px !important;\n                      font-family: monospace !important;\n                  }\n#gdgallery-container-7 .gdgallery_load_more_space button:hover{\n                      background-color: #FFFFFF !important;\n                      color: #333333 !important;\n                      border-color: #333333 !important;\n                  }\n\n#gdgallery-container-7 .gdgallery_load_more_space button,\n#gdgallery-container-7 .gdgallery_load_more_space button:hover,\n#gdgallery-container-7 .gdgallery_load_more_space button:active,\n#gdgallery-container-7 .gdgallery_load_more_space button:focus{\n    outline: none !important;\n}\n\n\n#gdgallery-container-7 .gdgallery_loading li{\n                      border: 3px solid #333333 !important;\n                  }\n\n.ug-lightbox .ug-lightbox-top-panel-overlay{\n    background-color: #000000 !important;\n}\n\n\n                  #gdgallery_container_7{}\n<\/style>\n\n\n\n<\/div>\n\n\n\n\n\n<\/p>\n<p><em>Marco Pachiega<\/em><\/p>\n<p>&nbsp;<\/p>\n<p>&nbsp;<\/p>\n<p>&nbsp;<\/p>\n<p>&nbsp;<\/p>\n","protected":false},"excerpt":{"rendered":"<p>El Dolmen de la Pedra Gentil de Vallgorguina Una estructura megal\u00edtica de 5000 a\u00f1os cerca de Barcelona. Catalu\u00f1a no solo es famosa por sus costas soleadas, su comida o su capital, Barcelona. En esta regi\u00f3n se esconden antiguas estructuras que se remontan mucho antes del Imperio Romano. En mi ultimo articulo he descubierto un peque\u00f1o pueblo en Italia lleno de murales. Hoy vamos an otro sitio muy interesante. San Celoni Tomando el tren R-2 desde Barcelona, se llega a San Celoni, un municipio espa\u00f1ol de poco m\u00e1s de 16,000 miembros de la Comarca del Vall\u00e8s Oriental. Bajando del tren me encuentro frente a la estaci\u00f3n, la parada de autob\u00fas que&hellip; <a class=\"read-more\" href=\"https:\/\/marcopachiega.com\/besp\/il-dolmen-de-la-pedra-gentil-di-vallgorguina\/\">Read More<\/a><\/p>\n","protected":false},"author":1,"featured_media":2814,"comment_status":"open","ping_status":"open","sticky":false,"template":"","format":"standard","meta":{"footnotes":""},"categories":[328],"tags":[380,246,134,182,381,359,7,382,383,201,153,187,188],"class_list":["post-2807","post","type-post","status-publish","format-standard","has-post-thumbnail","hentry","category-escapadas-viajes-y-otras-historias","tag-architettura","tag-catalogna","tag-catalunya","tag-curiosita","tag-dolmen","tag-escursioni","tag-fotografia","tag-natura","tag-san-celoni","tag-spagna","tag-trekking","tag-turismo","tag-viaggi"],"yoast_head":"<!-- This site is optimized with the Yoast SEO plugin v27.3 - https:\/\/yoast.com\/product\/yoast-seo-wordpress\/ -->\n<title>El Dolmen de la Pedra Gentil de Vallgorguina - Pachiega&#039;s blog<\/title>\n<meta name=\"description\" content=\"Una breve escursione alla ricerca di una struttura megalitica di 5000 anni. Dove si trova il Dolmen de la Pedra Gentil di Vallgorguina?\" \/>\n<meta name=\"robots\" content=\"index, follow, max-snippet:-1, max-image-preview:large, max-video-preview:-1\" \/>\n<link rel=\"canonical\" href=\"https:\/\/marcopachiega.com\/besp\/il-dolmen-de-la-pedra-gentil-di-vallgorguina\/\" \/>\n<meta property=\"og:locale\" content=\"es_ES\" \/>\n<meta property=\"og:type\" content=\"article\" \/>\n<meta property=\"og:title\" content=\"El Dolmen de la Pedra Gentil de Vallgorguina - Pachiega&#039;s blog\" \/>\n<meta property=\"og:description\" content=\"Una breve escursione alla ricerca di una struttura megalitica di 5000 anni. Dove si trova il Dolmen de la Pedra Gentil di Vallgorguina?\" \/>\n<meta property=\"og:url\" content=\"https:\/\/marcopachiega.com\/besp\/il-dolmen-de-la-pedra-gentil-di-vallgorguina\/\" \/>\n<meta property=\"og:site_name\" content=\"Pachiega&#039;s blog\" \/>\n<meta property=\"article:published_time\" content=\"2018-12-03T14:09:28+00:00\" \/>\n<meta property=\"article:modified_time\" content=\"2019-05-03T14:14:35+00:00\" \/>\n<meta property=\"og:image\" content=\"https:\/\/marcopachiega.com\/besp\/wp-content\/uploads\/sites\/13\/2018\/12\/DSC2808-Edit_09-Edit_10-Edit_11-Edit_12-Edit_13-Edit_tonemapped.jpg\" \/>\n\t<meta property=\"og:image:width\" content=\"1200\" \/>\n\t<meta property=\"og:image:height\" content=\"792\" \/>\n\t<meta property=\"og:image:type\" content=\"image\/jpeg\" \/>\n<meta name=\"author\" content=\"marcopac\" \/>\n<meta name=\"twitter:card\" content=\"summary_large_image\" \/>\n<meta name=\"twitter:label1\" content=\"Escrito por\" \/>\n\t<meta name=\"twitter:data1\" content=\"marcopac\" \/>\n\t<meta name=\"twitter:label2\" content=\"Tiempo de lectura\" \/>\n\t<meta name=\"twitter:data2\" content=\"3 minutos\" \/>\n<script type=\"application\/ld+json\" class=\"yoast-schema-graph\">{\"@context\":\"https:\\\/\\\/schema.org\",\"@graph\":[{\"@type\":\"Article\",\"@id\":\"https:\\\/\\\/marcopachiega.com\\\/besp\\\/il-dolmen-de-la-pedra-gentil-di-vallgorguina\\\/#article\",\"isPartOf\":{\"@id\":\"https:\\\/\\\/marcopachiega.com\\\/besp\\\/il-dolmen-de-la-pedra-gentil-di-vallgorguina\\\/\"},\"author\":{\"name\":\"marcopac\",\"@id\":\"https:\\\/\\\/marcopachiega.com\\\/besp\\\/#\\\/schema\\\/person\\\/5800e113375ba5f33499beca73ac3336\"},\"headline\":\"El Dolmen de la Pedra Gentil de Vallgorguina\",\"datePublished\":\"2018-12-03T14:09:28+00:00\",\"dateModified\":\"2019-05-03T14:14:35+00:00\",\"mainEntityOfPage\":{\"@id\":\"https:\\\/\\\/marcopachiega.com\\\/besp\\\/il-dolmen-de-la-pedra-gentil-di-vallgorguina\\\/\"},\"wordCount\":667,\"commentCount\":0,\"image\":{\"@id\":\"https:\\\/\\\/marcopachiega.com\\\/besp\\\/il-dolmen-de-la-pedra-gentil-di-vallgorguina\\\/#primaryimage\"},\"thumbnailUrl\":\"https:\\\/\\\/marcopachiega.com\\\/besp\\\/wp-content\\\/uploads\\\/sites\\\/13\\\/2018\\\/12\\\/DSC2808-Edit_09-Edit_10-Edit_11-Edit_12-Edit_13-Edit_tonemapped.jpg\",\"keywords\":[\"architettura\",\"catalogna\",\"Catalunya\",\"curiosit\u00e0\",\"Dolmen\",\"escursioni\",\"fotografia\",\"natura\",\"San Celoni\",\"spagna\",\"trekking\",\"turismo\",\"viaggi\"],\"articleSection\":[\"Escapadas, viajes y otras historias\"],\"inLanguage\":\"es\",\"potentialAction\":[{\"@type\":\"CommentAction\",\"name\":\"Comment\",\"target\":[\"https:\\\/\\\/marcopachiega.com\\\/besp\\\/il-dolmen-de-la-pedra-gentil-di-vallgorguina\\\/#respond\"]}]},{\"@type\":\"WebPage\",\"@id\":\"https:\\\/\\\/marcopachiega.com\\\/besp\\\/il-dolmen-de-la-pedra-gentil-di-vallgorguina\\\/\",\"url\":\"https:\\\/\\\/marcopachiega.com\\\/besp\\\/il-dolmen-de-la-pedra-gentil-di-vallgorguina\\\/\",\"name\":\"El Dolmen de la Pedra Gentil de Vallgorguina - Pachiega&#039;s blog\",\"isPartOf\":{\"@id\":\"https:\\\/\\\/marcopachiega.com\\\/besp\\\/#website\"},\"primaryImageOfPage\":{\"@id\":\"https:\\\/\\\/marcopachiega.com\\\/besp\\\/il-dolmen-de-la-pedra-gentil-di-vallgorguina\\\/#primaryimage\"},\"image\":{\"@id\":\"https:\\\/\\\/marcopachiega.com\\\/besp\\\/il-dolmen-de-la-pedra-gentil-di-vallgorguina\\\/#primaryimage\"},\"thumbnailUrl\":\"https:\\\/\\\/marcopachiega.com\\\/besp\\\/wp-content\\\/uploads\\\/sites\\\/13\\\/2018\\\/12\\\/DSC2808-Edit_09-Edit_10-Edit_11-Edit_12-Edit_13-Edit_tonemapped.jpg\",\"datePublished\":\"2018-12-03T14:09:28+00:00\",\"dateModified\":\"2019-05-03T14:14:35+00:00\",\"author\":{\"@id\":\"https:\\\/\\\/marcopachiega.com\\\/besp\\\/#\\\/schema\\\/person\\\/5800e113375ba5f33499beca73ac3336\"},\"description\":\"Una breve escursione alla ricerca di una struttura megalitica di 5000 anni. Dove si trova il Dolmen de la Pedra Gentil di Vallgorguina?\",\"breadcrumb\":{\"@id\":\"https:\\\/\\\/marcopachiega.com\\\/besp\\\/il-dolmen-de-la-pedra-gentil-di-vallgorguina\\\/#breadcrumb\"},\"inLanguage\":\"es\",\"potentialAction\":[{\"@type\":\"ReadAction\",\"target\":[\"https:\\\/\\\/marcopachiega.com\\\/besp\\\/il-dolmen-de-la-pedra-gentil-di-vallgorguina\\\/\"]}]},{\"@type\":\"ImageObject\",\"inLanguage\":\"es\",\"@id\":\"https:\\\/\\\/marcopachiega.com\\\/besp\\\/il-dolmen-de-la-pedra-gentil-di-vallgorguina\\\/#primaryimage\",\"url\":\"https:\\\/\\\/marcopachiega.com\\\/besp\\\/wp-content\\\/uploads\\\/sites\\\/13\\\/2018\\\/12\\\/DSC2808-Edit_09-Edit_10-Edit_11-Edit_12-Edit_13-Edit_tonemapped.jpg\",\"contentUrl\":\"https:\\\/\\\/marcopachiega.com\\\/besp\\\/wp-content\\\/uploads\\\/sites\\\/13\\\/2018\\\/12\\\/DSC2808-Edit_09-Edit_10-Edit_11-Edit_12-Edit_13-Edit_tonemapped.jpg\",\"width\":1200,\"height\":792,\"caption\":\"El Dolmen de la Pedra Gentil de Vallgorguina\"},{\"@type\":\"BreadcrumbList\",\"@id\":\"https:\\\/\\\/marcopachiega.com\\\/besp\\\/il-dolmen-de-la-pedra-gentil-di-vallgorguina\\\/#breadcrumb\",\"itemListElement\":[{\"@type\":\"ListItem\",\"position\":1,\"name\":\"Home\",\"item\":\"https:\\\/\\\/marcopachiega.com\\\/besp\\\/\"},{\"@type\":\"ListItem\",\"position\":2,\"name\":\"El Dolmen de la Pedra Gentil de Vallgorguina\"}]},{\"@type\":\"WebSite\",\"@id\":\"https:\\\/\\\/marcopachiega.com\\\/besp\\\/#website\",\"url\":\"https:\\\/\\\/marcopachiega.com\\\/besp\\\/\",\"name\":\"Pachiega&#039;s blog\",\"description\":\"Observation post\",\"potentialAction\":[{\"@type\":\"SearchAction\",\"target\":{\"@type\":\"EntryPoint\",\"urlTemplate\":\"https:\\\/\\\/marcopachiega.com\\\/besp\\\/?s={search_term_string}\"},\"query-input\":{\"@type\":\"PropertyValueSpecification\",\"valueRequired\":true,\"valueName\":\"search_term_string\"}}],\"inLanguage\":\"es\"},{\"@type\":\"Person\",\"@id\":\"https:\\\/\\\/marcopachiega.com\\\/besp\\\/#\\\/schema\\\/person\\\/5800e113375ba5f33499beca73ac3336\",\"name\":\"marcopac\",\"image\":{\"@type\":\"ImageObject\",\"inLanguage\":\"es\",\"@id\":\"https:\\\/\\\/secure.gravatar.com\\\/avatar\\\/f6c773c53a48c8f498fdb1e3aea06bcb45bf414ea7545feb7c90bb02e9b7c999?s=96&d=mm&r=g\",\"url\":\"https:\\\/\\\/secure.gravatar.com\\\/avatar\\\/f6c773c53a48c8f498fdb1e3aea06bcb45bf414ea7545feb7c90bb02e9b7c999?s=96&d=mm&r=g\",\"contentUrl\":\"https:\\\/\\\/secure.gravatar.com\\\/avatar\\\/f6c773c53a48c8f498fdb1e3aea06bcb45bf414ea7545feb7c90bb02e9b7c999?s=96&d=mm&r=g\",\"caption\":\"marcopac\"},\"sameAs\":[\"http:\\\/\\\/www.marcopachiega.com\",\"https:\\\/\\\/www.instagram.com\\\/marcopachiega\\\/\",\"https:\\\/\\\/www.linkedin.com\\\/in\\\/marco-pachiega-38546b92\\\/?locale=es_ES\",\"https:\\\/\\\/www.youtube.com\\\/@marcopachiega2999\\\/featured\"],\"url\":\"https:\\\/\\\/marcopachiega.com\\\/besp\\\/author\\\/marcopac\\\/\"}]}<\/script>\n<!-- \/ Yoast SEO plugin. -->","yoast_head_json":{"title":"El Dolmen de la Pedra Gentil de Vallgorguina - Pachiega&#039;s blog","description":"Una breve escursione alla ricerca di una struttura megalitica di 5000 anni. Dove si trova il Dolmen de la Pedra Gentil di Vallgorguina?","robots":{"index":"index","follow":"follow","max-snippet":"max-snippet:-1","max-image-preview":"max-image-preview:large","max-video-preview":"max-video-preview:-1"},"canonical":"https:\/\/marcopachiega.com\/besp\/il-dolmen-de-la-pedra-gentil-di-vallgorguina\/","og_locale":"es_ES","og_type":"article","og_title":"El Dolmen de la Pedra Gentil de Vallgorguina - Pachiega&#039;s blog","og_description":"Una breve escursione alla ricerca di una struttura megalitica di 5000 anni. Dove si trova il Dolmen de la Pedra Gentil di Vallgorguina?","og_url":"https:\/\/marcopachiega.com\/besp\/il-dolmen-de-la-pedra-gentil-di-vallgorguina\/","og_site_name":"Pachiega&#039;s blog","article_published_time":"2018-12-03T14:09:28+00:00","article_modified_time":"2019-05-03T14:14:35+00:00","og_image":[{"width":1200,"height":792,"url":"https:\/\/marcopachiega.com\/besp\/wp-content\/uploads\/sites\/13\/2018\/12\/DSC2808-Edit_09-Edit_10-Edit_11-Edit_12-Edit_13-Edit_tonemapped.jpg","type":"image\/jpeg"}],"author":"marcopac","twitter_card":"summary_large_image","twitter_misc":{"Escrito por":"marcopac","Tiempo de lectura":"3 minutos"},"schema":{"@context":"https:\/\/schema.org","@graph":[{"@type":"Article","@id":"https:\/\/marcopachiega.com\/besp\/il-dolmen-de-la-pedra-gentil-di-vallgorguina\/#article","isPartOf":{"@id":"https:\/\/marcopachiega.com\/besp\/il-dolmen-de-la-pedra-gentil-di-vallgorguina\/"},"author":{"name":"marcopac","@id":"https:\/\/marcopachiega.com\/besp\/#\/schema\/person\/5800e113375ba5f33499beca73ac3336"},"headline":"El Dolmen de la Pedra Gentil de Vallgorguina","datePublished":"2018-12-03T14:09:28+00:00","dateModified":"2019-05-03T14:14:35+00:00","mainEntityOfPage":{"@id":"https:\/\/marcopachiega.com\/besp\/il-dolmen-de-la-pedra-gentil-di-vallgorguina\/"},"wordCount":667,"commentCount":0,"image":{"@id":"https:\/\/marcopachiega.com\/besp\/il-dolmen-de-la-pedra-gentil-di-vallgorguina\/#primaryimage"},"thumbnailUrl":"https:\/\/marcopachiega.com\/besp\/wp-content\/uploads\/sites\/13\/2018\/12\/DSC2808-Edit_09-Edit_10-Edit_11-Edit_12-Edit_13-Edit_tonemapped.jpg","keywords":["architettura","catalogna","Catalunya","curiosit\u00e0","Dolmen","escursioni","fotografia","natura","San Celoni","spagna","trekking","turismo","viaggi"],"articleSection":["Escapadas, viajes y otras historias"],"inLanguage":"es","potentialAction":[{"@type":"CommentAction","name":"Comment","target":["https:\/\/marcopachiega.com\/besp\/il-dolmen-de-la-pedra-gentil-di-vallgorguina\/#respond"]}]},{"@type":"WebPage","@id":"https:\/\/marcopachiega.com\/besp\/il-dolmen-de-la-pedra-gentil-di-vallgorguina\/","url":"https:\/\/marcopachiega.com\/besp\/il-dolmen-de-la-pedra-gentil-di-vallgorguina\/","name":"El Dolmen de la Pedra Gentil de Vallgorguina - Pachiega&#039;s blog","isPartOf":{"@id":"https:\/\/marcopachiega.com\/besp\/#website"},"primaryImageOfPage":{"@id":"https:\/\/marcopachiega.com\/besp\/il-dolmen-de-la-pedra-gentil-di-vallgorguina\/#primaryimage"},"image":{"@id":"https:\/\/marcopachiega.com\/besp\/il-dolmen-de-la-pedra-gentil-di-vallgorguina\/#primaryimage"},"thumbnailUrl":"https:\/\/marcopachiega.com\/besp\/wp-content\/uploads\/sites\/13\/2018\/12\/DSC2808-Edit_09-Edit_10-Edit_11-Edit_12-Edit_13-Edit_tonemapped.jpg","datePublished":"2018-12-03T14:09:28+00:00","dateModified":"2019-05-03T14:14:35+00:00","author":{"@id":"https:\/\/marcopachiega.com\/besp\/#\/schema\/person\/5800e113375ba5f33499beca73ac3336"},"description":"Una breve escursione alla ricerca di una struttura megalitica di 5000 anni. Dove si trova il Dolmen de la Pedra Gentil di Vallgorguina?","breadcrumb":{"@id":"https:\/\/marcopachiega.com\/besp\/il-dolmen-de-la-pedra-gentil-di-vallgorguina\/#breadcrumb"},"inLanguage":"es","potentialAction":[{"@type":"ReadAction","target":["https:\/\/marcopachiega.com\/besp\/il-dolmen-de-la-pedra-gentil-di-vallgorguina\/"]}]},{"@type":"ImageObject","inLanguage":"es","@id":"https:\/\/marcopachiega.com\/besp\/il-dolmen-de-la-pedra-gentil-di-vallgorguina\/#primaryimage","url":"https:\/\/marcopachiega.com\/besp\/wp-content\/uploads\/sites\/13\/2018\/12\/DSC2808-Edit_09-Edit_10-Edit_11-Edit_12-Edit_13-Edit_tonemapped.jpg","contentUrl":"https:\/\/marcopachiega.com\/besp\/wp-content\/uploads\/sites\/13\/2018\/12\/DSC2808-Edit_09-Edit_10-Edit_11-Edit_12-Edit_13-Edit_tonemapped.jpg","width":1200,"height":792,"caption":"El Dolmen de la Pedra Gentil de Vallgorguina"},{"@type":"BreadcrumbList","@id":"https:\/\/marcopachiega.com\/besp\/il-dolmen-de-la-pedra-gentil-di-vallgorguina\/#breadcrumb","itemListElement":[{"@type":"ListItem","position":1,"name":"Home","item":"https:\/\/marcopachiega.com\/besp\/"},{"@type":"ListItem","position":2,"name":"El Dolmen de la Pedra Gentil de Vallgorguina"}]},{"@type":"WebSite","@id":"https:\/\/marcopachiega.com\/besp\/#website","url":"https:\/\/marcopachiega.com\/besp\/","name":"Pachiega&#039;s blog","description":"Observation post","potentialAction":[{"@type":"SearchAction","target":{"@type":"EntryPoint","urlTemplate":"https:\/\/marcopachiega.com\/besp\/?s={search_term_string}"},"query-input":{"@type":"PropertyValueSpecification","valueRequired":true,"valueName":"search_term_string"}}],"inLanguage":"es"},{"@type":"Person","@id":"https:\/\/marcopachiega.com\/besp\/#\/schema\/person\/5800e113375ba5f33499beca73ac3336","name":"marcopac","image":{"@type":"ImageObject","inLanguage":"es","@id":"https:\/\/secure.gravatar.com\/avatar\/f6c773c53a48c8f498fdb1e3aea06bcb45bf414ea7545feb7c90bb02e9b7c999?s=96&d=mm&r=g","url":"https:\/\/secure.gravatar.com\/avatar\/f6c773c53a48c8f498fdb1e3aea06bcb45bf414ea7545feb7c90bb02e9b7c999?s=96&d=mm&r=g","contentUrl":"https:\/\/secure.gravatar.com\/avatar\/f6c773c53a48c8f498fdb1e3aea06bcb45bf414ea7545feb7c90bb02e9b7c999?s=96&d=mm&r=g","caption":"marcopac"},"sameAs":["http:\/\/www.marcopachiega.com","https:\/\/www.instagram.com\/marcopachiega\/","https:\/\/www.linkedin.com\/in\/marco-pachiega-38546b92\/?locale=es_ES","https:\/\/www.youtube.com\/@marcopachiega2999\/featured"],"url":"https:\/\/marcopachiega.com\/besp\/author\/marcopac\/"}]}},"_links":{"self":[{"href":"https:\/\/marcopachiega.com\/besp\/wp-json\/wp\/v2\/posts\/2807","targetHints":{"allow":["GET"]}}],"collection":[{"href":"https:\/\/marcopachiega.com\/besp\/wp-json\/wp\/v2\/posts"}],"about":[{"href":"https:\/\/marcopachiega.com\/besp\/wp-json\/wp\/v2\/types\/post"}],"author":[{"embeddable":true,"href":"https:\/\/marcopachiega.com\/besp\/wp-json\/wp\/v2\/users\/1"}],"replies":[{"embeddable":true,"href":"https:\/\/marcopachiega.com\/besp\/wp-json\/wp\/v2\/comments?post=2807"}],"version-history":[{"count":0,"href":"https:\/\/marcopachiega.com\/besp\/wp-json\/wp\/v2\/posts\/2807\/revisions"}],"wp:featuredmedia":[{"embeddable":true,"href":"https:\/\/marcopachiega.com\/besp\/wp-json\/wp\/v2\/media\/2814"}],"wp:attachment":[{"href":"https:\/\/marcopachiega.com\/besp\/wp-json\/wp\/v2\/media?parent=2807"}],"wp:term":[{"taxonomy":"category","embeddable":true,"href":"https:\/\/marcopachiega.com\/besp\/wp-json\/wp\/v2\/categories?post=2807"},{"taxonomy":"post_tag","embeddable":true,"href":"https:\/\/marcopachiega.com\/besp\/wp-json\/wp\/v2\/tags?post=2807"}],"curies":[{"name":"wp","href":"https:\/\/api.w.org\/{rel}","templated":true}]}}