{"id":3108,"date":"2019-03-15T18:49:03","date_gmt":"2019-03-15T18:49:03","guid":{"rendered":"https:\/\/marcopachiega.com\/blog\/?p=3108"},"modified":"2019-05-03T14:12:06","modified_gmt":"2019-05-03T14:12:06","slug":"atelier-de-pilar-guell-un-espacio-de-creacion-en-el-raval","status":"publish","type":"post","link":"https:\/\/marcopachiega.com\/besp\/atelier-de-pilar-guell-un-espacio-de-creacion-en-el-raval\/","title":{"rendered":"Atelier de Pilar G\u00fcell un espacio de creaci\u00f3n en el Raval"},"content":{"rendered":"<p>&nbsp;<\/p>\n<h1 style=\"text-align: center;\">Atelier de Pilar G\u00fcell un espacio de creaci\u00f3n en el Raval<\/h1>\n<h2 style=\"text-align: center;\">Escondido entre las estrechas calles del barrio se encuentra un centro dedicado al arte.<\/h2>\n<p><img fetchpriority=\"high\" decoding=\"async\" class=\"aligncenter wp-image-3095 size-full\" src=\"https:\/\/marcopachiega.com\/besp\/wp-content\/uploads\/sites\/13\/2019\/03\/DSC5071-Edit.jpg\" alt=\"Atelier de Pilar G\u00fcell un espacio de creaci\u00f3n en el Raval\" width=\"1506\" height=\"663\" srcset=\"https:\/\/marcopachiega.com\/besp\/wp-content\/uploads\/sites\/13\/2019\/03\/DSC5071-Edit.jpg 1506w, https:\/\/marcopachiega.com\/besp\/wp-content\/uploads\/sites\/13\/2019\/03\/DSC5071-Edit-420x185.jpg 420w, https:\/\/marcopachiega.com\/besp\/wp-content\/uploads\/sites\/13\/2019\/03\/DSC5071-Edit-744x328.jpg 744w, https:\/\/marcopachiega.com\/besp\/wp-content\/uploads\/sites\/13\/2019\/03\/DSC5071-Edit-1200x528.jpg 1200w\" sizes=\"(max-width: 1506px) 100vw, 1506px\" \/><\/p>\n<div><\/div>\n<div>Perderme por el Raval es una de mis actividades de ocio favoritas. Aflojo el paso, me detengo para mirar un escaparate o me meto a en una de las muchas calles peque\u00f1as. Perdido en mis pensamientos, sigo andando hasta que casi tropiezo con una se\u00f1al colocada en el suelo. Miro alrededor para ver lo que est\u00e1 escrito y leo <strong>Exposici\u00f3n de arte, Zeigeist el espiritu de la epoca.<\/strong><\/div>\n<div><\/div>\n<div><img decoding=\"async\" class=\"aligncenter wp-image-3105 lazyload\" data-src=\"https:\/\/marcopachiega.com\/blog\/wp-content\/uploads\/sites\/9\/2019\/03\/DSC5088.jpg\" alt=\"Atelier de Pilar G\u00fcell un espacio de creaci\u00f3n en el Raval\" width=\"533\" height=\"354\" src=\"data:image\/svg+xml;base64,PHN2ZyB3aWR0aD0iMSIgaGVpZ2h0PSIxIiB4bWxucz0iaHR0cDovL3d3dy53My5vcmcvMjAwMC9zdmciPjwvc3ZnPg==\" style=\"--smush-placeholder-width: 533px; --smush-placeholder-aspect-ratio: 533\/354;\" \/><\/div>\n<div><\/div>\n<div>Una exposici\u00f3n de arte! Guay!<br \/>\nEntro intrigado en la sala que alberga pinturas y diversas obras art\u00edsticas. Sin embargo, la habitaci\u00f3n esconde un espacio adicional detr\u00e1s de una cortina roja mucho m\u00e1s grande y interesante. Una gran sala con arcos y columnas rodeadas de fotos y pinturas centradas en el tema escrito en el cartel.<\/div>\n<div>Cual era el nombre? Ah si, \u00a1Zeigeist!<\/div>\n<div>Admito que soy un ignorante en el tema del arte, pero el ambiente acogedor me pone curioso.<br \/>\nSaludo a un chico, Hugo, que amablemente me explica un poco de qu\u00e8 se trata, mientras un d\u00fao musical se prepara para una Jam sesi\u00f3n.<\/div>\n<div><\/div>\n<h3>Atelier de Pilar G\u00fcell<\/h3>\n<div>Hugo es parte del grupo que dirige el Atelier de Pilar G\u00fcell, pero \u00bfqu\u00e9 es?<\/div>\n<div>Es una galer\u00eda de arte y promoci\u00f3n cultural con el objetivo de acercar al p\u00fablico al arte y viceversa. Otros colaboradores incluyen Vict\u00f2ria, Hugo, Rai, Mar\u00eda y Patrick. El nombre est\u00e1 dedicado a Pilar G\u00fcell, abuela de Vict\u00f2ria, pintora y fuente de gran inspiraci\u00f3n para su nieta. Todos tienen talentos art\u00edsticos. Quien en fotografia, quien en el cine o en las bellas artes. Trabajan con ideas, proyectos y, por supuesto, la pasi\u00f3n por el arte que es com\u00fan a todos. El taller presenta constantemente exposiciones, promueve artistas para un p\u00fablico que tenga curiosidad mezclando m\u00fasica en un ambiente \u00abfriendly\u00bb.<\/div>\n<div><\/div>\n<div><img decoding=\"async\" class=\"aligncenter wp-image-3099 lazyload\" data-src=\"https:\/\/marcopachiega.com\/blog\/wp-content\/uploads\/sites\/9\/2019\/03\/DSC5064.jpg\" alt=\"Atelier de Pilar G\u00fcell un espacio de creaci\u00f3n en el Raval\" width=\"603\" height=\"401\" src=\"data:image\/svg+xml;base64,PHN2ZyB3aWR0aD0iMSIgaGVpZ2h0PSIxIiB4bWxucz0iaHR0cDovL3d3dy53My5vcmcvMjAwMC9zdmciPjwvc3ZnPg==\" style=\"--smush-placeholder-width: 603px; --smush-placeholder-aspect-ratio: 603\/401;\" \/><\/div>\n<div><\/div>\n<div>El Atelier de Pilar G\u00fcell se encuentra en <strong><a href=\"https:\/\/www.google.com\/maps\/place\/L'Atelier+De+Pilar+G%C3%BCell\/@41.3792491,2.1735796,15z\/data=!4m5!3m4!1s0x0:0x452dd3ae449fabd8!8m2!3d41.3792491!4d2.1735796\" target=\"_blank\" rel=\"noopener noreferrer\">Carrer de les penedides 8<\/a><\/strong> en el coraz\u00f3n del Raval de Barcelona. Hace mucho tiempo, este lugar era un antiguo establo que con el tiempo y despu\u00e9s de muchos usos se ha convertido en un punto de encuentro para los amantes y curiosos del arte.<\/div>\n<div><\/div>\n<div>Un agradecimiento especial a <strong>Hugo<\/strong> por su amabilidad, <strong>Victoria<\/strong> por la informaci\u00f3n y los artista de la <strong>exposici\u00f2n Zeigesit: Imma Vallmitjana, Dagui Pierro, Blai Catafal, DaGraVile, Curti\u00e7o, Nicolas Garreau, Hugo Finlay, Mar\u00eda Cort\u00e9s, Juan Carlos Beneyto, Roman Bonet, \u00c1ngeles Morando, Juan Niubo, Ester Benages y Simone Pagliei.<\/strong><\/div>\n<div>Para seguir y mantenerse actualizado sobre los futuros eventos del taller aqu\u00ec los enlaces de <strong><a href=\"https:\/\/m.facebook.com\/guellatelier\/\" target=\"_blank\" rel=\"noopener noreferrer\">Facebook<\/a> y<\/strong>\u00a0<a href=\"https:\/\/www.instagram.com\/atelierguell\/\" target=\"_blank\" rel=\"noopener noreferrer\"><strong>Instagram<\/strong><\/a>.<\/div>\n<div>Queres leer mas en mi <a href=\"https:\/\/marcopachiega.com\/besp\/\" target=\"_blank\" rel=\"noopener noreferrer\"><strong>blog<\/strong><\/a> ? O echa un vistazo en <a href=\"https:\/\/marcopachiega.com\/besp\/deporte-y-noticias\/\" target=\"_blank\" rel=\"noopener noreferrer\"><strong>Eventos, deporte y noticias<\/strong><\/a> o mira la galer\u00eda!<\/div>\n<div><\/div>\n<div><\/div>\n<div><\/div>\n<div><\/div>\n<div style=\"text-align: center;\">\n<div class=\"gdgallery-gallery-container\" id=\"gdgallery-container-2\" data-id=\"2\">\n    \n<div id=\"gdgallery_container_2\" style=\"display:none;\" data-view=\"justified\">\n            <a href=\"\" target=\"_blank\">\n            <img decoding=\"async\" alt=\"\"\n                 data-type=\"image\"\n                 data-src=\"https:\/\/marcopachiega.com\/besp\/wp-content\/uploads\/sites\/13\/2019\/03\/DSC5094.jpg\"\n                 data-image=\"https:\/\/marcopachiega.com\/besp\/wp-content\/uploads\/sites\/13\/2019\/03\/DSC5094.jpg\"\n                 data-description=\"\"\n                                 style=\"--smush-placeholder-width: 1226px; --smush-placeholder-aspect-ratio: 1226\/815;display:block\" src=\"data:image\/svg+xml;base64,PHN2ZyB3aWR0aD0iMSIgaGVpZ2h0PSIxIiB4bWxucz0iaHR0cDovL3d3dy53My5vcmcvMjAwMC9zdmciPjwvc3ZnPg==\" class=\"lazyload\">\n        <\/a>\n            <a href=\"\" target=\"_blank\">\n            <img decoding=\"async\" alt=\"\"\n                 data-type=\"image\"\n                 data-src=\"https:\/\/marcopachiega.com\/besp\/wp-content\/uploads\/sites\/13\/2019\/03\/DSC5088.jpg\"\n                 data-image=\"https:\/\/marcopachiega.com\/besp\/wp-content\/uploads\/sites\/13\/2019\/03\/DSC5088.jpg\"\n                 data-description=\"\"\n                                 style=\"--smush-placeholder-width: 1226px; --smush-placeholder-aspect-ratio: 1226\/815;display:block\" src=\"data:image\/svg+xml;base64,PHN2ZyB3aWR0aD0iMSIgaGVpZ2h0PSIxIiB4bWxucz0iaHR0cDovL3d3dy53My5vcmcvMjAwMC9zdmciPjwvc3ZnPg==\" class=\"lazyload\">\n        <\/a>\n            <a href=\"\" target=\"_blank\">\n            <img decoding=\"async\" alt=\"\"\n                 data-type=\"image\"\n                 data-src=\"https:\/\/marcopachiega.com\/besp\/wp-content\/uploads\/sites\/13\/2019\/03\/DSC5086.jpg\"\n                 data-image=\"https:\/\/marcopachiega.com\/besp\/wp-content\/uploads\/sites\/13\/2019\/03\/DSC5086.jpg\"\n                 data-description=\"\"\n                                 style=\"--smush-placeholder-width: 1226px; --smush-placeholder-aspect-ratio: 1226\/815;display:block\" src=\"data:image\/svg+xml;base64,PHN2ZyB3aWR0aD0iMSIgaGVpZ2h0PSIxIiB4bWxucz0iaHR0cDovL3d3dy53My5vcmcvMjAwMC9zdmciPjwvc3ZnPg==\" class=\"lazyload\">\n        <\/a>\n            <a href=\"\" target=\"_blank\">\n            <img decoding=\"async\" alt=\"\"\n                 data-type=\"image\"\n                 data-src=\"https:\/\/marcopachiega.com\/besp\/wp-content\/uploads\/sites\/13\/2019\/03\/DSC5081.jpg\"\n                 data-image=\"https:\/\/marcopachiega.com\/besp\/wp-content\/uploads\/sites\/13\/2019\/03\/DSC5081.jpg\"\n                 data-description=\"\"\n                                 style=\"--smush-placeholder-width: 815px; --smush-placeholder-aspect-ratio: 815\/1226;display:block\" src=\"data:image\/svg+xml;base64,PHN2ZyB3aWR0aD0iMSIgaGVpZ2h0PSIxIiB4bWxucz0iaHR0cDovL3d3dy53My5vcmcvMjAwMC9zdmciPjwvc3ZnPg==\" class=\"lazyload\">\n        <\/a>\n            <a href=\"\" target=\"_blank\">\n            <img decoding=\"async\" alt=\"\"\n                 data-type=\"image\"\n                 data-src=\"https:\/\/marcopachiega.com\/besp\/wp-content\/uploads\/sites\/13\/2019\/03\/DSC5079.jpg\"\n                 data-image=\"https:\/\/marcopachiega.com\/besp\/wp-content\/uploads\/sites\/13\/2019\/03\/DSC5079.jpg\"\n                 data-description=\"\"\n                                 style=\"--smush-placeholder-width: 1226px; --smush-placeholder-aspect-ratio: 1226\/815;display:block\" src=\"data:image\/svg+xml;base64,PHN2ZyB3aWR0aD0iMSIgaGVpZ2h0PSIxIiB4bWxucz0iaHR0cDovL3d3dy53My5vcmcvMjAwMC9zdmciPjwvc3ZnPg==\" class=\"lazyload\">\n        <\/a>\n            <a href=\"\" target=\"_blank\">\n            <img decoding=\"async\" alt=\"\"\n                 data-type=\"image\"\n                 data-src=\"https:\/\/marcopachiega.com\/besp\/wp-content\/uploads\/sites\/13\/2019\/03\/DSC5077.jpg\"\n                 data-image=\"https:\/\/marcopachiega.com\/besp\/wp-content\/uploads\/sites\/13\/2019\/03\/DSC5077.jpg\"\n                 data-description=\"\"\n                                 style=\"--smush-placeholder-width: 1226px; --smush-placeholder-aspect-ratio: 1226\/815;display:block\" src=\"data:image\/svg+xml;base64,PHN2ZyB3aWR0aD0iMSIgaGVpZ2h0PSIxIiB4bWxucz0iaHR0cDovL3d3dy53My5vcmcvMjAwMC9zdmciPjwvc3ZnPg==\" class=\"lazyload\">\n        <\/a>\n            <a href=\"\" target=\"_blank\">\n            <img decoding=\"async\" alt=\"\"\n                 data-type=\"image\"\n                 data-src=\"https:\/\/marcopachiega.com\/besp\/wp-content\/uploads\/sites\/13\/2019\/03\/DSC5064.jpg\"\n                 data-image=\"https:\/\/marcopachiega.com\/besp\/wp-content\/uploads\/sites\/13\/2019\/03\/DSC5064.jpg\"\n                 data-description=\"\"\n                                 style=\"--smush-placeholder-width: 1226px; --smush-placeholder-aspect-ratio: 1226\/815;display:block\" src=\"data:image\/svg+xml;base64,PHN2ZyB3aWR0aD0iMSIgaGVpZ2h0PSIxIiB4bWxucz0iaHR0cDovL3d3dy53My5vcmcvMjAwMC9zdmciPjwvc3ZnPg==\" class=\"lazyload\">\n        <\/a>\n            <a href=\"\" target=\"_blank\">\n            <img decoding=\"async\" alt=\"\"\n                 data-type=\"image\"\n                 data-src=\"https:\/\/marcopachiega.com\/besp\/wp-content\/uploads\/sites\/13\/2019\/03\/DSC5071-Edit.jpg\"\n                 data-image=\"https:\/\/marcopachiega.com\/besp\/wp-content\/uploads\/sites\/13\/2019\/03\/DSC5071-Edit.jpg\"\n                 data-description=\"\"\n                                 style=\"--smush-placeholder-width: 1506px; --smush-placeholder-aspect-ratio: 1506\/663;display:block\" src=\"data:image\/svg+xml;base64,PHN2ZyB3aWR0aD0iMSIgaGVpZ2h0PSIxIiB4bWxucz0iaHR0cDovL3d3dy53My5vcmcvMjAwMC9zdmciPjwvc3ZnPg==\" class=\"lazyload\">\n        <\/a>\n    <\/div>\n\n\n\n<script type=\"text\/javascript\">\n\n\n    (function() {\n        var runMyCode = function() {\n            jQuery(document).ready(function () {\n                var container = jQuery(\"#gdgallery_container_2\");\n                container.unitegallery({\"gallery_theme\":\"justified\",\"tiles_type\":\"justified\",\"tiles_justified_space_between\":10,\"tile_enable_textpanel\":true,\"tile_textpanel_always_on\":true,\"tile_textpanel_title_text_align\":\"center\",\"tile_textpanel_title_font_size\":\"16\",\"tile_textpanel_title_color\":\"#FFFFFF\",\"tile_textpanel_bg_color\":\"#333333\",\"tile_textpanel_bg_opacity\":0.7,\"tile_enable_border\":true,\"tile_border_width\":\"0\",\"tile_border_color\":\"#333333\",\"tile_border_radius\":\"0\",\"tile_enable_overlay\":true,\"tile_enable_image_effect\":true,\"tile_image_effect_type\":\"blur\",\"tile_image_effect_reverse\":true,\"tile_enable_shadow\":false,\"tile_as_link\":false,\"tile_enable_icons\":true,\"tile_show_link_icon\":true,\"tile_textpanel_appear_type\":\"slide\",\"tile_textpanel_position\":\"inside_bottom\",\"tile_link_newpage\":true,\"lightbox_type\":\"wide\",\"lightbox_arrows_offset\":0,\"lightbox_overlay_color\":\"#000000\",\"lightbox_overlay_opacity\":1,\"lightbox_top_panel_opacity\":1,\"lightbox_show_numbers\":true,\"lightbox_numbers_size\":\"15\",\"lightbox_numbers_color\":\"#FFFFFF\",\"lightbox_slider_image_border_width\":\"0\",\"lightbox_slider_image_border_color\":\"#FFFFFF\",\"lightbox_slider_image_border_radius\":0,\"lightbox_slider_image_shadow\":true,\"lightbox_slider_control_swipe\":true,\"lightbox_slider_control_zoom\":true,\"lightbox_slider_image_border\":true,\"lightbox_show_textpanel\":true,\"lightbox_textpanel_enable_title\":true,\"lightbox_textpanel_enable_description\":false,\"lightbox_textpanel_padding_top\":5,\"lightbox_textpanel_padding_bottom\":5,\"lightbox_textpanel_padding_right\":5,\"lightbox_textpanel_padding_left\":5,\"lightbox_textpanel_title_color\":\"#FFFFFF\",\"lightbox_textpanel_title_text_align\":\"center\",\"lightbox_textpanel_title_font_size\":\"16\",\"lightbox_textpanel_desc_color\":\"#FFFFFF\",\"lightbox_textpanel_desc_text_align\":\"center\",\"lightbox_textpanel_desc_font_size\":\"14\"});\n            });\n        };\n        var timer = function() {\n            if (window.jQuery) {runMyCode(window.jQuery);}\n            else {window.setTimeout(timer, 100);}\n        };\n        timer();\n    })();\n<\/script><style>\n#gdgallery-container-2 {\n   text-align: center}\n\n.gdgallery-pagination-2{\ntext-align: center !important;\n}\n\n.gdgallery-pagination-2 a{\n    font-size: 15px !important;\n    padding: 8px 13px !important;\n    margin: 3px !important;\n    border: 1px solid #333333 !important;\n    border-radius: 0px !important;\n    color: #333333 !important;\n    background-color: #FFFFFF !important;\n    font-family: monospace !important;\n}\n\n.gdgallery-pagination-2 a:hover, .gdgallery-pagination-2 a.gdgallery-pagination-icon-active{\n    color: #FFFFFF !important;\n    background-color: #333333 !important;\n    border-color: #333333 !important;\n}\n\n#gdgallery-container-2 .gdgallery_load_more_space{\n    margin-top: 20px !important;\n    text-align: center !important;\n}\n\n#gdgallery-container-2 .gdgallery_load_more_space button{\n                      padding: 8px 13px !important;\n    font-size: 15px !important;\n    background-color: #333333 !important;\n    color: #FFFFFF !important;\n    border:1px solid #333333 !important;\n                      border-radius: 0px !important;\n                      font-family: monospace !important;\n                  }\n#gdgallery-container-2 .gdgallery_load_more_space button:hover{\n                      background-color: #FFFFFF !important;\n                      color: #333333 !important;\n                      border-color: #333333 !important;\n                  }\n\n#gdgallery-container-2 .gdgallery_load_more_space button,\n#gdgallery-container-2 .gdgallery_load_more_space button:hover,\n#gdgallery-container-2 .gdgallery_load_more_space button:active,\n#gdgallery-container-2 .gdgallery_load_more_space button:focus{\n    outline: none !important;\n}\n\n\n#gdgallery-container-2 .gdgallery_loading li{\n                      border: 3px solid #333333 !important;\n                  }\n\n.ug-lightbox .ug-lightbox-top-panel-overlay{\n    background-color: #000000 !important;\n}\n\n\n                  #gdgallery_container_2{}\n<\/style>\n\n\n\n<\/div>\n\n\n\n\n\n<\/div>\n<div><\/div>\n<div><em>Marco Pachiega<\/em><\/div>\n","protected":false},"excerpt":{"rendered":"<p>&nbsp; Atelier de Pilar G\u00fcell un espacio de creaci\u00f3n en el Raval Escondido entre las estrechas calles del barrio se encuentra un centro dedicado al arte. Perderme por el Raval es una de mis actividades de ocio favoritas. Aflojo el paso, me detengo para mirar un escaparate o me meto a en una de las muchas calles peque\u00f1as. Perdido en mis pensamientos, sigo andando hasta que casi tropiezo con una se\u00f1al colocada en el suelo. Miro alrededor para ver lo que est\u00e1 escrito y leo Exposici\u00f3n de arte, Zeigeist el espiritu de la epoca. Una exposici\u00f3n de arte! Guay! Entro intrigado en la sala que alberga pinturas y diversas obras&hellip; <a class=\"read-more\" href=\"https:\/\/marcopachiega.com\/besp\/atelier-de-pilar-guell-un-espacio-de-creacion-en-el-raval\/\">Read More<\/a><\/p>\n","protected":false},"author":1,"featured_media":3101,"comment_status":"open","ping_status":"open","sticky":false,"template":"","format":"standard","meta":{"footnotes":""},"categories":[329],"tags":[222,339,410,177,406,411,252,412,201,413],"class_list":["post-3108","post","type-post","status-publish","format-standard","has-post-thumbnail","hentry","category-eventos-deporte-noticias","tag-arte","tag-artisti","tag-atelier","tag-barcellona","tag-europa","tag-guell","tag-musica","tag-promozione","tag-spagna","tag-zeigeist"],"yoast_head":"<!-- This site is optimized with the Yoast SEO plugin v27.3 - https:\/\/yoast.com\/product\/yoast-seo-wordpress\/ -->\n<title>Atelier de Pilar G\u00fcell un espacio de creaci\u00f3n en el Raval - Pachiega&#039;s blog<\/title>\n<meta name=\"description\" content=\"Escondido entre las estrechas calles del barrio, se encuentra un centro dedicado al arte Atelier de Pilar G\u00fcell y un espacio de creaci\u00f3n en el Raval.\" \/>\n<meta name=\"robots\" content=\"index, follow, max-snippet:-1, max-image-preview:large, max-video-preview:-1\" \/>\n<link rel=\"canonical\" href=\"https:\/\/marcopachiega.com\/besp\/atelier-de-pilar-guell-un-espacio-de-creacion-en-el-raval\/\" \/>\n<meta property=\"og:locale\" content=\"es_ES\" \/>\n<meta property=\"og:type\" content=\"article\" \/>\n<meta property=\"og:title\" content=\"Atelier de Pilar G\u00fcell un espacio de creaci\u00f3n en el Raval - Pachiega&#039;s blog\" \/>\n<meta property=\"og:description\" content=\"Escondido entre las estrechas calles del barrio, se encuentra un centro dedicado al arte Atelier de Pilar G\u00fcell y un espacio de creaci\u00f3n en el Raval.\" \/>\n<meta property=\"og:url\" content=\"https:\/\/marcopachiega.com\/besp\/atelier-de-pilar-guell-un-espacio-de-creacion-en-el-raval\/\" \/>\n<meta property=\"og:site_name\" content=\"Pachiega&#039;s blog\" \/>\n<meta property=\"article:published_time\" content=\"2019-03-15T18:49:03+00:00\" \/>\n<meta property=\"article:modified_time\" content=\"2019-05-03T14:12:06+00:00\" \/>\n<meta property=\"og:image\" content=\"https:\/\/marcopachiega.com\/besp\/wp-content\/uploads\/sites\/13\/2019\/03\/DSC5094.jpg\" \/>\n\t<meta property=\"og:image:width\" content=\"1226\" \/>\n\t<meta property=\"og:image:height\" content=\"815\" \/>\n\t<meta property=\"og:image:type\" content=\"image\/jpeg\" \/>\n<meta name=\"author\" content=\"marcopac\" \/>\n<meta name=\"twitter:card\" content=\"summary_large_image\" \/>\n<meta name=\"twitter:label1\" content=\"Escrito por\" \/>\n\t<meta name=\"twitter:data1\" content=\"marcopac\" \/>\n\t<meta name=\"twitter:label2\" content=\"Tiempo de lectura\" \/>\n\t<meta name=\"twitter:data2\" content=\"2 minutos\" \/>\n<script type=\"application\/ld+json\" class=\"yoast-schema-graph\">{\"@context\":\"https:\\\/\\\/schema.org\",\"@graph\":[{\"@type\":\"Article\",\"@id\":\"https:\\\/\\\/marcopachiega.com\\\/besp\\\/atelier-de-pilar-guell-un-espacio-de-creacion-en-el-raval\\\/#article\",\"isPartOf\":{\"@id\":\"https:\\\/\\\/marcopachiega.com\\\/besp\\\/atelier-de-pilar-guell-un-espacio-de-creacion-en-el-raval\\\/\"},\"author\":{\"name\":\"marcopac\",\"@id\":\"https:\\\/\\\/marcopachiega.com\\\/besp\\\/#\\\/schema\\\/person\\\/5800e113375ba5f33499beca73ac3336\"},\"headline\":\"Atelier de Pilar G\u00fcell un espacio de creaci\u00f3n en el Raval\",\"datePublished\":\"2019-03-15T18:49:03+00:00\",\"dateModified\":\"2019-05-03T14:12:06+00:00\",\"mainEntityOfPage\":{\"@id\":\"https:\\\/\\\/marcopachiega.com\\\/besp\\\/atelier-de-pilar-guell-un-espacio-de-creacion-en-el-raval\\\/\"},\"wordCount\":507,\"commentCount\":0,\"image\":{\"@id\":\"https:\\\/\\\/marcopachiega.com\\\/besp\\\/atelier-de-pilar-guell-un-espacio-de-creacion-en-el-raval\\\/#primaryimage\"},\"thumbnailUrl\":\"https:\\\/\\\/marcopachiega.com\\\/besp\\\/wp-content\\\/uploads\\\/sites\\\/13\\\/2019\\\/03\\\/DSC5094.jpg\",\"keywords\":[\"arte\",\"artisti\",\"atelier\",\"barcellona\",\"Europa\",\"guell\",\"Musica\",\"promozione\",\"spagna\",\"zeigeist\"],\"articleSection\":[\"Eventos, deporte, noticias\"],\"inLanguage\":\"es\",\"potentialAction\":[{\"@type\":\"CommentAction\",\"name\":\"Comment\",\"target\":[\"https:\\\/\\\/marcopachiega.com\\\/besp\\\/atelier-de-pilar-guell-un-espacio-de-creacion-en-el-raval\\\/#respond\"]}]},{\"@type\":\"WebPage\",\"@id\":\"https:\\\/\\\/marcopachiega.com\\\/besp\\\/atelier-de-pilar-guell-un-espacio-de-creacion-en-el-raval\\\/\",\"url\":\"https:\\\/\\\/marcopachiega.com\\\/besp\\\/atelier-de-pilar-guell-un-espacio-de-creacion-en-el-raval\\\/\",\"name\":\"Atelier de Pilar G\u00fcell un espacio de creaci\u00f3n en el Raval - Pachiega&#039;s blog\",\"isPartOf\":{\"@id\":\"https:\\\/\\\/marcopachiega.com\\\/besp\\\/#website\"},\"primaryImageOfPage\":{\"@id\":\"https:\\\/\\\/marcopachiega.com\\\/besp\\\/atelier-de-pilar-guell-un-espacio-de-creacion-en-el-raval\\\/#primaryimage\"},\"image\":{\"@id\":\"https:\\\/\\\/marcopachiega.com\\\/besp\\\/atelier-de-pilar-guell-un-espacio-de-creacion-en-el-raval\\\/#primaryimage\"},\"thumbnailUrl\":\"https:\\\/\\\/marcopachiega.com\\\/besp\\\/wp-content\\\/uploads\\\/sites\\\/13\\\/2019\\\/03\\\/DSC5094.jpg\",\"datePublished\":\"2019-03-15T18:49:03+00:00\",\"dateModified\":\"2019-05-03T14:12:06+00:00\",\"author\":{\"@id\":\"https:\\\/\\\/marcopachiega.com\\\/besp\\\/#\\\/schema\\\/person\\\/5800e113375ba5f33499beca73ac3336\"},\"description\":\"Escondido entre las estrechas calles del barrio, se encuentra un centro dedicado al arte Atelier de Pilar G\u00fcell y un espacio de creaci\u00f3n en el Raval.\",\"breadcrumb\":{\"@id\":\"https:\\\/\\\/marcopachiega.com\\\/besp\\\/atelier-de-pilar-guell-un-espacio-de-creacion-en-el-raval\\\/#breadcrumb\"},\"inLanguage\":\"es\",\"potentialAction\":[{\"@type\":\"ReadAction\",\"target\":[\"https:\\\/\\\/marcopachiega.com\\\/besp\\\/atelier-de-pilar-guell-un-espacio-de-creacion-en-el-raval\\\/\"]}]},{\"@type\":\"ImageObject\",\"inLanguage\":\"es\",\"@id\":\"https:\\\/\\\/marcopachiega.com\\\/besp\\\/atelier-de-pilar-guell-un-espacio-de-creacion-en-el-raval\\\/#primaryimage\",\"url\":\"https:\\\/\\\/marcopachiega.com\\\/besp\\\/wp-content\\\/uploads\\\/sites\\\/13\\\/2019\\\/03\\\/DSC5094.jpg\",\"contentUrl\":\"https:\\\/\\\/marcopachiega.com\\\/besp\\\/wp-content\\\/uploads\\\/sites\\\/13\\\/2019\\\/03\\\/DSC5094.jpg\",\"width\":1226,\"height\":815,\"caption\":\"Atelier de Pilar G\u00fcell un espacio de creaci\u00f3n en el Rava\"},{\"@type\":\"BreadcrumbList\",\"@id\":\"https:\\\/\\\/marcopachiega.com\\\/besp\\\/atelier-de-pilar-guell-un-espacio-de-creacion-en-el-raval\\\/#breadcrumb\",\"itemListElement\":[{\"@type\":\"ListItem\",\"position\":1,\"name\":\"Home\",\"item\":\"https:\\\/\\\/marcopachiega.com\\\/besp\\\/\"},{\"@type\":\"ListItem\",\"position\":2,\"name\":\"Atelier de Pilar G\u00fcell un espacio de creaci\u00f3n en el Raval\"}]},{\"@type\":\"WebSite\",\"@id\":\"https:\\\/\\\/marcopachiega.com\\\/besp\\\/#website\",\"url\":\"https:\\\/\\\/marcopachiega.com\\\/besp\\\/\",\"name\":\"Pachiega&#039;s blog\",\"description\":\"Observation post\",\"potentialAction\":[{\"@type\":\"SearchAction\",\"target\":{\"@type\":\"EntryPoint\",\"urlTemplate\":\"https:\\\/\\\/marcopachiega.com\\\/besp\\\/?s={search_term_string}\"},\"query-input\":{\"@type\":\"PropertyValueSpecification\",\"valueRequired\":true,\"valueName\":\"search_term_string\"}}],\"inLanguage\":\"es\"},{\"@type\":\"Person\",\"@id\":\"https:\\\/\\\/marcopachiega.com\\\/besp\\\/#\\\/schema\\\/person\\\/5800e113375ba5f33499beca73ac3336\",\"name\":\"marcopac\",\"image\":{\"@type\":\"ImageObject\",\"inLanguage\":\"es\",\"@id\":\"https:\\\/\\\/secure.gravatar.com\\\/avatar\\\/f6c773c53a48c8f498fdb1e3aea06bcb45bf414ea7545feb7c90bb02e9b7c999?s=96&d=mm&r=g\",\"url\":\"https:\\\/\\\/secure.gravatar.com\\\/avatar\\\/f6c773c53a48c8f498fdb1e3aea06bcb45bf414ea7545feb7c90bb02e9b7c999?s=96&d=mm&r=g\",\"contentUrl\":\"https:\\\/\\\/secure.gravatar.com\\\/avatar\\\/f6c773c53a48c8f498fdb1e3aea06bcb45bf414ea7545feb7c90bb02e9b7c999?s=96&d=mm&r=g\",\"caption\":\"marcopac\"},\"sameAs\":[\"http:\\\/\\\/www.marcopachiega.com\",\"https:\\\/\\\/www.instagram.com\\\/marcopachiega\\\/\",\"https:\\\/\\\/www.linkedin.com\\\/in\\\/marco-pachiega-38546b92\\\/?locale=es_ES\",\"https:\\\/\\\/www.youtube.com\\\/@marcopachiega2999\\\/featured\"],\"url\":\"https:\\\/\\\/marcopachiega.com\\\/besp\\\/author\\\/marcopac\\\/\"}]}<\/script>\n<!-- \/ Yoast SEO plugin. -->","yoast_head_json":{"title":"Atelier de Pilar G\u00fcell un espacio de creaci\u00f3n en el Raval - Pachiega&#039;s blog","description":"Escondido entre las estrechas calles del barrio, se encuentra un centro dedicado al arte Atelier de Pilar G\u00fcell y un espacio de creaci\u00f3n en el Raval.","robots":{"index":"index","follow":"follow","max-snippet":"max-snippet:-1","max-image-preview":"max-image-preview:large","max-video-preview":"max-video-preview:-1"},"canonical":"https:\/\/marcopachiega.com\/besp\/atelier-de-pilar-guell-un-espacio-de-creacion-en-el-raval\/","og_locale":"es_ES","og_type":"article","og_title":"Atelier de Pilar G\u00fcell un espacio de creaci\u00f3n en el Raval - Pachiega&#039;s blog","og_description":"Escondido entre las estrechas calles del barrio, se encuentra un centro dedicado al arte Atelier de Pilar G\u00fcell y un espacio de creaci\u00f3n en el Raval.","og_url":"https:\/\/marcopachiega.com\/besp\/atelier-de-pilar-guell-un-espacio-de-creacion-en-el-raval\/","og_site_name":"Pachiega&#039;s blog","article_published_time":"2019-03-15T18:49:03+00:00","article_modified_time":"2019-05-03T14:12:06+00:00","og_image":[{"width":1226,"height":815,"url":"https:\/\/marcopachiega.com\/besp\/wp-content\/uploads\/sites\/13\/2019\/03\/DSC5094.jpg","type":"image\/jpeg"}],"author":"marcopac","twitter_card":"summary_large_image","twitter_misc":{"Escrito por":"marcopac","Tiempo de lectura":"2 minutos"},"schema":{"@context":"https:\/\/schema.org","@graph":[{"@type":"Article","@id":"https:\/\/marcopachiega.com\/besp\/atelier-de-pilar-guell-un-espacio-de-creacion-en-el-raval\/#article","isPartOf":{"@id":"https:\/\/marcopachiega.com\/besp\/atelier-de-pilar-guell-un-espacio-de-creacion-en-el-raval\/"},"author":{"name":"marcopac","@id":"https:\/\/marcopachiega.com\/besp\/#\/schema\/person\/5800e113375ba5f33499beca73ac3336"},"headline":"Atelier de Pilar G\u00fcell un espacio de creaci\u00f3n en el Raval","datePublished":"2019-03-15T18:49:03+00:00","dateModified":"2019-05-03T14:12:06+00:00","mainEntityOfPage":{"@id":"https:\/\/marcopachiega.com\/besp\/atelier-de-pilar-guell-un-espacio-de-creacion-en-el-raval\/"},"wordCount":507,"commentCount":0,"image":{"@id":"https:\/\/marcopachiega.com\/besp\/atelier-de-pilar-guell-un-espacio-de-creacion-en-el-raval\/#primaryimage"},"thumbnailUrl":"https:\/\/marcopachiega.com\/besp\/wp-content\/uploads\/sites\/13\/2019\/03\/DSC5094.jpg","keywords":["arte","artisti","atelier","barcellona","Europa","guell","Musica","promozione","spagna","zeigeist"],"articleSection":["Eventos, deporte, noticias"],"inLanguage":"es","potentialAction":[{"@type":"CommentAction","name":"Comment","target":["https:\/\/marcopachiega.com\/besp\/atelier-de-pilar-guell-un-espacio-de-creacion-en-el-raval\/#respond"]}]},{"@type":"WebPage","@id":"https:\/\/marcopachiega.com\/besp\/atelier-de-pilar-guell-un-espacio-de-creacion-en-el-raval\/","url":"https:\/\/marcopachiega.com\/besp\/atelier-de-pilar-guell-un-espacio-de-creacion-en-el-raval\/","name":"Atelier de Pilar G\u00fcell un espacio de creaci\u00f3n en el Raval - Pachiega&#039;s blog","isPartOf":{"@id":"https:\/\/marcopachiega.com\/besp\/#website"},"primaryImageOfPage":{"@id":"https:\/\/marcopachiega.com\/besp\/atelier-de-pilar-guell-un-espacio-de-creacion-en-el-raval\/#primaryimage"},"image":{"@id":"https:\/\/marcopachiega.com\/besp\/atelier-de-pilar-guell-un-espacio-de-creacion-en-el-raval\/#primaryimage"},"thumbnailUrl":"https:\/\/marcopachiega.com\/besp\/wp-content\/uploads\/sites\/13\/2019\/03\/DSC5094.jpg","datePublished":"2019-03-15T18:49:03+00:00","dateModified":"2019-05-03T14:12:06+00:00","author":{"@id":"https:\/\/marcopachiega.com\/besp\/#\/schema\/person\/5800e113375ba5f33499beca73ac3336"},"description":"Escondido entre las estrechas calles del barrio, se encuentra un centro dedicado al arte Atelier de Pilar G\u00fcell y un espacio de creaci\u00f3n en el Raval.","breadcrumb":{"@id":"https:\/\/marcopachiega.com\/besp\/atelier-de-pilar-guell-un-espacio-de-creacion-en-el-raval\/#breadcrumb"},"inLanguage":"es","potentialAction":[{"@type":"ReadAction","target":["https:\/\/marcopachiega.com\/besp\/atelier-de-pilar-guell-un-espacio-de-creacion-en-el-raval\/"]}]},{"@type":"ImageObject","inLanguage":"es","@id":"https:\/\/marcopachiega.com\/besp\/atelier-de-pilar-guell-un-espacio-de-creacion-en-el-raval\/#primaryimage","url":"https:\/\/marcopachiega.com\/besp\/wp-content\/uploads\/sites\/13\/2019\/03\/DSC5094.jpg","contentUrl":"https:\/\/marcopachiega.com\/besp\/wp-content\/uploads\/sites\/13\/2019\/03\/DSC5094.jpg","width":1226,"height":815,"caption":"Atelier de Pilar G\u00fcell un espacio de creaci\u00f3n en el Rava"},{"@type":"BreadcrumbList","@id":"https:\/\/marcopachiega.com\/besp\/atelier-de-pilar-guell-un-espacio-de-creacion-en-el-raval\/#breadcrumb","itemListElement":[{"@type":"ListItem","position":1,"name":"Home","item":"https:\/\/marcopachiega.com\/besp\/"},{"@type":"ListItem","position":2,"name":"Atelier de Pilar G\u00fcell un espacio de creaci\u00f3n en el Raval"}]},{"@type":"WebSite","@id":"https:\/\/marcopachiega.com\/besp\/#website","url":"https:\/\/marcopachiega.com\/besp\/","name":"Pachiega&#039;s blog","description":"Observation post","potentialAction":[{"@type":"SearchAction","target":{"@type":"EntryPoint","urlTemplate":"https:\/\/marcopachiega.com\/besp\/?s={search_term_string}"},"query-input":{"@type":"PropertyValueSpecification","valueRequired":true,"valueName":"search_term_string"}}],"inLanguage":"es"},{"@type":"Person","@id":"https:\/\/marcopachiega.com\/besp\/#\/schema\/person\/5800e113375ba5f33499beca73ac3336","name":"marcopac","image":{"@type":"ImageObject","inLanguage":"es","@id":"https:\/\/secure.gravatar.com\/avatar\/f6c773c53a48c8f498fdb1e3aea06bcb45bf414ea7545feb7c90bb02e9b7c999?s=96&d=mm&r=g","url":"https:\/\/secure.gravatar.com\/avatar\/f6c773c53a48c8f498fdb1e3aea06bcb45bf414ea7545feb7c90bb02e9b7c999?s=96&d=mm&r=g","contentUrl":"https:\/\/secure.gravatar.com\/avatar\/f6c773c53a48c8f498fdb1e3aea06bcb45bf414ea7545feb7c90bb02e9b7c999?s=96&d=mm&r=g","caption":"marcopac"},"sameAs":["http:\/\/www.marcopachiega.com","https:\/\/www.instagram.com\/marcopachiega\/","https:\/\/www.linkedin.com\/in\/marco-pachiega-38546b92\/?locale=es_ES","https:\/\/www.youtube.com\/@marcopachiega2999\/featured"],"url":"https:\/\/marcopachiega.com\/besp\/author\/marcopac\/"}]}},"_links":{"self":[{"href":"https:\/\/marcopachiega.com\/besp\/wp-json\/wp\/v2\/posts\/3108","targetHints":{"allow":["GET"]}}],"collection":[{"href":"https:\/\/marcopachiega.com\/besp\/wp-json\/wp\/v2\/posts"}],"about":[{"href":"https:\/\/marcopachiega.com\/besp\/wp-json\/wp\/v2\/types\/post"}],"author":[{"embeddable":true,"href":"https:\/\/marcopachiega.com\/besp\/wp-json\/wp\/v2\/users\/1"}],"replies":[{"embeddable":true,"href":"https:\/\/marcopachiega.com\/besp\/wp-json\/wp\/v2\/comments?post=3108"}],"version-history":[{"count":0,"href":"https:\/\/marcopachiega.com\/besp\/wp-json\/wp\/v2\/posts\/3108\/revisions"}],"wp:featuredmedia":[{"embeddable":true,"href":"https:\/\/marcopachiega.com\/besp\/wp-json\/wp\/v2\/media\/3101"}],"wp:attachment":[{"href":"https:\/\/marcopachiega.com\/besp\/wp-json\/wp\/v2\/media?parent=3108"}],"wp:term":[{"taxonomy":"category","embeddable":true,"href":"https:\/\/marcopachiega.com\/besp\/wp-json\/wp\/v2\/categories?post=3108"},{"taxonomy":"post_tag","embeddable":true,"href":"https:\/\/marcopachiega.com\/besp\/wp-json\/wp\/v2\/tags?post=3108"}],"curies":[{"name":"wp","href":"https:\/\/api.w.org\/{rel}","templated":true}]}}