{"id":3416,"date":"2020-05-22T22:46:19","date_gmt":"2020-05-22T22:46:19","guid":{"rendered":"https:\/\/marcopachiega.com\/blog\/?p=3398"},"modified":"2020-05-22T22:46:19","modified_gmt":"2020-05-22T22:46:19","slug":"la-melancolia-del-cami-dels-monjos-y-la-mola","status":"publish","type":"post","link":"https:\/\/marcopachiega.com\/besp\/la-melancolia-del-cami-dels-monjos-y-la-mola\/","title":{"rendered":"La melancol\u00eda del \u00abCam\u00ec dels Monjos\u00bb y la Mola"},"content":{"rendered":"<h1 style=\"text-align: center;\">La melancol\u00eda del \u00abCam\u00ec dels Monjos\u00bb y la Mola<\/h1>\n<h2 style=\"text-align: center;\">La curiosa formaci\u00f3n rocosa lleva consigo una leyenda de los monjes de Sant Cugat del Valles<\/h2>\n<p><img fetchpriority=\"high\" decoding=\"async\" class=\"aligncenter wp-image-3411\" src=\"https:\/\/marcopachiega.com\/blog\/wp-content\/uploads\/sites\/9\/2020\/05\/DSC1290.jpg\" alt=\"La melancol\u00eda del &quot;Cam\u00ec dels Monjos&quot; y la Mola\" width=\"599\" height=\"398\" \/><\/p>\n<p>El 25 de mayo de 2020, Barcelona finalmente pasar\u00e1 a la tan esperada Fase 1. Sin embargo, estamos en estado de alerta por la pandemia de Covid-19. Un evento hist\u00f3rico que ha cambiado y cambiar\u00e1 la forma en que vivimos y socializamos. Esperando los pr\u00f3ximos pasos necesarios para volver a la normalidad, si podemos decirlo, resurgen las im\u00e1genes y sensaciones pasadas de mis excursiones.<\/p>\n<p>Esta es una de esas.<\/p>\n<h3>La ciudad de Terrassa<\/h3>\n<p>M\u00e1s all\u00e1 del macizo de Collserola se extiende una vasta llanura <a href=\"https:\/\/es.wikipedia.org\/wiki\/Vall%C3%A9s_Occidental\" target=\"_blank\" rel=\"noopener noreferrer\"><strong>el Vall\u00e8s Occidental<\/strong><\/a> que alberga dos ciudades importantes: Sabbadell y <a href=\"https:\/\/visitaterrassa.cat\/\" target=\"_blank\" rel=\"noopener noreferrer\"><strong>Terrassa<\/strong><\/a> .<\/p>\n<p>Este \u00faltimo se origina en <a href=\"https:\/\/es.wikipedia.org\/wiki\/Egara\" target=\"_blank\" rel=\"noopener noreferrer\"><strong>Edgara<\/strong><\/a>, fundada durante la \u00e9poca romana, m\u00e1s tarde llamada Terracium castellum a partir de 844. Hoy es un importante centro de transporte con carreteras y ferrocarriles. Eventos folcl\u00f3ricos como la Fiesta Major, la <strong><a href=\"https:\/\/es.wikipedia.org\/wiki\/Feria_Modernista_de_Tarrasa\" target=\"_blank\" rel=\"noopener noreferrer\">Feira Modernista<\/a><\/strong>, el <a href=\"https:\/\/www.jazzterrassa.org\/\" target=\"_blank\" rel=\"noopener noreferrer\"><strong>Jazz Terrassa<\/strong><\/a>, los <strong><a href=\"https:\/\/ich.unesco.org\/en\/RL\/human-towers-00364?RL=00364\" target=\"_blank\" rel=\"noopener noreferrer\">castellers<\/a><\/strong> y su danza t\u00edpica la <a href=\"http:\/\/dansesvives.cat\/?q=node\/4368\" target=\"_blank\" rel=\"noopener noreferrer\"><strong>estapera<\/strong><\/a> hacen que sea una ciudad activa e importante no solo desde un punto de vista econ\u00f3mico. Desafortunadamente, tambi\u00e9n es testigo del mayor desastre hidrol\u00f3gico de Espa\u00f1a: <a href=\"https:\/\/es.wikipedia.org\/wiki\/Riadas_del_Vall%C3%A9s\" target=\"_blank\" rel=\"noopener noreferrer\"><strong>La riada del Vall\u00e8s<\/strong><\/a> que tuvo lugar en 1962. Desde aqu\u00ed, el <a href=\"https:\/\/marcopachiega.com\/blog\/fare-il-fotografo-e-dura-cosa-nasconde-una-bella-foto\/\" target=\"_blank\" rel=\"noopener noreferrer\"><strong>Montserrat<\/strong><\/a> y otro macizo llamado <a href=\"https:\/\/es.wikipedia.org\/wiki\/La_Mola\" target=\"_blank\" rel=\"noopener noreferrer\"><strong>la Mola<\/strong><\/a> son claramente visibles.<\/p>\n<p><img decoding=\"async\" class=\"aligncenter wp-image-3402 lazyload\" data-src=\"https:\/\/marcopachiega.com\/blog\/wp-content\/uploads\/sites\/9\/2020\/05\/DSC1222-Edit.jpg\" alt=\"La melancol\u00eda del &quot;Cam\u00ec dels Monjos&quot; y la Mola\" width=\"599\" height=\"398\" src=\"data:image\/svg+xml;base64,PHN2ZyB3aWR0aD0iMSIgaGVpZ2h0PSIxIiB4bWxucz0iaHR0cDovL3d3dy53My5vcmcvMjAwMC9zdmciPjwvc3ZnPg==\" style=\"--smush-placeholder-width: 599px; --smush-placeholder-aspect-ratio: 599\/398;\" \/><\/p>\n<h3>La Mola<\/h3>\n<p>Para ser precisos, La Mola es el pico m\u00e1s alto, 1104 m.s.l., del macizo que se encuentra mirando hacia el norte desde Terrassa, llamado <a href=\"https:\/\/ca.wikipedia.org\/wiki\/Sant_Lloren%C3%A7_del_Munt\" target=\"_blank\" rel=\"noopener noreferrer\"><b>Sant Lloren\u00e7 del Munt<\/b><\/a>. Las capas de roca, de diferente dureza, sometidas a la erosi\u00f3n incesante del viento le confieren un aspecto poderoso y solitario. La Mola siempre atrae a muchas personas que aman el senderismo y no, ya que en su cima hay un <a href=\"https:\/\/ca.wikipedia.org\/wiki\/Monestir_de_Sant_Lloren%C3%A7_del_Munt\" target=\"_blank\" rel=\"noopener noreferrer\"><strong>monasterio rom\u00e1nico<\/strong><\/a> convertido ahora en <a href=\"https:\/\/www.lamola.com\/\" target=\"_blank\" rel=\"noopener noreferrer\"><strong>restaurante<\/strong><\/a>.<\/p>\n<p><img decoding=\"async\" class=\"aligncenter wp-image-3403 lazyload\" data-src=\"https:\/\/marcopachiega.com\/blog\/wp-content\/uploads\/sites\/9\/2020\/05\/DSC1228-Edit.jpg\" alt=\"La melancol\u00eda del &quot;Cam\u00ec dels Monjos&quot; y la Mola\" width=\"600\" height=\"399\" src=\"data:image\/svg+xml;base64,PHN2ZyB3aWR0aD0iMSIgaGVpZ2h0PSIxIiB4bWxucz0iaHR0cDovL3d3dy53My5vcmcvMjAwMC9zdmciPjwvc3ZnPg==\" style=\"--smush-placeholder-width: 600px; --smush-placeholder-aspect-ratio: 600\/399;\" \/><\/p>\n<h3>Trekking!<\/h3>\n<p>El tren, procedente de Barcelona, \u200b\u200bme deja en la estaci\u00f3n de Terrassa en aproximadamente una hora. El camino para comenzar el ascenso es f\u00e1cil y claramente visible. Tan pronto como abandonas el centro de la ciudad, la naturaleza silenciosa retoma su protagonismo. El ruido de los coches se hacen lejos y solo queda el de mis pasos sobre arcilla y el canto de los p\u00e1jaros. El aire de la tarde y el oto\u00f1o cambian el verde de las plantas mientras el sol termina su arco diario en el cielo.<\/p>\n<p><img decoding=\"async\" class=\"aligncenter wp-image-3401 lazyload\" data-src=\"https:\/\/marcopachiega.com\/blog\/wp-content\/uploads\/sites\/9\/2020\/05\/DSC1219.jpg\" alt=\"\" width=\"599\" height=\"398\" src=\"data:image\/svg+xml;base64,PHN2ZyB3aWR0aD0iMSIgaGVpZ2h0PSIxIiB4bWxucz0iaHR0cDovL3d3dy53My5vcmcvMjAwMC9zdmciPjwvc3ZnPg==\" style=\"--smush-placeholder-width: 599px; --smush-placeholder-aspect-ratio: 599\/398;\" \/><\/p>\n<p>&nbsp;<\/p>\n<p>Diversas indicaciones me llevan a un camino llamado \u00abCam\u00ec dels Monjos\u00bb (El camino de los monjes) que parece conducir directamente a la cumbre. Durante el ascenso, con un paso lento y constante, la abad\u00eda aparece y desaparece a mi vista oculta por la vegetaci\u00f3n. La subida se hace m\u00e1s empinada y llevar equipo fotogr\u00e1fico agrega esfuerzo y sudor al viaje. Mi objetivo es llegar a la Mola a pesar que el sol implacable se est\u00e1 poniendo. Los colores y el silencio dejan espacio para una extra\u00f1a sensaci\u00f3n de melancol\u00eda, sobre todo cada vez que me giro para observar el panorama de abajo, ampliandose cada vez m\u00e1s.<\/p>\n<h3><strong>Un paisaje melanc\u00f3lico<\/strong><\/h3>\n<p>Acelero el ritmo, aun que estoy cansado, con la esperanza de alcanzar la meta, pero el sol alcanza primero el horizonte y decido parar. Dejo mi mochila y me quedo a contemplar la vista. A lo lejos, Montserrat vigila el vasto territorio.<\/p>\n<p><img decoding=\"async\" class=\"aligncenter wp-image-3412 lazyload\" data-src=\"https:\/\/marcopachiega.com\/blog\/wp-content\/uploads\/sites\/9\/2020\/05\/DSC1291.jpg\" alt=\"La melancol\u00eda del &quot;Cam\u00ec dels Monjos&quot; y la Mola\" width=\"600\" height=\"399\" src=\"data:image\/svg+xml;base64,PHN2ZyB3aWR0aD0iMSIgaGVpZ2h0PSIxIiB4bWxucz0iaHR0cDovL3d3dy53My5vcmcvMjAwMC9zdmciPjwvc3ZnPg==\" style=\"--smush-placeholder-width: 600px; --smush-placeholder-aspect-ratio: 600\/399;\" \/><\/p>\n<p>Tomo algunas fotos con relativa calma antes de que oscurezca. Espero un poco m\u00e1s, meditando sobre la impresionante vista, antes de poner mi mochila en mi hombro y volver sobre mis pasos. El deseo de tomar el primer tren que me lleve de regreso a la ciudad, al caos, al hacinamiento de Barcelona se est\u00e1 fortaleciendo. \u00bfPor qu\u00e9? \u00bfQu\u00e9 esconde este hermoso y solitario lugar?<\/p>\n<h3><strong>Una leyenda curiosa<\/strong><\/h3>\n<p>\u00abEl cam\u00ec dels monjos\u00bb se refiere a una historia antigua. Los monjes hicieron una petici\u00f3n singular a sus superiores que viv\u00edan en la cima de la Mola, el permiso para avanzar r\u00edo abajo.<\/p>\n<p><img decoding=\"async\" class=\"aligncenter wp-image-3408 lazyload\" data-src=\"https:\/\/marcopachiega.com\/blog\/wp-content\/uploads\/sites\/9\/2020\/05\/DSC1263.jpg\" alt=\"\" width=\"600\" height=\"399\" src=\"data:image\/svg+xml;base64,PHN2ZyB3aWR0aD0iMSIgaGVpZ2h0PSIxIiB4bWxucz0iaHR0cDovL3d3dy53My5vcmcvMjAwMC9zdmciPjwvc3ZnPg==\" style=\"--smush-placeholder-width: 600px; --smush-placeholder-aspect-ratio: 600\/399;\" \/><\/p>\n<p>La solicitud fue aceptada por el propio obispo de Barcelona con una condici\u00f3n. Los benedictinos podr\u00edan haber elegido cualquier lugar cercano a ellos siempre que nunca cruzaran ning\u00fan r\u00edo. As\u00ed fue que los religiosos que descend\u00edan del macizo llegaron a <a href=\"http:\/\/www.catalunya.com\/sant-cugat-del-valles-2-1-82055?language=es\" target=\"_blank\" rel=\"noopener noreferrer\"><strong>San Cugat del Vall\u00e8s<\/strong><\/a>, donde finalmente se establecieron.<\/p>\n<p>La raz\u00f3n que los empuj\u00f3 a abandonar ese territorio panor\u00e1mico fue la necesidad de una tierra m\u00e1s f\u00e9rtil y, en segundo lugar, la soledad y la melancol\u00eda a la que los frailes ya no pod\u00edan aguantar.<\/p>\n<p>Obviamente es solo una leyenda que no coincide con los datos de los documentos hist\u00f3ricos. De hecho, el \u00abCam\u00ec dels Monjos\u00bb no cruza ning\u00fan r\u00edo, fue utilizado a menudo por viajeros y pastores para descender de los Pirineos, curiosamente la abad\u00eda sufri\u00f3 un per\u00edodo de crisis en el siglo XII y el \u00faltimo ermita\u00f1o lo habit\u00f3 hasta 1608.<\/p>\n<h3><strong>Un camino lleno de historias<\/strong><\/h3>\n<p>El \u00abCam\u00ec dels monjos\u00bb, que conecta Sant Cugat del Vall\u00e8s a la Mola, lleva muchss historias. Atravesados \u200b\u200bpor pastores, caminantes, ej\u00e9rcitos y obviamente monjes, cada uno de ellos ha dejado una huella personal en este camino durante todo este tiempo. Se usa para alcanzar la cumbre o escapar de la severa soledad de las monta\u00f1as en busca de un ambiente m\u00e1s suave.<\/p>\n<p>Ser\u00e1 la temporada de oto\u00f1o, pero mi impresi\u00f3n personal de Sant Lloren\u00e7 del Munt parece ser la de un \u00faltimo puesto solitario con vistas al valle m\u00e1s exuberante y familiar abajo.<\/p>\n<p>Si quieres leer una historia m\u00e1s sobre la iglesia, dejo el enlace de una <a href=\"https:\/\/ddd.uab.cat\/pub\/llibres\/1889\/59896\/monsanllormun_a1889.pdf\" target=\"_blank\" rel=\"noopener noreferrer\"><strong>memoria descriptiva<\/strong><\/a>, por Don Elias Rogent, del ascenso a la monta\u00f1a realizado por la asociaci\u00f3n de arquitectos de Barcelona. Un libro digitalizado por la<a href=\"https:\/\/www.uab.cat\/web\/universitat-autonoma-de-barcelona-1345467954409.html\" target=\"_blank\" rel=\"noopener noreferrer\"><strong> Universitat Aut\u00f2noma de Barcelona<\/strong><\/a>.<\/p>\n<p>\u00bfTe gustar\u00eda leer otro art\u00edculo? \u00a1Echa un vistazo a la secci\u00f3n <a href=\"https:\/\/marcopachiega.com\/besp\/viajes-y-otras-historias\/\" rel=\"noopener noreferrer\"><strong>Viajes y otras historias<\/strong><\/a> o mira mi galer\u00eda a continuaci\u00f3n!<\/p>\n<p>&nbsp;<\/p>\n\n<div class=\"gdgallery-gallery-container\" id=\"gdgallery-container-33\" data-id=\"33\">\n    \n<div id=\"gdgallery_container_33\" style=\"display:none;\" data-view=\"justified\">\n            <a href=\"\" target=\"_blank\">\n            <img decoding=\"async\" alt=\"\"\n                 data-type=\"image\"\n                 data-src=\"https:\/\/marcopachiega.com\/besp\/wp-content\/uploads\/sites\/13\/2020\/05\/DSC1212-Edit.jpg\"\n                 data-image=\"https:\/\/marcopachiega.com\/besp\/wp-content\/uploads\/sites\/13\/2020\/05\/DSC1212-Edit.jpg\"\n                 data-description=\"\"\n                                 style=\"--smush-placeholder-width: 1226px; --smush-placeholder-aspect-ratio: 1226\/815;display:block\" src=\"data:image\/svg+xml;base64,PHN2ZyB3aWR0aD0iMSIgaGVpZ2h0PSIxIiB4bWxucz0iaHR0cDovL3d3dy53My5vcmcvMjAwMC9zdmciPjwvc3ZnPg==\" class=\"lazyload\">\n        <\/a>\n            <a href=\"\" target=\"_blank\">\n            <img decoding=\"async\" alt=\"\"\n                 data-type=\"image\"\n                 data-src=\"https:\/\/marcopachiega.com\/besp\/wp-content\/uploads\/sites\/13\/2020\/05\/DSC1219.jpg\"\n                 data-image=\"https:\/\/marcopachiega.com\/besp\/wp-content\/uploads\/sites\/13\/2020\/05\/DSC1219.jpg\"\n                 data-description=\"\"\n                                 style=\"--smush-placeholder-width: 1226px; --smush-placeholder-aspect-ratio: 1226\/815;display:block\" src=\"data:image\/svg+xml;base64,PHN2ZyB3aWR0aD0iMSIgaGVpZ2h0PSIxIiB4bWxucz0iaHR0cDovL3d3dy53My5vcmcvMjAwMC9zdmciPjwvc3ZnPg==\" class=\"lazyload\">\n        <\/a>\n            <a href=\"\" target=\"_blank\">\n            <img decoding=\"async\" alt=\"\"\n                 data-type=\"image\"\n                 data-src=\"https:\/\/marcopachiega.com\/besp\/wp-content\/uploads\/sites\/13\/2020\/05\/DSC1222-Edit.jpg\"\n                 data-image=\"https:\/\/marcopachiega.com\/besp\/wp-content\/uploads\/sites\/13\/2020\/05\/DSC1222-Edit.jpg\"\n                 data-description=\"\"\n                                 style=\"--smush-placeholder-width: 1226px; --smush-placeholder-aspect-ratio: 1226\/815;display:block\" src=\"data:image\/svg+xml;base64,PHN2ZyB3aWR0aD0iMSIgaGVpZ2h0PSIxIiB4bWxucz0iaHR0cDovL3d3dy53My5vcmcvMjAwMC9zdmciPjwvc3ZnPg==\" class=\"lazyload\">\n        <\/a>\n            <a href=\"\" target=\"_blank\">\n            <img decoding=\"async\" alt=\"\"\n                 data-type=\"image\"\n                 data-src=\"https:\/\/marcopachiega.com\/besp\/wp-content\/uploads\/sites\/13\/2020\/05\/DSC1234-Edit.jpg\"\n                 data-image=\"https:\/\/marcopachiega.com\/besp\/wp-content\/uploads\/sites\/13\/2020\/05\/DSC1234-Edit.jpg\"\n                 data-description=\"\"\n                                 style=\"--smush-placeholder-width: 1226px; --smush-placeholder-aspect-ratio: 1226\/815;display:block\" src=\"data:image\/svg+xml;base64,PHN2ZyB3aWR0aD0iMSIgaGVpZ2h0PSIxIiB4bWxucz0iaHR0cDovL3d3dy53My5vcmcvMjAwMC9zdmciPjwvc3ZnPg==\" class=\"lazyload\">\n        <\/a>\n            <a href=\"\" target=\"_blank\">\n            <img decoding=\"async\" alt=\"\"\n                 data-type=\"image\"\n                 data-src=\"https:\/\/marcopachiega.com\/besp\/wp-content\/uploads\/sites\/13\/2020\/05\/DSC1226-Edit2.jpg\"\n                 data-image=\"https:\/\/marcopachiega.com\/besp\/wp-content\/uploads\/sites\/13\/2020\/05\/DSC1226-Edit2.jpg\"\n                 data-description=\"\"\n                                 style=\"--smush-placeholder-width: 298px; --smush-placeholder-aspect-ratio: 298\/448;display:block\" src=\"data:image\/svg+xml;base64,PHN2ZyB3aWR0aD0iMSIgaGVpZ2h0PSIxIiB4bWxucz0iaHR0cDovL3d3dy53My5vcmcvMjAwMC9zdmciPjwvc3ZnPg==\" class=\"lazyload\">\n        <\/a>\n            <a href=\"\" target=\"_blank\">\n            <img decoding=\"async\" alt=\"\"\n                 data-type=\"image\"\n                 data-src=\"https:\/\/marcopachiega.com\/besp\/wp-content\/uploads\/sites\/13\/2020\/05\/DSC1228-Edit.jpg\"\n                 data-image=\"https:\/\/marcopachiega.com\/besp\/wp-content\/uploads\/sites\/13\/2020\/05\/DSC1228-Edit.jpg\"\n                 data-description=\"\"\n                                 style=\"--smush-placeholder-width: 1226px; --smush-placeholder-aspect-ratio: 1226\/815;display:block\" src=\"data:image\/svg+xml;base64,PHN2ZyB3aWR0aD0iMSIgaGVpZ2h0PSIxIiB4bWxucz0iaHR0cDovL3d3dy53My5vcmcvMjAwMC9zdmciPjwvc3ZnPg==\" class=\"lazyload\">\n        <\/a>\n            <a href=\"\" target=\"_blank\">\n            <img decoding=\"async\" alt=\"\"\n                 data-type=\"image\"\n                 data-src=\"https:\/\/marcopachiega.com\/besp\/wp-content\/uploads\/sites\/13\/2020\/05\/DSC1239.jpg\"\n                 data-image=\"https:\/\/marcopachiega.com\/besp\/wp-content\/uploads\/sites\/13\/2020\/05\/DSC1239.jpg\"\n                 data-description=\"\"\n                                 style=\"--smush-placeholder-width: 1226px; --smush-placeholder-aspect-ratio: 1226\/815;display:block\" src=\"data:image\/svg+xml;base64,PHN2ZyB3aWR0aD0iMSIgaGVpZ2h0PSIxIiB4bWxucz0iaHR0cDovL3d3dy53My5vcmcvMjAwMC9zdmciPjwvc3ZnPg==\" class=\"lazyload\">\n        <\/a>\n            <a href=\"\" target=\"_blank\">\n            <img decoding=\"async\" alt=\"\"\n                 data-type=\"image\"\n                 data-src=\"https:\/\/marcopachiega.com\/besp\/wp-content\/uploads\/sites\/13\/2020\/05\/DSC1254.jpg\"\n                 data-image=\"https:\/\/marcopachiega.com\/besp\/wp-content\/uploads\/sites\/13\/2020\/05\/DSC1254.jpg\"\n                 data-description=\"\"\n                                 style=\"--smush-placeholder-width: 1226px; --smush-placeholder-aspect-ratio: 1226\/815;display:block\" src=\"data:image\/svg+xml;base64,PHN2ZyB3aWR0aD0iMSIgaGVpZ2h0PSIxIiB4bWxucz0iaHR0cDovL3d3dy53My5vcmcvMjAwMC9zdmciPjwvc3ZnPg==\" class=\"lazyload\">\n        <\/a>\n            <a href=\"\" target=\"_blank\">\n            <img decoding=\"async\" alt=\"\"\n                 data-type=\"image\"\n                 data-src=\"https:\/\/marcopachiega.com\/besp\/wp-content\/uploads\/sites\/13\/2020\/05\/DSC1263.jpg\"\n                 data-image=\"https:\/\/marcopachiega.com\/besp\/wp-content\/uploads\/sites\/13\/2020\/05\/DSC1263.jpg\"\n                 data-description=\"\"\n                                 style=\"--smush-placeholder-width: 1226px; --smush-placeholder-aspect-ratio: 1226\/815;display:block\" src=\"data:image\/svg+xml;base64,PHN2ZyB3aWR0aD0iMSIgaGVpZ2h0PSIxIiB4bWxucz0iaHR0cDovL3d3dy53My5vcmcvMjAwMC9zdmciPjwvc3ZnPg==\" class=\"lazyload\">\n        <\/a>\n            <a href=\"\" target=\"_blank\">\n            <img decoding=\"async\" alt=\"\"\n                 data-type=\"image\"\n                 data-src=\"https:\/\/marcopachiega.com\/besp\/wp-content\/uploads\/sites\/13\/2020\/05\/DSC1262.jpg\"\n                 data-image=\"https:\/\/marcopachiega.com\/besp\/wp-content\/uploads\/sites\/13\/2020\/05\/DSC1262.jpg\"\n                 data-description=\"\"\n                                 style=\"--smush-placeholder-width: 1226px; --smush-placeholder-aspect-ratio: 1226\/815;display:block\" src=\"data:image\/svg+xml;base64,PHN2ZyB3aWR0aD0iMSIgaGVpZ2h0PSIxIiB4bWxucz0iaHR0cDovL3d3dy53My5vcmcvMjAwMC9zdmciPjwvc3ZnPg==\" class=\"lazyload\">\n        <\/a>\n            <a href=\"\" target=\"_blank\">\n            <img decoding=\"async\" alt=\"\"\n                 data-type=\"image\"\n                 data-src=\"https:\/\/marcopachiega.com\/besp\/wp-content\/uploads\/sites\/13\/2020\/05\/DSC1266-Edit2.jpg\"\n                 data-image=\"https:\/\/marcopachiega.com\/besp\/wp-content\/uploads\/sites\/13\/2020\/05\/DSC1266-Edit2.jpg\"\n                 data-description=\"\"\n                                 style=\"--smush-placeholder-width: 448px; --smush-placeholder-aspect-ratio: 448\/298;display:block\" src=\"data:image\/svg+xml;base64,PHN2ZyB3aWR0aD0iMSIgaGVpZ2h0PSIxIiB4bWxucz0iaHR0cDovL3d3dy53My5vcmcvMjAwMC9zdmciPjwvc3ZnPg==\" class=\"lazyload\">\n        <\/a>\n            <a href=\"\" target=\"_blank\">\n            <img decoding=\"async\" alt=\"\"\n                 data-type=\"image\"\n                 data-src=\"https:\/\/marcopachiega.com\/besp\/wp-content\/uploads\/sites\/13\/2020\/05\/DSC1309-2-Edit.jpg\"\n                 data-image=\"https:\/\/marcopachiega.com\/besp\/wp-content\/uploads\/sites\/13\/2020\/05\/DSC1309-2-Edit.jpg\"\n                 data-description=\"\"\n                                 style=\"--smush-placeholder-width: 1226px; --smush-placeholder-aspect-ratio: 1226\/815;display:block\" src=\"data:image\/svg+xml;base64,PHN2ZyB3aWR0aD0iMSIgaGVpZ2h0PSIxIiB4bWxucz0iaHR0cDovL3d3dy53My5vcmcvMjAwMC9zdmciPjwvc3ZnPg==\" class=\"lazyload\">\n        <\/a>\n            <a href=\"\" target=\"_blank\">\n            <img decoding=\"async\" alt=\"\"\n                 data-type=\"image\"\n                 data-src=\"https:\/\/marcopachiega.com\/besp\/wp-content\/uploads\/sites\/13\/2020\/05\/DSC1290.jpg\"\n                 data-image=\"https:\/\/marcopachiega.com\/besp\/wp-content\/uploads\/sites\/13\/2020\/05\/DSC1290.jpg\"\n                 data-description=\"\"\n                                 style=\"--smush-placeholder-width: 1226px; --smush-placeholder-aspect-ratio: 1226\/815;display:block\" src=\"data:image\/svg+xml;base64,PHN2ZyB3aWR0aD0iMSIgaGVpZ2h0PSIxIiB4bWxucz0iaHR0cDovL3d3dy53My5vcmcvMjAwMC9zdmciPjwvc3ZnPg==\" class=\"lazyload\">\n        <\/a>\n            <a href=\"\" target=\"_blank\">\n            <img decoding=\"async\" alt=\"\"\n                 data-type=\"image\"\n                 data-src=\"https:\/\/marcopachiega.com\/besp\/wp-content\/uploads\/sites\/13\/2020\/05\/DSC1282-HDR.jpg\"\n                 data-image=\"https:\/\/marcopachiega.com\/besp\/wp-content\/uploads\/sites\/13\/2020\/05\/DSC1282-HDR.jpg\"\n                 data-description=\"\"\n                                 style=\"--smush-placeholder-width: 1527px; --smush-placeholder-aspect-ratio: 1527\/654;display:block\" src=\"data:image\/svg+xml;base64,PHN2ZyB3aWR0aD0iMSIgaGVpZ2h0PSIxIiB4bWxucz0iaHR0cDovL3d3dy53My5vcmcvMjAwMC9zdmciPjwvc3ZnPg==\" class=\"lazyload\">\n        <\/a>\n            <a href=\"\" target=\"_blank\">\n            <img decoding=\"async\" alt=\"\"\n                 data-type=\"image\"\n                 data-src=\"https:\/\/marcopachiega.com\/besp\/wp-content\/uploads\/sites\/13\/2020\/05\/DSC1291.jpg\"\n                 data-image=\"https:\/\/marcopachiega.com\/besp\/wp-content\/uploads\/sites\/13\/2020\/05\/DSC1291.jpg\"\n                 data-description=\"\"\n                                 style=\"--smush-placeholder-width: 1226px; --smush-placeholder-aspect-ratio: 1226\/815;display:block\" src=\"data:image\/svg+xml;base64,PHN2ZyB3aWR0aD0iMSIgaGVpZ2h0PSIxIiB4bWxucz0iaHR0cDovL3d3dy53My5vcmcvMjAwMC9zdmciPjwvc3ZnPg==\" class=\"lazyload\">\n        <\/a>\n            <a href=\"\" target=\"_blank\">\n            <img decoding=\"async\" alt=\"\"\n                 data-type=\"image\"\n                 data-src=\"https:\/\/marcopachiega.com\/besp\/wp-content\/uploads\/sites\/13\/2020\/05\/DSC1315.jpg\"\n                 data-image=\"https:\/\/marcopachiega.com\/besp\/wp-content\/uploads\/sites\/13\/2020\/05\/DSC1315.jpg\"\n                 data-description=\"\"\n                                 style=\"--smush-placeholder-width: 1226px; --smush-placeholder-aspect-ratio: 1226\/815;display:block\" src=\"data:image\/svg+xml;base64,PHN2ZyB3aWR0aD0iMSIgaGVpZ2h0PSIxIiB4bWxucz0iaHR0cDovL3d3dy53My5vcmcvMjAwMC9zdmciPjwvc3ZnPg==\" class=\"lazyload\">\n        <\/a>\n    <\/div>\n\n\n\n<script type=\"text\/javascript\">\n\n\n    (function() {\n        var runMyCode = function() {\n            jQuery(document).ready(function () {\n                var container = jQuery(\"#gdgallery_container_33\");\n                container.unitegallery({\"gallery_theme\":\"justified\",\"tiles_type\":\"justified\",\"tiles_justified_space_between\":10,\"tile_enable_textpanel\":true,\"tile_textpanel_always_on\":true,\"tile_textpanel_title_text_align\":\"center\",\"tile_textpanel_title_font_size\":\"16\",\"tile_textpanel_title_color\":\"#FFFFFF\",\"tile_textpanel_bg_color\":\"#333333\",\"tile_textpanel_bg_opacity\":0.7,\"tile_enable_border\":true,\"tile_border_width\":\"0\",\"tile_border_color\":\"#333333\",\"tile_border_radius\":\"0\",\"tile_enable_overlay\":true,\"tile_enable_image_effect\":true,\"tile_image_effect_type\":\"blur\",\"tile_image_effect_reverse\":true,\"tile_enable_shadow\":false,\"tile_as_link\":false,\"tile_enable_icons\":true,\"tile_show_link_icon\":true,\"tile_textpanel_appear_type\":\"slide\",\"tile_textpanel_position\":\"inside_bottom\",\"tile_link_newpage\":true,\"lightbox_type\":\"wide\",\"lightbox_arrows_offset\":0,\"lightbox_overlay_color\":\"#000000\",\"lightbox_overlay_opacity\":1,\"lightbox_top_panel_opacity\":1,\"lightbox_show_numbers\":true,\"lightbox_numbers_size\":\"15\",\"lightbox_numbers_color\":\"#FFFFFF\",\"lightbox_slider_image_border_width\":\"0\",\"lightbox_slider_image_border_color\":\"#FFFFFF\",\"lightbox_slider_image_border_radius\":0,\"lightbox_slider_image_shadow\":true,\"lightbox_slider_control_swipe\":true,\"lightbox_slider_control_zoom\":true,\"lightbox_slider_image_border\":true,\"lightbox_show_textpanel\":true,\"lightbox_textpanel_enable_title\":true,\"lightbox_textpanel_enable_description\":false,\"lightbox_textpanel_padding_top\":5,\"lightbox_textpanel_padding_bottom\":5,\"lightbox_textpanel_padding_right\":5,\"lightbox_textpanel_padding_left\":5,\"lightbox_textpanel_title_color\":\"#FFFFFF\",\"lightbox_textpanel_title_text_align\":\"center\",\"lightbox_textpanel_title_font_size\":\"16\",\"lightbox_textpanel_desc_color\":\"#FFFFFF\",\"lightbox_textpanel_desc_text_align\":\"center\",\"lightbox_textpanel_desc_font_size\":\"14\"});\n            });\n        };\n        var timer = function() {\n            if (window.jQuery) {runMyCode(window.jQuery);}\n            else {window.setTimeout(timer, 100);}\n        };\n        timer();\n    })();\n<\/script><style>\n#gdgallery-container-33 {\n   text-align: center}\n\n.gdgallery-pagination-33{\ntext-align: center !important;\n}\n\n.gdgallery-pagination-33 a{\n    font-size: 15px !important;\n    padding: 8px 13px !important;\n    margin: 3px !important;\n    border: 1px solid #333333 !important;\n    border-radius: 0px !important;\n    color: #333333 !important;\n    background-color: #FFFFFF !important;\n    font-family: monospace !important;\n}\n\n.gdgallery-pagination-33 a:hover, .gdgallery-pagination-33 a.gdgallery-pagination-icon-active{\n    color: #FFFFFF !important;\n    background-color: #333333 !important;\n    border-color: #333333 !important;\n}\n\n#gdgallery-container-33 .gdgallery_load_more_space{\n    margin-top: 20px !important;\n    text-align: center !important;\n}\n\n#gdgallery-container-33 .gdgallery_load_more_space button{\n                      padding: 8px 13px !important;\n    font-size: 15px !important;\n    background-color: #333333 !important;\n    color: #FFFFFF !important;\n    border:1px solid #333333 !important;\n                      border-radius: 0px !important;\n                      font-family: monospace !important;\n                  }\n#gdgallery-container-33 .gdgallery_load_more_space button:hover{\n                      background-color: #FFFFFF !important;\n                      color: #333333 !important;\n                      border-color: #333333 !important;\n                  }\n\n#gdgallery-container-33 .gdgallery_load_more_space button,\n#gdgallery-container-33 .gdgallery_load_more_space button:hover,\n#gdgallery-container-33 .gdgallery_load_more_space button:active,\n#gdgallery-container-33 .gdgallery_load_more_space button:focus{\n    outline: none !important;\n}\n\n\n#gdgallery-container-33 .gdgallery_loading li{\n                      border: 3px solid #333333 !important;\n                  }\n\n.ug-lightbox .ug-lightbox-top-panel-overlay{\n    background-color: #000000 !important;\n}\n\n\n                  #gdgallery_container_33{}\n<\/style>\n\n\n\n<\/div>\n\n\n\n\n\n\n<p>&nbsp;<\/p>\n<p><em>Marco Pachiega<\/em><\/p>\n<p>&nbsp;<\/p>\n<p>&nbsp;<\/p>\n","protected":false},"excerpt":{"rendered":"<p>La melancol\u00eda del \u00abCam\u00ec dels Monjos\u00bb y la Mola La curiosa formaci\u00f3n rocosa lleva consigo una leyenda de los monjes de Sant Cugat del Valles El 25 de mayo de 2020, Barcelona finalmente pasar\u00e1 a la tan esperada Fase 1. Sin embargo, estamos en estado de alerta por la pandemia de Covid-19. Un evento hist\u00f3rico que ha cambiado y cambiar\u00e1 la forma en que vivimos y socializamos. Esperando los pr\u00f3ximos pasos necesarios para volver a la normalidad, si podemos decirlo, resurgen las im\u00e1genes y sensaciones pasadas de mis excursiones. Esta es una de esas. La ciudad de Terrassa M\u00e1s all\u00e1 del macizo de Collserola se extiende una vasta llanura el&hellip; <a class=\"read-more\" href=\"https:\/\/marcopachiega.com\/besp\/la-melancolia-del-cami-dels-monjos-y-la-mola\/\">Read More<\/a><\/p>\n","protected":false},"author":1,"featured_media":3421,"comment_status":"open","ping_status":"open","sticky":false,"template":"","format":"standard","meta":{"footnotes":""},"categories":[328],"tags":[26,461,158,180,154,240,400,36,462,137,463,153],"class_list":["post-3416","post","type-post","status-publish","format-standard","has-post-thumbnail","hentry","category-escapadas-viajes-y-otras-historias","tag-barcelona","tag-cami-dels-monjos","tag-catalunia","tag-discover","tag-nature","tag-panorama","tag-panoramic","tag-spain","tag-terrassa","tag-travel","tag-travelphotograph","tag-trekking"],"yoast_head":"<!-- This site is optimized with the Yoast SEO plugin v27.3 - https:\/\/yoast.com\/product\/yoast-seo-wordpress\/ -->\n<title>La melancol\u00eda del &quot;Cam\u00ec dels Monjos&quot; y la Mola - Pachiega&#039;s blog<\/title>\n<meta name=\"description\" content=\"La melancol\u00eda del &quot;Cam\u00ec dels Monjos&quot; y la Mola. La curiosa formaci\u00f3n rocosa lleva consigo una leyenda de los monjes de Sant Cugat del Valles\" \/>\n<meta name=\"robots\" content=\"index, follow, max-snippet:-1, max-image-preview:large, max-video-preview:-1\" \/>\n<link rel=\"canonical\" href=\"https:\/\/marcopachiega.com\/besp\/la-melancolia-del-cami-dels-monjos-y-la-mola\/\" \/>\n<meta property=\"og:locale\" content=\"es_ES\" \/>\n<meta property=\"og:type\" content=\"article\" \/>\n<meta property=\"og:title\" content=\"La melancol\u00eda del &quot;Cam\u00ec dels Monjos&quot; y la Mola - Pachiega&#039;s blog\" \/>\n<meta property=\"og:description\" content=\"La melancol\u00eda del &quot;Cam\u00ec dels Monjos&quot; y la Mola. La curiosa formaci\u00f3n rocosa lleva consigo una leyenda de los monjes de Sant Cugat del Valles\" \/>\n<meta property=\"og:url\" content=\"https:\/\/marcopachiega.com\/besp\/la-melancolia-del-cami-dels-monjos-y-la-mola\/\" \/>\n<meta property=\"og:site_name\" content=\"Pachiega&#039;s blog\" \/>\n<meta property=\"article:published_time\" content=\"2020-05-22T22:46:19+00:00\" \/>\n<meta property=\"og:image\" content=\"https:\/\/marcopachiega.com\/besp\/wp-content\/uploads\/sites\/13\/2020\/05\/DSC1228-Edit.jpg\" \/>\n\t<meta property=\"og:image:width\" content=\"1226\" \/>\n\t<meta property=\"og:image:height\" content=\"815\" \/>\n\t<meta property=\"og:image:type\" content=\"image\/jpeg\" \/>\n<meta name=\"author\" content=\"marcopac\" \/>\n<meta name=\"twitter:card\" content=\"summary_large_image\" \/>\n<meta name=\"twitter:label1\" content=\"Escrito por\" \/>\n\t<meta name=\"twitter:data1\" content=\"marcopac\" \/>\n\t<meta name=\"twitter:label2\" content=\"Tiempo de lectura\" \/>\n\t<meta name=\"twitter:data2\" content=\"5 minutos\" \/>\n<script type=\"application\/ld+json\" class=\"yoast-schema-graph\">{\"@context\":\"https:\\\/\\\/schema.org\",\"@graph\":[{\"@type\":\"Article\",\"@id\":\"https:\\\/\\\/marcopachiega.com\\\/besp\\\/la-melancolia-del-cami-dels-monjos-y-la-mola\\\/#article\",\"isPartOf\":{\"@id\":\"https:\\\/\\\/marcopachiega.com\\\/besp\\\/la-melancolia-del-cami-dels-monjos-y-la-mola\\\/\"},\"author\":{\"name\":\"marcopac\",\"@id\":\"https:\\\/\\\/marcopachiega.com\\\/besp\\\/#\\\/schema\\\/person\\\/5800e113375ba5f33499beca73ac3336\"},\"headline\":\"La melancol\u00eda del \u00abCam\u00ec dels Monjos\u00bb y la Mola\",\"datePublished\":\"2020-05-22T22:46:19+00:00\",\"mainEntityOfPage\":{\"@id\":\"https:\\\/\\\/marcopachiega.com\\\/besp\\\/la-melancolia-del-cami-dels-monjos-y-la-mola\\\/\"},\"wordCount\":1026,\"commentCount\":0,\"image\":{\"@id\":\"https:\\\/\\\/marcopachiega.com\\\/besp\\\/la-melancolia-del-cami-dels-monjos-y-la-mola\\\/#primaryimage\"},\"thumbnailUrl\":\"https:\\\/\\\/marcopachiega.com\\\/besp\\\/wp-content\\\/uploads\\\/sites\\\/13\\\/2020\\\/05\\\/DSC1228-Edit.jpg\",\"keywords\":[\"barcelona\",\"Cam\u00ec dels monjos\",\"Catalunia\",\"discover\",\"nature\",\"panorama\",\"Panoramic\",\"spain\",\"terrassa\",\"travel\",\"travelphotograph\",\"trekking\"],\"articleSection\":[\"Escapadas, viajes y otras historias\"],\"inLanguage\":\"es\",\"potentialAction\":[{\"@type\":\"CommentAction\",\"name\":\"Comment\",\"target\":[\"https:\\\/\\\/marcopachiega.com\\\/besp\\\/la-melancolia-del-cami-dels-monjos-y-la-mola\\\/#respond\"]}]},{\"@type\":\"WebPage\",\"@id\":\"https:\\\/\\\/marcopachiega.com\\\/besp\\\/la-melancolia-del-cami-dels-monjos-y-la-mola\\\/\",\"url\":\"https:\\\/\\\/marcopachiega.com\\\/besp\\\/la-melancolia-del-cami-dels-monjos-y-la-mola\\\/\",\"name\":\"La melancol\u00eda del \\\"Cam\u00ec dels Monjos\\\" y la Mola - Pachiega&#039;s blog\",\"isPartOf\":{\"@id\":\"https:\\\/\\\/marcopachiega.com\\\/besp\\\/#website\"},\"primaryImageOfPage\":{\"@id\":\"https:\\\/\\\/marcopachiega.com\\\/besp\\\/la-melancolia-del-cami-dels-monjos-y-la-mola\\\/#primaryimage\"},\"image\":{\"@id\":\"https:\\\/\\\/marcopachiega.com\\\/besp\\\/la-melancolia-del-cami-dels-monjos-y-la-mola\\\/#primaryimage\"},\"thumbnailUrl\":\"https:\\\/\\\/marcopachiega.com\\\/besp\\\/wp-content\\\/uploads\\\/sites\\\/13\\\/2020\\\/05\\\/DSC1228-Edit.jpg\",\"datePublished\":\"2020-05-22T22:46:19+00:00\",\"author\":{\"@id\":\"https:\\\/\\\/marcopachiega.com\\\/besp\\\/#\\\/schema\\\/person\\\/5800e113375ba5f33499beca73ac3336\"},\"description\":\"La melancol\u00eda del \\\"Cam\u00ec dels Monjos\\\" y la Mola. La curiosa formaci\u00f3n rocosa lleva consigo una leyenda de los monjes de Sant Cugat del Valles\",\"breadcrumb\":{\"@id\":\"https:\\\/\\\/marcopachiega.com\\\/besp\\\/la-melancolia-del-cami-dels-monjos-y-la-mola\\\/#breadcrumb\"},\"inLanguage\":\"es\",\"potentialAction\":[{\"@type\":\"ReadAction\",\"target\":[\"https:\\\/\\\/marcopachiega.com\\\/besp\\\/la-melancolia-del-cami-dels-monjos-y-la-mola\\\/\"]}]},{\"@type\":\"ImageObject\",\"inLanguage\":\"es\",\"@id\":\"https:\\\/\\\/marcopachiega.com\\\/besp\\\/la-melancolia-del-cami-dels-monjos-y-la-mola\\\/#primaryimage\",\"url\":\"https:\\\/\\\/marcopachiega.com\\\/besp\\\/wp-content\\\/uploads\\\/sites\\\/13\\\/2020\\\/05\\\/DSC1228-Edit.jpg\",\"contentUrl\":\"https:\\\/\\\/marcopachiega.com\\\/besp\\\/wp-content\\\/uploads\\\/sites\\\/13\\\/2020\\\/05\\\/DSC1228-Edit.jpg\",\"width\":1226,\"height\":815},{\"@type\":\"BreadcrumbList\",\"@id\":\"https:\\\/\\\/marcopachiega.com\\\/besp\\\/la-melancolia-del-cami-dels-monjos-y-la-mola\\\/#breadcrumb\",\"itemListElement\":[{\"@type\":\"ListItem\",\"position\":1,\"name\":\"Home\",\"item\":\"https:\\\/\\\/marcopachiega.com\\\/besp\\\/\"},{\"@type\":\"ListItem\",\"position\":2,\"name\":\"La melancol\u00eda del \u00abCam\u00ec dels Monjos\u00bb y la Mola\"}]},{\"@type\":\"WebSite\",\"@id\":\"https:\\\/\\\/marcopachiega.com\\\/besp\\\/#website\",\"url\":\"https:\\\/\\\/marcopachiega.com\\\/besp\\\/\",\"name\":\"Pachiega&#039;s blog\",\"description\":\"Observation post\",\"potentialAction\":[{\"@type\":\"SearchAction\",\"target\":{\"@type\":\"EntryPoint\",\"urlTemplate\":\"https:\\\/\\\/marcopachiega.com\\\/besp\\\/?s={search_term_string}\"},\"query-input\":{\"@type\":\"PropertyValueSpecification\",\"valueRequired\":true,\"valueName\":\"search_term_string\"}}],\"inLanguage\":\"es\"},{\"@type\":\"Person\",\"@id\":\"https:\\\/\\\/marcopachiega.com\\\/besp\\\/#\\\/schema\\\/person\\\/5800e113375ba5f33499beca73ac3336\",\"name\":\"marcopac\",\"image\":{\"@type\":\"ImageObject\",\"inLanguage\":\"es\",\"@id\":\"https:\\\/\\\/secure.gravatar.com\\\/avatar\\\/f6c773c53a48c8f498fdb1e3aea06bcb45bf414ea7545feb7c90bb02e9b7c999?s=96&d=mm&r=g\",\"url\":\"https:\\\/\\\/secure.gravatar.com\\\/avatar\\\/f6c773c53a48c8f498fdb1e3aea06bcb45bf414ea7545feb7c90bb02e9b7c999?s=96&d=mm&r=g\",\"contentUrl\":\"https:\\\/\\\/secure.gravatar.com\\\/avatar\\\/f6c773c53a48c8f498fdb1e3aea06bcb45bf414ea7545feb7c90bb02e9b7c999?s=96&d=mm&r=g\",\"caption\":\"marcopac\"},\"sameAs\":[\"http:\\\/\\\/www.marcopachiega.com\",\"https:\\\/\\\/www.instagram.com\\\/marcopachiega\\\/\",\"https:\\\/\\\/www.linkedin.com\\\/in\\\/marco-pachiega-38546b92\\\/?locale=es_ES\",\"https:\\\/\\\/www.youtube.com\\\/@marcopachiega2999\\\/featured\"],\"url\":\"https:\\\/\\\/marcopachiega.com\\\/besp\\\/author\\\/marcopac\\\/\"}]}<\/script>\n<!-- \/ Yoast SEO plugin. -->","yoast_head_json":{"title":"La melancol\u00eda del \"Cam\u00ec dels Monjos\" y la Mola - Pachiega&#039;s blog","description":"La melancol\u00eda del \"Cam\u00ec dels Monjos\" y la Mola. La curiosa formaci\u00f3n rocosa lleva consigo una leyenda de los monjes de Sant Cugat del Valles","robots":{"index":"index","follow":"follow","max-snippet":"max-snippet:-1","max-image-preview":"max-image-preview:large","max-video-preview":"max-video-preview:-1"},"canonical":"https:\/\/marcopachiega.com\/besp\/la-melancolia-del-cami-dels-monjos-y-la-mola\/","og_locale":"es_ES","og_type":"article","og_title":"La melancol\u00eda del \"Cam\u00ec dels Monjos\" y la Mola - Pachiega&#039;s blog","og_description":"La melancol\u00eda del \"Cam\u00ec dels Monjos\" y la Mola. La curiosa formaci\u00f3n rocosa lleva consigo una leyenda de los monjes de Sant Cugat del Valles","og_url":"https:\/\/marcopachiega.com\/besp\/la-melancolia-del-cami-dels-monjos-y-la-mola\/","og_site_name":"Pachiega&#039;s blog","article_published_time":"2020-05-22T22:46:19+00:00","og_image":[{"width":1226,"height":815,"url":"https:\/\/marcopachiega.com\/besp\/wp-content\/uploads\/sites\/13\/2020\/05\/DSC1228-Edit.jpg","type":"image\/jpeg"}],"author":"marcopac","twitter_card":"summary_large_image","twitter_misc":{"Escrito por":"marcopac","Tiempo de lectura":"5 minutos"},"schema":{"@context":"https:\/\/schema.org","@graph":[{"@type":"Article","@id":"https:\/\/marcopachiega.com\/besp\/la-melancolia-del-cami-dels-monjos-y-la-mola\/#article","isPartOf":{"@id":"https:\/\/marcopachiega.com\/besp\/la-melancolia-del-cami-dels-monjos-y-la-mola\/"},"author":{"name":"marcopac","@id":"https:\/\/marcopachiega.com\/besp\/#\/schema\/person\/5800e113375ba5f33499beca73ac3336"},"headline":"La melancol\u00eda del \u00abCam\u00ec dels Monjos\u00bb y la Mola","datePublished":"2020-05-22T22:46:19+00:00","mainEntityOfPage":{"@id":"https:\/\/marcopachiega.com\/besp\/la-melancolia-del-cami-dels-monjos-y-la-mola\/"},"wordCount":1026,"commentCount":0,"image":{"@id":"https:\/\/marcopachiega.com\/besp\/la-melancolia-del-cami-dels-monjos-y-la-mola\/#primaryimage"},"thumbnailUrl":"https:\/\/marcopachiega.com\/besp\/wp-content\/uploads\/sites\/13\/2020\/05\/DSC1228-Edit.jpg","keywords":["barcelona","Cam\u00ec dels monjos","Catalunia","discover","nature","panorama","Panoramic","spain","terrassa","travel","travelphotograph","trekking"],"articleSection":["Escapadas, viajes y otras historias"],"inLanguage":"es","potentialAction":[{"@type":"CommentAction","name":"Comment","target":["https:\/\/marcopachiega.com\/besp\/la-melancolia-del-cami-dels-monjos-y-la-mola\/#respond"]}]},{"@type":"WebPage","@id":"https:\/\/marcopachiega.com\/besp\/la-melancolia-del-cami-dels-monjos-y-la-mola\/","url":"https:\/\/marcopachiega.com\/besp\/la-melancolia-del-cami-dels-monjos-y-la-mola\/","name":"La melancol\u00eda del \"Cam\u00ec dels Monjos\" y la Mola - Pachiega&#039;s blog","isPartOf":{"@id":"https:\/\/marcopachiega.com\/besp\/#website"},"primaryImageOfPage":{"@id":"https:\/\/marcopachiega.com\/besp\/la-melancolia-del-cami-dels-monjos-y-la-mola\/#primaryimage"},"image":{"@id":"https:\/\/marcopachiega.com\/besp\/la-melancolia-del-cami-dels-monjos-y-la-mola\/#primaryimage"},"thumbnailUrl":"https:\/\/marcopachiega.com\/besp\/wp-content\/uploads\/sites\/13\/2020\/05\/DSC1228-Edit.jpg","datePublished":"2020-05-22T22:46:19+00:00","author":{"@id":"https:\/\/marcopachiega.com\/besp\/#\/schema\/person\/5800e113375ba5f33499beca73ac3336"},"description":"La melancol\u00eda del \"Cam\u00ec dels Monjos\" y la Mola. La curiosa formaci\u00f3n rocosa lleva consigo una leyenda de los monjes de Sant Cugat del Valles","breadcrumb":{"@id":"https:\/\/marcopachiega.com\/besp\/la-melancolia-del-cami-dels-monjos-y-la-mola\/#breadcrumb"},"inLanguage":"es","potentialAction":[{"@type":"ReadAction","target":["https:\/\/marcopachiega.com\/besp\/la-melancolia-del-cami-dels-monjos-y-la-mola\/"]}]},{"@type":"ImageObject","inLanguage":"es","@id":"https:\/\/marcopachiega.com\/besp\/la-melancolia-del-cami-dels-monjos-y-la-mola\/#primaryimage","url":"https:\/\/marcopachiega.com\/besp\/wp-content\/uploads\/sites\/13\/2020\/05\/DSC1228-Edit.jpg","contentUrl":"https:\/\/marcopachiega.com\/besp\/wp-content\/uploads\/sites\/13\/2020\/05\/DSC1228-Edit.jpg","width":1226,"height":815},{"@type":"BreadcrumbList","@id":"https:\/\/marcopachiega.com\/besp\/la-melancolia-del-cami-dels-monjos-y-la-mola\/#breadcrumb","itemListElement":[{"@type":"ListItem","position":1,"name":"Home","item":"https:\/\/marcopachiega.com\/besp\/"},{"@type":"ListItem","position":2,"name":"La melancol\u00eda del \u00abCam\u00ec dels Monjos\u00bb y la Mola"}]},{"@type":"WebSite","@id":"https:\/\/marcopachiega.com\/besp\/#website","url":"https:\/\/marcopachiega.com\/besp\/","name":"Pachiega&#039;s blog","description":"Observation post","potentialAction":[{"@type":"SearchAction","target":{"@type":"EntryPoint","urlTemplate":"https:\/\/marcopachiega.com\/besp\/?s={search_term_string}"},"query-input":{"@type":"PropertyValueSpecification","valueRequired":true,"valueName":"search_term_string"}}],"inLanguage":"es"},{"@type":"Person","@id":"https:\/\/marcopachiega.com\/besp\/#\/schema\/person\/5800e113375ba5f33499beca73ac3336","name":"marcopac","image":{"@type":"ImageObject","inLanguage":"es","@id":"https:\/\/secure.gravatar.com\/avatar\/f6c773c53a48c8f498fdb1e3aea06bcb45bf414ea7545feb7c90bb02e9b7c999?s=96&d=mm&r=g","url":"https:\/\/secure.gravatar.com\/avatar\/f6c773c53a48c8f498fdb1e3aea06bcb45bf414ea7545feb7c90bb02e9b7c999?s=96&d=mm&r=g","contentUrl":"https:\/\/secure.gravatar.com\/avatar\/f6c773c53a48c8f498fdb1e3aea06bcb45bf414ea7545feb7c90bb02e9b7c999?s=96&d=mm&r=g","caption":"marcopac"},"sameAs":["http:\/\/www.marcopachiega.com","https:\/\/www.instagram.com\/marcopachiega\/","https:\/\/www.linkedin.com\/in\/marco-pachiega-38546b92\/?locale=es_ES","https:\/\/www.youtube.com\/@marcopachiega2999\/featured"],"url":"https:\/\/marcopachiega.com\/besp\/author\/marcopac\/"}]}},"_links":{"self":[{"href":"https:\/\/marcopachiega.com\/besp\/wp-json\/wp\/v2\/posts\/3416","targetHints":{"allow":["GET"]}}],"collection":[{"href":"https:\/\/marcopachiega.com\/besp\/wp-json\/wp\/v2\/posts"}],"about":[{"href":"https:\/\/marcopachiega.com\/besp\/wp-json\/wp\/v2\/types\/post"}],"author":[{"embeddable":true,"href":"https:\/\/marcopachiega.com\/besp\/wp-json\/wp\/v2\/users\/1"}],"replies":[{"embeddable":true,"href":"https:\/\/marcopachiega.com\/besp\/wp-json\/wp\/v2\/comments?post=3416"}],"version-history":[{"count":0,"href":"https:\/\/marcopachiega.com\/besp\/wp-json\/wp\/v2\/posts\/3416\/revisions"}],"wp:featuredmedia":[{"embeddable":true,"href":"https:\/\/marcopachiega.com\/besp\/wp-json\/wp\/v2\/media\/3421"}],"wp:attachment":[{"href":"https:\/\/marcopachiega.com\/besp\/wp-json\/wp\/v2\/media?parent=3416"}],"wp:term":[{"taxonomy":"category","embeddable":true,"href":"https:\/\/marcopachiega.com\/besp\/wp-json\/wp\/v2\/categories?post=3416"},{"taxonomy":"post_tag","embeddable":true,"href":"https:\/\/marcopachiega.com\/besp\/wp-json\/wp\/v2\/tags?post=3416"}],"curies":[{"name":"wp","href":"https:\/\/api.w.org\/{rel}","templated":true}]}}