{"id":3771,"date":"2021-10-09T17:23:48","date_gmt":"2021-10-09T17:23:48","guid":{"rendered":"https:\/\/marcopachiega.com\/blog\/?p=3771"},"modified":"2021-10-10T14:30:13","modified_gmt":"2021-10-10T14:30:13","slug":"el-inmenso-paisaje-de-cala-dalbarca","status":"publish","type":"post","link":"https:\/\/marcopachiega.com\/besp\/el-inmenso-paisaje-de-cala-dalbarca\/","title":{"rendered":"El inmenso paisaje de Cala d&#8217;Albarca"},"content":{"rendered":"<h1 style=\"text-align: center;\">El inmenso paisaje de Cala d&#8217;Albarca<\/h1>\n<h2 style=\"text-align: center;\">Un rinc\u00f3n de la isla donde las fuerzas del viento y el mar te trasladan a un pasado prehist\u00f3rico.<\/h2>\n<h3>&nbsp;<\/h3>\n<p><img fetchpriority=\"high\" decoding=\"async\" class=\"aligncenter wp-image-3845 size-full\" src=\"https:\/\/marcopachiega.com\/blog\/wp-content\/uploads\/sites\/9\/2021\/10\/DSC4663-Pano.jpg\" alt=\"paisaje de Cala d'Albarca\" width=\"1503\" height=\"664\"><\/p>\n<h3><strong>Ibiza<\/strong><\/h3>\n<p>En el \u00faltimo art\u00edculo habl\u00e9 de la <a href=\"https:\/\/marcopachiega.com\/besp\/atlantis-la-salvaje-y-fascinante-cantera-ibicenca\/\" target=\"_blank\" rel=\"noopener\"><strong>cantera ibicenca de Sa pedrera de Cala d&#8217;Hort<\/strong><\/a>. Una zona al oeste de la isla, ahora convertida en una cala especial para los amantes del sol y la postura.<\/p>\n<p>A diferencia de las otras zonas, la norte resulta ser muy diferente a los estereotipos a los que estamos acostumbrados. No hay bares, chiriguitos, discotecas o hamacas y sombrillas para resguardarse del abrasador sol de verano. Esta parte de la costa es una sucesi\u00f3n de rocas y acantilados de hasta 200 metros de altura. Para los amantes de las fiestas o de posar con el disfraz reci\u00e9n comprado, quiz\u00e1s no sea la mejor opci\u00f3n para enriquecerse con likes en las redes sociales.<\/p>\n<p>Pero para los amantes de la fuerza bruta y salvaje de la naturaleza, la costa norte es uno de los mejores lugares para admirar el trabajo incesante de las fuerzas del mar y el viento. Ibiza tiene muchas caras que mostrar y adem\u00e1s de la tur\u00edstica a\u00fan conserva, en peque\u00f1os rincones, el encanto de una \u00e9poca pasada. Cuando el hombre cambi\u00f3 t\u00edmidamente el paisaje para poder sostenerse a s\u00ed mismo.<\/p>\n<h3><strong>Santa Agn\u00e9s<\/strong><\/h3>\n<p>Alej\u00e1ndose de las aglomeraciones tur\u00edsticas, perdida en una explanada llamada Corona, se encuentra la urbanizaci\u00f3n de <a href=\"https:\/\/es.wikipedia.org\/wiki\/Santa_Agn%C3%A8s_de_Corona\" target=\"_blank\" rel=\"noopener\"><strong>Santa Agn\u00e9s<\/strong><\/a>. Un peque\u00f1o n\u00facleo donde una antigua iglesia, un par de bares y restaurantes conforman el centro atravesado por tan solo tres calles. A su alrededor reina un paisaje antiguo y duro ahora declarado \u00e1rea protegida. Casas rodeadas de plantaciones de almendros, naranjos, limoneros y tierra. Llegar a Santa Agn\u00e9s es un poco como retroceder 50 a\u00f1os cuando Ibiza a\u00fan no estaba invadida por el turismo concreto y de masas.<\/p>\n<p><img decoding=\"async\" class=\"aligncenter wp-image-3870 lazyload\" data-src=\"https:\/\/marcopachiega.com\/blog\/wp-content\/uploads\/sites\/9\/2021\/10\/DSC5475.jpg\" alt=\"\" width=\"600\" height=\"400\" src=\"data:image\/svg+xml;base64,PHN2ZyB3aWR0aD0iMSIgaGVpZ2h0PSIxIiB4bWxucz0iaHR0cDovL3d3dy53My5vcmcvMjAwMC9zdmciPjwvc3ZnPg==\" style=\"--smush-placeholder-width: 600px; --smush-placeholder-aspect-ratio: 600\/400;\"><\/p>\n<p>En pocos minutos en coche, continuando hasta Sant Mateu y siguiendo las indicaciones, llegar\u00e1 al aparcamiento de Cala d&#8217;Albarca. Desde aqu\u00ed comienza un camino de tierra herido por el sol y violentas tormentas que desciende hasta la bah\u00eda de Albarca escondida por una espesa vegetaci\u00f3n de pinos mar\u00edtimos.<\/p>\n<p>Salgo de la camioneta, preparo mi mochila y me puse a caminar por el sendero.<\/p>\n<h3>Solo naturaleza<\/h3>\n<p>Durante el trayecto aprecio el olor del mar mezclado con el de los pinos. Debido al fuerte viento de los \u00faltimos d\u00edas puedo escuchar el rugido de las olas que ocasionalmente rompen el silencio. A pesar de los olores y sonidos, las frondas de los \u00e1rboles no me permiten entender claramente lo que me espera una vez que llegue al fondo. Entonces me concentro en el paisaje a corta distancia.<\/p>\n<p><img decoding=\"async\" class=\"aligncenter wp-image-3861 lazyload\" data-src=\"https:\/\/marcopachiega.com\/blog\/wp-content\/uploads\/sites\/9\/2021\/10\/DSC4613.jpg\" alt=\"\" width=\"600\" height=\"400\" src=\"data:image\/svg+xml;base64,PHN2ZyB3aWR0aD0iMSIgaGVpZ2h0PSIxIiB4bWxucz0iaHR0cDovL3d3dy53My5vcmcvMjAwMC9zdmciPjwvc3ZnPg==\" style=\"--smush-placeholder-width: 600px; --smush-placeholder-aspect-ratio: 600\/400;\"><\/p>\n<p>La vegetaci\u00f3n cubre fren\u00e9ticamente toda la bah\u00eda formada por peque\u00f1as plantas, enredaderas, helechos y olivos aislados que se alternan con grandes \u00e1rboles que dominan todo el paisaje. Una indicaci\u00f3n de que el aire es m\u00e1s fr\u00edo y h\u00famedo aqu\u00ed. Descendiendo poco a poco detr\u00e1s de m\u00ed se elevan altos muros de roca intercalados con varias terrazas construidas qui\u00e9n sabe cu\u00e1ndo. Son estructuras que aguantan sin ayuda de hormig\u00f3n, lo que me hace pensar que son de hace varias d\u00e9cadas. \u00bfQui\u00e9n sabe que la bah\u00eda fue una vez una zona verde de pasto y cultivo de pastores y agricultores? Inmerso en mis pensamientos fantaseando sobre c\u00f3mo podr\u00eda ser esta zona despejada de vegetaci\u00f3n, de repente se me abre un vistazo del panorama.<\/p>\n<p><img decoding=\"async\" class=\"aligncenter wp-image-3839 lazyload\" data-src=\"https:\/\/marcopachiega.com\/blog\/wp-content\/uploads\/sites\/9\/2021\/10\/DSC4652.jpg\" alt=\"paisaje de Cala d'Albarca\" width=\"600\" height=\"400\" src=\"data:image\/svg+xml;base64,PHN2ZyB3aWR0aD0iMSIgaGVpZ2h0PSIxIiB4bWxucz0iaHR0cDovL3d3dy53My5vcmcvMjAwMC9zdmciPjwvc3ZnPg==\" style=\"--smush-placeholder-width: 600px; --smush-placeholder-aspect-ratio: 600\/400;\"><\/p>\n<p>Me quedo para admirar la imagen que finalmente me otorgan los \u00e1rboles. A lo lejos un inmenso acantilado que regresando con una gran curva se convierte en una serie de rocas gigantes frente al mar cargadas por olas de considerable fuerza.<\/p>\n<h3>Paisaje prehist\u00f3rico<\/h3>\n<p>El inmenso paisaje de Cala d&#8217;Albarca es un rinc\u00f3n del para\u00edso donde el verde y el azul te dejan sin aliento pero al mismo tiempo te advierten y te recuerdan que el mundo seguir\u00e1 sin nosotros. Sediento de ver d\u00f3nde termina el camino en unos minutos llego a mi destino. La vista que se abre entra en mis ojos con fuerza.<\/p>\n<p><img decoding=\"async\" class=\"aligncenter wp-image-3844 lazyload\" data-src=\"https:\/\/marcopachiega.com\/blog\/wp-content\/uploads\/sites\/9\/2021\/10\/DSC4662.jpg\" alt=\"paisaje de Cala d'Albarca\" width=\"600\" height=\"400\" src=\"data:image\/svg+xml;base64,PHN2ZyB3aWR0aD0iMSIgaGVpZ2h0PSIxIiB4bWxucz0iaHR0cDovL3d3dy53My5vcmcvMjAwMC9zdmciPjwvc3ZnPg==\" style=\"--smush-placeholder-width: 600px; --smush-placeholder-aspect-ratio: 600\/400;\"><\/p>\n<p>El paseo termina justo enfrente de una conformaci\u00f3n tan curiosa como espectacular. Un puente de piedra lo suficientemente resistente como para cruzarlo, bajo el cual las olas rompen en un muro de 10 metros de altura de qui\u00e9n sabe qu\u00e9 \u00e9poca pasada. El acantilado que domina el mar est\u00e1 acompa\u00f1ado en la distancia por rocas cicl\u00f3peas que se dejan golpear con fuerza por las olas. La piedra sobre la que camino, formada por un mar milenario, a veces afilada refuerza la sensaci\u00f3n de estar en un pasado prehist\u00f3rico.<\/p>\n<p>Me ahogo asombrado en el paisaje tan espectacular como enfadado donde quiz\u00e1s solo faltar\u00edan los dinosaurios volando entre las rocas y el mar.<\/p>\n<p><img decoding=\"async\" class=\"aligncenter wp-image-3843 lazyload\" data-src=\"https:\/\/marcopachiega.com\/blog\/wp-content\/uploads\/sites\/9\/2021\/10\/DSC4661.jpg\" alt=\"\" width=\"600\" height=\"400\" src=\"data:image\/svg+xml;base64,PHN2ZyB3aWR0aD0iMSIgaGVpZ2h0PSIxIiB4bWxucz0iaHR0cDovL3d3dy53My5vcmcvMjAwMC9zdmciPjwvc3ZnPg==\" style=\"--smush-placeholder-width: 600px; --smush-placeholder-aspect-ratio: 600\/400;\"><\/p>\n<p>Los \u00e1rboles que miran al mar muestran su tenacidad ante la crueldad de las fuerzas naturales que se sucedieron a lo largo de los a\u00f1os. Tormentas marinas, viento y sol abrasador. Las incesantes olas rompen contra el escarpado acantilado creando salpicaduras de m\u00e1s de 10 metros de altura.<\/p>\n<p><img decoding=\"async\" class=\"aligncenter wp-image-3862 lazyload\" data-src=\"https:\/\/marcopachiega.com\/blog\/wp-content\/uploads\/sites\/9\/2021\/10\/DSC4624.jpg\" alt=\"\" width=\"600\" height=\"400\" src=\"data:image\/svg+xml;base64,PHN2ZyB3aWR0aD0iMSIgaGVpZ2h0PSIxIiB4bWxucz0iaHR0cDovL3d3dy53My5vcmcvMjAwMC9zdmciPjwvc3ZnPg==\" style=\"--smush-placeholder-width: 600px; --smush-placeholder-aspect-ratio: 600\/400;\"><\/p>\n<p>La formaci\u00f3n del puente de piedra es bien conocida por aquellos que aman explorar la isla a pie y, dependiendo de la temporada, es posible que no est\u00e9s solo contemplando el paisaje. Me quedo un rato hipnotizado por el ruido constante de las olas, las r\u00e1fagas de viento y la visi\u00f3n de un lugar tan remoto como maravilloso.<\/p>\n<p>Algunas personas llegan despu\u00e9s de m\u00ed y tambi\u00e9n se quedan para fotografiar la zona y luego vuelven a subir por el camino. Yo no.<\/p>\n<p>Quiero ver de cerca y recorrer toda la bah\u00eda y entender si junto al mar se abre un camino que me lleva al otro lado del acantilado que veo en la distancia.<\/p>\n<p><a href=\"https:\/\/marcopachiega.com\/besp\/trekking-a-la-bahia-de-albarca\/\"><strong>\u00bfEl trekking contin\u00faa aqu\u00ed<\/strong><\/a> o quieres leer otro art\u00edculo? \u00a1Echa un vistazo a la secci\u00f3n&nbsp;<a href=\"https:\/\/marcopachiega.com\/besp\/viajes-y-otras-historias\/\" rel=\"noopener noreferrer\"><strong>Viajes y otras historias<\/strong><\/a> o mira la galer\u00eda a continuaci\u00f3n!<\/p>\n\n<div class=\"gdgallery-gallery-container\" id=\"gdgallery-container-39\" data-id=\"39\">\n    \n<div id=\"gdgallery_container_39\" style=\"display:none;\" data-view=\"justified\">\n            <a href=\"\" target=\"_blank\">\n            <img decoding=\"async\" alt=\"\"\n                 data-type=\"image\"\n                 data-src=\"https:\/\/marcopachiega.com\/besp\/wp-content\/uploads\/sites\/13\/2021\/10\/DSC4599.jpg\"\n                 data-image=\"https:\/\/marcopachiega.com\/besp\/wp-content\/uploads\/sites\/13\/2021\/10\/DSC4599.jpg\"\n                 data-description=\"\"\n                                 style=\"--smush-placeholder-width: 1224px; --smush-placeholder-aspect-ratio: 1224\/816;display:block\" src=\"data:image\/svg+xml;base64,PHN2ZyB3aWR0aD0iMSIgaGVpZ2h0PSIxIiB4bWxucz0iaHR0cDovL3d3dy53My5vcmcvMjAwMC9zdmciPjwvc3ZnPg==\" class=\"lazyload\">\n        <\/a>\n            <a href=\"\" target=\"_blank\">\n            <img decoding=\"async\" alt=\"\"\n                 data-type=\"image\"\n                 data-src=\"https:\/\/marcopachiega.com\/besp\/wp-content\/uploads\/sites\/13\/2021\/10\/DSC4603.jpg\"\n                 data-image=\"https:\/\/marcopachiega.com\/besp\/wp-content\/uploads\/sites\/13\/2021\/10\/DSC4603.jpg\"\n                 data-description=\"\"\n                                 style=\"--smush-placeholder-width: 1224px; --smush-placeholder-aspect-ratio: 1224\/816;display:block\" src=\"data:image\/svg+xml;base64,PHN2ZyB3aWR0aD0iMSIgaGVpZ2h0PSIxIiB4bWxucz0iaHR0cDovL3d3dy53My5vcmcvMjAwMC9zdmciPjwvc3ZnPg==\" class=\"lazyload\">\n        <\/a>\n            <a href=\"\" target=\"_blank\">\n            <img decoding=\"async\" alt=\"\"\n                 data-type=\"image\"\n                 data-src=\"https:\/\/marcopachiega.com\/besp\/wp-content\/uploads\/sites\/13\/2021\/10\/DSC4605.jpg\"\n                 data-image=\"https:\/\/marcopachiega.com\/besp\/wp-content\/uploads\/sites\/13\/2021\/10\/DSC4605.jpg\"\n                 data-description=\"\"\n                                 style=\"--smush-placeholder-width: 1224px; --smush-placeholder-aspect-ratio: 1224\/816;display:block\" src=\"data:image\/svg+xml;base64,PHN2ZyB3aWR0aD0iMSIgaGVpZ2h0PSIxIiB4bWxucz0iaHR0cDovL3d3dy53My5vcmcvMjAwMC9zdmciPjwvc3ZnPg==\" class=\"lazyload\">\n        <\/a>\n            <a href=\"\" target=\"_blank\">\n            <img decoding=\"async\" alt=\"\"\n                 data-type=\"image\"\n                 data-src=\"https:\/\/marcopachiega.com\/besp\/wp-content\/uploads\/sites\/13\/2021\/10\/DSC4608.jpg\"\n                 data-image=\"https:\/\/marcopachiega.com\/besp\/wp-content\/uploads\/sites\/13\/2021\/10\/DSC4608.jpg\"\n                 data-description=\"\"\n                                 style=\"--smush-placeholder-width: 816px; --smush-placeholder-aspect-ratio: 816\/1224;display:block\" src=\"data:image\/svg+xml;base64,PHN2ZyB3aWR0aD0iMSIgaGVpZ2h0PSIxIiB4bWxucz0iaHR0cDovL3d3dy53My5vcmcvMjAwMC9zdmciPjwvc3ZnPg==\" class=\"lazyload\">\n        <\/a>\n            <a href=\"\" target=\"_blank\">\n            <img decoding=\"async\" alt=\"\"\n                 data-type=\"image\"\n                 data-src=\"https:\/\/marcopachiega.com\/besp\/wp-content\/uploads\/sites\/13\/2021\/10\/DSC4609.jpg\"\n                 data-image=\"https:\/\/marcopachiega.com\/besp\/wp-content\/uploads\/sites\/13\/2021\/10\/DSC4609.jpg\"\n                 data-description=\"\"\n                                 style=\"--smush-placeholder-width: 1224px; --smush-placeholder-aspect-ratio: 1224\/816;display:block\" src=\"data:image\/svg+xml;base64,PHN2ZyB3aWR0aD0iMSIgaGVpZ2h0PSIxIiB4bWxucz0iaHR0cDovL3d3dy53My5vcmcvMjAwMC9zdmciPjwvc3ZnPg==\" class=\"lazyload\">\n        <\/a>\n            <a href=\"\" target=\"_blank\">\n            <img decoding=\"async\" alt=\"\"\n                 data-type=\"image\"\n                 data-src=\"https:\/\/marcopachiega.com\/besp\/wp-content\/uploads\/sites\/13\/2021\/10\/DSC4613.jpg\"\n                 data-image=\"https:\/\/marcopachiega.com\/besp\/wp-content\/uploads\/sites\/13\/2021\/10\/DSC4613.jpg\"\n                 data-description=\"\"\n                                 style=\"--smush-placeholder-width: 1224px; --smush-placeholder-aspect-ratio: 1224\/816;display:block\" src=\"data:image\/svg+xml;base64,PHN2ZyB3aWR0aD0iMSIgaGVpZ2h0PSIxIiB4bWxucz0iaHR0cDovL3d3dy53My5vcmcvMjAwMC9zdmciPjwvc3ZnPg==\" class=\"lazyload\">\n        <\/a>\n            <a href=\"\" target=\"_blank\">\n            <img decoding=\"async\" alt=\"_DSC4618\"\n                 data-type=\"image\"\n                 data-src=\"https:\/\/marcopachiega.com\/besp\/wp-content\/uploads\/sites\/13\/2021\/10\/DSC4618.jpg\"\n                 data-image=\"https:\/\/marcopachiega.com\/besp\/wp-content\/uploads\/sites\/13\/2021\/10\/DSC4618.jpg\"\n                 data-description=\"\"\n                                 style=\"--smush-placeholder-width: 1224px; --smush-placeholder-aspect-ratio: 1224\/816;display:block\" src=\"data:image\/svg+xml;base64,PHN2ZyB3aWR0aD0iMSIgaGVpZ2h0PSIxIiB4bWxucz0iaHR0cDovL3d3dy53My5vcmcvMjAwMC9zdmciPjwvc3ZnPg==\" class=\"lazyload\">\n        <\/a>\n            <a href=\"\" target=\"_blank\">\n            <img decoding=\"async\" alt=\"\"\n                 data-type=\"image\"\n                 data-src=\"https:\/\/marcopachiega.com\/besp\/wp-content\/uploads\/sites\/13\/2021\/10\/DSC4624.jpg\"\n                 data-image=\"https:\/\/marcopachiega.com\/besp\/wp-content\/uploads\/sites\/13\/2021\/10\/DSC4624.jpg\"\n                 data-description=\"\"\n                                 style=\"--smush-placeholder-width: 1224px; --smush-placeholder-aspect-ratio: 1224\/816;display:block\" src=\"data:image\/svg+xml;base64,PHN2ZyB3aWR0aD0iMSIgaGVpZ2h0PSIxIiB4bWxucz0iaHR0cDovL3d3dy53My5vcmcvMjAwMC9zdmciPjwvc3ZnPg==\" class=\"lazyload\">\n        <\/a>\n            <a href=\"\" target=\"_blank\">\n            <img decoding=\"async\" alt=\"\"\n                 data-type=\"image\"\n                 data-src=\"https:\/\/marcopachiega.com\/besp\/wp-content\/uploads\/sites\/13\/2021\/10\/DSC4633.jpg\"\n                 data-image=\"https:\/\/marcopachiega.com\/besp\/wp-content\/uploads\/sites\/13\/2021\/10\/DSC4633.jpg\"\n                 data-description=\"\"\n                                 style=\"--smush-placeholder-width: 1224px; --smush-placeholder-aspect-ratio: 1224\/816;display:block\" src=\"data:image\/svg+xml;base64,PHN2ZyB3aWR0aD0iMSIgaGVpZ2h0PSIxIiB4bWxucz0iaHR0cDovL3d3dy53My5vcmcvMjAwMC9zdmciPjwvc3ZnPg==\" class=\"lazyload\">\n        <\/a>\n            <a href=\"\" target=\"_blank\">\n            <img decoding=\"async\" alt=\"\"\n                 data-type=\"image\"\n                 data-src=\"https:\/\/marcopachiega.com\/besp\/wp-content\/uploads\/sites\/13\/2021\/10\/DSC4639.jpg\"\n                 data-image=\"https:\/\/marcopachiega.com\/besp\/wp-content\/uploads\/sites\/13\/2021\/10\/DSC4639.jpg\"\n                 data-description=\"\"\n                                 style=\"--smush-placeholder-width: 1224px; --smush-placeholder-aspect-ratio: 1224\/816;display:block\" src=\"data:image\/svg+xml;base64,PHN2ZyB3aWR0aD0iMSIgaGVpZ2h0PSIxIiB4bWxucz0iaHR0cDovL3d3dy53My5vcmcvMjAwMC9zdmciPjwvc3ZnPg==\" class=\"lazyload\">\n        <\/a>\n            <a href=\"\" target=\"_blank\">\n            <img decoding=\"async\" alt=\"\"\n                 data-type=\"image\"\n                 data-src=\"https:\/\/marcopachiega.com\/besp\/wp-content\/uploads\/sites\/13\/2021\/10\/DSC4645-2.jpg\"\n                 data-image=\"https:\/\/marcopachiega.com\/besp\/wp-content\/uploads\/sites\/13\/2021\/10\/DSC4645-2.jpg\"\n                 data-description=\"\"\n                                 style=\"--smush-placeholder-width: 1224px; --smush-placeholder-aspect-ratio: 1224\/816;display:block\" src=\"data:image\/svg+xml;base64,PHN2ZyB3aWR0aD0iMSIgaGVpZ2h0PSIxIiB4bWxucz0iaHR0cDovL3d3dy53My5vcmcvMjAwMC9zdmciPjwvc3ZnPg==\" class=\"lazyload\">\n        <\/a>\n            <a href=\"\" target=\"_blank\">\n            <img decoding=\"async\" alt=\"\"\n                 data-type=\"image\"\n                 data-src=\"https:\/\/marcopachiega.com\/besp\/wp-content\/uploads\/sites\/13\/2021\/10\/DSC4648.jpg\"\n                 data-image=\"https:\/\/marcopachiega.com\/besp\/wp-content\/uploads\/sites\/13\/2021\/10\/DSC4648.jpg\"\n                 data-description=\"\"\n                                 style=\"--smush-placeholder-width: 816px; --smush-placeholder-aspect-ratio: 816\/1224;display:block\" src=\"data:image\/svg+xml;base64,PHN2ZyB3aWR0aD0iMSIgaGVpZ2h0PSIxIiB4bWxucz0iaHR0cDovL3d3dy53My5vcmcvMjAwMC9zdmciPjwvc3ZnPg==\" class=\"lazyload\">\n        <\/a>\n            <a href=\"\" target=\"_blank\">\n            <img decoding=\"async\" alt=\"\"\n                 data-type=\"image\"\n                 data-src=\"https:\/\/marcopachiega.com\/besp\/wp-content\/uploads\/sites\/13\/2021\/10\/DSC4652.jpg\"\n                 data-image=\"https:\/\/marcopachiega.com\/besp\/wp-content\/uploads\/sites\/13\/2021\/10\/DSC4652.jpg\"\n                 data-description=\"\"\n                                 style=\"--smush-placeholder-width: 1224px; --smush-placeholder-aspect-ratio: 1224\/816;display:block\" src=\"data:image\/svg+xml;base64,PHN2ZyB3aWR0aD0iMSIgaGVpZ2h0PSIxIiB4bWxucz0iaHR0cDovL3d3dy53My5vcmcvMjAwMC9zdmciPjwvc3ZnPg==\" class=\"lazyload\">\n        <\/a>\n            <a href=\"\" target=\"_blank\">\n            <img decoding=\"async\" alt=\"\"\n                 data-type=\"image\"\n                 data-src=\"https:\/\/marcopachiega.com\/besp\/wp-content\/uploads\/sites\/13\/2021\/10\/DSC4656.jpg\"\n                 data-image=\"https:\/\/marcopachiega.com\/besp\/wp-content\/uploads\/sites\/13\/2021\/10\/DSC4656.jpg\"\n                 data-description=\"\"\n                                 style=\"--smush-placeholder-width: 1224px; --smush-placeholder-aspect-ratio: 1224\/816;display:block\" src=\"data:image\/svg+xml;base64,PHN2ZyB3aWR0aD0iMSIgaGVpZ2h0PSIxIiB4bWxucz0iaHR0cDovL3d3dy53My5vcmcvMjAwMC9zdmciPjwvc3ZnPg==\" class=\"lazyload\">\n        <\/a>\n            <a href=\"\" target=\"_blank\">\n            <img decoding=\"async\" alt=\"\"\n                 data-type=\"image\"\n                 data-src=\"https:\/\/marcopachiega.com\/besp\/wp-content\/uploads\/sites\/13\/2021\/10\/DSC4658.jpg\"\n                 data-image=\"https:\/\/marcopachiega.com\/besp\/wp-content\/uploads\/sites\/13\/2021\/10\/DSC4658.jpg\"\n                 data-description=\"\"\n                                 style=\"--smush-placeholder-width: 1224px; --smush-placeholder-aspect-ratio: 1224\/816;display:block\" src=\"data:image\/svg+xml;base64,PHN2ZyB3aWR0aD0iMSIgaGVpZ2h0PSIxIiB4bWxucz0iaHR0cDovL3d3dy53My5vcmcvMjAwMC9zdmciPjwvc3ZnPg==\" class=\"lazyload\">\n        <\/a>\n            <a href=\"\" target=\"_blank\">\n            <img decoding=\"async\" alt=\"\"\n                 data-type=\"image\"\n                 data-src=\"https:\/\/marcopachiega.com\/besp\/wp-content\/uploads\/sites\/13\/2021\/10\/DSC4659-1.jpg\"\n                 data-image=\"https:\/\/marcopachiega.com\/besp\/wp-content\/uploads\/sites\/13\/2021\/10\/DSC4659-1.jpg\"\n                 data-description=\"\"\n                                 style=\"--smush-placeholder-width: 1224px; --smush-placeholder-aspect-ratio: 1224\/816;display:block\" src=\"data:image\/svg+xml;base64,PHN2ZyB3aWR0aD0iMSIgaGVpZ2h0PSIxIiB4bWxucz0iaHR0cDovL3d3dy53My5vcmcvMjAwMC9zdmciPjwvc3ZnPg==\" class=\"lazyload\">\n        <\/a>\n            <a href=\"\" target=\"_blank\">\n            <img decoding=\"async\" alt=\"\"\n                 data-type=\"image\"\n                 data-src=\"https:\/\/marcopachiega.com\/besp\/wp-content\/uploads\/sites\/13\/2021\/10\/DSC4661.jpg\"\n                 data-image=\"https:\/\/marcopachiega.com\/besp\/wp-content\/uploads\/sites\/13\/2021\/10\/DSC4661.jpg\"\n                 data-description=\"\"\n                                 style=\"--smush-placeholder-width: 1224px; --smush-placeholder-aspect-ratio: 1224\/816;display:block\" src=\"data:image\/svg+xml;base64,PHN2ZyB3aWR0aD0iMSIgaGVpZ2h0PSIxIiB4bWxucz0iaHR0cDovL3d3dy53My5vcmcvMjAwMC9zdmciPjwvc3ZnPg==\" class=\"lazyload\">\n        <\/a>\n            <a href=\"\" target=\"_blank\">\n            <img decoding=\"async\" alt=\"\"\n                 data-type=\"image\"\n                 data-src=\"https:\/\/marcopachiega.com\/besp\/wp-content\/uploads\/sites\/13\/2021\/10\/DSC4662.jpg\"\n                 data-image=\"https:\/\/marcopachiega.com\/besp\/wp-content\/uploads\/sites\/13\/2021\/10\/DSC4662.jpg\"\n                 data-description=\"\"\n                                 style=\"--smush-placeholder-width: 1224px; --smush-placeholder-aspect-ratio: 1224\/816;display:block\" src=\"data:image\/svg+xml;base64,PHN2ZyB3aWR0aD0iMSIgaGVpZ2h0PSIxIiB4bWxucz0iaHR0cDovL3d3dy53My5vcmcvMjAwMC9zdmciPjwvc3ZnPg==\" class=\"lazyload\">\n        <\/a>\n            <a href=\"\" target=\"_blank\">\n            <img decoding=\"async\" alt=\"\"\n                 data-type=\"image\"\n                 data-src=\"https:\/\/marcopachiega.com\/besp\/wp-content\/uploads\/sites\/13\/2021\/10\/DSC4663-Pano.jpg\"\n                 data-image=\"https:\/\/marcopachiega.com\/besp\/wp-content\/uploads\/sites\/13\/2021\/10\/DSC4663-Pano.jpg\"\n                 data-description=\"\"\n                                 style=\"--smush-placeholder-width: 1503px; --smush-placeholder-aspect-ratio: 1503\/664;display:block\" src=\"data:image\/svg+xml;base64,PHN2ZyB3aWR0aD0iMSIgaGVpZ2h0PSIxIiB4bWxucz0iaHR0cDovL3d3dy53My5vcmcvMjAwMC9zdmciPjwvc3ZnPg==\" class=\"lazyload\">\n        <\/a>\n            <a href=\"\" target=\"_blank\">\n            <img decoding=\"async\" alt=\"\"\n                 data-type=\"image\"\n                 data-src=\"https:\/\/marcopachiega.com\/besp\/wp-content\/uploads\/sites\/13\/2021\/10\/DSC4684.jpg\"\n                 data-image=\"https:\/\/marcopachiega.com\/besp\/wp-content\/uploads\/sites\/13\/2021\/10\/DSC4684.jpg\"\n                 data-description=\"\"\n                                 style=\"--smush-placeholder-width: 816px; --smush-placeholder-aspect-ratio: 816\/1224;display:block\" src=\"data:image\/svg+xml;base64,PHN2ZyB3aWR0aD0iMSIgaGVpZ2h0PSIxIiB4bWxucz0iaHR0cDovL3d3dy53My5vcmcvMjAwMC9zdmciPjwvc3ZnPg==\" class=\"lazyload\">\n        <\/a>\n            <a href=\"\" target=\"_blank\">\n            <img decoding=\"async\" alt=\"\"\n                 data-type=\"image\"\n                 data-src=\"https:\/\/marcopachiega.com\/besp\/wp-content\/uploads\/sites\/13\/2021\/10\/DSC5469.jpg\"\n                 data-image=\"https:\/\/marcopachiega.com\/besp\/wp-content\/uploads\/sites\/13\/2021\/10\/DSC5469.jpg\"\n                 data-description=\"\"\n                                 style=\"--smush-placeholder-width: 1224px; --smush-placeholder-aspect-ratio: 1224\/816;display:block\" src=\"data:image\/svg+xml;base64,PHN2ZyB3aWR0aD0iMSIgaGVpZ2h0PSIxIiB4bWxucz0iaHR0cDovL3d3dy53My5vcmcvMjAwMC9zdmciPjwvc3ZnPg==\" class=\"lazyload\">\n        <\/a>\n    <\/div>\n\n\n\n<script type=\"text\/javascript\">\n\n\n    (function() {\n        var runMyCode = function() {\n            jQuery(document).ready(function () {\n                var container = jQuery(\"#gdgallery_container_39\");\n                container.unitegallery({\"gallery_theme\":\"justified\",\"tiles_type\":\"justified\",\"tiles_justified_space_between\":10,\"tile_enable_textpanel\":true,\"tile_textpanel_always_on\":true,\"tile_textpanel_title_text_align\":\"center\",\"tile_textpanel_title_font_size\":\"16\",\"tile_textpanel_title_color\":\"#FFFFFF\",\"tile_textpanel_bg_color\":\"#333333\",\"tile_textpanel_bg_opacity\":0.7,\"tile_enable_border\":true,\"tile_border_width\":\"0\",\"tile_border_color\":\"#333333\",\"tile_border_radius\":\"0\",\"tile_enable_overlay\":true,\"tile_enable_image_effect\":true,\"tile_image_effect_type\":\"blur\",\"tile_image_effect_reverse\":true,\"tile_enable_shadow\":false,\"tile_as_link\":false,\"tile_enable_icons\":true,\"tile_show_link_icon\":true,\"tile_textpanel_appear_type\":\"slide\",\"tile_textpanel_position\":\"inside_bottom\",\"tile_link_newpage\":true,\"lightbox_type\":\"wide\",\"lightbox_arrows_offset\":0,\"lightbox_overlay_color\":\"#000000\",\"lightbox_overlay_opacity\":1,\"lightbox_top_panel_opacity\":1,\"lightbox_show_numbers\":true,\"lightbox_numbers_size\":\"15\",\"lightbox_numbers_color\":\"#FFFFFF\",\"lightbox_slider_image_border_width\":\"0\",\"lightbox_slider_image_border_color\":\"#FFFFFF\",\"lightbox_slider_image_border_radius\":0,\"lightbox_slider_image_shadow\":true,\"lightbox_slider_control_swipe\":true,\"lightbox_slider_control_zoom\":true,\"lightbox_slider_image_border\":true,\"lightbox_show_textpanel\":true,\"lightbox_textpanel_enable_title\":true,\"lightbox_textpanel_enable_description\":false,\"lightbox_textpanel_padding_top\":5,\"lightbox_textpanel_padding_bottom\":5,\"lightbox_textpanel_padding_right\":5,\"lightbox_textpanel_padding_left\":5,\"lightbox_textpanel_title_color\":\"#FFFFFF\",\"lightbox_textpanel_title_text_align\":\"center\",\"lightbox_textpanel_title_font_size\":\"16\",\"lightbox_textpanel_desc_color\":\"#FFFFFF\",\"lightbox_textpanel_desc_text_align\":\"center\",\"lightbox_textpanel_desc_font_size\":\"14\"});\n            });\n        };\n        var timer = function() {\n            if (window.jQuery) {runMyCode(window.jQuery);}\n            else {window.setTimeout(timer, 100);}\n        };\n        timer();\n    })();\n<\/script><style>\n#gdgallery-container-39 {\n   text-align: center}\n\n.gdgallery-pagination-39{\ntext-align: center !important;\n}\n\n.gdgallery-pagination-39 a{\n    font-size: 15px !important;\n    padding: 8px 13px !important;\n    margin: 3px !important;\n    border: 1px solid #333333 !important;\n    border-radius: 0px !important;\n    color: #333333 !important;\n    background-color: #FFFFFF !important;\n    font-family: monospace !important;\n}\n\n.gdgallery-pagination-39 a:hover, .gdgallery-pagination-39 a.gdgallery-pagination-icon-active{\n    color: #FFFFFF !important;\n    background-color: #333333 !important;\n    border-color: #333333 !important;\n}\n\n#gdgallery-container-39 .gdgallery_load_more_space{\n    margin-top: 20px !important;\n    text-align: center !important;\n}\n\n#gdgallery-container-39 .gdgallery_load_more_space button{\n                      padding: 8px 13px !important;\n    font-size: 15px !important;\n    background-color: #333333 !important;\n    color: #FFFFFF !important;\n    border:1px solid #333333 !important;\n                      border-radius: 0px !important;\n                      font-family: monospace !important;\n                  }\n#gdgallery-container-39 .gdgallery_load_more_space button:hover{\n                      background-color: #FFFFFF !important;\n                      color: #333333 !important;\n                      border-color: #333333 !important;\n                  }\n\n#gdgallery-container-39 .gdgallery_load_more_space button,\n#gdgallery-container-39 .gdgallery_load_more_space button:hover,\n#gdgallery-container-39 .gdgallery_load_more_space button:active,\n#gdgallery-container-39 .gdgallery_load_more_space button:focus{\n    outline: none !important;\n}\n\n\n#gdgallery-container-39 .gdgallery_loading li{\n                      border: 3px solid #333333 !important;\n                  }\n\n.ug-lightbox .ug-lightbox-top-panel-overlay{\n    background-color: #000000 !important;\n}\n\n\n                  #gdgallery_container_39{}\n<\/style>\n\n\n\n<\/div>\n\n\n\n\n\n\n<p><em><strong>Marco Pachiega<\/strong><\/em><\/p>\n<p>&nbsp;<\/p>\n<p>&nbsp;<\/p>\n<p>&nbsp;<\/p>\n<p>&nbsp;<\/p>\n<p>&nbsp;<\/p>\n","protected":false},"excerpt":{"rendered":"<p>El inmenso paisaje de Cala d&#8217;Albarca Un rinc\u00f3n de la isla donde las fuerzas del viento y el mar te trasladan a un pasado prehist\u00f3rico. &nbsp; Ibiza En el \u00faltimo art\u00edculo habl\u00e9 de la cantera ibicenca de Sa pedrera de Cala d&#8217;Hort. Una zona al oeste de la isla, ahora convertida en una cala especial para los amantes del sol y la postura. A diferencia de las otras zonas, la norte resulta ser muy diferente a los estereotipos a los que estamos acostumbrados. No hay bares, chiriguitos, discotecas o hamacas y sombrillas para resguardarse del abrasador sol de verano. Esta parte de la costa es una sucesi\u00f3n de rocas y&hellip; <a class=\"read-more\" href=\"https:\/\/marcopachiega.com\/besp\/el-inmenso-paisaje-de-cala-dalbarca\/\">Read More<\/a><\/p>\n","protected":false},"author":1,"featured_media":3772,"comment_status":"open","ping_status":"open","sticky":false,"template":"","format":"standard","meta":{"footnotes":""},"categories":[328],"tags":[515,511,449,180,420,516,154,517,469,36,390,153,519],"class_list":["post-3771","post","type-post","status-publish","format-standard","has-post-thumbnail","hentry","category-escapadas-viajes-y-otras-historias","tag-adventure","tag-balearic-islands","tag-culture","tag-discover","tag-ibiza","tag-mediterranean-sea","tag-nature","tag-north-coast","tag-sea","tag-spain","tag-trail","tag-trekking","tag-wild-nature"],"yoast_head":"<!-- This site is optimized with the Yoast SEO plugin v27.3 - https:\/\/yoast.com\/product\/yoast-seo-wordpress\/ -->\n<title>El inmenso paisaje de Cala d&#039;Albarca - Pachiega&#039;s blog<\/title>\n<meta name=\"description\" content=\"El inmenso paisaje de Cala d&#039;Albarca, un rinc\u00f3n de la isla donde las fuerzas del viento y el mar te trasladan a un pasado prehist\u00f3rico.\" \/>\n<meta name=\"robots\" content=\"index, follow, max-snippet:-1, max-image-preview:large, max-video-preview:-1\" \/>\n<link rel=\"canonical\" href=\"https:\/\/marcopachiega.com\/besp\/el-inmenso-paisaje-de-cala-dalbarca\/\" \/>\n<meta property=\"og:locale\" content=\"es_ES\" \/>\n<meta property=\"og:type\" content=\"article\" \/>\n<meta property=\"og:title\" content=\"El inmenso paisaje de Cala d&#039;Albarca - Pachiega&#039;s blog\" \/>\n<meta property=\"og:description\" content=\"El inmenso paisaje de Cala d&#039;Albarca, un rinc\u00f3n de la isla donde las fuerzas del viento y el mar te trasladan a un pasado prehist\u00f3rico.\" \/>\n<meta property=\"og:url\" content=\"https:\/\/marcopachiega.com\/besp\/el-inmenso-paisaje-de-cala-dalbarca\/\" \/>\n<meta property=\"og:site_name\" content=\"Pachiega&#039;s blog\" \/>\n<meta property=\"article:published_time\" content=\"2021-10-09T17:23:48+00:00\" \/>\n<meta property=\"article:modified_time\" content=\"2021-10-10T14:30:13+00:00\" \/>\n<meta property=\"og:image\" content=\"https:\/\/marcopachiega.com\/besp\/wp-content\/uploads\/sites\/13\/2021\/10\/DSC4659.jpg\" \/>\n\t<meta property=\"og:image:width\" content=\"1224\" \/>\n\t<meta property=\"og:image:height\" content=\"816\" \/>\n\t<meta property=\"og:image:type\" content=\"image\/jpeg\" \/>\n<meta name=\"author\" content=\"marcopac\" \/>\n<meta name=\"twitter:card\" content=\"summary_large_image\" \/>\n<meta name=\"twitter:label1\" content=\"Escrito por\" \/>\n\t<meta name=\"twitter:data1\" content=\"marcopac\" \/>\n\t<meta name=\"twitter:label2\" content=\"Tiempo de lectura\" \/>\n\t<meta name=\"twitter:data2\" content=\"6 minutos\" \/>\n<script type=\"application\/ld+json\" class=\"yoast-schema-graph\">{\"@context\":\"https:\\\/\\\/schema.org\",\"@graph\":[{\"@type\":\"Article\",\"@id\":\"https:\\\/\\\/marcopachiega.com\\\/besp\\\/el-inmenso-paisaje-de-cala-dalbarca\\\/#article\",\"isPartOf\":{\"@id\":\"https:\\\/\\\/marcopachiega.com\\\/besp\\\/el-inmenso-paisaje-de-cala-dalbarca\\\/\"},\"author\":{\"name\":\"marcopac\",\"@id\":\"https:\\\/\\\/marcopachiega.com\\\/besp\\\/#\\\/schema\\\/person\\\/5800e113375ba5f33499beca73ac3336\"},\"headline\":\"El inmenso paisaje de Cala d&#8217;Albarca\",\"datePublished\":\"2021-10-09T17:23:48+00:00\",\"dateModified\":\"2021-10-10T14:30:13+00:00\",\"mainEntityOfPage\":{\"@id\":\"https:\\\/\\\/marcopachiega.com\\\/besp\\\/el-inmenso-paisaje-de-cala-dalbarca\\\/\"},\"wordCount\":1051,\"commentCount\":0,\"image\":{\"@id\":\"https:\\\/\\\/marcopachiega.com\\\/besp\\\/el-inmenso-paisaje-de-cala-dalbarca\\\/#primaryimage\"},\"thumbnailUrl\":\"https:\\\/\\\/marcopachiega.com\\\/besp\\\/wp-content\\\/uploads\\\/sites\\\/13\\\/2021\\\/10\\\/DSC4659.jpg\",\"keywords\":[\"adventure\",\"balearic islands\",\"Culture\",\"discover\",\"IBIZA\",\"mediterranean sea\",\"nature\",\"north coast\",\"sea\",\"spain\",\"trail\",\"trekking\",\"wild nature\"],\"articleSection\":[\"Escapadas, viajes y otras historias\"],\"inLanguage\":\"es\",\"potentialAction\":[{\"@type\":\"CommentAction\",\"name\":\"Comment\",\"target\":[\"https:\\\/\\\/marcopachiega.com\\\/besp\\\/el-inmenso-paisaje-de-cala-dalbarca\\\/#respond\"]}]},{\"@type\":\"WebPage\",\"@id\":\"https:\\\/\\\/marcopachiega.com\\\/besp\\\/el-inmenso-paisaje-de-cala-dalbarca\\\/\",\"url\":\"https:\\\/\\\/marcopachiega.com\\\/besp\\\/el-inmenso-paisaje-de-cala-dalbarca\\\/\",\"name\":\"El inmenso paisaje de Cala d'Albarca - Pachiega&#039;s blog\",\"isPartOf\":{\"@id\":\"https:\\\/\\\/marcopachiega.com\\\/besp\\\/#website\"},\"primaryImageOfPage\":{\"@id\":\"https:\\\/\\\/marcopachiega.com\\\/besp\\\/el-inmenso-paisaje-de-cala-dalbarca\\\/#primaryimage\"},\"image\":{\"@id\":\"https:\\\/\\\/marcopachiega.com\\\/besp\\\/el-inmenso-paisaje-de-cala-dalbarca\\\/#primaryimage\"},\"thumbnailUrl\":\"https:\\\/\\\/marcopachiega.com\\\/besp\\\/wp-content\\\/uploads\\\/sites\\\/13\\\/2021\\\/10\\\/DSC4659.jpg\",\"datePublished\":\"2021-10-09T17:23:48+00:00\",\"dateModified\":\"2021-10-10T14:30:13+00:00\",\"author\":{\"@id\":\"https:\\\/\\\/marcopachiega.com\\\/besp\\\/#\\\/schema\\\/person\\\/5800e113375ba5f33499beca73ac3336\"},\"description\":\"El inmenso paisaje de Cala d'Albarca, un rinc\u00f3n de la isla donde las fuerzas del viento y el mar te trasladan a un pasado prehist\u00f3rico.\",\"breadcrumb\":{\"@id\":\"https:\\\/\\\/marcopachiega.com\\\/besp\\\/el-inmenso-paisaje-de-cala-dalbarca\\\/#breadcrumb\"},\"inLanguage\":\"es\",\"potentialAction\":[{\"@type\":\"ReadAction\",\"target\":[\"https:\\\/\\\/marcopachiega.com\\\/besp\\\/el-inmenso-paisaje-de-cala-dalbarca\\\/\"]}]},{\"@type\":\"ImageObject\",\"inLanguage\":\"es\",\"@id\":\"https:\\\/\\\/marcopachiega.com\\\/besp\\\/el-inmenso-paisaje-de-cala-dalbarca\\\/#primaryimage\",\"url\":\"https:\\\/\\\/marcopachiega.com\\\/besp\\\/wp-content\\\/uploads\\\/sites\\\/13\\\/2021\\\/10\\\/DSC4659.jpg\",\"contentUrl\":\"https:\\\/\\\/marcopachiega.com\\\/besp\\\/wp-content\\\/uploads\\\/sites\\\/13\\\/2021\\\/10\\\/DSC4659.jpg\",\"width\":1224,\"height\":816},{\"@type\":\"BreadcrumbList\",\"@id\":\"https:\\\/\\\/marcopachiega.com\\\/besp\\\/el-inmenso-paisaje-de-cala-dalbarca\\\/#breadcrumb\",\"itemListElement\":[{\"@type\":\"ListItem\",\"position\":1,\"name\":\"Home\",\"item\":\"https:\\\/\\\/marcopachiega.com\\\/besp\\\/\"},{\"@type\":\"ListItem\",\"position\":2,\"name\":\"El inmenso paisaje de Cala d&#8217;Albarca\"}]},{\"@type\":\"WebSite\",\"@id\":\"https:\\\/\\\/marcopachiega.com\\\/besp\\\/#website\",\"url\":\"https:\\\/\\\/marcopachiega.com\\\/besp\\\/\",\"name\":\"Pachiega&#039;s blog\",\"description\":\"Observation post\",\"potentialAction\":[{\"@type\":\"SearchAction\",\"target\":{\"@type\":\"EntryPoint\",\"urlTemplate\":\"https:\\\/\\\/marcopachiega.com\\\/besp\\\/?s={search_term_string}\"},\"query-input\":{\"@type\":\"PropertyValueSpecification\",\"valueRequired\":true,\"valueName\":\"search_term_string\"}}],\"inLanguage\":\"es\"},{\"@type\":\"Person\",\"@id\":\"https:\\\/\\\/marcopachiega.com\\\/besp\\\/#\\\/schema\\\/person\\\/5800e113375ba5f33499beca73ac3336\",\"name\":\"marcopac\",\"image\":{\"@type\":\"ImageObject\",\"inLanguage\":\"es\",\"@id\":\"https:\\\/\\\/secure.gravatar.com\\\/avatar\\\/f6c773c53a48c8f498fdb1e3aea06bcb45bf414ea7545feb7c90bb02e9b7c999?s=96&d=mm&r=g\",\"url\":\"https:\\\/\\\/secure.gravatar.com\\\/avatar\\\/f6c773c53a48c8f498fdb1e3aea06bcb45bf414ea7545feb7c90bb02e9b7c999?s=96&d=mm&r=g\",\"contentUrl\":\"https:\\\/\\\/secure.gravatar.com\\\/avatar\\\/f6c773c53a48c8f498fdb1e3aea06bcb45bf414ea7545feb7c90bb02e9b7c999?s=96&d=mm&r=g\",\"caption\":\"marcopac\"},\"sameAs\":[\"http:\\\/\\\/www.marcopachiega.com\",\"https:\\\/\\\/www.instagram.com\\\/marcopachiega\\\/\",\"https:\\\/\\\/www.linkedin.com\\\/in\\\/marco-pachiega-38546b92\\\/?locale=es_ES\",\"https:\\\/\\\/www.youtube.com\\\/@marcopachiega2999\\\/featured\"],\"url\":\"https:\\\/\\\/marcopachiega.com\\\/besp\\\/author\\\/marcopac\\\/\"}]}<\/script>\n<!-- \/ Yoast SEO plugin. -->","yoast_head_json":{"title":"El inmenso paisaje de Cala d'Albarca - Pachiega&#039;s blog","description":"El inmenso paisaje de Cala d'Albarca, un rinc\u00f3n de la isla donde las fuerzas del viento y el mar te trasladan a un pasado prehist\u00f3rico.","robots":{"index":"index","follow":"follow","max-snippet":"max-snippet:-1","max-image-preview":"max-image-preview:large","max-video-preview":"max-video-preview:-1"},"canonical":"https:\/\/marcopachiega.com\/besp\/el-inmenso-paisaje-de-cala-dalbarca\/","og_locale":"es_ES","og_type":"article","og_title":"El inmenso paisaje de Cala d'Albarca - Pachiega&#039;s blog","og_description":"El inmenso paisaje de Cala d'Albarca, un rinc\u00f3n de la isla donde las fuerzas del viento y el mar te trasladan a un pasado prehist\u00f3rico.","og_url":"https:\/\/marcopachiega.com\/besp\/el-inmenso-paisaje-de-cala-dalbarca\/","og_site_name":"Pachiega&#039;s blog","article_published_time":"2021-10-09T17:23:48+00:00","article_modified_time":"2021-10-10T14:30:13+00:00","og_image":[{"width":1224,"height":816,"url":"https:\/\/marcopachiega.com\/besp\/wp-content\/uploads\/sites\/13\/2021\/10\/DSC4659.jpg","type":"image\/jpeg"}],"author":"marcopac","twitter_card":"summary_large_image","twitter_misc":{"Escrito por":"marcopac","Tiempo de lectura":"6 minutos"},"schema":{"@context":"https:\/\/schema.org","@graph":[{"@type":"Article","@id":"https:\/\/marcopachiega.com\/besp\/el-inmenso-paisaje-de-cala-dalbarca\/#article","isPartOf":{"@id":"https:\/\/marcopachiega.com\/besp\/el-inmenso-paisaje-de-cala-dalbarca\/"},"author":{"name":"marcopac","@id":"https:\/\/marcopachiega.com\/besp\/#\/schema\/person\/5800e113375ba5f33499beca73ac3336"},"headline":"El inmenso paisaje de Cala d&#8217;Albarca","datePublished":"2021-10-09T17:23:48+00:00","dateModified":"2021-10-10T14:30:13+00:00","mainEntityOfPage":{"@id":"https:\/\/marcopachiega.com\/besp\/el-inmenso-paisaje-de-cala-dalbarca\/"},"wordCount":1051,"commentCount":0,"image":{"@id":"https:\/\/marcopachiega.com\/besp\/el-inmenso-paisaje-de-cala-dalbarca\/#primaryimage"},"thumbnailUrl":"https:\/\/marcopachiega.com\/besp\/wp-content\/uploads\/sites\/13\/2021\/10\/DSC4659.jpg","keywords":["adventure","balearic islands","Culture","discover","IBIZA","mediterranean sea","nature","north coast","sea","spain","trail","trekking","wild nature"],"articleSection":["Escapadas, viajes y otras historias"],"inLanguage":"es","potentialAction":[{"@type":"CommentAction","name":"Comment","target":["https:\/\/marcopachiega.com\/besp\/el-inmenso-paisaje-de-cala-dalbarca\/#respond"]}]},{"@type":"WebPage","@id":"https:\/\/marcopachiega.com\/besp\/el-inmenso-paisaje-de-cala-dalbarca\/","url":"https:\/\/marcopachiega.com\/besp\/el-inmenso-paisaje-de-cala-dalbarca\/","name":"El inmenso paisaje de Cala d'Albarca - Pachiega&#039;s blog","isPartOf":{"@id":"https:\/\/marcopachiega.com\/besp\/#website"},"primaryImageOfPage":{"@id":"https:\/\/marcopachiega.com\/besp\/el-inmenso-paisaje-de-cala-dalbarca\/#primaryimage"},"image":{"@id":"https:\/\/marcopachiega.com\/besp\/el-inmenso-paisaje-de-cala-dalbarca\/#primaryimage"},"thumbnailUrl":"https:\/\/marcopachiega.com\/besp\/wp-content\/uploads\/sites\/13\/2021\/10\/DSC4659.jpg","datePublished":"2021-10-09T17:23:48+00:00","dateModified":"2021-10-10T14:30:13+00:00","author":{"@id":"https:\/\/marcopachiega.com\/besp\/#\/schema\/person\/5800e113375ba5f33499beca73ac3336"},"description":"El inmenso paisaje de Cala d'Albarca, un rinc\u00f3n de la isla donde las fuerzas del viento y el mar te trasladan a un pasado prehist\u00f3rico.","breadcrumb":{"@id":"https:\/\/marcopachiega.com\/besp\/el-inmenso-paisaje-de-cala-dalbarca\/#breadcrumb"},"inLanguage":"es","potentialAction":[{"@type":"ReadAction","target":["https:\/\/marcopachiega.com\/besp\/el-inmenso-paisaje-de-cala-dalbarca\/"]}]},{"@type":"ImageObject","inLanguage":"es","@id":"https:\/\/marcopachiega.com\/besp\/el-inmenso-paisaje-de-cala-dalbarca\/#primaryimage","url":"https:\/\/marcopachiega.com\/besp\/wp-content\/uploads\/sites\/13\/2021\/10\/DSC4659.jpg","contentUrl":"https:\/\/marcopachiega.com\/besp\/wp-content\/uploads\/sites\/13\/2021\/10\/DSC4659.jpg","width":1224,"height":816},{"@type":"BreadcrumbList","@id":"https:\/\/marcopachiega.com\/besp\/el-inmenso-paisaje-de-cala-dalbarca\/#breadcrumb","itemListElement":[{"@type":"ListItem","position":1,"name":"Home","item":"https:\/\/marcopachiega.com\/besp\/"},{"@type":"ListItem","position":2,"name":"El inmenso paisaje de Cala d&#8217;Albarca"}]},{"@type":"WebSite","@id":"https:\/\/marcopachiega.com\/besp\/#website","url":"https:\/\/marcopachiega.com\/besp\/","name":"Pachiega&#039;s blog","description":"Observation post","potentialAction":[{"@type":"SearchAction","target":{"@type":"EntryPoint","urlTemplate":"https:\/\/marcopachiega.com\/besp\/?s={search_term_string}"},"query-input":{"@type":"PropertyValueSpecification","valueRequired":true,"valueName":"search_term_string"}}],"inLanguage":"es"},{"@type":"Person","@id":"https:\/\/marcopachiega.com\/besp\/#\/schema\/person\/5800e113375ba5f33499beca73ac3336","name":"marcopac","image":{"@type":"ImageObject","inLanguage":"es","@id":"https:\/\/secure.gravatar.com\/avatar\/f6c773c53a48c8f498fdb1e3aea06bcb45bf414ea7545feb7c90bb02e9b7c999?s=96&d=mm&r=g","url":"https:\/\/secure.gravatar.com\/avatar\/f6c773c53a48c8f498fdb1e3aea06bcb45bf414ea7545feb7c90bb02e9b7c999?s=96&d=mm&r=g","contentUrl":"https:\/\/secure.gravatar.com\/avatar\/f6c773c53a48c8f498fdb1e3aea06bcb45bf414ea7545feb7c90bb02e9b7c999?s=96&d=mm&r=g","caption":"marcopac"},"sameAs":["http:\/\/www.marcopachiega.com","https:\/\/www.instagram.com\/marcopachiega\/","https:\/\/www.linkedin.com\/in\/marco-pachiega-38546b92\/?locale=es_ES","https:\/\/www.youtube.com\/@marcopachiega2999\/featured"],"url":"https:\/\/marcopachiega.com\/besp\/author\/marcopac\/"}]}},"_links":{"self":[{"href":"https:\/\/marcopachiega.com\/besp\/wp-json\/wp\/v2\/posts\/3771","targetHints":{"allow":["GET"]}}],"collection":[{"href":"https:\/\/marcopachiega.com\/besp\/wp-json\/wp\/v2\/posts"}],"about":[{"href":"https:\/\/marcopachiega.com\/besp\/wp-json\/wp\/v2\/types\/post"}],"author":[{"embeddable":true,"href":"https:\/\/marcopachiega.com\/besp\/wp-json\/wp\/v2\/users\/1"}],"replies":[{"embeddable":true,"href":"https:\/\/marcopachiega.com\/besp\/wp-json\/wp\/v2\/comments?post=3771"}],"version-history":[{"count":0,"href":"https:\/\/marcopachiega.com\/besp\/wp-json\/wp\/v2\/posts\/3771\/revisions"}],"wp:featuredmedia":[{"embeddable":true,"href":"https:\/\/marcopachiega.com\/besp\/wp-json\/wp\/v2\/media\/3772"}],"wp:attachment":[{"href":"https:\/\/marcopachiega.com\/besp\/wp-json\/wp\/v2\/media?parent=3771"}],"wp:term":[{"taxonomy":"category","embeddable":true,"href":"https:\/\/marcopachiega.com\/besp\/wp-json\/wp\/v2\/categories?post=3771"},{"taxonomy":"post_tag","embeddable":true,"href":"https:\/\/marcopachiega.com\/besp\/wp-json\/wp\/v2\/tags?post=3771"}],"curies":[{"name":"wp","href":"https:\/\/api.w.org\/{rel}","templated":true}]}}