{"id":3951,"date":"2021-10-26T18:48:32","date_gmt":"2021-10-26T18:48:32","guid":{"rendered":"https:\/\/marcopachiega.com\/blog\/?p=3951"},"modified":"2021-10-26T19:14:40","modified_gmt":"2021-10-26T19:14:40","slug":"cofete-la-frontera-con-el-fin-del-mundo","status":"publish","type":"post","link":"https:\/\/marcopachiega.com\/besp\/cofete-la-frontera-con-el-fin-del-mundo\/","title":{"rendered":"Cofete, la frontera con el fin del mundo"},"content":{"rendered":"<h1 style=\"text-align: center;\">Cofete, la frontera con el fin del mundo<\/h1>\n<h2 style=\"text-align: center;\">Entre un oc\u00e9ano embravecido y monta\u00f1as austeras se encuentra un peque\u00f1o pueblo<\/h2>\n<p><img fetchpriority=\"high\" decoding=\"async\" class=\"aligncenter wp-image-3940 size-full\" src=\"https:\/\/marcopachiega.com\/blog\/wp-content\/uploads\/sites\/9\/2021\/10\/DSC2074-Pano.jpg\" alt=\"Cofete\" width=\"1638\" height=\"610\"><\/p>\n<p>En el <a href=\"https:\/\/marcopachiega.com\/besp\/el-inmenso-paisaje-de-cala-dalbarca\/\" target=\"_blank\" rel=\"noopener\"><strong>art\u00edculo anterior, la bah\u00eda de Albarca<\/strong><\/a> me dej\u00f3 sin palabras con sus rocas de formas extravagantes. Pero el mundo est\u00e1 lleno de lugares similares, donde la naturaleza es soberana y el hombre solo puede inclinarse ante ella.<\/p>\n<p>Esta vez estoy en Fuerteventura donde una inmensa playa y una cadena monta\u00f1osa de origen volc\u00e1nico dejan espacio solo para aguantar la respiraci\u00f3n ante su vista.<\/p>\n<h3><strong>Fuerteventura<\/strong><\/h3>\n<p>Con una historia de casi 20 millones de a\u00f1os y a menos de 100 km de la costa africana se encuentra Fuerteventura, una isla del archipi\u00e9lago de las Islas Canarias. Su territorio destaca por sus impresionantes dunas de arena y volcanes inactivos que rodean un paisaje muchas veces \u00e1rido y desprovisto de exuberante vegetaci\u00f3n. Un entorno constantemente azotado por el viento y las olas buscado por los surfistas y aficionados al kitesurf.<\/p>\n<p><img decoding=\"async\" class=\"aligncenter wp-image-3962 lazyload\" data-src=\"https:\/\/marcopachiega.com\/blog\/wp-content\/uploads\/sites\/9\/2021\/10\/DSC2749-1366x911-2.jpg\" alt=\"\" width=\"600\" height=\"400\" src=\"data:image\/svg+xml;base64,PHN2ZyB3aWR0aD0iMSIgaGVpZ2h0PSIxIiB4bWxucz0iaHR0cDovL3d3dy53My5vcmcvMjAwMC9zdmciPjwvc3ZnPg==\" style=\"--smush-placeholder-width: 600px; --smush-placeholder-aspect-ratio: 600\/400;\"><\/p>\n<h3><strong>La historia de Cofete<\/strong><\/h3>\n<p>Corralejo es el centro neur\u00e1lgico del turismo en Fuerteventura. Ubicado en el norte de la isla con hoteles, restaurantes, playas y hermosas dunas de arena. Un lugar donde los turistas pueden disfrutar del paisaje y divertirse. Pero hay un lugar remoto de la isla que destaca por su belleza natural y su impresionante paisaje. Cofete.<\/p>\n<p>Situado en la costa suroeste de la pen\u00ednsula de Jandia en medio <a href=\"https:\/\/www.spain.info\/es\/naturaleza\/parque-natural-jandia\/\" target=\"_blank\" rel=\"noopener\"><strong>de una reserva natural<\/strong><\/a>: <a href=\"https:\/\/es.wikipedia.org\/wiki\/Parque_natural_de_Jand%C3%ADa\" target=\"_blank\" rel=\"noopener\"><strong>El Parque Natural de Jandia<\/strong><\/a>. Una cadena monta\u00f1osa de origen volc\u00e1nico de 14 km y unos 800 metros de altura, la isla de Cofete asentada sobre un terreno \u00e1rido pero a la vez inmenso, que se pierde al orizonte.<\/p>\n<p>La zona de Cofete desde tiempos inmemoriales ha sido siempre una zona de pastoreo y cultivo de Los Majoreros, la antigua poblaci\u00f3n de Fuerteventura. Tras la conquista del Imperio espa\u00f1ol en el siglo XV, algunos pobladores se establecieron all\u00ed de forma permanente en 1816. As\u00ed se construyeron las primeras casas para permitir la explotaci\u00f3n de la tierra con el cultivo de cereales, legumbres y algunos \u00e1rboles frutales as\u00ed como el pastoreo de cabras. En 1826 la zona ya contaba con 28 personas, que se quedaron temporalmente en esta zona. Cofete alcanz\u00f3 su apogeo en 1834 con un total de 67 personas.<\/p>\n<p>Lamentablemente, a mediados del siglo XX comenz\u00f3 un lento pero inexorable declive del pueblo, debido a la sequ\u00eda y otras dificultades. Poco a poco los habitantes decidieron trasladarse a Morro Jable. En 1950 solo 6 familias resid\u00edan en la zona dedic\u00e1ndose a un escaso pastoreo y extracci\u00f3n de cal. Despu\u00e9s de solo 10 a\u00f1os en 1960 Cofete desaparece como aldea de los registros oficiales.<\/p>\n<p>Hoy en d\u00eda solo residen unas pocas familias en Cofete, que luchan por que sea <a href=\"https:\/\/radiosintonia.com\/cofete-reconocido-como-poblado\/\" target=\"_blank\" rel=\"noopener\"><strong>reconocida oficialmente como poblado.<\/strong><\/a><\/p>\n<h3><strong>Llegar a Cofete<\/strong><\/h3>\n<p>La fascinante historia de este lugar despierta mi curiosidad. Desde el pueblo de Corralejo tomo la carretera que atraviesa toda la isla, continuando hacia el sur hasta Morro Jable.<\/p>\n<p>El pueblo, t\u00edpico destino tur\u00edstico, se asoma al mar con todas las comodidades que requiere el mundo moderno. Supermercados, restaurantes, luz, agua corriente. Por urbanizaci\u00f3n cuando en cierto punto una t\u00edmida se\u00f1al indica el camino para llegar a Cofete. Son unos 15 km de carretera que se podr\u00edan hacer en un cuarto de hora, pero no es as\u00ed. El asfalto cede r\u00e1pidamente el paso a la tierra batida, tejiendo entre las crestas y los valles de la sierra de Jand\u00eda.<\/p>\n<p>&nbsp;<\/p>\n<p><img decoding=\"async\" class=\"aligncenter wp-image-3964 lazyload\" data-src=\"https:\/\/marcopachiega.com\/blog\/wp-content\/uploads\/sites\/9\/2021\/10\/DSC2056.jpg\" alt=\"\" width=\"600\" height=\"400\" src=\"data:image\/svg+xml;base64,PHN2ZyB3aWR0aD0iMSIgaGVpZ2h0PSIxIiB4bWxucz0iaHR0cDovL3d3dy53My5vcmcvMjAwMC9zdmciPjwvc3ZnPg==\" style=\"--smush-placeholder-width: 600px; --smush-placeholder-aspect-ratio: 600\/400;\"><\/p>\n<p>Es un viaje lunar. Tierra gris y rocas hasta donde alcanza la vista entre monta\u00f1as que cortan el horizonte. Poco a poco voy subiendo por recodos y curvas cerradas en un entorno cada vez m\u00e1s inh\u00f3spito. La vegetaci\u00f3n se vuelve escasa y toma formas duras y \u00e1speras cuando encuentra la manera de aferrarse a un rinc\u00f3n de tierra f\u00e9rtil.<\/p>\n<p><img decoding=\"async\" class=\"aligncenter wp-image-3933 lazyload\" data-src=\"https:\/\/marcopachiega.com\/blog\/wp-content\/uploads\/sites\/9\/2021\/10\/DSC2031-1.jpg\" alt=\"\" width=\"600\" height=\"400\" src=\"data:image\/svg+xml;base64,PHN2ZyB3aWR0aD0iMSIgaGVpZ2h0PSIxIiB4bWxucz0iaHR0cDovL3d3dy53My5vcmcvMjAwMC9zdmciPjwvc3ZnPg==\" style=\"--smush-placeholder-width: 600px; --smush-placeholder-aspect-ratio: 600\/400;\"><\/p>\n<p>Finalizo la lenta y constante ascensi\u00f3n. Llego al Mirador de Cofete a 234 metros sobre el nivel del mar. La vista desde aqu\u00ed es impresionante. El camino de tierra serpentea hasta llegar a un par de casas en la distancia. La cordillera se extiende hasta donde alcanza la vista con paredes que descienden suavemente hasta descansar en un tramo de playa dorada. El Oc\u00e9ano Atl\u00e1ntico pone inquieto sus olas sobre la arena. Un lugar escondido y bien protegido por fuerzas naturales ancestrales.<\/p>\n<p>\u00a1La vista llena los ojos de asombro y la inmensidad del paisaje no te deja espacio para respirar!<\/p>\n<p>Podr\u00eda quedarme y admirar el paisaje durante horas si no fuera por los vientos alisios que soplan con fuerza. Abrir la puerta del coche puede resultar complicado. La contemplaci\u00f3n termina impulsada por las ganas de llegar a la playa, ver de cerca esas olas y observar el pueblo conocido en toda la isla.<\/p>\n<h3><strong>El camino a Cofete<\/strong><\/h3>\n<p>Siguiendo la lengua de tierra batida voy bajando poco a poco. Conduciendo hacia el peque\u00f1o pueblo a menudo me distraigo con el escenario de fin del mundo que aparece frente a m\u00ed en cada curva.<\/p>\n<p>Casas de piedra aqu\u00ed y all\u00e1 componen el caser\u00edo, intercaladas con terrenos bald\u00edos y algunos cultivos. La sensaci\u00f3n de poder de las monta\u00f1as me hace volver la mirada hacia el oc\u00e9ano, que no te da aliento por sus olas. No hay salida. El camino termina en la inmensa playa. El paisaje circundante da una sensaci\u00f3n de paz mezclada con perdici\u00f3n debido a los grandes e inmensos elementos que dibujan este panorama.<\/p>\n<p>A lo lejos, arrastrado por el viento, cerca de la playa se encuentra un lugar sagrado. El cementerio de Cofete.<\/p>\n<h3><strong>El origen del cementerio<\/strong><\/h3>\n<p>Como la zona es de dif\u00edcil acceso y tiene una sola v\u00eda, fue demasiado dif\u00edcil y largo para los habitantes de Cofete enterrar a sus seres queridos cerca del municipio de P\u00e1jara. Entonces decidieron dar un entierro digno en un lugar que era de todos y de nadie al mismo tiempo: la playa.<\/p>\n<p>El cementerio consta de una valla simb\u00f3lica y unos muros bajos que delimitan el espacio donde se supone que est\u00e1n enterradas m\u00e1s de 200 personas. Una puerta de madera sin candado marca la entrada, que en su lado derecho muestra los nombres y apellidos de los cuerpos mientras una placa de acero cuenta el origen y la breve historia.<\/p>\n<p>La sencillez del cementerio est\u00e1 en constante lucha contra las dunas de arena. Las tumbas adornadas con peque\u00f1as cruces de madera y piedra volc\u00e1nica me hacen comprender que no fue f\u00e1cil vivir aqu\u00ed. Un lugar donde los vecinos vivieron del pastoralismo y cultivaron adapt\u00e1ndose a los ritmos y la crudeza de la naturaleza.&nbsp;<\/p>\n<p><img decoding=\"async\" class=\"aligncenter wp-image-3936 lazyload\" data-src=\"https:\/\/marcopachiega.com\/blog\/wp-content\/uploads\/sites\/9\/2021\/10\/DSC2064-1.jpg\" alt=\"Cofete\" width=\"600\" height=\"400\" src=\"data:image\/svg+xml;base64,PHN2ZyB3aWR0aD0iMSIgaGVpZ2h0PSIxIiB4bWxucz0iaHR0cDovL3d3dy53My5vcmcvMjAwMC9zdmciPjwvc3ZnPg==\" style=\"--smush-placeholder-width: 600px; --smush-placeholder-aspect-ratio: 600\/400;\"><\/p>\n<p>&nbsp;Aqui no hay restaurantes, luz, supermercados. Humildad y respeto es lo que requiere este lugar<\/p>\n<p>Mirando la empinada ladera de las monta\u00f1as, se puede vislumbrar un \u00fanico edificio peculiar, una villa de color blanco.<\/p>\n<h3><strong>Villa Winter<\/strong><\/h3>\n<p>El propietario de esta villa, un alem\u00e1n llamado Gustav Winter, era arrendatario de toda la pen\u00ednsula de Jandia. En ese momento, la presencia de los alemanes, las relaciones entre los nazis y la Espa\u00f1a de Franco hac\u00edan resonar muchas historias y leyendas sobre esta casa remota.<\/p>\n<p>El caso es que cualquiera que venga de ese estrecho camino de acceso queda impresionado por la espectacular formaci\u00f3n geogr\u00e1fica de este lugar. Un gran corredor natural bordeado por un lado por imponentes monta\u00f1as y por el otro por un oc\u00e9ano incansable.<\/p>\n<p>En 2014 se utiliz\u00f3 en el set de la pel\u00edcula Exodus de Ridley Scott.<\/p>\n<p>Quieres leer otro art\u00edculo? \u00a1Echa un vistazo a la secci\u00f3n <a href=\"https:\/\/marcopachiega.com\/besp\/viajes-y-otras-historias\/\" rel=\"noopener noreferrer\"><strong>Viajes y otras historias<\/strong><\/a>&nbsp;o mira la galer\u00eda a continuaci\u00f3n!<\/p>\n\n<div class=\"gdgallery-gallery-container\" id=\"gdgallery-container-41\" data-id=\"41\">\n    \n<div id=\"gdgallery_container_41\" style=\"display:none;\" data-view=\"justified\">\n            <a href=\"\" target=\"_blank\">\n            <img decoding=\"async\" alt=\"\"\n                 data-type=\"image\"\n                 data-src=\"https:\/\/marcopachiega.com\/besp\/wp-content\/uploads\/sites\/13\/2021\/10\/DSC2031.jpg\"\n                 data-image=\"https:\/\/marcopachiega.com\/besp\/wp-content\/uploads\/sites\/13\/2021\/10\/DSC2031.jpg\"\n                 data-description=\"\"\n                                 style=\"--smush-placeholder-width: 1224px; --smush-placeholder-aspect-ratio: 1224\/816;display:block\" src=\"data:image\/svg+xml;base64,PHN2ZyB3aWR0aD0iMSIgaGVpZ2h0PSIxIiB4bWxucz0iaHR0cDovL3d3dy53My5vcmcvMjAwMC9zdmciPjwvc3ZnPg==\" class=\"lazyload\">\n        <\/a>\n            <a href=\"\" target=\"_blank\">\n            <img decoding=\"async\" alt=\"\"\n                 data-type=\"image\"\n                 data-src=\"https:\/\/marcopachiega.com\/besp\/wp-content\/uploads\/sites\/13\/2021\/10\/DSC2041.jpg\"\n                 data-image=\"https:\/\/marcopachiega.com\/besp\/wp-content\/uploads\/sites\/13\/2021\/10\/DSC2041.jpg\"\n                 data-description=\"\"\n                                 style=\"--smush-placeholder-width: 1224px; --smush-placeholder-aspect-ratio: 1224\/816;display:block\" src=\"data:image\/svg+xml;base64,PHN2ZyB3aWR0aD0iMSIgaGVpZ2h0PSIxIiB4bWxucz0iaHR0cDovL3d3dy53My5vcmcvMjAwMC9zdmciPjwvc3ZnPg==\" class=\"lazyload\">\n        <\/a>\n            <a href=\"\" target=\"_blank\">\n            <img decoding=\"async\" alt=\"\"\n                 data-type=\"image\"\n                 data-src=\"https:\/\/marcopachiega.com\/besp\/wp-content\/uploads\/sites\/13\/2021\/10\/DSC2049.jpg\"\n                 data-image=\"https:\/\/marcopachiega.com\/besp\/wp-content\/uploads\/sites\/13\/2021\/10\/DSC2049.jpg\"\n                 data-description=\"\"\n                                 style=\"--smush-placeholder-width: 1224px; --smush-placeholder-aspect-ratio: 1224\/816;display:block\" src=\"data:image\/svg+xml;base64,PHN2ZyB3aWR0aD0iMSIgaGVpZ2h0PSIxIiB4bWxucz0iaHR0cDovL3d3dy53My5vcmcvMjAwMC9zdmciPjwvc3ZnPg==\" class=\"lazyload\">\n        <\/a>\n            <a href=\"\" target=\"_blank\">\n            <img decoding=\"async\" alt=\"\"\n                 data-type=\"image\"\n                 data-src=\"https:\/\/marcopachiega.com\/besp\/wp-content\/uploads\/sites\/13\/2021\/10\/DSC2064.jpg\"\n                 data-image=\"https:\/\/marcopachiega.com\/besp\/wp-content\/uploads\/sites\/13\/2021\/10\/DSC2064.jpg\"\n                 data-description=\"\"\n                                 style=\"--smush-placeholder-width: 1224px; --smush-placeholder-aspect-ratio: 1224\/816;display:block\" src=\"data:image\/svg+xml;base64,PHN2ZyB3aWR0aD0iMSIgaGVpZ2h0PSIxIiB4bWxucz0iaHR0cDovL3d3dy53My5vcmcvMjAwMC9zdmciPjwvc3ZnPg==\" class=\"lazyload\">\n        <\/a>\n            <a href=\"\" target=\"_blank\">\n            <img decoding=\"async\" alt=\"\"\n                 data-type=\"image\"\n                 data-src=\"https:\/\/marcopachiega.com\/besp\/wp-content\/uploads\/sites\/13\/2021\/10\/DSC2067.jpg\"\n                 data-image=\"https:\/\/marcopachiega.com\/besp\/wp-content\/uploads\/sites\/13\/2021\/10\/DSC2067.jpg\"\n                 data-description=\"\"\n                                 style=\"--smush-placeholder-width: 1224px; --smush-placeholder-aspect-ratio: 1224\/816;display:block\" src=\"data:image\/svg+xml;base64,PHN2ZyB3aWR0aD0iMSIgaGVpZ2h0PSIxIiB4bWxucz0iaHR0cDovL3d3dy53My5vcmcvMjAwMC9zdmciPjwvc3ZnPg==\" class=\"lazyload\">\n        <\/a>\n            <a href=\"\" target=\"_blank\">\n            <img decoding=\"async\" alt=\"\"\n                 data-type=\"image\"\n                 data-src=\"https:\/\/marcopachiega.com\/besp\/wp-content\/uploads\/sites\/13\/2021\/10\/DSC2069.jpg\"\n                 data-image=\"https:\/\/marcopachiega.com\/besp\/wp-content\/uploads\/sites\/13\/2021\/10\/DSC2069.jpg\"\n                 data-description=\"\"\n                                 style=\"--smush-placeholder-width: 1224px; --smush-placeholder-aspect-ratio: 1224\/816;display:block\" src=\"data:image\/svg+xml;base64,PHN2ZyB3aWR0aD0iMSIgaGVpZ2h0PSIxIiB4bWxucz0iaHR0cDovL3d3dy53My5vcmcvMjAwMC9zdmciPjwvc3ZnPg==\" class=\"lazyload\">\n        <\/a>\n            <a href=\"\" target=\"_blank\">\n            <img decoding=\"async\" alt=\"\"\n                 data-type=\"image\"\n                 data-src=\"https:\/\/marcopachiega.com\/besp\/wp-content\/uploads\/sites\/13\/2021\/10\/DSC2073.jpg\"\n                 data-image=\"https:\/\/marcopachiega.com\/besp\/wp-content\/uploads\/sites\/13\/2021\/10\/DSC2073.jpg\"\n                 data-description=\"\"\n                                 style=\"--smush-placeholder-width: 1225px; --smush-placeholder-aspect-ratio: 1225\/816;display:block\" src=\"data:image\/svg+xml;base64,PHN2ZyB3aWR0aD0iMSIgaGVpZ2h0PSIxIiB4bWxucz0iaHR0cDovL3d3dy53My5vcmcvMjAwMC9zdmciPjwvc3ZnPg==\" class=\"lazyload\">\n        <\/a>\n            <a href=\"\" target=\"_blank\">\n            <img decoding=\"async\" alt=\"\"\n                 data-type=\"image\"\n                 data-src=\"https:\/\/marcopachiega.com\/besp\/wp-content\/uploads\/sites\/13\/2021\/10\/DSC2074-Pano.jpg\"\n                 data-image=\"https:\/\/marcopachiega.com\/besp\/wp-content\/uploads\/sites\/13\/2021\/10\/DSC2074-Pano.jpg\"\n                 data-description=\"\"\n                                 style=\"--smush-placeholder-width: 1638px; --smush-placeholder-aspect-ratio: 1638\/610;display:block\" src=\"data:image\/svg+xml;base64,PHN2ZyB3aWR0aD0iMSIgaGVpZ2h0PSIxIiB4bWxucz0iaHR0cDovL3d3dy53My5vcmcvMjAwMC9zdmciPjwvc3ZnPg==\" class=\"lazyload\">\n        <\/a>\n            <a href=\"\" target=\"_blank\">\n            <img decoding=\"async\" alt=\"\"\n                 data-type=\"image\"\n                 data-src=\"https:\/\/marcopachiega.com\/besp\/wp-content\/uploads\/sites\/13\/2021\/10\/DSC2084.jpg\"\n                 data-image=\"https:\/\/marcopachiega.com\/besp\/wp-content\/uploads\/sites\/13\/2021\/10\/DSC2084.jpg\"\n                 data-description=\"\"\n                                 style=\"--smush-placeholder-width: 1224px; --smush-placeholder-aspect-ratio: 1224\/816;display:block\" src=\"data:image\/svg+xml;base64,PHN2ZyB3aWR0aD0iMSIgaGVpZ2h0PSIxIiB4bWxucz0iaHR0cDovL3d3dy53My5vcmcvMjAwMC9zdmciPjwvc3ZnPg==\" class=\"lazyload\">\n        <\/a>\n            <a href=\"\" target=\"_blank\">\n            <img decoding=\"async\" alt=\"\"\n                 data-type=\"image\"\n                 data-src=\"https:\/\/marcopachiega.com\/besp\/wp-content\/uploads\/sites\/13\/2021\/10\/DSC2085.jpg\"\n                 data-image=\"https:\/\/marcopachiega.com\/besp\/wp-content\/uploads\/sites\/13\/2021\/10\/DSC2085.jpg\"\n                 data-description=\"\"\n                                 style=\"--smush-placeholder-width: 816px; --smush-placeholder-aspect-ratio: 816\/1224;display:block\" src=\"data:image\/svg+xml;base64,PHN2ZyB3aWR0aD0iMSIgaGVpZ2h0PSIxIiB4bWxucz0iaHR0cDovL3d3dy53My5vcmcvMjAwMC9zdmciPjwvc3ZnPg==\" class=\"lazyload\">\n        <\/a>\n            <a href=\"\" target=\"_blank\">\n            <img decoding=\"async\" alt=\"\"\n                 data-type=\"image\"\n                 data-src=\"https:\/\/marcopachiega.com\/besp\/wp-content\/uploads\/sites\/13\/2021\/10\/DSC2095.jpg\"\n                 data-image=\"https:\/\/marcopachiega.com\/besp\/wp-content\/uploads\/sites\/13\/2021\/10\/DSC2095.jpg\"\n                 data-description=\"\"\n                                 style=\"--smush-placeholder-width: 1224px; --smush-placeholder-aspect-ratio: 1224\/816;display:block\" src=\"data:image\/svg+xml;base64,PHN2ZyB3aWR0aD0iMSIgaGVpZ2h0PSIxIiB4bWxucz0iaHR0cDovL3d3dy53My5vcmcvMjAwMC9zdmciPjwvc3ZnPg==\" class=\"lazyload\">\n        <\/a>\n            <a href=\"\" target=\"_blank\">\n            <img decoding=\"async\" alt=\"\"\n                 data-type=\"image\"\n                 data-src=\"https:\/\/marcopachiega.com\/besp\/wp-content\/uploads\/sites\/13\/2021\/10\/DSC2099.jpg\"\n                 data-image=\"https:\/\/marcopachiega.com\/besp\/wp-content\/uploads\/sites\/13\/2021\/10\/DSC2099.jpg\"\n                 data-description=\"\"\n                                 style=\"--smush-placeholder-width: 1224px; --smush-placeholder-aspect-ratio: 1224\/816;display:block\" src=\"data:image\/svg+xml;base64,PHN2ZyB3aWR0aD0iMSIgaGVpZ2h0PSIxIiB4bWxucz0iaHR0cDovL3d3dy53My5vcmcvMjAwMC9zdmciPjwvc3ZnPg==\" class=\"lazyload\">\n        <\/a>\n            <a href=\"\" target=\"_blank\">\n            <img decoding=\"async\" alt=\"\"\n                 data-type=\"image\"\n                 data-src=\"https:\/\/marcopachiega.com\/besp\/wp-content\/uploads\/sites\/13\/2021\/10\/DSC2108.jpg\"\n                 data-image=\"https:\/\/marcopachiega.com\/besp\/wp-content\/uploads\/sites\/13\/2021\/10\/DSC2108.jpg\"\n                 data-description=\"\"\n                                 style=\"--smush-placeholder-width: 1224px; --smush-placeholder-aspect-ratio: 1224\/816;display:block\" src=\"data:image\/svg+xml;base64,PHN2ZyB3aWR0aD0iMSIgaGVpZ2h0PSIxIiB4bWxucz0iaHR0cDovL3d3dy53My5vcmcvMjAwMC9zdmciPjwvc3ZnPg==\" class=\"lazyload\">\n        <\/a>\n            <a href=\"\" target=\"_blank\">\n            <img decoding=\"async\" alt=\"\"\n                 data-type=\"image\"\n                 data-src=\"https:\/\/marcopachiega.com\/besp\/wp-content\/uploads\/sites\/13\/2021\/10\/DSC2119.jpg\"\n                 data-image=\"https:\/\/marcopachiega.com\/besp\/wp-content\/uploads\/sites\/13\/2021\/10\/DSC2119.jpg\"\n                 data-description=\"\"\n                                 style=\"--smush-placeholder-width: 1224px; --smush-placeholder-aspect-ratio: 1224\/816;display:block\" src=\"data:image\/svg+xml;base64,PHN2ZyB3aWR0aD0iMSIgaGVpZ2h0PSIxIiB4bWxucz0iaHR0cDovL3d3dy53My5vcmcvMjAwMC9zdmciPjwvc3ZnPg==\" class=\"lazyload\">\n        <\/a>\n            <a href=\"\" target=\"_blank\">\n            <img decoding=\"async\" alt=\"\"\n                 data-type=\"image\"\n                 data-src=\"https:\/\/marcopachiega.com\/besp\/wp-content\/uploads\/sites\/13\/2021\/10\/DSC2128.jpg\"\n                 data-image=\"https:\/\/marcopachiega.com\/besp\/wp-content\/uploads\/sites\/13\/2021\/10\/DSC2128.jpg\"\n                 data-description=\"\"\n                                 style=\"--smush-placeholder-width: 1224px; --smush-placeholder-aspect-ratio: 1224\/816;display:block\" src=\"data:image\/svg+xml;base64,PHN2ZyB3aWR0aD0iMSIgaGVpZ2h0PSIxIiB4bWxucz0iaHR0cDovL3d3dy53My5vcmcvMjAwMC9zdmciPjwvc3ZnPg==\" class=\"lazyload\">\n        <\/a>\n            <a href=\"\" target=\"_blank\">\n            <img decoding=\"async\" alt=\"\"\n                 data-type=\"image\"\n                 data-src=\"https:\/\/marcopachiega.com\/besp\/wp-content\/uploads\/sites\/13\/2021\/10\/DSC2133.jpg\"\n                 data-image=\"https:\/\/marcopachiega.com\/besp\/wp-content\/uploads\/sites\/13\/2021\/10\/DSC2133.jpg\"\n                 data-description=\"\"\n                                 style=\"--smush-placeholder-width: 1224px; --smush-placeholder-aspect-ratio: 1224\/816;display:block\" src=\"data:image\/svg+xml;base64,PHN2ZyB3aWR0aD0iMSIgaGVpZ2h0PSIxIiB4bWxucz0iaHR0cDovL3d3dy53My5vcmcvMjAwMC9zdmciPjwvc3ZnPg==\" class=\"lazyload\">\n        <\/a>\n    <\/div>\n\n\n\n<script type=\"text\/javascript\">\n\n\n    (function() {\n        var runMyCode = function() {\n            jQuery(document).ready(function () {\n                var container = jQuery(\"#gdgallery_container_41\");\n                container.unitegallery({\"gallery_theme\":\"justified\",\"tiles_type\":\"justified\",\"tiles_justified_space_between\":10,\"tile_enable_textpanel\":true,\"tile_textpanel_always_on\":true,\"tile_textpanel_title_text_align\":\"center\",\"tile_textpanel_title_font_size\":\"16\",\"tile_textpanel_title_color\":\"#FFFFFF\",\"tile_textpanel_bg_color\":\"#333333\",\"tile_textpanel_bg_opacity\":0.7,\"tile_enable_border\":true,\"tile_border_width\":\"0\",\"tile_border_color\":\"#333333\",\"tile_border_radius\":\"0\",\"tile_enable_overlay\":true,\"tile_enable_image_effect\":true,\"tile_image_effect_type\":\"blur\",\"tile_image_effect_reverse\":true,\"tile_enable_shadow\":false,\"tile_as_link\":false,\"tile_enable_icons\":true,\"tile_show_link_icon\":true,\"tile_textpanel_appear_type\":\"slide\",\"tile_textpanel_position\":\"inside_bottom\",\"tile_link_newpage\":true,\"lightbox_type\":\"wide\",\"lightbox_arrows_offset\":0,\"lightbox_overlay_color\":\"#000000\",\"lightbox_overlay_opacity\":1,\"lightbox_top_panel_opacity\":1,\"lightbox_show_numbers\":true,\"lightbox_numbers_size\":\"15\",\"lightbox_numbers_color\":\"#FFFFFF\",\"lightbox_slider_image_border_width\":\"0\",\"lightbox_slider_image_border_color\":\"#FFFFFF\",\"lightbox_slider_image_border_radius\":0,\"lightbox_slider_image_shadow\":true,\"lightbox_slider_control_swipe\":true,\"lightbox_slider_control_zoom\":true,\"lightbox_slider_image_border\":true,\"lightbox_show_textpanel\":true,\"lightbox_textpanel_enable_title\":true,\"lightbox_textpanel_enable_description\":false,\"lightbox_textpanel_padding_top\":5,\"lightbox_textpanel_padding_bottom\":5,\"lightbox_textpanel_padding_right\":5,\"lightbox_textpanel_padding_left\":5,\"lightbox_textpanel_title_color\":\"#FFFFFF\",\"lightbox_textpanel_title_text_align\":\"center\",\"lightbox_textpanel_title_font_size\":\"16\",\"lightbox_textpanel_desc_color\":\"#FFFFFF\",\"lightbox_textpanel_desc_text_align\":\"center\",\"lightbox_textpanel_desc_font_size\":\"14\"});\n            });\n        };\n        var timer = function() {\n            if (window.jQuery) {runMyCode(window.jQuery);}\n            else {window.setTimeout(timer, 100);}\n        };\n        timer();\n    })();\n<\/script><style>\n#gdgallery-container-41 {\n   text-align: center}\n\n.gdgallery-pagination-41{\ntext-align: center !important;\n}\n\n.gdgallery-pagination-41 a{\n    font-size: 15px !important;\n    padding: 8px 13px !important;\n    margin: 3px !important;\n    border: 1px solid #333333 !important;\n    border-radius: 0px !important;\n    color: #333333 !important;\n    background-color: #FFFFFF !important;\n    font-family: monospace !important;\n}\n\n.gdgallery-pagination-41 a:hover, .gdgallery-pagination-41 a.gdgallery-pagination-icon-active{\n    color: #FFFFFF !important;\n    background-color: #333333 !important;\n    border-color: #333333 !important;\n}\n\n#gdgallery-container-41 .gdgallery_load_more_space{\n    margin-top: 20px !important;\n    text-align: center !important;\n}\n\n#gdgallery-container-41 .gdgallery_load_more_space button{\n                      padding: 8px 13px !important;\n    font-size: 15px !important;\n    background-color: #333333 !important;\n    color: #FFFFFF !important;\n    border:1px solid #333333 !important;\n                      border-radius: 0px !important;\n                      font-family: monospace !important;\n                  }\n#gdgallery-container-41 .gdgallery_load_more_space button:hover{\n                      background-color: #FFFFFF !important;\n                      color: #333333 !important;\n                      border-color: #333333 !important;\n                  }\n\n#gdgallery-container-41 .gdgallery_load_more_space button,\n#gdgallery-container-41 .gdgallery_load_more_space button:hover,\n#gdgallery-container-41 .gdgallery_load_more_space button:active,\n#gdgallery-container-41 .gdgallery_load_more_space button:focus{\n    outline: none !important;\n}\n\n\n#gdgallery-container-41 .gdgallery_loading li{\n                      border: 3px solid #333333 !important;\n                  }\n\n.ug-lightbox .ug-lightbox-top-panel-overlay{\n    background-color: #000000 !important;\n}\n\n\n                  #gdgallery_container_41{}\n<\/style>\n\n\n\n<\/div>\n\n\n\n\n\n\n<p><strong><em>Marco Pachiega<\/em><\/strong><\/p>\n<p>&nbsp;<\/p>\n","protected":false},"excerpt":{"rendered":"<p>Cofete, la frontera con el fin del mundo Entre un oc\u00e9ano embravecido y monta\u00f1as austeras se encuentra un peque\u00f1o pueblo En el art\u00edculo anterior, la bah\u00eda de Albarca me dej\u00f3 sin palabras con sus rocas de formas extravagantes. Pero el mundo est\u00e1 lleno de lugares similares, donde la naturaleza es soberana y el hombre solo puede inclinarse ante ella. Esta vez estoy en Fuerteventura donde una inmensa playa y una cadena monta\u00f1osa de origen volc\u00e1nico dejan espacio solo para aguantar la respiraci\u00f3n ante su vista. Fuerteventura Con una historia de casi 20 millones de a\u00f1os y a menos de 100 km de la costa africana se encuentra Fuerteventura, una isla&hellip; <a class=\"read-more\" href=\"https:\/\/marcopachiega.com\/besp\/cofete-la-frontera-con-el-fin-del-mundo\/\">Read More<\/a><\/p>\n","protected":false},"author":1,"featured_media":3975,"comment_status":"open","ping_status":"open","sticky":false,"template":"","format":"standard","meta":{"footnotes":""},"categories":[328],"tags":[528,48,524,531,523,532,180,525,527,533,529,530,154,526,191,36,389,452,390,137,418,153,519],"class_list":["post-3951","post","type-post","status-publish","format-standard","has-post-thumbnail","hentry","category-escapadas-viajes-y-otras-historias","tag-abandoned","tag-beach","tag-canarias","tag-canary-islands","tag-cofete","tag-destinations","tag-discover","tag-fuerteventura","tag-landscpae","tag-lonely","tag-natural-park","tag-natural-reserve","tag-nature","tag-panoramic-view","tag-relax","tag-spain","tag-tourism","tag-town","tag-trail","tag-travel","tag-travel-photography","tag-trekking","tag-wild-nature"],"yoast_head":"<!-- This site is optimized with the Yoast SEO plugin v27.3 - https:\/\/yoast.com\/product\/yoast-seo-wordpress\/ -->\n<title>Cofete, la frontera con el fin del mundo - Pachiega&#039;s blog<\/title>\n<meta name=\"description\" content=\"Cofete, la frontera con el fin del mundo. Entre un oc\u00e9ano embravecido y monta\u00f1as austeras se encuentra un peque\u00f1o pueblo\" \/>\n<meta name=\"robots\" content=\"index, follow, max-snippet:-1, max-image-preview:large, max-video-preview:-1\" \/>\n<link rel=\"canonical\" href=\"https:\/\/marcopachiega.com\/besp\/cofete-la-frontera-con-el-fin-del-mundo\/\" \/>\n<meta property=\"og:locale\" content=\"es_ES\" \/>\n<meta property=\"og:type\" content=\"article\" \/>\n<meta property=\"og:title\" content=\"Cofete, la frontera con el fin del mundo - Pachiega&#039;s blog\" \/>\n<meta property=\"og:description\" content=\"Cofete, la frontera con el fin del mundo. Entre un oc\u00e9ano embravecido y monta\u00f1as austeras se encuentra un peque\u00f1o pueblo\" \/>\n<meta property=\"og:url\" content=\"https:\/\/marcopachiega.com\/besp\/cofete-la-frontera-con-el-fin-del-mundo\/\" \/>\n<meta property=\"og:site_name\" content=\"Pachiega&#039;s blog\" \/>\n<meta property=\"article:published_time\" content=\"2021-10-26T18:48:32+00:00\" \/>\n<meta property=\"article:modified_time\" content=\"2021-10-26T19:14:40+00:00\" \/>\n<meta property=\"og:image\" content=\"https:\/\/marcopachiega.com\/besp\/wp-content\/uploads\/sites\/13\/2021\/10\/DSC2064-1.jpg\" \/>\n\t<meta property=\"og:image:width\" content=\"1224\" \/>\n\t<meta property=\"og:image:height\" content=\"816\" \/>\n\t<meta property=\"og:image:type\" content=\"image\/jpeg\" \/>\n<meta name=\"author\" content=\"marcopac\" \/>\n<meta name=\"twitter:card\" content=\"summary_large_image\" \/>\n<meta name=\"twitter:label1\" content=\"Escrito por\" \/>\n\t<meta name=\"twitter:data1\" content=\"marcopac\" \/>\n\t<meta name=\"twitter:label2\" content=\"Tiempo de lectura\" \/>\n\t<meta name=\"twitter:data2\" content=\"7 minutos\" \/>\n<script type=\"application\/ld+json\" class=\"yoast-schema-graph\">{\"@context\":\"https:\\\/\\\/schema.org\",\"@graph\":[{\"@type\":\"Article\",\"@id\":\"https:\\\/\\\/marcopachiega.com\\\/besp\\\/cofete-la-frontera-con-el-fin-del-mundo\\\/#article\",\"isPartOf\":{\"@id\":\"https:\\\/\\\/marcopachiega.com\\\/besp\\\/cofete-la-frontera-con-el-fin-del-mundo\\\/\"},\"author\":{\"name\":\"marcopac\",\"@id\":\"https:\\\/\\\/marcopachiega.com\\\/besp\\\/#\\\/schema\\\/person\\\/5800e113375ba5f33499beca73ac3336\"},\"headline\":\"Cofete, la frontera con el fin del mundo\",\"datePublished\":\"2021-10-26T18:48:32+00:00\",\"dateModified\":\"2021-10-26T19:14:40+00:00\",\"mainEntityOfPage\":{\"@id\":\"https:\\\/\\\/marcopachiega.com\\\/besp\\\/cofete-la-frontera-con-el-fin-del-mundo\\\/\"},\"wordCount\":1316,\"commentCount\":0,\"image\":{\"@id\":\"https:\\\/\\\/marcopachiega.com\\\/besp\\\/cofete-la-frontera-con-el-fin-del-mundo\\\/#primaryimage\"},\"thumbnailUrl\":\"https:\\\/\\\/marcopachiega.com\\\/besp\\\/wp-content\\\/uploads\\\/sites\\\/13\\\/2021\\\/10\\\/DSC2064-1.jpg\",\"keywords\":[\"abandoned\",\"beach\",\"canarias\",\"canary islands\",\"cofete\",\"destinations\",\"discover\",\"fuerteventura\",\"landscpae\",\"lonely\",\"natural park\",\"natural reserve\",\"nature\",\"panoramic view\",\"relax\",\"spain\",\"tourism\",\"town\",\"trail\",\"travel\",\"travel photography\",\"trekking\",\"wild nature\"],\"articleSection\":[\"Escapadas, viajes y otras historias\"],\"inLanguage\":\"es\",\"potentialAction\":[{\"@type\":\"CommentAction\",\"name\":\"Comment\",\"target\":[\"https:\\\/\\\/marcopachiega.com\\\/besp\\\/cofete-la-frontera-con-el-fin-del-mundo\\\/#respond\"]}]},{\"@type\":\"WebPage\",\"@id\":\"https:\\\/\\\/marcopachiega.com\\\/besp\\\/cofete-la-frontera-con-el-fin-del-mundo\\\/\",\"url\":\"https:\\\/\\\/marcopachiega.com\\\/besp\\\/cofete-la-frontera-con-el-fin-del-mundo\\\/\",\"name\":\"Cofete, la frontera con el fin del mundo - Pachiega&#039;s blog\",\"isPartOf\":{\"@id\":\"https:\\\/\\\/marcopachiega.com\\\/besp\\\/#website\"},\"primaryImageOfPage\":{\"@id\":\"https:\\\/\\\/marcopachiega.com\\\/besp\\\/cofete-la-frontera-con-el-fin-del-mundo\\\/#primaryimage\"},\"image\":{\"@id\":\"https:\\\/\\\/marcopachiega.com\\\/besp\\\/cofete-la-frontera-con-el-fin-del-mundo\\\/#primaryimage\"},\"thumbnailUrl\":\"https:\\\/\\\/marcopachiega.com\\\/besp\\\/wp-content\\\/uploads\\\/sites\\\/13\\\/2021\\\/10\\\/DSC2064-1.jpg\",\"datePublished\":\"2021-10-26T18:48:32+00:00\",\"dateModified\":\"2021-10-26T19:14:40+00:00\",\"author\":{\"@id\":\"https:\\\/\\\/marcopachiega.com\\\/besp\\\/#\\\/schema\\\/person\\\/5800e113375ba5f33499beca73ac3336\"},\"description\":\"Cofete, la frontera con el fin del mundo. Entre un oc\u00e9ano embravecido y monta\u00f1as austeras se encuentra un peque\u00f1o pueblo\",\"breadcrumb\":{\"@id\":\"https:\\\/\\\/marcopachiega.com\\\/besp\\\/cofete-la-frontera-con-el-fin-del-mundo\\\/#breadcrumb\"},\"inLanguage\":\"es\",\"potentialAction\":[{\"@type\":\"ReadAction\",\"target\":[\"https:\\\/\\\/marcopachiega.com\\\/besp\\\/cofete-la-frontera-con-el-fin-del-mundo\\\/\"]}]},{\"@type\":\"ImageObject\",\"inLanguage\":\"es\",\"@id\":\"https:\\\/\\\/marcopachiega.com\\\/besp\\\/cofete-la-frontera-con-el-fin-del-mundo\\\/#primaryimage\",\"url\":\"https:\\\/\\\/marcopachiega.com\\\/besp\\\/wp-content\\\/uploads\\\/sites\\\/13\\\/2021\\\/10\\\/DSC2064-1.jpg\",\"contentUrl\":\"https:\\\/\\\/marcopachiega.com\\\/besp\\\/wp-content\\\/uploads\\\/sites\\\/13\\\/2021\\\/10\\\/DSC2064-1.jpg\",\"width\":1224,\"height\":816},{\"@type\":\"BreadcrumbList\",\"@id\":\"https:\\\/\\\/marcopachiega.com\\\/besp\\\/cofete-la-frontera-con-el-fin-del-mundo\\\/#breadcrumb\",\"itemListElement\":[{\"@type\":\"ListItem\",\"position\":1,\"name\":\"Home\",\"item\":\"https:\\\/\\\/marcopachiega.com\\\/besp\\\/\"},{\"@type\":\"ListItem\",\"position\":2,\"name\":\"Cofete, la frontera con el fin del mundo\"}]},{\"@type\":\"WebSite\",\"@id\":\"https:\\\/\\\/marcopachiega.com\\\/besp\\\/#website\",\"url\":\"https:\\\/\\\/marcopachiega.com\\\/besp\\\/\",\"name\":\"Pachiega&#039;s blog\",\"description\":\"Observation post\",\"potentialAction\":[{\"@type\":\"SearchAction\",\"target\":{\"@type\":\"EntryPoint\",\"urlTemplate\":\"https:\\\/\\\/marcopachiega.com\\\/besp\\\/?s={search_term_string}\"},\"query-input\":{\"@type\":\"PropertyValueSpecification\",\"valueRequired\":true,\"valueName\":\"search_term_string\"}}],\"inLanguage\":\"es\"},{\"@type\":\"Person\",\"@id\":\"https:\\\/\\\/marcopachiega.com\\\/besp\\\/#\\\/schema\\\/person\\\/5800e113375ba5f33499beca73ac3336\",\"name\":\"marcopac\",\"image\":{\"@type\":\"ImageObject\",\"inLanguage\":\"es\",\"@id\":\"https:\\\/\\\/secure.gravatar.com\\\/avatar\\\/f6c773c53a48c8f498fdb1e3aea06bcb45bf414ea7545feb7c90bb02e9b7c999?s=96&d=mm&r=g\",\"url\":\"https:\\\/\\\/secure.gravatar.com\\\/avatar\\\/f6c773c53a48c8f498fdb1e3aea06bcb45bf414ea7545feb7c90bb02e9b7c999?s=96&d=mm&r=g\",\"contentUrl\":\"https:\\\/\\\/secure.gravatar.com\\\/avatar\\\/f6c773c53a48c8f498fdb1e3aea06bcb45bf414ea7545feb7c90bb02e9b7c999?s=96&d=mm&r=g\",\"caption\":\"marcopac\"},\"sameAs\":[\"http:\\\/\\\/www.marcopachiega.com\",\"https:\\\/\\\/www.instagram.com\\\/marcopachiega\\\/\",\"https:\\\/\\\/www.linkedin.com\\\/in\\\/marco-pachiega-38546b92\\\/?locale=es_ES\",\"https:\\\/\\\/www.youtube.com\\\/@marcopachiega2999\\\/featured\"],\"url\":\"https:\\\/\\\/marcopachiega.com\\\/besp\\\/author\\\/marcopac\\\/\"}]}<\/script>\n<!-- \/ Yoast SEO plugin. -->","yoast_head_json":{"title":"Cofete, la frontera con el fin del mundo - Pachiega&#039;s blog","description":"Cofete, la frontera con el fin del mundo. Entre un oc\u00e9ano embravecido y monta\u00f1as austeras se encuentra un peque\u00f1o pueblo","robots":{"index":"index","follow":"follow","max-snippet":"max-snippet:-1","max-image-preview":"max-image-preview:large","max-video-preview":"max-video-preview:-1"},"canonical":"https:\/\/marcopachiega.com\/besp\/cofete-la-frontera-con-el-fin-del-mundo\/","og_locale":"es_ES","og_type":"article","og_title":"Cofete, la frontera con el fin del mundo - Pachiega&#039;s blog","og_description":"Cofete, la frontera con el fin del mundo. Entre un oc\u00e9ano embravecido y monta\u00f1as austeras se encuentra un peque\u00f1o pueblo","og_url":"https:\/\/marcopachiega.com\/besp\/cofete-la-frontera-con-el-fin-del-mundo\/","og_site_name":"Pachiega&#039;s blog","article_published_time":"2021-10-26T18:48:32+00:00","article_modified_time":"2021-10-26T19:14:40+00:00","og_image":[{"width":1224,"height":816,"url":"https:\/\/marcopachiega.com\/besp\/wp-content\/uploads\/sites\/13\/2021\/10\/DSC2064-1.jpg","type":"image\/jpeg"}],"author":"marcopac","twitter_card":"summary_large_image","twitter_misc":{"Escrito por":"marcopac","Tiempo de lectura":"7 minutos"},"schema":{"@context":"https:\/\/schema.org","@graph":[{"@type":"Article","@id":"https:\/\/marcopachiega.com\/besp\/cofete-la-frontera-con-el-fin-del-mundo\/#article","isPartOf":{"@id":"https:\/\/marcopachiega.com\/besp\/cofete-la-frontera-con-el-fin-del-mundo\/"},"author":{"name":"marcopac","@id":"https:\/\/marcopachiega.com\/besp\/#\/schema\/person\/5800e113375ba5f33499beca73ac3336"},"headline":"Cofete, la frontera con el fin del mundo","datePublished":"2021-10-26T18:48:32+00:00","dateModified":"2021-10-26T19:14:40+00:00","mainEntityOfPage":{"@id":"https:\/\/marcopachiega.com\/besp\/cofete-la-frontera-con-el-fin-del-mundo\/"},"wordCount":1316,"commentCount":0,"image":{"@id":"https:\/\/marcopachiega.com\/besp\/cofete-la-frontera-con-el-fin-del-mundo\/#primaryimage"},"thumbnailUrl":"https:\/\/marcopachiega.com\/besp\/wp-content\/uploads\/sites\/13\/2021\/10\/DSC2064-1.jpg","keywords":["abandoned","beach","canarias","canary islands","cofete","destinations","discover","fuerteventura","landscpae","lonely","natural park","natural reserve","nature","panoramic view","relax","spain","tourism","town","trail","travel","travel photography","trekking","wild nature"],"articleSection":["Escapadas, viajes y otras historias"],"inLanguage":"es","potentialAction":[{"@type":"CommentAction","name":"Comment","target":["https:\/\/marcopachiega.com\/besp\/cofete-la-frontera-con-el-fin-del-mundo\/#respond"]}]},{"@type":"WebPage","@id":"https:\/\/marcopachiega.com\/besp\/cofete-la-frontera-con-el-fin-del-mundo\/","url":"https:\/\/marcopachiega.com\/besp\/cofete-la-frontera-con-el-fin-del-mundo\/","name":"Cofete, la frontera con el fin del mundo - Pachiega&#039;s blog","isPartOf":{"@id":"https:\/\/marcopachiega.com\/besp\/#website"},"primaryImageOfPage":{"@id":"https:\/\/marcopachiega.com\/besp\/cofete-la-frontera-con-el-fin-del-mundo\/#primaryimage"},"image":{"@id":"https:\/\/marcopachiega.com\/besp\/cofete-la-frontera-con-el-fin-del-mundo\/#primaryimage"},"thumbnailUrl":"https:\/\/marcopachiega.com\/besp\/wp-content\/uploads\/sites\/13\/2021\/10\/DSC2064-1.jpg","datePublished":"2021-10-26T18:48:32+00:00","dateModified":"2021-10-26T19:14:40+00:00","author":{"@id":"https:\/\/marcopachiega.com\/besp\/#\/schema\/person\/5800e113375ba5f33499beca73ac3336"},"description":"Cofete, la frontera con el fin del mundo. Entre un oc\u00e9ano embravecido y monta\u00f1as austeras se encuentra un peque\u00f1o pueblo","breadcrumb":{"@id":"https:\/\/marcopachiega.com\/besp\/cofete-la-frontera-con-el-fin-del-mundo\/#breadcrumb"},"inLanguage":"es","potentialAction":[{"@type":"ReadAction","target":["https:\/\/marcopachiega.com\/besp\/cofete-la-frontera-con-el-fin-del-mundo\/"]}]},{"@type":"ImageObject","inLanguage":"es","@id":"https:\/\/marcopachiega.com\/besp\/cofete-la-frontera-con-el-fin-del-mundo\/#primaryimage","url":"https:\/\/marcopachiega.com\/besp\/wp-content\/uploads\/sites\/13\/2021\/10\/DSC2064-1.jpg","contentUrl":"https:\/\/marcopachiega.com\/besp\/wp-content\/uploads\/sites\/13\/2021\/10\/DSC2064-1.jpg","width":1224,"height":816},{"@type":"BreadcrumbList","@id":"https:\/\/marcopachiega.com\/besp\/cofete-la-frontera-con-el-fin-del-mundo\/#breadcrumb","itemListElement":[{"@type":"ListItem","position":1,"name":"Home","item":"https:\/\/marcopachiega.com\/besp\/"},{"@type":"ListItem","position":2,"name":"Cofete, la frontera con el fin del mundo"}]},{"@type":"WebSite","@id":"https:\/\/marcopachiega.com\/besp\/#website","url":"https:\/\/marcopachiega.com\/besp\/","name":"Pachiega&#039;s blog","description":"Observation post","potentialAction":[{"@type":"SearchAction","target":{"@type":"EntryPoint","urlTemplate":"https:\/\/marcopachiega.com\/besp\/?s={search_term_string}"},"query-input":{"@type":"PropertyValueSpecification","valueRequired":true,"valueName":"search_term_string"}}],"inLanguage":"es"},{"@type":"Person","@id":"https:\/\/marcopachiega.com\/besp\/#\/schema\/person\/5800e113375ba5f33499beca73ac3336","name":"marcopac","image":{"@type":"ImageObject","inLanguage":"es","@id":"https:\/\/secure.gravatar.com\/avatar\/f6c773c53a48c8f498fdb1e3aea06bcb45bf414ea7545feb7c90bb02e9b7c999?s=96&d=mm&r=g","url":"https:\/\/secure.gravatar.com\/avatar\/f6c773c53a48c8f498fdb1e3aea06bcb45bf414ea7545feb7c90bb02e9b7c999?s=96&d=mm&r=g","contentUrl":"https:\/\/secure.gravatar.com\/avatar\/f6c773c53a48c8f498fdb1e3aea06bcb45bf414ea7545feb7c90bb02e9b7c999?s=96&d=mm&r=g","caption":"marcopac"},"sameAs":["http:\/\/www.marcopachiega.com","https:\/\/www.instagram.com\/marcopachiega\/","https:\/\/www.linkedin.com\/in\/marco-pachiega-38546b92\/?locale=es_ES","https:\/\/www.youtube.com\/@marcopachiega2999\/featured"],"url":"https:\/\/marcopachiega.com\/besp\/author\/marcopac\/"}]}},"_links":{"self":[{"href":"https:\/\/marcopachiega.com\/besp\/wp-json\/wp\/v2\/posts\/3951","targetHints":{"allow":["GET"]}}],"collection":[{"href":"https:\/\/marcopachiega.com\/besp\/wp-json\/wp\/v2\/posts"}],"about":[{"href":"https:\/\/marcopachiega.com\/besp\/wp-json\/wp\/v2\/types\/post"}],"author":[{"embeddable":true,"href":"https:\/\/marcopachiega.com\/besp\/wp-json\/wp\/v2\/users\/1"}],"replies":[{"embeddable":true,"href":"https:\/\/marcopachiega.com\/besp\/wp-json\/wp\/v2\/comments?post=3951"}],"version-history":[{"count":0,"href":"https:\/\/marcopachiega.com\/besp\/wp-json\/wp\/v2\/posts\/3951\/revisions"}],"wp:featuredmedia":[{"embeddable":true,"href":"https:\/\/marcopachiega.com\/besp\/wp-json\/wp\/v2\/media\/3975"}],"wp:attachment":[{"href":"https:\/\/marcopachiega.com\/besp\/wp-json\/wp\/v2\/media?parent=3951"}],"wp:term":[{"taxonomy":"category","embeddable":true,"href":"https:\/\/marcopachiega.com\/besp\/wp-json\/wp\/v2\/categories?post=3951"},{"taxonomy":"post_tag","embeddable":true,"href":"https:\/\/marcopachiega.com\/besp\/wp-json\/wp\/v2\/tags?post=3951"}],"curies":[{"name":"wp","href":"https:\/\/api.w.org\/{rel}","templated":true}]}}