{"id":474,"date":"2016-03-17T20:52:57","date_gmt":"2016-03-17T20:52:57","guid":{"rendered":"http:\/\/marcopachiega.com\/?p=474"},"modified":"2018-07-22T14:34:51","modified_gmt":"2018-07-22T14:34:51","slug":"el-mito-de-la-caverna-de-platon","status":"publish","type":"post","link":"https:\/\/marcopachiega.com\/besp\/el-mito-de-la-caverna-de-platon\/","title":{"rendered":"El mito de la caverna de Plat\u00f3n"},"content":{"rendered":"<h1 style=\"text-align: center\">El mito de la caverna de Plat\u00f3n<\/h1>\n<p><img fetchpriority=\"high\" decoding=\"async\" class=\"aligncenter wp-image-476 size-full\" src=\"http:\/\/marcopachiega.com\/es\/wp-content\/uploads\/sites\/6\/2016\/03\/18032007-_DSC8066.jpg\" alt=\"El mito de la caverna de Plat\u00f3n\" width=\"640\" height=\"447\" srcset=\"https:\/\/marcopachiega.com\/besp\/wp-content\/uploads\/sites\/13\/2016\/03\/18032007-_DSC8066.jpg 640w, https:\/\/marcopachiega.com\/besp\/wp-content\/uploads\/sites\/13\/2016\/03\/18032007-_DSC8066-420x293.jpg 420w\" sizes=\"(max-width: 640px) 100vw, 640px\" \/><\/p>\n<h2>La historia antigua de el mito de la caverna de Plat\u00f3n nunca nos deja<\/h2>\n<p>Si una determinada persona me hab\u00eda dicho hace mucho tiempo, yo no lo hab\u00eda notado. El hombre camina como yo, disfrute el d\u00eda y el sol que nos ilumina. Ambos de espaldas al sol, s\u00f3lo una peque\u00f1a diferencia. Yo Miraba a la pared y sus trucos de magia, el un poco m\u00e1s adelante,\u00a0como si hab\u00eda visto demasiadas sombras.<br \/>\nLa historia antigua de los reflejos, el fuego, la pared, los prisioneros y el deseo de mirar m\u00e1s all\u00e1.<br \/>\nEl mito de la caverna de Plat\u00f3n es tan impregnado en nuestras vidas que no nos damos cuenta de ella. Y al igual que esta pared, a menudo vemos s\u00f3lo los contornos, convencido de que es la realidad pura. Pero siempre hay alguien que tiene el deseo de superar la barrera, para ver qu\u00e9 hay m\u00e1s all\u00e1. Aunque puede cegar o hacernos da\u00f1o. Una mirada curiosa, experta sumada a la paz, que s\u00f3lo algunos antiguos marineros pueden tener.<br \/>\nPocos segundos para robar y congelar este momento, la mara\u00f1a de sombras a\u00f1adido a nuestros ojos. El sol se va, nosotros tambi\u00e9n. Cada uno a su manera, carreteras que se cruzaron durante unos segundos, sin decir una palabra.<\/p>\n<p>Marco Pachiega.<\/p>\n","protected":false},"excerpt":{"rendered":"<p>El mito de la caverna de Plat\u00f3n La historia antigua de el mito de la caverna de Plat\u00f3n nunca nos deja Si una determinada persona me hab\u00eda dicho hace mucho tiempo, yo no lo hab\u00eda notado. El hombre camina como yo, disfrute el d\u00eda y el sol que nos ilumina. Ambos de espaldas al sol, s\u00f3lo una peque\u00f1a diferencia. Yo Miraba a la pared y sus trucos de magia, el un poco m\u00e1s adelante,\u00a0como si hab\u00eda visto demasiadas sombras. La historia antigua de los reflejos, el fuego, la pared, los prisioneros y el deseo de mirar m\u00e1s all\u00e1. El mito de la caverna de Plat\u00f3n es tan impregnado en nuestras&hellip; <a class=\"read-more\" href=\"https:\/\/marcopachiega.com\/besp\/el-mito-de-la-caverna-de-platon\/\">Read More<\/a><\/p>\n","protected":false},"author":1,"featured_media":476,"comment_status":"open","ping_status":"open","sticky":false,"template":"","format":"standard","meta":{"footnotes":""},"categories":[328],"tags":[],"class_list":["post-474","post","type-post","status-publish","format-standard","has-post-thumbnail","hentry","category-escapadas-viajes-y-otras-historias"],"yoast_head":"<!-- This site is optimized with the Yoast SEO plugin v27.3 - https:\/\/yoast.com\/product\/yoast-seo-wordpress\/ -->\n<title>El mito de la caverna de Plat\u00f3n<\/title>\n<meta name=\"description\" content=\"La historia antigua de los reflejos, el fuego, la pared, los prisioneros y el deseo de mirar m\u00e1s all\u00e1. El mito de la caverna de Plat\u00f3n\" \/>\n<meta name=\"robots\" content=\"index, follow, max-snippet:-1, max-image-preview:large, max-video-preview:-1\" \/>\n<link rel=\"canonical\" href=\"https:\/\/marcopachiega.com\/besp\/el-mito-de-la-caverna-de-platon\/\" \/>\n<meta property=\"og:locale\" content=\"es_ES\" \/>\n<meta property=\"og:type\" content=\"article\" \/>\n<meta property=\"og:title\" content=\"El mito de la caverna de Plat\u00f3n\" \/>\n<meta property=\"og:description\" content=\"La historia antigua de los reflejos, el fuego, la pared, los prisioneros y el deseo de mirar m\u00e1s all\u00e1. El mito de la caverna de Plat\u00f3n\" \/>\n<meta property=\"og:url\" content=\"https:\/\/marcopachiega.com\/besp\/el-mito-de-la-caverna-de-platon\/\" \/>\n<meta property=\"og:site_name\" content=\"Pachiega&#039;s blog\" \/>\n<meta property=\"article:published_time\" content=\"2016-03-17T20:52:57+00:00\" \/>\n<meta property=\"article:modified_time\" content=\"2018-07-22T14:34:51+00:00\" \/>\n<meta property=\"og:image\" content=\"https:\/\/marcopachiega.com\/besp\/wp-content\/uploads\/sites\/13\/2016\/03\/18032007-_DSC8066.jpg\" \/>\n\t<meta property=\"og:image:width\" content=\"640\" \/>\n\t<meta property=\"og:image:height\" content=\"447\" \/>\n\t<meta property=\"og:image:type\" content=\"image\/jpeg\" \/>\n<meta name=\"author\" content=\"marcopac\" \/>\n<meta name=\"twitter:card\" content=\"summary_large_image\" \/>\n<meta name=\"twitter:label1\" content=\"Escrito por\" \/>\n\t<meta name=\"twitter:data1\" content=\"marcopac\" \/>\n\t<meta name=\"twitter:label2\" content=\"Tiempo de lectura\" \/>\n\t<meta name=\"twitter:data2\" content=\"1 minuto\" \/>\n<script type=\"application\/ld+json\" class=\"yoast-schema-graph\">{\"@context\":\"https:\\\/\\\/schema.org\",\"@graph\":[{\"@type\":\"Article\",\"@id\":\"https:\\\/\\\/marcopachiega.com\\\/besp\\\/el-mito-de-la-caverna-de-platon\\\/#article\",\"isPartOf\":{\"@id\":\"https:\\\/\\\/marcopachiega.com\\\/besp\\\/el-mito-de-la-caverna-de-platon\\\/\"},\"author\":{\"name\":\"marcopac\",\"@id\":\"https:\\\/\\\/marcopachiega.com\\\/besp\\\/#\\\/schema\\\/person\\\/5800e113375ba5f33499beca73ac3336\"},\"headline\":\"El mito de la caverna de Plat\u00f3n\",\"datePublished\":\"2016-03-17T20:52:57+00:00\",\"dateModified\":\"2018-07-22T14:34:51+00:00\",\"mainEntityOfPage\":{\"@id\":\"https:\\\/\\\/marcopachiega.com\\\/besp\\\/el-mito-de-la-caverna-de-platon\\\/\"},\"wordCount\":243,\"commentCount\":0,\"image\":{\"@id\":\"https:\\\/\\\/marcopachiega.com\\\/besp\\\/el-mito-de-la-caverna-de-platon\\\/#primaryimage\"},\"thumbnailUrl\":\"https:\\\/\\\/marcopachiega.com\\\/besp\\\/wp-content\\\/uploads\\\/sites\\\/13\\\/2016\\\/03\\\/18032007-_DSC8066.jpg\",\"articleSection\":[\"Escapadas, viajes y otras historias\"],\"inLanguage\":\"es\",\"potentialAction\":[{\"@type\":\"CommentAction\",\"name\":\"Comment\",\"target\":[\"https:\\\/\\\/marcopachiega.com\\\/besp\\\/el-mito-de-la-caverna-de-platon\\\/#respond\"]}]},{\"@type\":\"WebPage\",\"@id\":\"https:\\\/\\\/marcopachiega.com\\\/besp\\\/el-mito-de-la-caverna-de-platon\\\/\",\"url\":\"https:\\\/\\\/marcopachiega.com\\\/besp\\\/el-mito-de-la-caverna-de-platon\\\/\",\"name\":\"El mito de la caverna de Plat\u00f3n\",\"isPartOf\":{\"@id\":\"https:\\\/\\\/marcopachiega.com\\\/besp\\\/#website\"},\"primaryImageOfPage\":{\"@id\":\"https:\\\/\\\/marcopachiega.com\\\/besp\\\/el-mito-de-la-caverna-de-platon\\\/#primaryimage\"},\"image\":{\"@id\":\"https:\\\/\\\/marcopachiega.com\\\/besp\\\/el-mito-de-la-caverna-de-platon\\\/#primaryimage\"},\"thumbnailUrl\":\"https:\\\/\\\/marcopachiega.com\\\/besp\\\/wp-content\\\/uploads\\\/sites\\\/13\\\/2016\\\/03\\\/18032007-_DSC8066.jpg\",\"datePublished\":\"2016-03-17T20:52:57+00:00\",\"dateModified\":\"2018-07-22T14:34:51+00:00\",\"author\":{\"@id\":\"https:\\\/\\\/marcopachiega.com\\\/besp\\\/#\\\/schema\\\/person\\\/5800e113375ba5f33499beca73ac3336\"},\"description\":\"La historia antigua de los reflejos, el fuego, la pared, los prisioneros y el deseo de mirar m\u00e1s all\u00e1. El mito de la caverna de Plat\u00f3n\",\"breadcrumb\":{\"@id\":\"https:\\\/\\\/marcopachiega.com\\\/besp\\\/el-mito-de-la-caverna-de-platon\\\/#breadcrumb\"},\"inLanguage\":\"es\",\"potentialAction\":[{\"@type\":\"ReadAction\",\"target\":[\"https:\\\/\\\/marcopachiega.com\\\/besp\\\/el-mito-de-la-caverna-de-platon\\\/\"]}]},{\"@type\":\"ImageObject\",\"inLanguage\":\"es\",\"@id\":\"https:\\\/\\\/marcopachiega.com\\\/besp\\\/el-mito-de-la-caverna-de-platon\\\/#primaryimage\",\"url\":\"https:\\\/\\\/marcopachiega.com\\\/besp\\\/wp-content\\\/uploads\\\/sites\\\/13\\\/2016\\\/03\\\/18032007-_DSC8066.jpg\",\"contentUrl\":\"https:\\\/\\\/marcopachiega.com\\\/besp\\\/wp-content\\\/uploads\\\/sites\\\/13\\\/2016\\\/03\\\/18032007-_DSC8066.jpg\",\"width\":640,\"height\":447},{\"@type\":\"BreadcrumbList\",\"@id\":\"https:\\\/\\\/marcopachiega.com\\\/besp\\\/el-mito-de-la-caverna-de-platon\\\/#breadcrumb\",\"itemListElement\":[{\"@type\":\"ListItem\",\"position\":1,\"name\":\"Home\",\"item\":\"https:\\\/\\\/marcopachiega.com\\\/besp\\\/\"},{\"@type\":\"ListItem\",\"position\":2,\"name\":\"El mito de la caverna de Plat\u00f3n\"}]},{\"@type\":\"WebSite\",\"@id\":\"https:\\\/\\\/marcopachiega.com\\\/besp\\\/#website\",\"url\":\"https:\\\/\\\/marcopachiega.com\\\/besp\\\/\",\"name\":\"Pachiega&#039;s blog\",\"description\":\"Observation post\",\"potentialAction\":[{\"@type\":\"SearchAction\",\"target\":{\"@type\":\"EntryPoint\",\"urlTemplate\":\"https:\\\/\\\/marcopachiega.com\\\/besp\\\/?s={search_term_string}\"},\"query-input\":{\"@type\":\"PropertyValueSpecification\",\"valueRequired\":true,\"valueName\":\"search_term_string\"}}],\"inLanguage\":\"es\"},{\"@type\":\"Person\",\"@id\":\"https:\\\/\\\/marcopachiega.com\\\/besp\\\/#\\\/schema\\\/person\\\/5800e113375ba5f33499beca73ac3336\",\"name\":\"marcopac\",\"image\":{\"@type\":\"ImageObject\",\"inLanguage\":\"es\",\"@id\":\"https:\\\/\\\/secure.gravatar.com\\\/avatar\\\/f6c773c53a48c8f498fdb1e3aea06bcb45bf414ea7545feb7c90bb02e9b7c999?s=96&d=mm&r=g\",\"url\":\"https:\\\/\\\/secure.gravatar.com\\\/avatar\\\/f6c773c53a48c8f498fdb1e3aea06bcb45bf414ea7545feb7c90bb02e9b7c999?s=96&d=mm&r=g\",\"contentUrl\":\"https:\\\/\\\/secure.gravatar.com\\\/avatar\\\/f6c773c53a48c8f498fdb1e3aea06bcb45bf414ea7545feb7c90bb02e9b7c999?s=96&d=mm&r=g\",\"caption\":\"marcopac\"},\"sameAs\":[\"http:\\\/\\\/www.marcopachiega.com\",\"https:\\\/\\\/www.instagram.com\\\/marcopachiega\\\/\",\"https:\\\/\\\/www.linkedin.com\\\/in\\\/marco-pachiega-38546b92\\\/?locale=es_ES\",\"https:\\\/\\\/www.youtube.com\\\/@marcopachiega2999\\\/featured\"],\"url\":\"https:\\\/\\\/marcopachiega.com\\\/besp\\\/author\\\/marcopac\\\/\"}]}<\/script>\n<!-- \/ Yoast SEO plugin. -->","yoast_head_json":{"title":"El mito de la caverna de Plat\u00f3n","description":"La historia antigua de los reflejos, el fuego, la pared, los prisioneros y el deseo de mirar m\u00e1s all\u00e1. El mito de la caverna de Plat\u00f3n","robots":{"index":"index","follow":"follow","max-snippet":"max-snippet:-1","max-image-preview":"max-image-preview:large","max-video-preview":"max-video-preview:-1"},"canonical":"https:\/\/marcopachiega.com\/besp\/el-mito-de-la-caverna-de-platon\/","og_locale":"es_ES","og_type":"article","og_title":"El mito de la caverna de Plat\u00f3n","og_description":"La historia antigua de los reflejos, el fuego, la pared, los prisioneros y el deseo de mirar m\u00e1s all\u00e1. El mito de la caverna de Plat\u00f3n","og_url":"https:\/\/marcopachiega.com\/besp\/el-mito-de-la-caverna-de-platon\/","og_site_name":"Pachiega&#039;s blog","article_published_time":"2016-03-17T20:52:57+00:00","article_modified_time":"2018-07-22T14:34:51+00:00","og_image":[{"width":640,"height":447,"url":"https:\/\/marcopachiega.com\/besp\/wp-content\/uploads\/sites\/13\/2016\/03\/18032007-_DSC8066.jpg","type":"image\/jpeg"}],"author":"marcopac","twitter_card":"summary_large_image","twitter_misc":{"Escrito por":"marcopac","Tiempo de lectura":"1 minuto"},"schema":{"@context":"https:\/\/schema.org","@graph":[{"@type":"Article","@id":"https:\/\/marcopachiega.com\/besp\/el-mito-de-la-caverna-de-platon\/#article","isPartOf":{"@id":"https:\/\/marcopachiega.com\/besp\/el-mito-de-la-caverna-de-platon\/"},"author":{"name":"marcopac","@id":"https:\/\/marcopachiega.com\/besp\/#\/schema\/person\/5800e113375ba5f33499beca73ac3336"},"headline":"El mito de la caverna de Plat\u00f3n","datePublished":"2016-03-17T20:52:57+00:00","dateModified":"2018-07-22T14:34:51+00:00","mainEntityOfPage":{"@id":"https:\/\/marcopachiega.com\/besp\/el-mito-de-la-caverna-de-platon\/"},"wordCount":243,"commentCount":0,"image":{"@id":"https:\/\/marcopachiega.com\/besp\/el-mito-de-la-caverna-de-platon\/#primaryimage"},"thumbnailUrl":"https:\/\/marcopachiega.com\/besp\/wp-content\/uploads\/sites\/13\/2016\/03\/18032007-_DSC8066.jpg","articleSection":["Escapadas, viajes y otras historias"],"inLanguage":"es","potentialAction":[{"@type":"CommentAction","name":"Comment","target":["https:\/\/marcopachiega.com\/besp\/el-mito-de-la-caverna-de-platon\/#respond"]}]},{"@type":"WebPage","@id":"https:\/\/marcopachiega.com\/besp\/el-mito-de-la-caverna-de-platon\/","url":"https:\/\/marcopachiega.com\/besp\/el-mito-de-la-caverna-de-platon\/","name":"El mito de la caverna de Plat\u00f3n","isPartOf":{"@id":"https:\/\/marcopachiega.com\/besp\/#website"},"primaryImageOfPage":{"@id":"https:\/\/marcopachiega.com\/besp\/el-mito-de-la-caverna-de-platon\/#primaryimage"},"image":{"@id":"https:\/\/marcopachiega.com\/besp\/el-mito-de-la-caverna-de-platon\/#primaryimage"},"thumbnailUrl":"https:\/\/marcopachiega.com\/besp\/wp-content\/uploads\/sites\/13\/2016\/03\/18032007-_DSC8066.jpg","datePublished":"2016-03-17T20:52:57+00:00","dateModified":"2018-07-22T14:34:51+00:00","author":{"@id":"https:\/\/marcopachiega.com\/besp\/#\/schema\/person\/5800e113375ba5f33499beca73ac3336"},"description":"La historia antigua de los reflejos, el fuego, la pared, los prisioneros y el deseo de mirar m\u00e1s all\u00e1. El mito de la caverna de Plat\u00f3n","breadcrumb":{"@id":"https:\/\/marcopachiega.com\/besp\/el-mito-de-la-caverna-de-platon\/#breadcrumb"},"inLanguage":"es","potentialAction":[{"@type":"ReadAction","target":["https:\/\/marcopachiega.com\/besp\/el-mito-de-la-caverna-de-platon\/"]}]},{"@type":"ImageObject","inLanguage":"es","@id":"https:\/\/marcopachiega.com\/besp\/el-mito-de-la-caverna-de-platon\/#primaryimage","url":"https:\/\/marcopachiega.com\/besp\/wp-content\/uploads\/sites\/13\/2016\/03\/18032007-_DSC8066.jpg","contentUrl":"https:\/\/marcopachiega.com\/besp\/wp-content\/uploads\/sites\/13\/2016\/03\/18032007-_DSC8066.jpg","width":640,"height":447},{"@type":"BreadcrumbList","@id":"https:\/\/marcopachiega.com\/besp\/el-mito-de-la-caverna-de-platon\/#breadcrumb","itemListElement":[{"@type":"ListItem","position":1,"name":"Home","item":"https:\/\/marcopachiega.com\/besp\/"},{"@type":"ListItem","position":2,"name":"El mito de la caverna de Plat\u00f3n"}]},{"@type":"WebSite","@id":"https:\/\/marcopachiega.com\/besp\/#website","url":"https:\/\/marcopachiega.com\/besp\/","name":"Pachiega&#039;s blog","description":"Observation post","potentialAction":[{"@type":"SearchAction","target":{"@type":"EntryPoint","urlTemplate":"https:\/\/marcopachiega.com\/besp\/?s={search_term_string}"},"query-input":{"@type":"PropertyValueSpecification","valueRequired":true,"valueName":"search_term_string"}}],"inLanguage":"es"},{"@type":"Person","@id":"https:\/\/marcopachiega.com\/besp\/#\/schema\/person\/5800e113375ba5f33499beca73ac3336","name":"marcopac","image":{"@type":"ImageObject","inLanguage":"es","@id":"https:\/\/secure.gravatar.com\/avatar\/f6c773c53a48c8f498fdb1e3aea06bcb45bf414ea7545feb7c90bb02e9b7c999?s=96&d=mm&r=g","url":"https:\/\/secure.gravatar.com\/avatar\/f6c773c53a48c8f498fdb1e3aea06bcb45bf414ea7545feb7c90bb02e9b7c999?s=96&d=mm&r=g","contentUrl":"https:\/\/secure.gravatar.com\/avatar\/f6c773c53a48c8f498fdb1e3aea06bcb45bf414ea7545feb7c90bb02e9b7c999?s=96&d=mm&r=g","caption":"marcopac"},"sameAs":["http:\/\/www.marcopachiega.com","https:\/\/www.instagram.com\/marcopachiega\/","https:\/\/www.linkedin.com\/in\/marco-pachiega-38546b92\/?locale=es_ES","https:\/\/www.youtube.com\/@marcopachiega2999\/featured"],"url":"https:\/\/marcopachiega.com\/besp\/author\/marcopac\/"}]}},"_links":{"self":[{"href":"https:\/\/marcopachiega.com\/besp\/wp-json\/wp\/v2\/posts\/474","targetHints":{"allow":["GET"]}}],"collection":[{"href":"https:\/\/marcopachiega.com\/besp\/wp-json\/wp\/v2\/posts"}],"about":[{"href":"https:\/\/marcopachiega.com\/besp\/wp-json\/wp\/v2\/types\/post"}],"author":[{"embeddable":true,"href":"https:\/\/marcopachiega.com\/besp\/wp-json\/wp\/v2\/users\/1"}],"replies":[{"embeddable":true,"href":"https:\/\/marcopachiega.com\/besp\/wp-json\/wp\/v2\/comments?post=474"}],"version-history":[{"count":0,"href":"https:\/\/marcopachiega.com\/besp\/wp-json\/wp\/v2\/posts\/474\/revisions"}],"wp:featuredmedia":[{"embeddable":true,"href":"https:\/\/marcopachiega.com\/besp\/wp-json\/wp\/v2\/media\/476"}],"wp:attachment":[{"href":"https:\/\/marcopachiega.com\/besp\/wp-json\/wp\/v2\/media?parent=474"}],"wp:term":[{"taxonomy":"category","embeddable":true,"href":"https:\/\/marcopachiega.com\/besp\/wp-json\/wp\/v2\/categories?post=474"},{"taxonomy":"post_tag","embeddable":true,"href":"https:\/\/marcopachiega.com\/besp\/wp-json\/wp\/v2\/tags?post=474"}],"curies":[{"name":"wp","href":"https:\/\/api.w.org\/{rel}","templated":true}]}}