{"id":571,"date":"2016-11-07T12:38:56","date_gmt":"2016-11-07T12:38:56","guid":{"rendered":"http:\/\/marcopachiega.com\/arti\/?p=571"},"modified":"2018-07-21T17:19:38","modified_gmt":"2018-07-21T17:19:38","slug":"funivia-di-barcellona","status":"publish","type":"post","link":"https:\/\/marcopachiega.com\/besp\/funivia-di-barcellona\/","title":{"rendered":"Funivia di Barcellona"},"content":{"rendered":"<h1 style=\"text-align: center;\"><span style=\"color: #000000;\"><strong>FUNIVIA DI BARCELLONA<\/strong><\/span><\/h1>\n<h2 style=\"text-align: center;\"><span style=\"color: #000000;\"><strong>Vorresti volare sopra l area portuale di Barcellona e raggiungere il Montjuic?<\/strong><\/span><\/h2>\n<p style=\"padding-left: 30px;\"><span style=\"color: #000000;\"><strong>.<\/strong><\/span><\/p>\n<p><span style=\"color: #000000;\"><strong><img fetchpriority=\"high\" decoding=\"async\" class=\"aligncenter wp-image-570 \" title=\"Cable car Barcelona\" src=\"http:\/\/marcopachiega.com\/wp-content\/uploads\/sites\/13\/2016\/10\/DSC0251-1200x798.jpg\" alt=\"Cable Car Of Barcelona\" width=\"855\" height=\"568\" srcset=\"https:\/\/marcopachiega.com\/besp\/wp-content\/uploads\/sites\/13\/2016\/10\/DSC0251-1200x798.jpg 1200w, https:\/\/marcopachiega.com\/besp\/wp-content\/uploads\/sites\/13\/2016\/10\/DSC0251-420x279.jpg 420w, https:\/\/marcopachiega.com\/besp\/wp-content\/uploads\/sites\/13\/2016\/10\/DSC0251-744x495.jpg 744w\" sizes=\"(max-width: 855px) 100vw, 855px\" \/><\/strong><\/span><\/p>\n<p><span style=\"color: #000000;\"><strong> Se la tua risposta \u00e8 si, allora la Funivia di Barcellona \u00e8 ci\u00f2 di cui hai bisogno. Dalla famosa spiaggia della barceloneta direttamente al promontorio pi\u00f9 caratteristico della citt\u00e0, Il Montjuic. Puoi dare un occhiata ai biglietti e disponibilit\u00e0 <a style=\"color: #000000;\" href=\"http:\/\/www.telefericodebarcelona.com\/en\/home\/\" target=\"_blank\" rel=\"noopener noreferrer\">qui.<\/a><\/strong><\/span><\/p>\n<h3><span style=\"color: #000000;\"><strong>Qualche numero da ricordare:<\/strong><\/span><\/h3>\n<ul>\n<li><span style=\"color: #000000;\"><strong>Un architetto, due date importanti e tre strazioni.<\/strong><\/span><\/li>\n<li><span style=\"color: #000000;\"><strong><a style=\"color: #000000;\" href=\"https:\/\/en.wikipedia.org\/wiki\/Carles_Buigas\" target=\"_blank\" rel=\"noopener noreferrer\">Carles Buigas<\/a>\u00a0\u00e8 stato l ideatore della struttura per l esibizione del 1929 ma solo nel 1931 fu inaugurato il progetto.<\/strong><\/span><\/li>\n<li><span style=\"color: #000000;\"><strong>Le tre stazioni: la torre di San Sebastien, San Jaume e la finale Miaramar. In soli dieci minuti raggiungerai il promontorio godendo di un unico pamorama di Barcellona ai tuoi piedi.<\/strong><\/span><\/li>\n<\/ul>\n<h3><span style=\"color: #000000;\"><strong>Questa la mia storia:<\/strong><\/span><\/h3>\n<p><span style=\"color: #000000;\"><strong>Dalla spiaggia della Barceloneta, si erge una strana e imponente struttura di acciaio. Incuriosito scopro che si chiama la torre di San Sebastien. Il punto di partenza per raggiungere la terrazza Miramar. Una volta preso il biglietto, in soli 10 minuti posso ammirare il porto, le torri Mapfre, La Sagrada Familia e il Tibidabo in lontananza. L intero tragitto ha due torri. La prima alta 70 metri, la seconda 101 metri. Assomigliano a due giganti posti a guardia della citt\u00e0, in costante fremito.<\/strong><\/span><\/p>\n<p><span style=\"color: #000000;\"><strong>Il panorama che si apre sotto i miei piedi \u00e8 davvero impressionante. Giunto alla terrazza scatto alcune foto. Godendo della vista ritorno soddisfatto a casa passando per un altro percorso. Questa volta per via terra. Torno a casa, accendo il pc e mi rimetto a vedere le foto.<\/strong><\/span><\/p>\n<p><span style=\"color: #000000;\"><strong>Questa volta lo stile in bianco e nero mi sembra il pi\u00f9 appropriato, visto i contrasti con luci e ombre. ne escono fuori due foto un po macabre e misteriose. Il risultato mi spinge a ricercare meglio la storia di questa funivia.<\/strong><\/span><\/p>\n<p><span style=\"color: #000000;\"><strong>Oltre alle solite caratteristiche tecniche, della costruzione, trovo altre notizie interessanti.\u00a0Ad esempio che il progetto gi\u00e0 fin dall&#8217;inizio ha subito ritardi e l inaugurazione fu rimandata al 1931. Dovuto alle intemperie e la salsedine, le torri necessitano una forte manutenzione.<\/strong><\/span><\/p>\n<p><span style=\"color: #000000;\"><strong>Cercando ancora pi\u00f9 a fondo nuovi episodi emergono. A partire dalla guerra civile il servizio fu interrotto. Le torri vennero utilizzate come postazioni difensive con tanto di mitragliatrici.<\/strong><\/span><\/p>\n<p><span style=\"color: #000000;\"><strong>Ma l evento pi\u00f9 lugubre avviene nel 1954. Un elicottero nella Sesta Flotta Nordamericana impatta contro i cavi di collegamento, causando la morte dei piloti. Davvero un passato faticoso e non sempre felice per questa attrazione di Barcellona.<\/strong><\/span><\/p>\n<p><span style=\"color: #000000;\"><strong>Oggi le torri non hanno pi\u00f9 mitragliatrici ma ristoranti. Le vecchie cabine rimpiazzate. Utilizzare la funivia \u00e8 di nuovo un esperienza eccitante e gradevole. A veder le foto, sembrano un p\u00f2 stanche di tutte queste vicende ma rimangono impassibili e forti.<\/strong><\/span><\/p>\n<p>&nbsp;<\/p>\n<p>&nbsp;<\/p>\n<p><span style=\"color: #000000;\"><strong><img decoding=\"async\" class=\"aligncenter wp-image-569 size-large lazyload\" data-src=\"http:\/\/marcopachiega.com\/wp-content\/uploads\/sites\/13\/2016\/10\/DSC0248-1200x798.jpg\" alt=\"FUNIVIA DI BARCELLONA\" width=\"1170\" height=\"778\" data-srcset=\"https:\/\/marcopachiega.com\/besp\/wp-content\/uploads\/sites\/13\/2016\/10\/DSC0248-1200x798.jpg 1200w, https:\/\/marcopachiega.com\/besp\/wp-content\/uploads\/sites\/13\/2016\/10\/DSC0248-420x279.jpg 420w, https:\/\/marcopachiega.com\/besp\/wp-content\/uploads\/sites\/13\/2016\/10\/DSC0248-744x495.jpg 744w\" data-sizes=\"(max-width: 1170px) 100vw, 1170px\" src=\"data:image\/svg+xml;base64,PHN2ZyB3aWR0aD0iMSIgaGVpZ2h0PSIxIiB4bWxucz0iaHR0cDovL3d3dy53My5vcmcvMjAwMC9zdmciPjwvc3ZnPg==\" style=\"--smush-placeholder-width: 1170px; --smush-placeholder-aspect-ratio: 1170\/778;\" \/><\/strong><\/span><\/p>\n<p><em><span style=\"color: #000000;\"><strong>Marco Pachiega.<\/strong><\/span><\/em><\/p>\n<p style=\"text-align: center;\"><a href=\"http:\/\/marcopachiega.com\/marcopachiega-2\/viaggi-e-altre-storie\/\">Torna indietro<\/a><\/p>\n","protected":false},"excerpt":{"rendered":"<p>FUNIVIA DI BARCELLONA Vorresti volare sopra l area portuale di Barcellona e raggiungere il Montjuic? . Se la tua risposta \u00e8 si, allora la Funivia di Barcellona \u00e8 ci\u00f2 di cui hai bisogno. Dalla famosa spiaggia della barceloneta direttamente al promontorio pi\u00f9 caratteristico della citt\u00e0, Il Montjuic. Puoi dare un occhiata ai biglietti e disponibilit\u00e0 qui. Qualche numero da ricordare: Un architetto, due date importanti e tre strazioni. Carles Buigas\u00a0\u00e8 stato l ideatore della struttura per l esibizione del 1929 ma solo nel 1931 fu inaugurato il progetto. Le tre stazioni: la torre di San Sebastien, San Jaume e la finale Miaramar. In soli dieci minuti raggiungerai il promontorio godendo&hellip; <a class=\"read-more\" href=\"https:\/\/marcopachiega.com\/besp\/funivia-di-barcellona\/\">Read More<\/a><\/p>\n","protected":false},"author":1,"featured_media":570,"comment_status":"open","ping_status":"open","sticky":false,"template":"","format":"standard","meta":{"footnotes":""},"categories":[328],"tags":[26,35,164,163,134,165,132,166,124,36,137,168,167],"class_list":["post-571","post","type-post","status-publish","format-standard","has-post-thumbnail","hentry","category-escapadas-viajes-y-otras-historias","tag-barcelona","tag-barceloneta","tag-blackandwhite","tag-cablecar","tag-catalunya","tag-curiosity","tag-funicolar","tag-holaday","tag-photography","tag-spain","tag-travel","tag-turism","tag-whattodo"],"yoast_head":"<!-- This site is optimized with the Yoast SEO plugin v27.3 - https:\/\/yoast.com\/product\/yoast-seo-wordpress\/ -->\n<title>Funivia di Barcellona - Pachiega&#039;s blog<\/title>\n<meta name=\"description\" content=\"FUNIVIA DI BARCELLONA. Dalla spiaggia della Barceloneta, si erge una strana e imponente struttura di acciaio. Due giganti posti a guardia della citt\u00e0,\" \/>\n<meta name=\"robots\" content=\"index, follow, max-snippet:-1, max-image-preview:large, max-video-preview:-1\" \/>\n<link rel=\"canonical\" href=\"https:\/\/marcopachiega.com\/besp\/funivia-di-barcellona\/\" \/>\n<meta property=\"og:locale\" content=\"es_ES\" \/>\n<meta property=\"og:type\" content=\"article\" \/>\n<meta property=\"og:title\" content=\"Funivia di Barcellona - Pachiega&#039;s blog\" \/>\n<meta property=\"og:description\" content=\"FUNIVIA DI BARCELLONA. Dalla spiaggia della Barceloneta, si erge una strana e imponente struttura di acciaio. Due giganti posti a guardia della citt\u00e0,\" \/>\n<meta property=\"og:url\" content=\"https:\/\/marcopachiega.com\/besp\/funivia-di-barcellona\/\" \/>\n<meta property=\"og:site_name\" content=\"Pachiega&#039;s blog\" \/>\n<meta property=\"article:published_time\" content=\"2016-11-07T12:38:56+00:00\" \/>\n<meta property=\"article:modified_time\" content=\"2018-07-21T17:19:38+00:00\" \/>\n<meta property=\"og:image\" content=\"https:\/\/marcopachiega.com\/besp\/wp-content\/uploads\/sites\/13\/2016\/10\/DSC0251.jpg\" \/>\n\t<meta property=\"og:image:width\" content=\"2452\" \/>\n\t<meta property=\"og:image:height\" content=\"1630\" \/>\n\t<meta property=\"og:image:type\" content=\"image\/jpeg\" \/>\n<meta name=\"author\" content=\"marcopac\" \/>\n<meta name=\"twitter:card\" content=\"summary_large_image\" \/>\n<meta name=\"twitter:label1\" content=\"Escrito por\" \/>\n\t<meta name=\"twitter:data1\" content=\"marcopac\" \/>\n\t<meta name=\"twitter:label2\" content=\"Tiempo de lectura\" \/>\n\t<meta name=\"twitter:data2\" content=\"2 minutos\" \/>\n<script type=\"application\/ld+json\" class=\"yoast-schema-graph\">{\"@context\":\"https:\\\/\\\/schema.org\",\"@graph\":[{\"@type\":\"Article\",\"@id\":\"https:\\\/\\\/marcopachiega.com\\\/besp\\\/funivia-di-barcellona\\\/#article\",\"isPartOf\":{\"@id\":\"https:\\\/\\\/marcopachiega.com\\\/besp\\\/funivia-di-barcellona\\\/\"},\"author\":{\"name\":\"marcopac\",\"@id\":\"https:\\\/\\\/marcopachiega.com\\\/besp\\\/#\\\/schema\\\/person\\\/5800e113375ba5f33499beca73ac3336\"},\"headline\":\"Funivia di Barcellona\",\"datePublished\":\"2016-11-07T12:38:56+00:00\",\"dateModified\":\"2018-07-21T17:19:38+00:00\",\"mainEntityOfPage\":{\"@id\":\"https:\\\/\\\/marcopachiega.com\\\/besp\\\/funivia-di-barcellona\\\/\"},\"wordCount\":442,\"commentCount\":0,\"image\":{\"@id\":\"https:\\\/\\\/marcopachiega.com\\\/besp\\\/funivia-di-barcellona\\\/#primaryimage\"},\"thumbnailUrl\":\"https:\\\/\\\/marcopachiega.com\\\/besp\\\/wp-content\\\/uploads\\\/sites\\\/13\\\/2016\\\/10\\\/DSC0251.jpg\",\"keywords\":[\"barcelona\",\"barceloneta\",\"blackandwhite\",\"cablecar\",\"Catalunya\",\"curiosity\",\"funicolar\",\"holaday\",\"photography\",\"spain\",\"travel\",\"turism\",\"whattodo\"],\"articleSection\":[\"Escapadas, viajes y otras historias\"],\"inLanguage\":\"es\",\"potentialAction\":[{\"@type\":\"CommentAction\",\"name\":\"Comment\",\"target\":[\"https:\\\/\\\/marcopachiega.com\\\/besp\\\/funivia-di-barcellona\\\/#respond\"]}]},{\"@type\":\"WebPage\",\"@id\":\"https:\\\/\\\/marcopachiega.com\\\/besp\\\/funivia-di-barcellona\\\/\",\"url\":\"https:\\\/\\\/marcopachiega.com\\\/besp\\\/funivia-di-barcellona\\\/\",\"name\":\"Funivia di Barcellona - Pachiega&#039;s blog\",\"isPartOf\":{\"@id\":\"https:\\\/\\\/marcopachiega.com\\\/besp\\\/#website\"},\"primaryImageOfPage\":{\"@id\":\"https:\\\/\\\/marcopachiega.com\\\/besp\\\/funivia-di-barcellona\\\/#primaryimage\"},\"image\":{\"@id\":\"https:\\\/\\\/marcopachiega.com\\\/besp\\\/funivia-di-barcellona\\\/#primaryimage\"},\"thumbnailUrl\":\"https:\\\/\\\/marcopachiega.com\\\/besp\\\/wp-content\\\/uploads\\\/sites\\\/13\\\/2016\\\/10\\\/DSC0251.jpg\",\"datePublished\":\"2016-11-07T12:38:56+00:00\",\"dateModified\":\"2018-07-21T17:19:38+00:00\",\"author\":{\"@id\":\"https:\\\/\\\/marcopachiega.com\\\/besp\\\/#\\\/schema\\\/person\\\/5800e113375ba5f33499beca73ac3336\"},\"description\":\"FUNIVIA DI BARCELLONA. Dalla spiaggia della Barceloneta, si erge una strana e imponente struttura di acciaio. Due giganti posti a guardia della citt\u00e0,\",\"breadcrumb\":{\"@id\":\"https:\\\/\\\/marcopachiega.com\\\/besp\\\/funivia-di-barcellona\\\/#breadcrumb\"},\"inLanguage\":\"es\",\"potentialAction\":[{\"@type\":\"ReadAction\",\"target\":[\"https:\\\/\\\/marcopachiega.com\\\/besp\\\/funivia-di-barcellona\\\/\"]}]},{\"@type\":\"ImageObject\",\"inLanguage\":\"es\",\"@id\":\"https:\\\/\\\/marcopachiega.com\\\/besp\\\/funivia-di-barcellona\\\/#primaryimage\",\"url\":\"https:\\\/\\\/marcopachiega.com\\\/besp\\\/wp-content\\\/uploads\\\/sites\\\/13\\\/2016\\\/10\\\/DSC0251.jpg\",\"contentUrl\":\"https:\\\/\\\/marcopachiega.com\\\/besp\\\/wp-content\\\/uploads\\\/sites\\\/13\\\/2016\\\/10\\\/DSC0251.jpg\",\"width\":2452,\"height\":1630,\"caption\":\"Cable Car\"},{\"@type\":\"BreadcrumbList\",\"@id\":\"https:\\\/\\\/marcopachiega.com\\\/besp\\\/funivia-di-barcellona\\\/#breadcrumb\",\"itemListElement\":[{\"@type\":\"ListItem\",\"position\":1,\"name\":\"Home\",\"item\":\"https:\\\/\\\/marcopachiega.com\\\/besp\\\/\"},{\"@type\":\"ListItem\",\"position\":2,\"name\":\"Funivia di Barcellona\"}]},{\"@type\":\"WebSite\",\"@id\":\"https:\\\/\\\/marcopachiega.com\\\/besp\\\/#website\",\"url\":\"https:\\\/\\\/marcopachiega.com\\\/besp\\\/\",\"name\":\"Pachiega&#039;s blog\",\"description\":\"Observation post\",\"potentialAction\":[{\"@type\":\"SearchAction\",\"target\":{\"@type\":\"EntryPoint\",\"urlTemplate\":\"https:\\\/\\\/marcopachiega.com\\\/besp\\\/?s={search_term_string}\"},\"query-input\":{\"@type\":\"PropertyValueSpecification\",\"valueRequired\":true,\"valueName\":\"search_term_string\"}}],\"inLanguage\":\"es\"},{\"@type\":\"Person\",\"@id\":\"https:\\\/\\\/marcopachiega.com\\\/besp\\\/#\\\/schema\\\/person\\\/5800e113375ba5f33499beca73ac3336\",\"name\":\"marcopac\",\"image\":{\"@type\":\"ImageObject\",\"inLanguage\":\"es\",\"@id\":\"https:\\\/\\\/secure.gravatar.com\\\/avatar\\\/f6c773c53a48c8f498fdb1e3aea06bcb45bf414ea7545feb7c90bb02e9b7c999?s=96&d=mm&r=g\",\"url\":\"https:\\\/\\\/secure.gravatar.com\\\/avatar\\\/f6c773c53a48c8f498fdb1e3aea06bcb45bf414ea7545feb7c90bb02e9b7c999?s=96&d=mm&r=g\",\"contentUrl\":\"https:\\\/\\\/secure.gravatar.com\\\/avatar\\\/f6c773c53a48c8f498fdb1e3aea06bcb45bf414ea7545feb7c90bb02e9b7c999?s=96&d=mm&r=g\",\"caption\":\"marcopac\"},\"sameAs\":[\"http:\\\/\\\/www.marcopachiega.com\",\"https:\\\/\\\/www.instagram.com\\\/marcopachiega\\\/\",\"https:\\\/\\\/www.linkedin.com\\\/in\\\/marco-pachiega-38546b92\\\/?locale=es_ES\",\"https:\\\/\\\/www.youtube.com\\\/@marcopachiega2999\\\/featured\"],\"url\":\"https:\\\/\\\/marcopachiega.com\\\/besp\\\/author\\\/marcopac\\\/\"}]}<\/script>\n<!-- \/ Yoast SEO plugin. -->","yoast_head_json":{"title":"Funivia di Barcellona - Pachiega&#039;s blog","description":"FUNIVIA DI BARCELLONA. Dalla spiaggia della Barceloneta, si erge una strana e imponente struttura di acciaio. Due giganti posti a guardia della citt\u00e0,","robots":{"index":"index","follow":"follow","max-snippet":"max-snippet:-1","max-image-preview":"max-image-preview:large","max-video-preview":"max-video-preview:-1"},"canonical":"https:\/\/marcopachiega.com\/besp\/funivia-di-barcellona\/","og_locale":"es_ES","og_type":"article","og_title":"Funivia di Barcellona - Pachiega&#039;s blog","og_description":"FUNIVIA DI BARCELLONA. Dalla spiaggia della Barceloneta, si erge una strana e imponente struttura di acciaio. Due giganti posti a guardia della citt\u00e0,","og_url":"https:\/\/marcopachiega.com\/besp\/funivia-di-barcellona\/","og_site_name":"Pachiega&#039;s blog","article_published_time":"2016-11-07T12:38:56+00:00","article_modified_time":"2018-07-21T17:19:38+00:00","og_image":[{"width":2452,"height":1630,"url":"https:\/\/marcopachiega.com\/besp\/wp-content\/uploads\/sites\/13\/2016\/10\/DSC0251.jpg","type":"image\/jpeg"}],"author":"marcopac","twitter_card":"summary_large_image","twitter_misc":{"Escrito por":"marcopac","Tiempo de lectura":"2 minutos"},"schema":{"@context":"https:\/\/schema.org","@graph":[{"@type":"Article","@id":"https:\/\/marcopachiega.com\/besp\/funivia-di-barcellona\/#article","isPartOf":{"@id":"https:\/\/marcopachiega.com\/besp\/funivia-di-barcellona\/"},"author":{"name":"marcopac","@id":"https:\/\/marcopachiega.com\/besp\/#\/schema\/person\/5800e113375ba5f33499beca73ac3336"},"headline":"Funivia di Barcellona","datePublished":"2016-11-07T12:38:56+00:00","dateModified":"2018-07-21T17:19:38+00:00","mainEntityOfPage":{"@id":"https:\/\/marcopachiega.com\/besp\/funivia-di-barcellona\/"},"wordCount":442,"commentCount":0,"image":{"@id":"https:\/\/marcopachiega.com\/besp\/funivia-di-barcellona\/#primaryimage"},"thumbnailUrl":"https:\/\/marcopachiega.com\/besp\/wp-content\/uploads\/sites\/13\/2016\/10\/DSC0251.jpg","keywords":["barcelona","barceloneta","blackandwhite","cablecar","Catalunya","curiosity","funicolar","holaday","photography","spain","travel","turism","whattodo"],"articleSection":["Escapadas, viajes y otras historias"],"inLanguage":"es","potentialAction":[{"@type":"CommentAction","name":"Comment","target":["https:\/\/marcopachiega.com\/besp\/funivia-di-barcellona\/#respond"]}]},{"@type":"WebPage","@id":"https:\/\/marcopachiega.com\/besp\/funivia-di-barcellona\/","url":"https:\/\/marcopachiega.com\/besp\/funivia-di-barcellona\/","name":"Funivia di Barcellona - Pachiega&#039;s blog","isPartOf":{"@id":"https:\/\/marcopachiega.com\/besp\/#website"},"primaryImageOfPage":{"@id":"https:\/\/marcopachiega.com\/besp\/funivia-di-barcellona\/#primaryimage"},"image":{"@id":"https:\/\/marcopachiega.com\/besp\/funivia-di-barcellona\/#primaryimage"},"thumbnailUrl":"https:\/\/marcopachiega.com\/besp\/wp-content\/uploads\/sites\/13\/2016\/10\/DSC0251.jpg","datePublished":"2016-11-07T12:38:56+00:00","dateModified":"2018-07-21T17:19:38+00:00","author":{"@id":"https:\/\/marcopachiega.com\/besp\/#\/schema\/person\/5800e113375ba5f33499beca73ac3336"},"description":"FUNIVIA DI BARCELLONA. Dalla spiaggia della Barceloneta, si erge una strana e imponente struttura di acciaio. Due giganti posti a guardia della citt\u00e0,","breadcrumb":{"@id":"https:\/\/marcopachiega.com\/besp\/funivia-di-barcellona\/#breadcrumb"},"inLanguage":"es","potentialAction":[{"@type":"ReadAction","target":["https:\/\/marcopachiega.com\/besp\/funivia-di-barcellona\/"]}]},{"@type":"ImageObject","inLanguage":"es","@id":"https:\/\/marcopachiega.com\/besp\/funivia-di-barcellona\/#primaryimage","url":"https:\/\/marcopachiega.com\/besp\/wp-content\/uploads\/sites\/13\/2016\/10\/DSC0251.jpg","contentUrl":"https:\/\/marcopachiega.com\/besp\/wp-content\/uploads\/sites\/13\/2016\/10\/DSC0251.jpg","width":2452,"height":1630,"caption":"Cable Car"},{"@type":"BreadcrumbList","@id":"https:\/\/marcopachiega.com\/besp\/funivia-di-barcellona\/#breadcrumb","itemListElement":[{"@type":"ListItem","position":1,"name":"Home","item":"https:\/\/marcopachiega.com\/besp\/"},{"@type":"ListItem","position":2,"name":"Funivia di Barcellona"}]},{"@type":"WebSite","@id":"https:\/\/marcopachiega.com\/besp\/#website","url":"https:\/\/marcopachiega.com\/besp\/","name":"Pachiega&#039;s blog","description":"Observation post","potentialAction":[{"@type":"SearchAction","target":{"@type":"EntryPoint","urlTemplate":"https:\/\/marcopachiega.com\/besp\/?s={search_term_string}"},"query-input":{"@type":"PropertyValueSpecification","valueRequired":true,"valueName":"search_term_string"}}],"inLanguage":"es"},{"@type":"Person","@id":"https:\/\/marcopachiega.com\/besp\/#\/schema\/person\/5800e113375ba5f33499beca73ac3336","name":"marcopac","image":{"@type":"ImageObject","inLanguage":"es","@id":"https:\/\/secure.gravatar.com\/avatar\/f6c773c53a48c8f498fdb1e3aea06bcb45bf414ea7545feb7c90bb02e9b7c999?s=96&d=mm&r=g","url":"https:\/\/secure.gravatar.com\/avatar\/f6c773c53a48c8f498fdb1e3aea06bcb45bf414ea7545feb7c90bb02e9b7c999?s=96&d=mm&r=g","contentUrl":"https:\/\/secure.gravatar.com\/avatar\/f6c773c53a48c8f498fdb1e3aea06bcb45bf414ea7545feb7c90bb02e9b7c999?s=96&d=mm&r=g","caption":"marcopac"},"sameAs":["http:\/\/www.marcopachiega.com","https:\/\/www.instagram.com\/marcopachiega\/","https:\/\/www.linkedin.com\/in\/marco-pachiega-38546b92\/?locale=es_ES","https:\/\/www.youtube.com\/@marcopachiega2999\/featured"],"url":"https:\/\/marcopachiega.com\/besp\/author\/marcopac\/"}]}},"_links":{"self":[{"href":"https:\/\/marcopachiega.com\/besp\/wp-json\/wp\/v2\/posts\/571","targetHints":{"allow":["GET"]}}],"collection":[{"href":"https:\/\/marcopachiega.com\/besp\/wp-json\/wp\/v2\/posts"}],"about":[{"href":"https:\/\/marcopachiega.com\/besp\/wp-json\/wp\/v2\/types\/post"}],"author":[{"embeddable":true,"href":"https:\/\/marcopachiega.com\/besp\/wp-json\/wp\/v2\/users\/1"}],"replies":[{"embeddable":true,"href":"https:\/\/marcopachiega.com\/besp\/wp-json\/wp\/v2\/comments?post=571"}],"version-history":[{"count":0,"href":"https:\/\/marcopachiega.com\/besp\/wp-json\/wp\/v2\/posts\/571\/revisions"}],"wp:featuredmedia":[{"embeddable":true,"href":"https:\/\/marcopachiega.com\/besp\/wp-json\/wp\/v2\/media\/570"}],"wp:attachment":[{"href":"https:\/\/marcopachiega.com\/besp\/wp-json\/wp\/v2\/media?parent=571"}],"wp:term":[{"taxonomy":"category","embeddable":true,"href":"https:\/\/marcopachiega.com\/besp\/wp-json\/wp\/v2\/categories?post=571"},{"taxonomy":"post_tag","embeddable":true,"href":"https:\/\/marcopachiega.com\/besp\/wp-json\/wp\/v2\/tags?post=571"}],"curies":[{"name":"wp","href":"https:\/\/api.w.org\/{rel}","templated":true}]}}