{"id":1833,"date":"2017-11-27T15:50:57","date_gmt":"2017-11-27T15:50:57","guid":{"rendered":"http:\/\/marcopachiega.com\/arti\/?p=1833"},"modified":"2019-05-03T12:27:53","modified_gmt":"2019-05-03T12:27:53","slug":"heuskal-herria-sona-festival","status":"publish","type":"post","link":"https:\/\/marcopachiega.com\/blog\/heuskal-herria-sona-festival\/","title":{"rendered":"Heuskal Herria Sona Festival"},"content":{"rendered":"<h1 style=\"text-align: center;\"><span style=\"color: #000000;\"><strong>Heuskal Herria Sona Festival<\/strong><\/span><\/h1>\n<h2><span style=\"color: #000000;\"><strong>Quest anno si celebrano i 20 anni del festival dedicato alla musica e la cultura basca. <\/strong><\/span><\/h2>\n<p><span style=\"color: #000000;\"><strong>L&#8217; <span style=\"color: #ff0000;\"><a style=\"color: #ff0000;\" href=\"http:\/\/www.euskaletxea.cat\/ehsona\/\" target=\"_blank\" rel=\"noopener noreferrer\">Heuska Herria Sona Festival<\/a><\/span> sconfina le sue terre per approdare a Barcellona in terra catalana con una vasta scelta di musicisti baschi.\u00a0<\/strong><\/span><\/p>\n<p><span style=\"color: #000000;\"><strong><img fetchpriority=\"high\" decoding=\"async\" class=\"aligncenter wp-image-1835\" src=\"http:\/\/marcopachiega.com\/wp-content\/uploads\/sites\/9\/2017\/11\/DSC4260.jpg\" alt=\"Heuskal Herria Sona Festival\" width=\"697\" height=\"464\" srcset=\"https:\/\/marcopachiega.com\/blog\/wp-content\/uploads\/sites\/9\/2017\/11\/DSC4260.jpg 1734w, https:\/\/marcopachiega.com\/blog\/wp-content\/uploads\/sites\/9\/2017\/11\/DSC4260-420x279.jpg 420w, https:\/\/marcopachiega.com\/blog\/wp-content\/uploads\/sites\/9\/2017\/11\/DSC4260-744x495.jpg 744w, https:\/\/marcopachiega.com\/blog\/wp-content\/uploads\/sites\/9\/2017\/11\/DSC4260-1200x798.jpg 1200w, https:\/\/marcopachiega.com\/blog\/wp-content\/uploads\/sites\/9\/2017\/11\/DSC4260-768x511.jpg 768w\" sizes=\"(max-width: 697px) 100vw, 697px\" \/><\/strong><\/span><\/p>\n<p><span style=\"color: #000000;\"><strong>Lavorare tutto il giorno e tornare a casa per riposare non \u00e8 sempre l opzione che capita di avere. Sopratutto se dal 30 settembre fino al 2 dicembre \u00e8 in corso il Heuskal Herria Sona festival qui a Barcellona. Un occasione per assaggiare un p\u00f2 di musica basca qui in terra catalana. Una serie di gruppi e cantautori tipici della regione hanno contaminato sale e locali della capitale con sonorit\u00e0 originali.<\/strong><\/span><\/p>\n<p><span style=\"color: #000000;\"><strong>Tra le varie date ho avuto l opportunit\u00e0 di assistere come fotografo ad un concerto facente parte del festival al Centro Culturale di Barcellona <a style=\"color: #000000;\" href=\"http:\/\/www.euskaletxea.cat\/nou\/\" target=\"_blank\" rel=\"noopener noreferrer\">Euskal Etxea<\/a>. E&#8217; stato Fondato nel 1979 per dare la possibilit\u00e0 all&#8217;incontro e lo scambio culturale per cittadini baschi in terra catalana.<\/strong><\/span><\/p>\n<h3><span style=\"color: #000000;\"><strong>Ma chi c&#8217;era quella sera del 23 Novembre?<\/strong><\/span><\/h3>\n<p><span style=\"color: #000000;\"><strong>Beh dato il poco tempo a disposizione per informarmi, sono andato senza avere troppe notizione di chi e come avrebbero suonato.<\/strong><\/span><\/p>\n<p><span style=\"color: #000000;\"><strong>A volte \u00e8 la soluzione migliore. Zero aspettative e mente aperta a ricevere novit\u00e0. Sopratutto in ambito musicale.<\/strong><\/span><\/p>\n<p><span style=\"color: #000000;\"><strong>Un &#8216;esibizione di circa due ore hanno coinvolto il pubblico con due differenti stili musicali.<\/strong><\/span><\/p>\n<h3><span style=\"color: #000000;\"><strong>MICE<\/strong><\/span><\/h3>\n<p><span style=\"color: #000000;\"><strong><img decoding=\"async\" class=\"wp-image-1847 alignleft lazyload\" data-src=\"http:\/\/marcopachiega.com\/wp-content\/uploads\/sites\/9\/2017\/11\/DSC4268.jpg\" alt=\"Heuskal Heria Sona Festival\" width=\"360\" height=\"239\" data-srcset=\"https:\/\/marcopachiega.com\/blog\/wp-content\/uploads\/sites\/9\/2017\/11\/DSC4268.jpg 1734w, https:\/\/marcopachiega.com\/blog\/wp-content\/uploads\/sites\/9\/2017\/11\/DSC4268-420x279.jpg 420w, https:\/\/marcopachiega.com\/blog\/wp-content\/uploads\/sites\/9\/2017\/11\/DSC4268-744x495.jpg 744w, https:\/\/marcopachiega.com\/blog\/wp-content\/uploads\/sites\/9\/2017\/11\/DSC4268-1200x798.jpg 1200w, https:\/\/marcopachiega.com\/blog\/wp-content\/uploads\/sites\/9\/2017\/11\/DSC4268-768x511.jpg 768w\" data-sizes=\"(max-width: 360px) 100vw, 360px\" src=\"data:image\/svg+xml;base64,PHN2ZyB3aWR0aD0iMSIgaGVpZ2h0PSIxIiB4bWxucz0iaHR0cDovL3d3dy53My5vcmcvMjAwMC9zdmciPjwvc3ZnPg==\" style=\"--smush-placeholder-width: 360px; --smush-placeholder-aspect-ratio: 360\/239;\" \/><\/strong><\/span><\/p>\n<p><span style=\"color: #000000;\"><strong><a style=\"color: #000000;\" href=\"https:\/\/micenaiz.bandcamp.com\/releases\" target=\"_blank\" rel=\"noopener noreferrer\">Miren Narbaiza<\/a>. Cantautrice con una lunga esperienza musicale, questa volta ha deciso di esibirsi in solitaria come il suo ultimo album prodotto.<\/strong><\/span><\/p>\n<p><span style=\"color: #000000;\"><strong>Sonorit\u00e0 dolci e canzoni che fanno perdere la concezione del tempo. Un viaggio profondo dentro la cultura basca con una strumentazione musicale minima.<\/strong><\/span><\/p>\n<h4><\/h4>\n<p>&nbsp;<\/p>\n<p>&nbsp;<\/p>\n<h3><span style=\"color: #000000;\"><strong>\u00a0NAMINA<\/strong><\/span><\/h3>\n<p><span style=\"color: #000000;\"><strong><img decoding=\"async\" class=\"alignleft wp-image-1840 lazyload\" data-src=\"http:\/\/marcopachiega.com\/wp-content\/uploads\/sites\/9\/2017\/11\/DSC4159.jpg\" alt=\"Heuskal Herria Sona Festival\" width=\"358\" height=\"539\" data-srcset=\"https:\/\/marcopachiega.com\/blog\/wp-content\/uploads\/sites\/9\/2017\/11\/DSC4159.jpg 1153w, https:\/\/marcopachiega.com\/blog\/wp-content\/uploads\/sites\/9\/2017\/11\/DSC4159-279x420.jpg 279w, https:\/\/marcopachiega.com\/blog\/wp-content\/uploads\/sites\/9\/2017\/11\/DSC4159-744x1119.jpg 744w, https:\/\/marcopachiega.com\/blog\/wp-content\/uploads\/sites\/9\/2017\/11\/DSC4159-511x768.jpg 511w\" data-sizes=\"(max-width: 358px) 100vw, 358px\" src=\"data:image\/svg+xml;base64,PHN2ZyB3aWR0aD0iMSIgaGVpZ2h0PSIxIiB4bWxucz0iaHR0cDovL3d3dy53My5vcmcvMjAwMC9zdmciPjwvc3ZnPg==\" style=\"--smush-placeholder-width: 358px; --smush-placeholder-aspect-ratio: 358\/539;\" \/><\/strong><\/span><\/p>\n<p><span style=\"color: #000000;\"><strong>Nat\u00e0lia Mir\u00f3 do Nascimento \u00e8 il suo vero nome ma \u00e8 pi\u00f9 facile <a style=\"color: #000000;\" href=\"http:\/\/www.namina.net\/\" target=\"_blank\" rel=\"noopener noreferrer\">Namina<\/a>. Una voce dalle tonalit\u00e0 che mi ricordarono Shade con influenze vocali di Bjork. Ovviamente sono solo impressioni personali. Un mix di canzoni in catalano, inglese e ovviamente basco hanno reso la prima parte della serata molto coinvolgente. Certo la lingua e le parole non hanno reso facile la comprensione dei testi, ma spesso non \u00e8 necessario visto che il linguaggio musicale rimane comunque <span style=\"color: #000000;\">universale e\u00a0 comprensibile per tutti i tipi di orecchie.<\/span><\/strong><\/span><\/p>\n<p>&nbsp;<\/p>\n<p>&nbsp;<\/p>\n<p>&nbsp;<\/p>\n<p>&nbsp;<\/p>\n<p>&nbsp;<\/p>\n<p><span style=\"color: #000000;\"><strong>Una serata dalle profonde influenze basche, dominata da due vere artiste femminili di valore. Capaci di fronteggiare un concerto con l uso della sola chitarra e voce.<\/strong><\/span><\/p>\n<p>&nbsp;<\/p>\n<p>&nbsp;<\/p>\n<p style=\"text-align: center;\">\n<div class=\"gdgallery-gallery-container\" id=\"gdgallery-container-25\" data-id=\"25\">\n    \n<div id=\"gdgallery_container_25\" style=\"display:none;\" data-view=\"justified\">\n            <a href=\"\" target=\"_blank\">\n            <img decoding=\"async\" alt=\"\"\n                 data-type=\"image\"\n                 data-src=\"https:\/\/marcopachiega.com\/blog\/wp-content\/uploads\/sites\/9\/2017\/11\/DSC4197.jpg\"\n                 data-image=\"https:\/\/marcopachiega.com\/blog\/wp-content\/uploads\/sites\/9\/2017\/11\/DSC4197.jpg\"\n                 data-description=\"\"\n                                 style=\"--smush-placeholder-width: 1153px; --smush-placeholder-aspect-ratio: 1153\/1734;display:block\" src=\"data:image\/svg+xml;base64,PHN2ZyB3aWR0aD0iMSIgaGVpZ2h0PSIxIiB4bWxucz0iaHR0cDovL3d3dy53My5vcmcvMjAwMC9zdmciPjwvc3ZnPg==\" class=\"lazyload\">\n        <\/a>\n            <a href=\"\" target=\"_blank\">\n            <img decoding=\"async\" alt=\"\"\n                 data-type=\"image\"\n                 data-src=\"https:\/\/marcopachiega.com\/blog\/wp-content\/uploads\/sites\/9\/2017\/11\/DSC4193.jpg\"\n                 data-image=\"https:\/\/marcopachiega.com\/blog\/wp-content\/uploads\/sites\/9\/2017\/11\/DSC4193.jpg\"\n                 data-description=\"\"\n                                 style=\"--smush-placeholder-width: 1734px; --smush-placeholder-aspect-ratio: 1734\/1153;display:block\" src=\"data:image\/svg+xml;base64,PHN2ZyB3aWR0aD0iMSIgaGVpZ2h0PSIxIiB4bWxucz0iaHR0cDovL3d3dy53My5vcmcvMjAwMC9zdmciPjwvc3ZnPg==\" class=\"lazyload\">\n        <\/a>\n            <a href=\"\" target=\"_blank\">\n            <img decoding=\"async\" alt=\"\"\n                 data-type=\"image\"\n                 data-src=\"https:\/\/marcopachiega.com\/blog\/wp-content\/uploads\/sites\/9\/2017\/11\/DSC4178.jpg\"\n                 data-image=\"https:\/\/marcopachiega.com\/blog\/wp-content\/uploads\/sites\/9\/2017\/11\/DSC4178.jpg\"\n                 data-description=\"\"\n                                 style=\"--smush-placeholder-width: 1734px; --smush-placeholder-aspect-ratio: 1734\/1153;display:block\" src=\"data:image\/svg+xml;base64,PHN2ZyB3aWR0aD0iMSIgaGVpZ2h0PSIxIiB4bWxucz0iaHR0cDovL3d3dy53My5vcmcvMjAwMC9zdmciPjwvc3ZnPg==\" class=\"lazyload\">\n        <\/a>\n            <a href=\"\" target=\"_blank\">\n            <img decoding=\"async\" alt=\"NAMINA\"\n                 data-type=\"image\"\n                 data-src=\"https:\/\/marcopachiega.com\/blog\/wp-content\/uploads\/sites\/9\/2017\/11\/DSC4159.jpg\"\n                 data-image=\"https:\/\/marcopachiega.com\/blog\/wp-content\/uploads\/sites\/9\/2017\/11\/DSC4159.jpg\"\n                 data-description=\"\"\n                                 style=\"--smush-placeholder-width: 1153px; --smush-placeholder-aspect-ratio: 1153\/1734;display:block\" src=\"data:image\/svg+xml;base64,PHN2ZyB3aWR0aD0iMSIgaGVpZ2h0PSIxIiB4bWxucz0iaHR0cDovL3d3dy53My5vcmcvMjAwMC9zdmciPjwvc3ZnPg==\" class=\"lazyload\">\n        <\/a>\n            <a href=\"\" target=\"_blank\">\n            <img decoding=\"async\" alt=\"\"\n                 data-type=\"image\"\n                 data-src=\"https:\/\/marcopachiega.com\/blog\/wp-content\/uploads\/sites\/9\/2017\/11\/DSC4142.jpg\"\n                 data-image=\"https:\/\/marcopachiega.com\/blog\/wp-content\/uploads\/sites\/9\/2017\/11\/DSC4142.jpg\"\n                 data-description=\"\"\n                                 style=\"--smush-placeholder-width: 1734px; --smush-placeholder-aspect-ratio: 1734\/1153;display:block\" src=\"data:image\/svg+xml;base64,PHN2ZyB3aWR0aD0iMSIgaGVpZ2h0PSIxIiB4bWxucz0iaHR0cDovL3d3dy53My5vcmcvMjAwMC9zdmciPjwvc3ZnPg==\" class=\"lazyload\">\n        <\/a>\n            <a href=\"\" target=\"_blank\">\n            <img decoding=\"async\" alt=\"\"\n                 data-type=\"image\"\n                 data-src=\"https:\/\/marcopachiega.com\/blog\/wp-content\/uploads\/sites\/9\/2017\/11\/DSC4133.jpg\"\n                 data-image=\"https:\/\/marcopachiega.com\/blog\/wp-content\/uploads\/sites\/9\/2017\/11\/DSC4133.jpg\"\n                 data-description=\"\"\n                                 style=\"--smush-placeholder-width: 1153px; --smush-placeholder-aspect-ratio: 1153\/1734;display:block\" src=\"data:image\/svg+xml;base64,PHN2ZyB3aWR0aD0iMSIgaGVpZ2h0PSIxIiB4bWxucz0iaHR0cDovL3d3dy53My5vcmcvMjAwMC9zdmciPjwvc3ZnPg==\" class=\"lazyload\">\n        <\/a>\n            <a href=\"\" target=\"_blank\">\n            <img decoding=\"async\" alt=\"\"\n                 data-type=\"image\"\n                 data-src=\"https:\/\/marcopachiega.com\/blog\/wp-content\/uploads\/sites\/9\/2017\/11\/DSC4130.jpg\"\n                 data-image=\"https:\/\/marcopachiega.com\/blog\/wp-content\/uploads\/sites\/9\/2017\/11\/DSC4130.jpg\"\n                 data-description=\"\"\n                                 style=\"--smush-placeholder-width: 1304px; --smush-placeholder-aspect-ratio: 1304\/1532;display:block\" src=\"data:image\/svg+xml;base64,PHN2ZyB3aWR0aD0iMSIgaGVpZ2h0PSIxIiB4bWxucz0iaHR0cDovL3d3dy53My5vcmcvMjAwMC9zdmciPjwvc3ZnPg==\" class=\"lazyload\">\n        <\/a>\n            <a href=\"\" target=\"_blank\">\n            <img decoding=\"async\" alt=\"MICE\"\n                 data-type=\"image\"\n                 data-src=\"https:\/\/marcopachiega.com\/blog\/wp-content\/uploads\/sites\/9\/2017\/11\/DSC4260.jpg\"\n                 data-image=\"https:\/\/marcopachiega.com\/blog\/wp-content\/uploads\/sites\/9\/2017\/11\/DSC4260.jpg\"\n                 data-description=\"\"\n                                 style=\"--smush-placeholder-width: 1734px; --smush-placeholder-aspect-ratio: 1734\/1153;display:block\" src=\"data:image\/svg+xml;base64,PHN2ZyB3aWR0aD0iMSIgaGVpZ2h0PSIxIiB4bWxucz0iaHR0cDovL3d3dy53My5vcmcvMjAwMC9zdmciPjwvc3ZnPg==\" class=\"lazyload\">\n        <\/a>\n            <a href=\"\" target=\"_blank\">\n            <img decoding=\"async\" alt=\"MICE\"\n                 data-type=\"image\"\n                 data-src=\"https:\/\/marcopachiega.com\/blog\/wp-content\/uploads\/sites\/9\/2017\/11\/DSC4268.jpg\"\n                 data-image=\"https:\/\/marcopachiega.com\/blog\/wp-content\/uploads\/sites\/9\/2017\/11\/DSC4268.jpg\"\n                 data-description=\"\"\n                                 style=\"--smush-placeholder-width: 1734px; --smush-placeholder-aspect-ratio: 1734\/1153;display:block\" src=\"data:image\/svg+xml;base64,PHN2ZyB3aWR0aD0iMSIgaGVpZ2h0PSIxIiB4bWxucz0iaHR0cDovL3d3dy53My5vcmcvMjAwMC9zdmciPjwvc3ZnPg==\" class=\"lazyload\">\n        <\/a>\n            <a href=\"\" target=\"_blank\">\n            <img decoding=\"async\" alt=\"\"\n                 data-type=\"image\"\n                 data-src=\"https:\/\/marcopachiega.com\/blog\/wp-content\/uploads\/sites\/9\/2017\/11\/DSC4260-1.jpg\"\n                 data-image=\"https:\/\/marcopachiega.com\/blog\/wp-content\/uploads\/sites\/9\/2017\/11\/DSC4260-1.jpg\"\n                 data-description=\"\"\n                                 style=\"--smush-placeholder-width: 1734px; --smush-placeholder-aspect-ratio: 1734\/1153;display:block\" src=\"data:image\/svg+xml;base64,PHN2ZyB3aWR0aD0iMSIgaGVpZ2h0PSIxIiB4bWxucz0iaHR0cDovL3d3dy53My5vcmcvMjAwMC9zdmciPjwvc3ZnPg==\" class=\"lazyload\">\n        <\/a>\n            <a href=\"\" target=\"_blank\">\n            <img decoding=\"async\" alt=\"\"\n                 data-type=\"image\"\n                 data-src=\"https:\/\/marcopachiega.com\/blog\/wp-content\/uploads\/sites\/9\/2017\/11\/DSC4239.jpg\"\n                 data-image=\"https:\/\/marcopachiega.com\/blog\/wp-content\/uploads\/sites\/9\/2017\/11\/DSC4239.jpg\"\n                 data-description=\"\"\n                                 style=\"--smush-placeholder-width: 1153px; --smush-placeholder-aspect-ratio: 1153\/1734;display:block\" src=\"data:image\/svg+xml;base64,PHN2ZyB3aWR0aD0iMSIgaGVpZ2h0PSIxIiB4bWxucz0iaHR0cDovL3d3dy53My5vcmcvMjAwMC9zdmciPjwvc3ZnPg==\" class=\"lazyload\">\n        <\/a>\n            <a href=\"\" target=\"_blank\">\n            <img decoding=\"async\" alt=\"\"\n                 data-type=\"image\"\n                 data-src=\"https:\/\/marcopachiega.com\/blog\/wp-content\/uploads\/sites\/9\/2017\/11\/DSC4208.jpg\"\n                 data-image=\"https:\/\/marcopachiega.com\/blog\/wp-content\/uploads\/sites\/9\/2017\/11\/DSC4208.jpg\"\n                 data-description=\"\"\n                                 style=\"--smush-placeholder-width: 1153px; --smush-placeholder-aspect-ratio: 1153\/1734;display:block\" src=\"data:image\/svg+xml;base64,PHN2ZyB3aWR0aD0iMSIgaGVpZ2h0PSIxIiB4bWxucz0iaHR0cDovL3d3dy53My5vcmcvMjAwMC9zdmciPjwvc3ZnPg==\" class=\"lazyload\">\n        <\/a>\n    <\/div>\n\n\n\n<script type=\"text\/javascript\">\n\n\n    (function() {\n        var runMyCode = function() {\n            jQuery(document).ready(function () {\n                var container = jQuery(\"#gdgallery_container_25\");\n                container.unitegallery({\"gallery_theme\":\"justified\",\"tiles_type\":\"justified\",\"tiles_justified_space_between\":10,\"tile_enable_textpanel\":true,\"tile_textpanel_always_on\":true,\"tile_textpanel_title_text_align\":\"center\",\"tile_textpanel_title_font_size\":\"16\",\"tile_textpanel_title_color\":\"#FFFFFF\",\"tile_textpanel_bg_color\":\"#333333\",\"tile_textpanel_bg_opacity\":0.7,\"tile_enable_border\":true,\"tile_border_width\":\"0\",\"tile_border_color\":\"#333333\",\"tile_border_radius\":\"0\",\"tile_enable_overlay\":true,\"tile_enable_image_effect\":true,\"tile_image_effect_type\":\"blur\",\"tile_image_effect_reverse\":true,\"tile_enable_shadow\":false,\"tile_as_link\":false,\"tile_enable_icons\":true,\"tile_show_link_icon\":true,\"tile_textpanel_appear_type\":\"slide\",\"tile_textpanel_position\":\"inside_bottom\",\"tile_link_newpage\":true,\"lightbox_type\":\"wide\",\"lightbox_arrows_offset\":0,\"lightbox_overlay_color\":\"#000000\",\"lightbox_overlay_opacity\":1,\"lightbox_top_panel_opacity\":1,\"lightbox_show_numbers\":true,\"lightbox_numbers_size\":\"15\",\"lightbox_numbers_color\":\"#FFFFFF\",\"lightbox_slider_image_border_width\":\"0\",\"lightbox_slider_image_border_color\":\"#FFFFFF\",\"lightbox_slider_image_border_radius\":0,\"lightbox_slider_image_shadow\":true,\"lightbox_slider_control_swipe\":true,\"lightbox_slider_control_zoom\":true,\"lightbox_slider_image_border\":true,\"lightbox_show_textpanel\":true,\"lightbox_textpanel_enable_title\":true,\"lightbox_textpanel_enable_description\":false,\"lightbox_textpanel_padding_top\":5,\"lightbox_textpanel_padding_bottom\":5,\"lightbox_textpanel_padding_right\":5,\"lightbox_textpanel_padding_left\":5,\"lightbox_textpanel_title_color\":\"#FFFFFF\",\"lightbox_textpanel_title_text_align\":\"center\",\"lightbox_textpanel_title_font_size\":\"16\",\"lightbox_textpanel_desc_color\":\"#FFFFFF\",\"lightbox_textpanel_desc_text_align\":\"center\",\"lightbox_textpanel_desc_font_size\":\"14\"});\n            });\n        };\n        var timer = function() {\n            if (window.jQuery) {runMyCode(window.jQuery);}\n            else {window.setTimeout(timer, 100);}\n        };\n        timer();\n    })();\n<\/script><style>\n#gdgallery-container-25 {\n   text-align: center}\n\n.gdgallery-pagination-25{\ntext-align: center !important;\n}\n\n.gdgallery-pagination-25 a{\n    font-size: 15px !important;\n    padding: 8px 13px !important;\n    margin: 3px !important;\n    border: 1px solid #333333 !important;\n    border-radius: 0px !important;\n    color: #333333 !important;\n    background-color: #FFFFFF !important;\n    font-family: monospace !important;\n}\n\n.gdgallery-pagination-25 a:hover, .gdgallery-pagination-25 a.gdgallery-pagination-icon-active{\n    color: #FFFFFF !important;\n    background-color: #333333 !important;\n    border-color: #333333 !important;\n}\n\n#gdgallery-container-25 .gdgallery_load_more_space{\n    margin-top: 20px !important;\n    text-align: center !important;\n}\n\n#gdgallery-container-25 .gdgallery_load_more_space button{\n                      padding: 8px 13px !important;\n    font-size: 15px !important;\n    background-color: #333333 !important;\n    color: #FFFFFF !important;\n    border:1px solid #333333 !important;\n                      border-radius: 0px !important;\n                      font-family: monospace !important;\n                  }\n#gdgallery-container-25 .gdgallery_load_more_space button:hover{\n                      background-color: #FFFFFF !important;\n                      color: #333333 !important;\n                      border-color: #333333 !important;\n                  }\n\n#gdgallery-container-25 .gdgallery_load_more_space button,\n#gdgallery-container-25 .gdgallery_load_more_space button:hover,\n#gdgallery-container-25 .gdgallery_load_more_space button:active,\n#gdgallery-container-25 .gdgallery_load_more_space button:focus{\n    outline: none !important;\n}\n\n\n#gdgallery-container-25 .gdgallery_loading li{\n                      border: 3px solid #333333 !important;\n                  }\n\n.ug-lightbox .ug-lightbox-top-panel-overlay{\n    background-color: #000000 !important;\n}\n\n\n                  #gdgallery_container_25{}\n<\/style>\n\n\n\n<\/div>\n\n\n\n\n\n<\/p>\n<p><span style=\"color: #000000;\"><em><strong>Marco Pachiega<\/strong><\/em><\/span><\/p>\n<p>&nbsp;<\/p>\n<p>&nbsp;<\/p>\n<p>&nbsp;<\/p>\n<p>&nbsp;<\/p>\n","protected":false},"excerpt":{"rendered":"<p>Heuskal Herria Sona Festival Quest anno si celebrano i 20 anni del festival dedicato alla musica e la cultura basca. L&#8217; Heuska Herria Sona Festival sconfina le sue terre per approdare a Barcellona in terra catalana con una vasta scelta di musicisti baschi.\u00a0 Lavorare tutto il giorno e tornare a casa per riposare non \u00e8 sempre l opzione che capita di avere. Sopratutto se dal 30 settembre fino al 2 dicembre \u00e8 in corso il Heuskal Herria Sona festival qui a Barcellona. Un occasione per assaggiare un p\u00f2 di musica basca qui in terra catalana. Una serie di gruppi e cantautori tipici della regione hanno contaminato sale e locali della&hellip; <a class=\"read-more\" href=\"https:\/\/marcopachiega.com\/blog\/heuskal-herria-sona-festival\/\">Read More<\/a><\/p>\n","protected":false},"author":1,"featured_media":1835,"comment_status":"open","ping_status":"open","sticky":false,"template":"","format":"standard","meta":{"footnotes":""},"categories":[269],"tags":[177,254,253,257,255,256,251,7,248,247,250,252,249],"class_list":["post-1833","post","type-post","status-publish","format-standard","has-post-thumbnail","hentry","category-eventi-sport-notizie","tag-barcellona","tag-basca","tag-basco","tag-concerti","tag-cultura","tag-donne","tag-festival","tag-fotografia","tag-herrea","tag-heuskal","tag-heuskal-herrea-sona","tag-musica","tag-sona"],"yoast_head":"<!-- This site is optimized with the Yoast SEO plugin v27.3 - https:\/\/yoast.com\/product\/yoast-seo-wordpress\/ -->\n<title>Heuskal Herria Sona Festival<\/title>\n<meta name=\"description\" content=\"Quest anno si celebrano i 20 anni del festival dedicato alla musica e la cultura basca. L&#039; Heuskal Herria Sona Festival si riconferma in terra catalana.\" \/>\n<meta name=\"robots\" content=\"index, follow, max-snippet:-1, max-image-preview:large, max-video-preview:-1\" \/>\n<link rel=\"canonical\" href=\"https:\/\/marcopachiega.com\/blog\/heuskal-herria-sona-festival\/\" \/>\n<meta property=\"og:locale\" content=\"it_IT\" \/>\n<meta property=\"og:type\" content=\"article\" \/>\n<meta property=\"og:title\" content=\"Heuskal Herria Sona Festival\" \/>\n<meta property=\"og:description\" content=\"Quest anno si celebrano i 20 anni del festival dedicato alla musica e la cultura basca. L&#039; Heuskal Herria Sona Festival si riconferma in terra catalana.\" \/>\n<meta property=\"og:url\" content=\"https:\/\/marcopachiega.com\/blog\/heuskal-herria-sona-festival\/\" \/>\n<meta property=\"og:site_name\" content=\"Pachiega&#039;s blog\" \/>\n<meta property=\"article:published_time\" content=\"2017-11-27T15:50:57+00:00\" \/>\n<meta property=\"article:modified_time\" content=\"2019-05-03T12:27:53+00:00\" \/>\n<meta property=\"og:image\" content=\"https:\/\/marcopachiega.com\/blog\/wp-content\/uploads\/sites\/9\/2017\/11\/DSC4260.jpg\" \/>\n\t<meta property=\"og:image:width\" content=\"1734\" \/>\n\t<meta property=\"og:image:height\" content=\"1153\" \/>\n\t<meta property=\"og:image:type\" content=\"image\/jpeg\" \/>\n<meta name=\"author\" content=\"marcopac\" \/>\n<meta name=\"twitter:card\" content=\"summary_large_image\" \/>\n<meta name=\"twitter:label1\" content=\"Scritto da\" \/>\n\t<meta name=\"twitter:data1\" content=\"marcopac\" \/>\n\t<meta name=\"twitter:label2\" content=\"Tempo di lettura stimato\" \/>\n\t<meta name=\"twitter:data2\" content=\"2 minuti\" \/>\n<script type=\"application\/ld+json\" class=\"yoast-schema-graph\">{\"@context\":\"https:\\\/\\\/schema.org\",\"@graph\":[{\"@type\":\"Article\",\"@id\":\"https:\\\/\\\/marcopachiega.com\\\/blog\\\/heuskal-herria-sona-festival\\\/#article\",\"isPartOf\":{\"@id\":\"https:\\\/\\\/marcopachiega.com\\\/blog\\\/heuskal-herria-sona-festival\\\/\"},\"author\":{\"name\":\"marcopac\",\"@id\":\"https:\\\/\\\/marcopachiega.com\\\/blog\\\/#\\\/schema\\\/person\\\/5800e113375ba5f33499beca73ac3336\"},\"headline\":\"Heuskal Herria Sona Festival\",\"datePublished\":\"2017-11-27T15:50:57+00:00\",\"dateModified\":\"2019-05-03T12:27:53+00:00\",\"mainEntityOfPage\":{\"@id\":\"https:\\\/\\\/marcopachiega.com\\\/blog\\\/heuskal-herria-sona-festival\\\/\"},\"wordCount\":397,\"commentCount\":0,\"publisher\":{\"@id\":\"https:\\\/\\\/marcopachiega.com\\\/blog\\\/#\\\/schema\\\/person\\\/5800e113375ba5f33499beca73ac3336\"},\"image\":{\"@id\":\"https:\\\/\\\/marcopachiega.com\\\/blog\\\/heuskal-herria-sona-festival\\\/#primaryimage\"},\"thumbnailUrl\":\"https:\\\/\\\/marcopachiega.com\\\/blog\\\/wp-content\\\/uploads\\\/sites\\\/9\\\/2017\\\/11\\\/DSC4260.jpg\",\"keywords\":[\"barcellona\",\"Basca\",\"basco\",\"Concerti\",\"Cultura\",\"donne\",\"Festival\",\"fotografia\",\"Herrea\",\"Heuskal\",\"Heuskal Herrea Sona\",\"Musica\",\"Sona\"],\"articleSection\":[\"Eventi, sport, notizie\"],\"inLanguage\":\"it-IT\",\"potentialAction\":[{\"@type\":\"CommentAction\",\"name\":\"Comment\",\"target\":[\"https:\\\/\\\/marcopachiega.com\\\/blog\\\/heuskal-herria-sona-festival\\\/#respond\"]}]},{\"@type\":\"WebPage\",\"@id\":\"https:\\\/\\\/marcopachiega.com\\\/blog\\\/heuskal-herria-sona-festival\\\/\",\"url\":\"https:\\\/\\\/marcopachiega.com\\\/blog\\\/heuskal-herria-sona-festival\\\/\",\"name\":\"Heuskal Herria Sona Festival\",\"isPartOf\":{\"@id\":\"https:\\\/\\\/marcopachiega.com\\\/blog\\\/#website\"},\"primaryImageOfPage\":{\"@id\":\"https:\\\/\\\/marcopachiega.com\\\/blog\\\/heuskal-herria-sona-festival\\\/#primaryimage\"},\"image\":{\"@id\":\"https:\\\/\\\/marcopachiega.com\\\/blog\\\/heuskal-herria-sona-festival\\\/#primaryimage\"},\"thumbnailUrl\":\"https:\\\/\\\/marcopachiega.com\\\/blog\\\/wp-content\\\/uploads\\\/sites\\\/9\\\/2017\\\/11\\\/DSC4260.jpg\",\"datePublished\":\"2017-11-27T15:50:57+00:00\",\"dateModified\":\"2019-05-03T12:27:53+00:00\",\"description\":\"Quest anno si celebrano i 20 anni del festival dedicato alla musica e la cultura basca. L' Heuskal Herria Sona Festival si riconferma in terra catalana.\",\"breadcrumb\":{\"@id\":\"https:\\\/\\\/marcopachiega.com\\\/blog\\\/heuskal-herria-sona-festival\\\/#breadcrumb\"},\"inLanguage\":\"it-IT\",\"potentialAction\":[{\"@type\":\"ReadAction\",\"target\":[\"https:\\\/\\\/marcopachiega.com\\\/blog\\\/heuskal-herria-sona-festival\\\/\"]}]},{\"@type\":\"ImageObject\",\"inLanguage\":\"it-IT\",\"@id\":\"https:\\\/\\\/marcopachiega.com\\\/blog\\\/heuskal-herria-sona-festival\\\/#primaryimage\",\"url\":\"https:\\\/\\\/marcopachiega.com\\\/blog\\\/wp-content\\\/uploads\\\/sites\\\/9\\\/2017\\\/11\\\/DSC4260.jpg\",\"contentUrl\":\"https:\\\/\\\/marcopachiega.com\\\/blog\\\/wp-content\\\/uploads\\\/sites\\\/9\\\/2017\\\/11\\\/DSC4260.jpg\",\"width\":1734,\"height\":1153,\"caption\":\"Heuskal Herria Sona Festival\"},{\"@type\":\"BreadcrumbList\",\"@id\":\"https:\\\/\\\/marcopachiega.com\\\/blog\\\/heuskal-herria-sona-festival\\\/#breadcrumb\",\"itemListElement\":[{\"@type\":\"ListItem\",\"position\":1,\"name\":\"Home\",\"item\":\"https:\\\/\\\/marcopachiega.com\\\/blog\\\/\"},{\"@type\":\"ListItem\",\"position\":2,\"name\":\"Heuskal Herria Sona Festival\"}]},{\"@type\":\"WebSite\",\"@id\":\"https:\\\/\\\/marcopachiega.com\\\/blog\\\/#website\",\"url\":\"https:\\\/\\\/marcopachiega.com\\\/blog\\\/\",\"name\":\"Pachiega&#039;s blog\",\"description\":\"Observation post\",\"publisher\":{\"@id\":\"https:\\\/\\\/marcopachiega.com\\\/blog\\\/#\\\/schema\\\/person\\\/5800e113375ba5f33499beca73ac3336\"},\"potentialAction\":[{\"@type\":\"SearchAction\",\"target\":{\"@type\":\"EntryPoint\",\"urlTemplate\":\"https:\\\/\\\/marcopachiega.com\\\/blog\\\/?s={search_term_string}\"},\"query-input\":{\"@type\":\"PropertyValueSpecification\",\"valueRequired\":true,\"valueName\":\"search_term_string\"}}],\"inLanguage\":\"it-IT\"},{\"@type\":[\"Person\",\"Organization\"],\"@id\":\"https:\\\/\\\/marcopachiega.com\\\/blog\\\/#\\\/schema\\\/person\\\/5800e113375ba5f33499beca73ac3336\",\"name\":\"marcopac\",\"image\":{\"@type\":\"ImageObject\",\"inLanguage\":\"it-IT\",\"@id\":\"https:\\\/\\\/marcopachiega.com\\\/blog\\\/wp-content\\\/uploads\\\/sites\\\/9\\\/2022\\\/12\\\/DRS_3328_B.jpg\",\"url\":\"https:\\\/\\\/marcopachiega.com\\\/blog\\\/wp-content\\\/uploads\\\/sites\\\/9\\\/2022\\\/12\\\/DRS_3328_B.jpg\",\"contentUrl\":\"https:\\\/\\\/marcopachiega.com\\\/blog\\\/wp-content\\\/uploads\\\/sites\\\/9\\\/2022\\\/12\\\/DRS_3328_B.jpg\",\"width\":1000,\"height\":1000,\"caption\":\"marcopac\"},\"logo\":{\"@id\":\"https:\\\/\\\/marcopachiega.com\\\/blog\\\/wp-content\\\/uploads\\\/sites\\\/9\\\/2022\\\/12\\\/DRS_3328_B.jpg\"},\"sameAs\":[\"http:\\\/\\\/www.marcopachiega.com\",\"https:\\\/\\\/www.instagram.com\\\/marcopachiega\\\/\",\"https:\\\/\\\/www.linkedin.com\\\/in\\\/marco-pachiega-38546b92\\\/?locale=es_ES\",\"https:\\\/\\\/www.youtube.com\\\/@marcopachiega2999\\\/featured\"],\"url\":\"https:\\\/\\\/marcopachiega.com\\\/blog\\\/author\\\/marcopac\\\/\"}]}<\/script>\n<!-- \/ Yoast SEO plugin. -->","yoast_head_json":{"title":"Heuskal Herria Sona Festival","description":"Quest anno si celebrano i 20 anni del festival dedicato alla musica e la cultura basca. L' Heuskal Herria Sona Festival si riconferma in terra catalana.","robots":{"index":"index","follow":"follow","max-snippet":"max-snippet:-1","max-image-preview":"max-image-preview:large","max-video-preview":"max-video-preview:-1"},"canonical":"https:\/\/marcopachiega.com\/blog\/heuskal-herria-sona-festival\/","og_locale":"it_IT","og_type":"article","og_title":"Heuskal Herria Sona Festival","og_description":"Quest anno si celebrano i 20 anni del festival dedicato alla musica e la cultura basca. L' Heuskal Herria Sona Festival si riconferma in terra catalana.","og_url":"https:\/\/marcopachiega.com\/blog\/heuskal-herria-sona-festival\/","og_site_name":"Pachiega&#039;s blog","article_published_time":"2017-11-27T15:50:57+00:00","article_modified_time":"2019-05-03T12:27:53+00:00","og_image":[{"width":1734,"height":1153,"url":"https:\/\/marcopachiega.com\/blog\/wp-content\/uploads\/sites\/9\/2017\/11\/DSC4260.jpg","type":"image\/jpeg"}],"author":"marcopac","twitter_card":"summary_large_image","twitter_misc":{"Scritto da":"marcopac","Tempo di lettura stimato":"2 minuti"},"schema":{"@context":"https:\/\/schema.org","@graph":[{"@type":"Article","@id":"https:\/\/marcopachiega.com\/blog\/heuskal-herria-sona-festival\/#article","isPartOf":{"@id":"https:\/\/marcopachiega.com\/blog\/heuskal-herria-sona-festival\/"},"author":{"name":"marcopac","@id":"https:\/\/marcopachiega.com\/blog\/#\/schema\/person\/5800e113375ba5f33499beca73ac3336"},"headline":"Heuskal Herria Sona Festival","datePublished":"2017-11-27T15:50:57+00:00","dateModified":"2019-05-03T12:27:53+00:00","mainEntityOfPage":{"@id":"https:\/\/marcopachiega.com\/blog\/heuskal-herria-sona-festival\/"},"wordCount":397,"commentCount":0,"publisher":{"@id":"https:\/\/marcopachiega.com\/blog\/#\/schema\/person\/5800e113375ba5f33499beca73ac3336"},"image":{"@id":"https:\/\/marcopachiega.com\/blog\/heuskal-herria-sona-festival\/#primaryimage"},"thumbnailUrl":"https:\/\/marcopachiega.com\/blog\/wp-content\/uploads\/sites\/9\/2017\/11\/DSC4260.jpg","keywords":["barcellona","Basca","basco","Concerti","Cultura","donne","Festival","fotografia","Herrea","Heuskal","Heuskal Herrea Sona","Musica","Sona"],"articleSection":["Eventi, sport, notizie"],"inLanguage":"it-IT","potentialAction":[{"@type":"CommentAction","name":"Comment","target":["https:\/\/marcopachiega.com\/blog\/heuskal-herria-sona-festival\/#respond"]}]},{"@type":"WebPage","@id":"https:\/\/marcopachiega.com\/blog\/heuskal-herria-sona-festival\/","url":"https:\/\/marcopachiega.com\/blog\/heuskal-herria-sona-festival\/","name":"Heuskal Herria Sona Festival","isPartOf":{"@id":"https:\/\/marcopachiega.com\/blog\/#website"},"primaryImageOfPage":{"@id":"https:\/\/marcopachiega.com\/blog\/heuskal-herria-sona-festival\/#primaryimage"},"image":{"@id":"https:\/\/marcopachiega.com\/blog\/heuskal-herria-sona-festival\/#primaryimage"},"thumbnailUrl":"https:\/\/marcopachiega.com\/blog\/wp-content\/uploads\/sites\/9\/2017\/11\/DSC4260.jpg","datePublished":"2017-11-27T15:50:57+00:00","dateModified":"2019-05-03T12:27:53+00:00","description":"Quest anno si celebrano i 20 anni del festival dedicato alla musica e la cultura basca. L' Heuskal Herria Sona Festival si riconferma in terra catalana.","breadcrumb":{"@id":"https:\/\/marcopachiega.com\/blog\/heuskal-herria-sona-festival\/#breadcrumb"},"inLanguage":"it-IT","potentialAction":[{"@type":"ReadAction","target":["https:\/\/marcopachiega.com\/blog\/heuskal-herria-sona-festival\/"]}]},{"@type":"ImageObject","inLanguage":"it-IT","@id":"https:\/\/marcopachiega.com\/blog\/heuskal-herria-sona-festival\/#primaryimage","url":"https:\/\/marcopachiega.com\/blog\/wp-content\/uploads\/sites\/9\/2017\/11\/DSC4260.jpg","contentUrl":"https:\/\/marcopachiega.com\/blog\/wp-content\/uploads\/sites\/9\/2017\/11\/DSC4260.jpg","width":1734,"height":1153,"caption":"Heuskal Herria Sona Festival"},{"@type":"BreadcrumbList","@id":"https:\/\/marcopachiega.com\/blog\/heuskal-herria-sona-festival\/#breadcrumb","itemListElement":[{"@type":"ListItem","position":1,"name":"Home","item":"https:\/\/marcopachiega.com\/blog\/"},{"@type":"ListItem","position":2,"name":"Heuskal Herria Sona Festival"}]},{"@type":"WebSite","@id":"https:\/\/marcopachiega.com\/blog\/#website","url":"https:\/\/marcopachiega.com\/blog\/","name":"Pachiega&#039;s blog","description":"Observation post","publisher":{"@id":"https:\/\/marcopachiega.com\/blog\/#\/schema\/person\/5800e113375ba5f33499beca73ac3336"},"potentialAction":[{"@type":"SearchAction","target":{"@type":"EntryPoint","urlTemplate":"https:\/\/marcopachiega.com\/blog\/?s={search_term_string}"},"query-input":{"@type":"PropertyValueSpecification","valueRequired":true,"valueName":"search_term_string"}}],"inLanguage":"it-IT"},{"@type":["Person","Organization"],"@id":"https:\/\/marcopachiega.com\/blog\/#\/schema\/person\/5800e113375ba5f33499beca73ac3336","name":"marcopac","image":{"@type":"ImageObject","inLanguage":"it-IT","@id":"https:\/\/marcopachiega.com\/blog\/wp-content\/uploads\/sites\/9\/2022\/12\/DRS_3328_B.jpg","url":"https:\/\/marcopachiega.com\/blog\/wp-content\/uploads\/sites\/9\/2022\/12\/DRS_3328_B.jpg","contentUrl":"https:\/\/marcopachiega.com\/blog\/wp-content\/uploads\/sites\/9\/2022\/12\/DRS_3328_B.jpg","width":1000,"height":1000,"caption":"marcopac"},"logo":{"@id":"https:\/\/marcopachiega.com\/blog\/wp-content\/uploads\/sites\/9\/2022\/12\/DRS_3328_B.jpg"},"sameAs":["http:\/\/www.marcopachiega.com","https:\/\/www.instagram.com\/marcopachiega\/","https:\/\/www.linkedin.com\/in\/marco-pachiega-38546b92\/?locale=es_ES","https:\/\/www.youtube.com\/@marcopachiega2999\/featured"],"url":"https:\/\/marcopachiega.com\/blog\/author\/marcopac\/"}]}},"_links":{"self":[{"href":"https:\/\/marcopachiega.com\/blog\/wp-json\/wp\/v2\/posts\/1833","targetHints":{"allow":["GET"]}}],"collection":[{"href":"https:\/\/marcopachiega.com\/blog\/wp-json\/wp\/v2\/posts"}],"about":[{"href":"https:\/\/marcopachiega.com\/blog\/wp-json\/wp\/v2\/types\/post"}],"author":[{"embeddable":true,"href":"https:\/\/marcopachiega.com\/blog\/wp-json\/wp\/v2\/users\/1"}],"replies":[{"embeddable":true,"href":"https:\/\/marcopachiega.com\/blog\/wp-json\/wp\/v2\/comments?post=1833"}],"version-history":[{"count":0,"href":"https:\/\/marcopachiega.com\/blog\/wp-json\/wp\/v2\/posts\/1833\/revisions"}],"wp:featuredmedia":[{"embeddable":true,"href":"https:\/\/marcopachiega.com\/blog\/wp-json\/wp\/v2\/media\/1835"}],"wp:attachment":[{"href":"https:\/\/marcopachiega.com\/blog\/wp-json\/wp\/v2\/media?parent=1833"}],"wp:term":[{"taxonomy":"category","embeddable":true,"href":"https:\/\/marcopachiega.com\/blog\/wp-json\/wp\/v2\/categories?post=1833"},{"taxonomy":"post_tag","embeddable":true,"href":"https:\/\/marcopachiega.com\/blog\/wp-json\/wp\/v2\/tags?post=1833"}],"curies":[{"name":"wp","href":"https:\/\/api.w.org\/{rel}","templated":true}]}}