{"id":2037,"date":"2018-04-04T16:21:28","date_gmt":"2018-04-04T16:21:28","guid":{"rendered":"http:\/\/marcopachiega.com\/arti\/?p=2037"},"modified":"2019-05-03T08:19:53","modified_gmt":"2019-05-03T08:19:53","slug":"limportanza-di-ricordare-ma-a-chi-importa","status":"publish","type":"post","link":"https:\/\/marcopachiega.com\/blog\/limportanza-di-ricordare-ma-a-chi-importa\/","title":{"rendered":"L\u2019importanza di ricordare, ma a chi importa?"},"content":{"rendered":"<h1 style=\"text-align: center;\">L\u2019importanza di ricordare, ma a chi importa?<\/h1>\n<h3 style=\"text-align: center;\"><strong>Da sei mesi a questa parte La Rambla ha cambiato ancora una volta la sua faccia<\/strong><\/h3>\n<p style=\"text-align: right;\"><strong><em><a href=\"http:\/\/marcopachiega.com\/arti\/es\/la-importancia-de-recordar-pero-a-quien-le-importa\/\">Version en Castillano<\/a><\/em><\/strong><\/p>\n<p><strong><img fetchpriority=\"high\" decoding=\"async\" class=\"aligncenter wp-image-2041 size-full\" src=\"http:\/\/marcopachiega.com\/wp-content\/uploads\/sites\/9\/2018\/04\/DSC7267-1.jpg\" alt=\"L\u2019importanza di ricordare, ma a chi importa?\" width=\"1226\" height=\"815\" srcset=\"https:\/\/marcopachiega.com\/blog\/wp-content\/uploads\/sites\/9\/2018\/04\/DSC7267-1.jpg 1226w, https:\/\/marcopachiega.com\/blog\/wp-content\/uploads\/sites\/9\/2018\/04\/DSC7267-1-420x279.jpg 420w, https:\/\/marcopachiega.com\/blog\/wp-content\/uploads\/sites\/9\/2018\/04\/DSC7267-1-744x495.jpg 744w, https:\/\/marcopachiega.com\/blog\/wp-content\/uploads\/sites\/9\/2018\/04\/DSC7267-1-1200x798.jpg 1200w, https:\/\/marcopachiega.com\/blog\/wp-content\/uploads\/sites\/9\/2018\/04\/DSC7267-1-768x511.jpg 768w\" sizes=\"(max-width: 1226px) 100vw, 1226px\" \/><\/strong><\/p>\n<p>&nbsp;<\/p>\n<p><strong>Un intervista di pochi minuti e con pochi testimoni non pu\u00f2 descrivere un evento con precisione. Di sicuro per\u00f2 d\u00e0 la possibilit\u00e0 di valutare una situazione in generale. A poco pi\u00f9 di sei mesi dal terribile attentato terroristico de Las Ramblas, nel centro di Barcellona, sembra che le cose siano cambiate.<\/strong><\/p>\n<h3><strong>L&#8217;accaduto<\/strong><\/h3>\n<p><strong>Nel pomeriggio del 17 di Agosto un furgone guidato da un giovane di origine magrebina ha percorso ben 500 metri sul passeggio pi\u00f9 famoso della capitale catalana, investendone i pedoni per lo pi\u00f9 turisti. Con un bilancio di 13 deceduti e 85 feriti, l&#8217;episodio verr\u00e0 in seguito rivendicato dall&#8217;ISIS. I<\/strong><strong>nsieme alle citt\u00e0 di Berlino, Nizza, Londra e Stoccolma, anche Barcellona \u00e8 stata ferita.<\/strong><\/p>\n<p><strong>Ulteriori informazioni e articoli li trovate <a href=\"http:\/\/www.repubblica.it\/esteri\/2017\/08\/17\/news\/barcellona_furgone_sulla_folla_in_pieno_centro_feriti-173241407\/?refresh_ce\" target=\"_blank\" rel=\"noopener noreferrer\">qui<\/a>, se non ne avete avuto abbastanza.<\/strong><\/p>\n<p><strong><img decoding=\"async\" class=\"aligncenter wp-image-2042 size-full lazyload\" data-src=\"http:\/\/marcopachiega.com\/wp-content\/uploads\/sites\/9\/2018\/04\/DSC7273.jpg\" alt=\"L\u2019importanza di ricordare, ma a chi importa?\" width=\"1226\" height=\"815\" data-srcset=\"https:\/\/marcopachiega.com\/blog\/wp-content\/uploads\/sites\/9\/2018\/04\/DSC7273.jpg 1226w, https:\/\/marcopachiega.com\/blog\/wp-content\/uploads\/sites\/9\/2018\/04\/DSC7273-420x279.jpg 420w, https:\/\/marcopachiega.com\/blog\/wp-content\/uploads\/sites\/9\/2018\/04\/DSC7273-744x495.jpg 744w, https:\/\/marcopachiega.com\/blog\/wp-content\/uploads\/sites\/9\/2018\/04\/DSC7273-1200x798.jpg 1200w, https:\/\/marcopachiega.com\/blog\/wp-content\/uploads\/sites\/9\/2018\/04\/DSC7273-768x511.jpg 768w\" data-sizes=\"(max-width: 1226px) 100vw, 1226px\" src=\"data:image\/svg+xml;base64,PHN2ZyB3aWR0aD0iMSIgaGVpZ2h0PSIxIiB4bWxucz0iaHR0cDovL3d3dy53My5vcmcvMjAwMC9zdmciPjwvc3ZnPg==\" style=\"--smush-placeholder-width: 1226px; --smush-placeholder-aspect-ratio: 1226\/815;\" \/><\/strong><\/p>\n<h3><strong>Reazioni<\/strong><\/h3>\n<p><strong>Un evento di grande impatto dal lato psicologico, il quale ovviamente \u00e8 stato amplificato dalle nuove tecnologie di comunicazione digitali. Video e foto vennero immediatamente condivisi nei social network in tempo reale. Le maggiori testate giornalistiche di quasi tutto il mondo, a seguito dell&#8217;accaduto, si susseguirono tra interviste in diretta e approfondimenti vari a ritmo serrato.<\/strong><\/p>\n<p><strong>Nei giorni successivi una moltitudine di persone scesero in piazza per dimostrare forza supporto alle vittime e culmin\u00f2 in <a href=\"https:\/\/elpais.com\/ccaa\/2017\/08\/18\/catalunya\/1503054666_160105.html\" target=\"_blank\" rel=\"noopener noreferrer\">piazza Catalunya<\/a>, con l&#8217;ormai famoso grido \u201cYo no tinc por\u201d (Io non ho paura). Las Ramblas fu tappezzata di foto, fiori, candele per parecchie settimane.\u00a0\u00a0<\/strong><\/p>\n<p><strong>Come anticipato ad inizio articolo, attraverso poche interviste, non si pu\u00f2 definire un aspetto preciso della situazione, ma una linea generale pu\u00f2 essere tracciata. Intervistare alcuni commercianti, ha mostrato un bisogno a non parlarne pi\u00f9. Dall&#8217;altra parte, i turisti, ben pochi sapevano che si stavano facendo un selfie proprio sul luogo di una strage che ha scosso la Spagna e l&#8217;Europa intera.<\/strong><\/p>\n<p><strong><img decoding=\"async\" class=\"aligncenter wp-image-2047 size-full lazyload\" data-src=\"http:\/\/marcopachiega.com\/wp-content\/uploads\/sites\/9\/2018\/04\/DSC7310.jpg\" alt=\"L\u2019importanza di ricordare, ma a chi importa?\" width=\"1226\" height=\"815\" data-srcset=\"https:\/\/marcopachiega.com\/blog\/wp-content\/uploads\/sites\/9\/2018\/04\/DSC7310.jpg 1226w, https:\/\/marcopachiega.com\/blog\/wp-content\/uploads\/sites\/9\/2018\/04\/DSC7310-420x279.jpg 420w, https:\/\/marcopachiega.com\/blog\/wp-content\/uploads\/sites\/9\/2018\/04\/DSC7310-744x495.jpg 744w, https:\/\/marcopachiega.com\/blog\/wp-content\/uploads\/sites\/9\/2018\/04\/DSC7310-1200x798.jpg 1200w, https:\/\/marcopachiega.com\/blog\/wp-content\/uploads\/sites\/9\/2018\/04\/DSC7310-768x511.jpg 768w\" data-sizes=\"(max-width: 1226px) 100vw, 1226px\" src=\"data:image\/svg+xml;base64,PHN2ZyB3aWR0aD0iMSIgaGVpZ2h0PSIxIiB4bWxucz0iaHR0cDovL3d3dy53My5vcmcvMjAwMC9zdmciPjwvc3ZnPg==\" style=\"--smush-placeholder-width: 1226px; --smush-placeholder-aspect-ratio: 1226\/815;\" \/><\/strong><\/p>\n<h3><strong>Conseguenze<\/strong><\/h3>\n<p><strong>A seguito dell\u2019attentato il comune di Barcellona a predisposto l&#8217;installazione di blocchi di pietra e paletti di acciaio per impedire a future auto l&#8217;invasione al viale.<\/strong><\/p>\n<p><strong>Potrebbe sorprendere la mancanza di informazione a riguardo dei turisti o il deciso rifiuto di parlare ancora una volta dell\u2019accaduto da parte dei residenti. Ma pare ci sia una stretta relazione tra un tragico evento e la voracit\u00e0 con cui i mezzi di comunicazione ne consumino, a suon di foto, interviste e reportage, i fatti accaduti. In maniera incessante le notizie si sono mescolate con voci non ufficiali e false. Si \u00e8 parlato addirittura di ostaggi e di uomini armati per le strade del centro. Un vero e proprio bombardamento mediatico a 360 gradi senza sosta n\u00e8 filtri\u00a0<\/strong><\/p>\n<p><strong>Partendo dalla sfera pi\u00f9 alta dell informazione, quella delle testate giornalistiche, la drammaticit\u00e0 dell&#8217;evento ha raggiunto immediatamente un livello di intimit\u00e0 virale, quello dei sociale network. Infine, attraverso messaggi informativi su Whatsapp,\u00a0 si \u00e8 fatto un ulteriore passo riguardo l&#8217;informazione portandola direttamente sul proprio numero di telefono personale. Di conseguenza risulta plausibile riscontrare due reazioni opposte. <\/strong><strong>Chi ha vissuto in prima persona l&#8217;accaduto non ne vuole pi\u00f9 parlare a seguito dell&#8217;estenuante pressione nel rispondere sempre alle stesse domande. Dall&#8217;altra parte i turisti non hanno avuto il tempo di assimilare veramente la notizia. <\/strong><\/p>\n<p><strong>Il gigantesco fuoco di paglia mediatico ha creato due reazione opposte. Da una parte non ha lasciato traccia nelle coscienze dei visitatori e dall&#8217;altra ha solcato indelebilmente l&#8217;animo di chi lo ha vissuto in prima persona.<\/strong><\/p>\n<p><strong><img decoding=\"async\" class=\"aligncenter wp-image-2045 size-full lazyload\" data-src=\"http:\/\/marcopachiega.com\/wp-content\/uploads\/sites\/9\/2018\/04\/DSC7304-1.jpg\" alt=\"L\u2019importanza di ricordare, ma a chi importa?\" width=\"1226\" height=\"815\" data-srcset=\"https:\/\/marcopachiega.com\/blog\/wp-content\/uploads\/sites\/9\/2018\/04\/DSC7304-1.jpg 1226w, https:\/\/marcopachiega.com\/blog\/wp-content\/uploads\/sites\/9\/2018\/04\/DSC7304-1-420x279.jpg 420w, https:\/\/marcopachiega.com\/blog\/wp-content\/uploads\/sites\/9\/2018\/04\/DSC7304-1-744x495.jpg 744w, https:\/\/marcopachiega.com\/blog\/wp-content\/uploads\/sites\/9\/2018\/04\/DSC7304-1-1200x798.jpg 1200w, https:\/\/marcopachiega.com\/blog\/wp-content\/uploads\/sites\/9\/2018\/04\/DSC7304-1-768x511.jpg 768w\" data-sizes=\"(max-width: 1226px) 100vw, 1226px\" src=\"data:image\/svg+xml;base64,PHN2ZyB3aWR0aD0iMSIgaGVpZ2h0PSIxIiB4bWxucz0iaHR0cDovL3d3dy53My5vcmcvMjAwMC9zdmciPjwvc3ZnPg==\" style=\"--smush-placeholder-width: 1226px; --smush-placeholder-aspect-ratio: 1226\/815;\" \/><\/strong><\/p>\n<h3>Las Ramblas oggi<\/h3>\n<p><strong>Il viale de Las Ramblas continua ad essere percorso da migliaia di persone ogni giorno e i negozi hanno ripreso la loro attivit\u00e0. Solo alcuni blocchi di cemento ne mostrano il cambio, in maniera silenziosa e austera, caricandosi della responsabilit\u00e0 a non dimenticare cosa accadde il 17 Agosto del 2017.<\/strong><\/p>\n<p><strong><img decoding=\"async\" class=\"aligncenter wp-image-2046 size-full lazyload\" data-src=\"http:\/\/marcopachiega.com\/wp-content\/uploads\/sites\/9\/2018\/04\/DSC7308.jpg\" alt=\"L\u2019importanza di ricordare, ma a chi importa?\" width=\"1226\" height=\"815\" data-srcset=\"https:\/\/marcopachiega.com\/blog\/wp-content\/uploads\/sites\/9\/2018\/04\/DSC7308.jpg 1226w, https:\/\/marcopachiega.com\/blog\/wp-content\/uploads\/sites\/9\/2018\/04\/DSC7308-420x279.jpg 420w, https:\/\/marcopachiega.com\/blog\/wp-content\/uploads\/sites\/9\/2018\/04\/DSC7308-744x495.jpg 744w, https:\/\/marcopachiega.com\/blog\/wp-content\/uploads\/sites\/9\/2018\/04\/DSC7308-1200x798.jpg 1200w, https:\/\/marcopachiega.com\/blog\/wp-content\/uploads\/sites\/9\/2018\/04\/DSC7308-768x511.jpg 768w\" data-sizes=\"(max-width: 1226px) 100vw, 1226px\" src=\"data:image\/svg+xml;base64,PHN2ZyB3aWR0aD0iMSIgaGVpZ2h0PSIxIiB4bWxucz0iaHR0cDovL3d3dy53My5vcmcvMjAwMC9zdmciPjwvc3ZnPg==\" style=\"--smush-placeholder-width: 1226px; --smush-placeholder-aspect-ratio: 1226\/815;\" \/><\/strong><\/p>\n<p><strong><em>Marco Pachiega.<\/em><\/strong><\/p>\n<p>&nbsp;<\/p>\n","protected":false},"excerpt":{"rendered":"<p>L\u2019importanza di ricordare, ma a chi importa? Da sei mesi a questa parte La Rambla ha cambiato ancora una volta la sua faccia Version en Castillano &nbsp; Un intervista di pochi minuti e con pochi testimoni non pu\u00f2 descrivere un evento con precisione. Di sicuro per\u00f2 d\u00e0 la possibilit\u00e0 di valutare una situazione in generale. A poco pi\u00f9 di sei mesi dal terribile attentato terroristico de Las Ramblas, nel centro di Barcellona, sembra che le cose siano cambiate. L&#8217;accaduto Nel pomeriggio del 17 di Agosto un furgone guidato da un giovane di origine magrebina ha percorso ben 500 metri sul passeggio pi\u00f9 famoso della capitale catalana, investendone i pedoni per&hellip; <a class=\"read-more\" href=\"https:\/\/marcopachiega.com\/blog\/limportanza-di-ricordare-ma-a-chi-importa\/\">Read More<\/a><\/p>\n","protected":false},"author":1,"featured_media":2039,"comment_status":"open","ping_status":"open","sticky":false,"template":"","format":"standard","meta":{"footnotes":""},"categories":[269],"tags":[277,278,26,246,134,7,281,276,280,279,201,36,24,137,187,181,188],"class_list":["post-2037","post","type-post","status-publish","format-standard","has-post-thumbnail","hentry","category-eventi-sport-notizie","tag-agosto","tag-attentato","tag-barcelona","tag-catalogna","tag-catalunya","tag-fotografia","tag-giornalismo","tag-las-ramblas","tag-periodismo","tag-riflessioni","tag-spagna","tag-spain","tag-street","tag-travel","tag-turismo","tag-vacanze","tag-viaggi"],"yoast_head":"<!-- This site is optimized with the Yoast SEO plugin v27.3 - https:\/\/yoast.com\/product\/yoast-seo-wordpress\/ -->\n<title>L\u2019importanza di ricordare, ma a chi importa? - Pachiega&#039;s blog<\/title>\n<meta name=\"description\" content=\"L\u2019importanza di ricordare, ma a chi importa? Un intervista di pochi minuti e con pochi testimoni non pu\u00f2 descrivere un evento con precisione. Di sicuro per\u00f2 d\u00e0 la possibilit\u00e0 di valutare una situazione in generale.L\u2019importanza di ricordare, ma a chi importa?\" \/>\n<meta name=\"robots\" content=\"index, follow, max-snippet:-1, max-image-preview:large, max-video-preview:-1\" \/>\n<link rel=\"canonical\" href=\"https:\/\/marcopachiega.com\/blog\/limportanza-di-ricordare-ma-a-chi-importa\/\" \/>\n<meta property=\"og:locale\" content=\"it_IT\" \/>\n<meta property=\"og:type\" content=\"article\" \/>\n<meta property=\"og:title\" content=\"L\u2019importanza di ricordare, ma a chi importa? - Pachiega&#039;s blog\" \/>\n<meta property=\"og:description\" content=\"L\u2019importanza di ricordare, ma a chi importa? Un intervista di pochi minuti e con pochi testimoni non pu\u00f2 descrivere un evento con precisione. Di sicuro per\u00f2 d\u00e0 la possibilit\u00e0 di valutare una situazione in generale.L\u2019importanza di ricordare, ma a chi importa?\" \/>\n<meta property=\"og:url\" content=\"https:\/\/marcopachiega.com\/blog\/limportanza-di-ricordare-ma-a-chi-importa\/\" \/>\n<meta property=\"og:site_name\" content=\"Pachiega&#039;s blog\" \/>\n<meta property=\"article:published_time\" content=\"2018-04-04T16:21:28+00:00\" \/>\n<meta property=\"article:modified_time\" content=\"2019-05-03T08:19:53+00:00\" \/>\n<meta property=\"og:image\" content=\"https:\/\/marcopachiega.com\/blog\/wp-content\/uploads\/sites\/9\/2018\/04\/DSC7267.jpg\" \/>\n\t<meta property=\"og:image:width\" content=\"1734\" \/>\n\t<meta property=\"og:image:height\" content=\"1153\" \/>\n\t<meta property=\"og:image:type\" content=\"image\/jpeg\" \/>\n<meta name=\"author\" content=\"marcopac\" \/>\n<meta name=\"twitter:card\" content=\"summary_large_image\" \/>\n<meta name=\"twitter:label1\" content=\"Scritto da\" \/>\n\t<meta name=\"twitter:data1\" content=\"marcopac\" \/>\n\t<meta name=\"twitter:label2\" content=\"Tempo di lettura stimato\" \/>\n\t<meta name=\"twitter:data2\" content=\"5 minuti\" \/>\n<script type=\"application\/ld+json\" class=\"yoast-schema-graph\">{\"@context\":\"https:\\\/\\\/schema.org\",\"@graph\":[{\"@type\":\"Article\",\"@id\":\"https:\\\/\\\/marcopachiega.com\\\/blog\\\/limportanza-di-ricordare-ma-a-chi-importa\\\/#article\",\"isPartOf\":{\"@id\":\"https:\\\/\\\/marcopachiega.com\\\/blog\\\/limportanza-di-ricordare-ma-a-chi-importa\\\/\"},\"author\":{\"name\":\"marcopac\",\"@id\":\"https:\\\/\\\/marcopachiega.com\\\/blog\\\/#\\\/schema\\\/person\\\/5800e113375ba5f33499beca73ac3336\"},\"headline\":\"L\u2019importanza di ricordare, ma a chi importa?\",\"datePublished\":\"2018-04-04T16:21:28+00:00\",\"dateModified\":\"2019-05-03T08:19:53+00:00\",\"mainEntityOfPage\":{\"@id\":\"https:\\\/\\\/marcopachiega.com\\\/blog\\\/limportanza-di-ricordare-ma-a-chi-importa\\\/\"},\"wordCount\":644,\"commentCount\":0,\"publisher\":{\"@id\":\"https:\\\/\\\/marcopachiega.com\\\/blog\\\/#\\\/schema\\\/person\\\/5800e113375ba5f33499beca73ac3336\"},\"image\":{\"@id\":\"https:\\\/\\\/marcopachiega.com\\\/blog\\\/limportanza-di-ricordare-ma-a-chi-importa\\\/#primaryimage\"},\"thumbnailUrl\":\"https:\\\/\\\/marcopachiega.com\\\/blog\\\/wp-content\\\/uploads\\\/sites\\\/9\\\/2018\\\/04\\\/DSC7267.jpg\",\"keywords\":[\"Agosto\",\"Attentato\",\"barcelona\",\"catalogna\",\"Catalunya\",\"fotografia\",\"giornalismo\",\"las ramblas\",\"periodismo\",\"riflessioni\",\"spagna\",\"spain\",\"street\",\"travel\",\"turismo\",\"vacanze\",\"viaggi\"],\"articleSection\":[\"Eventi, sport, notizie\"],\"inLanguage\":\"it-IT\",\"potentialAction\":[{\"@type\":\"CommentAction\",\"name\":\"Comment\",\"target\":[\"https:\\\/\\\/marcopachiega.com\\\/blog\\\/limportanza-di-ricordare-ma-a-chi-importa\\\/#respond\"]}]},{\"@type\":\"WebPage\",\"@id\":\"https:\\\/\\\/marcopachiega.com\\\/blog\\\/limportanza-di-ricordare-ma-a-chi-importa\\\/\",\"url\":\"https:\\\/\\\/marcopachiega.com\\\/blog\\\/limportanza-di-ricordare-ma-a-chi-importa\\\/\",\"name\":\"L\u2019importanza di ricordare, ma a chi importa? - Pachiega&#039;s blog\",\"isPartOf\":{\"@id\":\"https:\\\/\\\/marcopachiega.com\\\/blog\\\/#website\"},\"primaryImageOfPage\":{\"@id\":\"https:\\\/\\\/marcopachiega.com\\\/blog\\\/limportanza-di-ricordare-ma-a-chi-importa\\\/#primaryimage\"},\"image\":{\"@id\":\"https:\\\/\\\/marcopachiega.com\\\/blog\\\/limportanza-di-ricordare-ma-a-chi-importa\\\/#primaryimage\"},\"thumbnailUrl\":\"https:\\\/\\\/marcopachiega.com\\\/blog\\\/wp-content\\\/uploads\\\/sites\\\/9\\\/2018\\\/04\\\/DSC7267.jpg\",\"datePublished\":\"2018-04-04T16:21:28+00:00\",\"dateModified\":\"2019-05-03T08:19:53+00:00\",\"description\":\"L\u2019importanza di ricordare, ma a chi importa? Un intervista di pochi minuti e con pochi testimoni non pu\u00f2 descrivere un evento con precisione. Di sicuro per\u00f2 d\u00e0 la possibilit\u00e0 di valutare una situazione in generale.L\u2019importanza di ricordare, ma a chi importa?\",\"breadcrumb\":{\"@id\":\"https:\\\/\\\/marcopachiega.com\\\/blog\\\/limportanza-di-ricordare-ma-a-chi-importa\\\/#breadcrumb\"},\"inLanguage\":\"it-IT\",\"potentialAction\":[{\"@type\":\"ReadAction\",\"target\":[\"https:\\\/\\\/marcopachiega.com\\\/blog\\\/limportanza-di-ricordare-ma-a-chi-importa\\\/\"]}]},{\"@type\":\"ImageObject\",\"inLanguage\":\"it-IT\",\"@id\":\"https:\\\/\\\/marcopachiega.com\\\/blog\\\/limportanza-di-ricordare-ma-a-chi-importa\\\/#primaryimage\",\"url\":\"https:\\\/\\\/marcopachiega.com\\\/blog\\\/wp-content\\\/uploads\\\/sites\\\/9\\\/2018\\\/04\\\/DSC7267.jpg\",\"contentUrl\":\"https:\\\/\\\/marcopachiega.com\\\/blog\\\/wp-content\\\/uploads\\\/sites\\\/9\\\/2018\\\/04\\\/DSC7267.jpg\",\"width\":1734,\"height\":1153,\"caption\":\"L\u2019importanza del ricordare, ma a chi importa?\"},{\"@type\":\"BreadcrumbList\",\"@id\":\"https:\\\/\\\/marcopachiega.com\\\/blog\\\/limportanza-di-ricordare-ma-a-chi-importa\\\/#breadcrumb\",\"itemListElement\":[{\"@type\":\"ListItem\",\"position\":1,\"name\":\"Home\",\"item\":\"https:\\\/\\\/marcopachiega.com\\\/blog\\\/\"},{\"@type\":\"ListItem\",\"position\":2,\"name\":\"L\u2019importanza di ricordare, ma a chi importa?\"}]},{\"@type\":\"WebSite\",\"@id\":\"https:\\\/\\\/marcopachiega.com\\\/blog\\\/#website\",\"url\":\"https:\\\/\\\/marcopachiega.com\\\/blog\\\/\",\"name\":\"Pachiega&#039;s blog\",\"description\":\"Observation post\",\"publisher\":{\"@id\":\"https:\\\/\\\/marcopachiega.com\\\/blog\\\/#\\\/schema\\\/person\\\/5800e113375ba5f33499beca73ac3336\"},\"potentialAction\":[{\"@type\":\"SearchAction\",\"target\":{\"@type\":\"EntryPoint\",\"urlTemplate\":\"https:\\\/\\\/marcopachiega.com\\\/blog\\\/?s={search_term_string}\"},\"query-input\":{\"@type\":\"PropertyValueSpecification\",\"valueRequired\":true,\"valueName\":\"search_term_string\"}}],\"inLanguage\":\"it-IT\"},{\"@type\":[\"Person\",\"Organization\"],\"@id\":\"https:\\\/\\\/marcopachiega.com\\\/blog\\\/#\\\/schema\\\/person\\\/5800e113375ba5f33499beca73ac3336\",\"name\":\"marcopac\",\"image\":{\"@type\":\"ImageObject\",\"inLanguage\":\"it-IT\",\"@id\":\"https:\\\/\\\/marcopachiega.com\\\/blog\\\/wp-content\\\/uploads\\\/sites\\\/9\\\/2022\\\/12\\\/DRS_3328_B.jpg\",\"url\":\"https:\\\/\\\/marcopachiega.com\\\/blog\\\/wp-content\\\/uploads\\\/sites\\\/9\\\/2022\\\/12\\\/DRS_3328_B.jpg\",\"contentUrl\":\"https:\\\/\\\/marcopachiega.com\\\/blog\\\/wp-content\\\/uploads\\\/sites\\\/9\\\/2022\\\/12\\\/DRS_3328_B.jpg\",\"width\":1000,\"height\":1000,\"caption\":\"marcopac\"},\"logo\":{\"@id\":\"https:\\\/\\\/marcopachiega.com\\\/blog\\\/wp-content\\\/uploads\\\/sites\\\/9\\\/2022\\\/12\\\/DRS_3328_B.jpg\"},\"sameAs\":[\"http:\\\/\\\/www.marcopachiega.com\",\"https:\\\/\\\/www.instagram.com\\\/marcopachiega\\\/\",\"https:\\\/\\\/www.linkedin.com\\\/in\\\/marco-pachiega-38546b92\\\/?locale=es_ES\",\"https:\\\/\\\/www.youtube.com\\\/@marcopachiega2999\\\/featured\"],\"url\":\"https:\\\/\\\/marcopachiega.com\\\/blog\\\/author\\\/marcopac\\\/\"}]}<\/script>\n<!-- \/ Yoast SEO plugin. -->","yoast_head_json":{"title":"L\u2019importanza di ricordare, ma a chi importa? - Pachiega&#039;s blog","description":"L\u2019importanza di ricordare, ma a chi importa? Un intervista di pochi minuti e con pochi testimoni non pu\u00f2 descrivere un evento con precisione. Di sicuro per\u00f2 d\u00e0 la possibilit\u00e0 di valutare una situazione in generale.L\u2019importanza di ricordare, ma a chi importa?","robots":{"index":"index","follow":"follow","max-snippet":"max-snippet:-1","max-image-preview":"max-image-preview:large","max-video-preview":"max-video-preview:-1"},"canonical":"https:\/\/marcopachiega.com\/blog\/limportanza-di-ricordare-ma-a-chi-importa\/","og_locale":"it_IT","og_type":"article","og_title":"L\u2019importanza di ricordare, ma a chi importa? - Pachiega&#039;s blog","og_description":"L\u2019importanza di ricordare, ma a chi importa? Un intervista di pochi minuti e con pochi testimoni non pu\u00f2 descrivere un evento con precisione. Di sicuro per\u00f2 d\u00e0 la possibilit\u00e0 di valutare una situazione in generale.L\u2019importanza di ricordare, ma a chi importa?","og_url":"https:\/\/marcopachiega.com\/blog\/limportanza-di-ricordare-ma-a-chi-importa\/","og_site_name":"Pachiega&#039;s blog","article_published_time":"2018-04-04T16:21:28+00:00","article_modified_time":"2019-05-03T08:19:53+00:00","og_image":[{"width":1734,"height":1153,"url":"https:\/\/marcopachiega.com\/blog\/wp-content\/uploads\/sites\/9\/2018\/04\/DSC7267.jpg","type":"image\/jpeg"}],"author":"marcopac","twitter_card":"summary_large_image","twitter_misc":{"Scritto da":"marcopac","Tempo di lettura stimato":"5 minuti"},"schema":{"@context":"https:\/\/schema.org","@graph":[{"@type":"Article","@id":"https:\/\/marcopachiega.com\/blog\/limportanza-di-ricordare-ma-a-chi-importa\/#article","isPartOf":{"@id":"https:\/\/marcopachiega.com\/blog\/limportanza-di-ricordare-ma-a-chi-importa\/"},"author":{"name":"marcopac","@id":"https:\/\/marcopachiega.com\/blog\/#\/schema\/person\/5800e113375ba5f33499beca73ac3336"},"headline":"L\u2019importanza di ricordare, ma a chi importa?","datePublished":"2018-04-04T16:21:28+00:00","dateModified":"2019-05-03T08:19:53+00:00","mainEntityOfPage":{"@id":"https:\/\/marcopachiega.com\/blog\/limportanza-di-ricordare-ma-a-chi-importa\/"},"wordCount":644,"commentCount":0,"publisher":{"@id":"https:\/\/marcopachiega.com\/blog\/#\/schema\/person\/5800e113375ba5f33499beca73ac3336"},"image":{"@id":"https:\/\/marcopachiega.com\/blog\/limportanza-di-ricordare-ma-a-chi-importa\/#primaryimage"},"thumbnailUrl":"https:\/\/marcopachiega.com\/blog\/wp-content\/uploads\/sites\/9\/2018\/04\/DSC7267.jpg","keywords":["Agosto","Attentato","barcelona","catalogna","Catalunya","fotografia","giornalismo","las ramblas","periodismo","riflessioni","spagna","spain","street","travel","turismo","vacanze","viaggi"],"articleSection":["Eventi, sport, notizie"],"inLanguage":"it-IT","potentialAction":[{"@type":"CommentAction","name":"Comment","target":["https:\/\/marcopachiega.com\/blog\/limportanza-di-ricordare-ma-a-chi-importa\/#respond"]}]},{"@type":"WebPage","@id":"https:\/\/marcopachiega.com\/blog\/limportanza-di-ricordare-ma-a-chi-importa\/","url":"https:\/\/marcopachiega.com\/blog\/limportanza-di-ricordare-ma-a-chi-importa\/","name":"L\u2019importanza di ricordare, ma a chi importa? - Pachiega&#039;s blog","isPartOf":{"@id":"https:\/\/marcopachiega.com\/blog\/#website"},"primaryImageOfPage":{"@id":"https:\/\/marcopachiega.com\/blog\/limportanza-di-ricordare-ma-a-chi-importa\/#primaryimage"},"image":{"@id":"https:\/\/marcopachiega.com\/blog\/limportanza-di-ricordare-ma-a-chi-importa\/#primaryimage"},"thumbnailUrl":"https:\/\/marcopachiega.com\/blog\/wp-content\/uploads\/sites\/9\/2018\/04\/DSC7267.jpg","datePublished":"2018-04-04T16:21:28+00:00","dateModified":"2019-05-03T08:19:53+00:00","description":"L\u2019importanza di ricordare, ma a chi importa? Un intervista di pochi minuti e con pochi testimoni non pu\u00f2 descrivere un evento con precisione. Di sicuro per\u00f2 d\u00e0 la possibilit\u00e0 di valutare una situazione in generale.L\u2019importanza di ricordare, ma a chi importa?","breadcrumb":{"@id":"https:\/\/marcopachiega.com\/blog\/limportanza-di-ricordare-ma-a-chi-importa\/#breadcrumb"},"inLanguage":"it-IT","potentialAction":[{"@type":"ReadAction","target":["https:\/\/marcopachiega.com\/blog\/limportanza-di-ricordare-ma-a-chi-importa\/"]}]},{"@type":"ImageObject","inLanguage":"it-IT","@id":"https:\/\/marcopachiega.com\/blog\/limportanza-di-ricordare-ma-a-chi-importa\/#primaryimage","url":"https:\/\/marcopachiega.com\/blog\/wp-content\/uploads\/sites\/9\/2018\/04\/DSC7267.jpg","contentUrl":"https:\/\/marcopachiega.com\/blog\/wp-content\/uploads\/sites\/9\/2018\/04\/DSC7267.jpg","width":1734,"height":1153,"caption":"L\u2019importanza del ricordare, ma a chi importa?"},{"@type":"BreadcrumbList","@id":"https:\/\/marcopachiega.com\/blog\/limportanza-di-ricordare-ma-a-chi-importa\/#breadcrumb","itemListElement":[{"@type":"ListItem","position":1,"name":"Home","item":"https:\/\/marcopachiega.com\/blog\/"},{"@type":"ListItem","position":2,"name":"L\u2019importanza di ricordare, ma a chi importa?"}]},{"@type":"WebSite","@id":"https:\/\/marcopachiega.com\/blog\/#website","url":"https:\/\/marcopachiega.com\/blog\/","name":"Pachiega&#039;s blog","description":"Observation post","publisher":{"@id":"https:\/\/marcopachiega.com\/blog\/#\/schema\/person\/5800e113375ba5f33499beca73ac3336"},"potentialAction":[{"@type":"SearchAction","target":{"@type":"EntryPoint","urlTemplate":"https:\/\/marcopachiega.com\/blog\/?s={search_term_string}"},"query-input":{"@type":"PropertyValueSpecification","valueRequired":true,"valueName":"search_term_string"}}],"inLanguage":"it-IT"},{"@type":["Person","Organization"],"@id":"https:\/\/marcopachiega.com\/blog\/#\/schema\/person\/5800e113375ba5f33499beca73ac3336","name":"marcopac","image":{"@type":"ImageObject","inLanguage":"it-IT","@id":"https:\/\/marcopachiega.com\/blog\/wp-content\/uploads\/sites\/9\/2022\/12\/DRS_3328_B.jpg","url":"https:\/\/marcopachiega.com\/blog\/wp-content\/uploads\/sites\/9\/2022\/12\/DRS_3328_B.jpg","contentUrl":"https:\/\/marcopachiega.com\/blog\/wp-content\/uploads\/sites\/9\/2022\/12\/DRS_3328_B.jpg","width":1000,"height":1000,"caption":"marcopac"},"logo":{"@id":"https:\/\/marcopachiega.com\/blog\/wp-content\/uploads\/sites\/9\/2022\/12\/DRS_3328_B.jpg"},"sameAs":["http:\/\/www.marcopachiega.com","https:\/\/www.instagram.com\/marcopachiega\/","https:\/\/www.linkedin.com\/in\/marco-pachiega-38546b92\/?locale=es_ES","https:\/\/www.youtube.com\/@marcopachiega2999\/featured"],"url":"https:\/\/marcopachiega.com\/blog\/author\/marcopac\/"}]}},"_links":{"self":[{"href":"https:\/\/marcopachiega.com\/blog\/wp-json\/wp\/v2\/posts\/2037","targetHints":{"allow":["GET"]}}],"collection":[{"href":"https:\/\/marcopachiega.com\/blog\/wp-json\/wp\/v2\/posts"}],"about":[{"href":"https:\/\/marcopachiega.com\/blog\/wp-json\/wp\/v2\/types\/post"}],"author":[{"embeddable":true,"href":"https:\/\/marcopachiega.com\/blog\/wp-json\/wp\/v2\/users\/1"}],"replies":[{"embeddable":true,"href":"https:\/\/marcopachiega.com\/blog\/wp-json\/wp\/v2\/comments?post=2037"}],"version-history":[{"count":0,"href":"https:\/\/marcopachiega.com\/blog\/wp-json\/wp\/v2\/posts\/2037\/revisions"}],"wp:featuredmedia":[{"embeddable":true,"href":"https:\/\/marcopachiega.com\/blog\/wp-json\/wp\/v2\/media\/2039"}],"wp:attachment":[{"href":"https:\/\/marcopachiega.com\/blog\/wp-json\/wp\/v2\/media?parent=2037"}],"wp:term":[{"taxonomy":"category","embeddable":true,"href":"https:\/\/marcopachiega.com\/blog\/wp-json\/wp\/v2\/categories?post=2037"},{"taxonomy":"post_tag","embeddable":true,"href":"https:\/\/marcopachiega.com\/blog\/wp-json\/wp\/v2\/tags?post=2037"}],"curies":[{"name":"wp","href":"https:\/\/api.w.org\/{rel}","templated":true}]}}