{"id":2665,"date":"2018-09-28T16:11:44","date_gmt":"2018-09-28T16:11:44","guid":{"rendered":"https:\/\/marcopachiega.com\/blog\/?p=2665"},"modified":"2018-09-28T16:13:02","modified_gmt":"2018-09-28T16:13:02","slug":"helen-ceballos","status":"publish","type":"post","link":"https:\/\/marcopachiega.com\/blog\/helen-ceballos\/","title":{"rendered":"Intervista a Helen Ceballos al Materic"},"content":{"rendered":"<h1 style=\"text-align: center;\">Intervista a Helen Ceballos al Materic<\/h1>\n<h2 style=\"text-align: center;\">Una breve intervista dove l&#8217;artista spiega i motivi e le cause che l&#8217;hanno spinta a scegliere il tema dell&#8217;immigrazione<\/h2>\n<ul>\n<li><a href=\"https:\/\/marcopachiega.com\/blogeng\/?p=2672&amp;preview=true\" target=\"_blank\" rel=\"noopener\">English<\/a><\/li>\n<li><a href=\"https:\/\/marcopachiega.com\/besp\/?p=2665&amp;preview=true\" target=\"_blank\" rel=\"noopener\">Espa\u00f1ol<\/a><\/li>\n<\/ul>\n<p>Helen\u00a0 Ceballos \u00e8 l ultima ad esibirsi chiudendo la giornata di attivit\u00e0 in <a href=\"https:\/\/marcopachiega.com\/blog\/?p=2663&amp;preview=true\" target=\"_blank\" rel=\"noopener\"><strong>Materic<\/strong>.<\/a> Recuperate le forze, ci sediamo e con molta disponibilit\u00e0 iniziamo a ripercorrere i motivi ed il significato della suo opera.<\/p>\n<p><img fetchpriority=\"high\" decoding=\"async\" class=\"aligncenter size-full wp-image-2679\" src=\"https:\/\/marcopachiega.com\/blog\/wp-content\/uploads\/sites\/9\/2018\/09\/DSC_8161.jpg\" alt=\"Helen Ceballos\" width=\"1200\" height=\"800\" srcset=\"https:\/\/marcopachiega.com\/blog\/wp-content\/uploads\/sites\/9\/2018\/09\/DSC_8161.jpg 1200w, https:\/\/marcopachiega.com\/blog\/wp-content\/uploads\/sites\/9\/2018\/09\/DSC_8161-420x280.jpg 420w, https:\/\/marcopachiega.com\/blog\/wp-content\/uploads\/sites\/9\/2018\/09\/DSC_8161-744x496.jpg 744w\" sizes=\"(max-width: 1200px) 100vw, 1200px\" \/><\/p>\n<h3>Chi \u00e9 Helen Ceballos<\/h3>\n<p>Helen nasce nei Caraibi nel 1986 e cresce muovendosi su tre isole Cuba, Porto Rico e Repubblica Dominicana. E&#8217; laureata in arte drammatica e lettere presso la facolt\u00e0 dell&#8217;Universit\u00e0 di Porto Rico.\u00a0Emigrare non \u00e8 mai facile, sopratutto per chi viene da luoghi messi in ginocchio da calamit\u00e0 naturali o guerre. Non si tratta solo di uscire dal paese ma trovare la maniera di ricominciare da zero.<\/p>\n<h3>L&#8217;immigrazione<\/h3>\n<p>Alla domanda cosa l&#8217;ha spinta a realizzare questa esibizione, risponde che non lo ha scelto lei. E&#8217; stata scelta. Il suo spettacolo si basa su aneddoti vissuti in prima persona o raccontati da chi ha intrapreso il viaggio in una piccola barca attraversando un oceano di notte.<\/p>\n<p>Secondo il suo punto di vista le leggi immigratorie sono un invenzione politica e socio-economica. Anche se questo pu\u00f2 sembrare un idea un p\u00f2 naif Helen sogna un mondo senza frontiere o riuscire porre fine al versamento di sangue e alla speculazione economica che ne deriva.\u00a0L&#8217;immigrazione riguarda tutto il mondo nessuno escluso. Chi emigra lo fa per sfuggire a povert\u00e0, criminalit\u00e0 o catastrofi naturali come i cittadini dei Caraibi messi in ginocchio dagli uragani\u00a0<strong><a href=\"https:\/\/www.repubblica.it\/esteri\/2017\/09\/07\/news\/irma_caraibi_uragano_trump_usa-174815180\/?refresh_ce\" target=\"_blank\" rel=\"noopener\">Irma<\/a> e <\/strong><a href=\"https:\/\/www.lettera43.it\/it\/articoli\/mondo\/2017\/09\/20\/luragano-maria-colpisce-i-caraibi-cosa-sappiamo\/213713\/\" target=\"_blank\" rel=\"noopener\"><strong>Maria<\/strong><\/a>.<\/p>\n<h3>La legge di Trump<\/h3>\n<p><img decoding=\"async\" class=\"aligncenter size-full wp-image-2683 lazyload\" data-src=\"https:\/\/marcopachiega.com\/blog\/wp-content\/uploads\/sites\/9\/2018\/09\/DSC_8222.jpg\" alt=\"\" width=\"800\" height=\"1200\" data-srcset=\"https:\/\/marcopachiega.com\/blog\/wp-content\/uploads\/sites\/9\/2018\/09\/DSC_8222.jpg 800w, https:\/\/marcopachiega.com\/blog\/wp-content\/uploads\/sites\/9\/2018\/09\/DSC_8222-280x420.jpg 280w, https:\/\/marcopachiega.com\/blog\/wp-content\/uploads\/sites\/9\/2018\/09\/DSC_8222-744x1116.jpg 744w\" data-sizes=\"(max-width: 800px) 100vw, 800px\" src=\"data:image\/svg+xml;base64,PHN2ZyB3aWR0aD0iMSIgaGVpZ2h0PSIxIiB4bWxucz0iaHR0cDovL3d3dy53My5vcmcvMjAwMC9zdmciPjwvc3ZnPg==\" style=\"--smush-placeholder-width: 800px; --smush-placeholder-aspect-ratio: 800\/1200;\" \/><\/p>\n<p>Nel finale Helen si rinchiude in una gabbia mentre viene riprodotta una registrazione dei pianti disperati di bambini.<\/p>\n<p>Il motivo \u00e8 la denuncia dell&#8217;inasprimento del <strong><a href=\"https:\/\/marcopachiega.com\/blog\/?p=2671&amp;preview=true\" target=\"_blank\" rel=\"noopener\">crimine di immigrazione<\/a><\/strong>, per mano di Trump, che ne prevede l incarcerazione. La legge per\u00f2 non \u00e8 applicabile ai minori. Si crea cos\u00ec un fallo legislativo, il quale impedisce al figlio di tornare in patria o di essere adottato in quanto registrato al nome della famiglia incarcerata. Durante la custodia minorile i bambini soffrono lo shock della separazione, la solitudine, malnutrizione e violenze psicologiche per lunghi mesi.\u00a0Il suo obiettivo \u00e8 sensibilizzare le persone a non osservare queste vicende in maniera distaccata ed estranea come fosse un film.<\/p>\n<h3>Prossima esibizione in Europa<\/h3>\n<p>A conclusione dell&#8217;intervista, Helen continua la sua esibizione in Europa esattamente a Berlino il 4-10-2018. La galleria d&#8217;arte <strong><a href=\"http:\/\/www.kritische-kunst.org\/no-voy-a-pedirle-a-nadie-que-me-crea\/\" target=\"_blank\" rel=\"noopener\">OKK<\/a><\/strong> accoglier\u00e0 una parte del suo progetto unito al lavoro fotografico di\u00a0Amarilis Torres Carrasquillo. Un progetto incentrato sul disastro dell <strong><a href=\"https:\/\/it.wikipedia.org\/wiki\/Uragano_Maria\" target=\"_blank\" rel=\"noopener\">uragano Maria<\/a><\/strong> dal titolo &#8220;NO VOY A PEDIRLE A NADIE QUE ME CREA&#8221;.<\/p>\n<p><em>Marco Pachiega<\/em><\/p>\n","protected":false},"excerpt":{"rendered":"<p>Intervista a Helen Ceballos al Materic Una breve intervista dove l&#8217;artista spiega i motivi e le cause che l&#8217;hanno spinta a scegliere il tema dell&#8217;immigrazione English Espa\u00f1ol Helen\u00a0 Ceballos \u00e8 l ultima ad esibirsi chiudendo la giornata di attivit\u00e0 in Materic. Recuperate le forze, ci sediamo e con molta disponibilit\u00e0 iniziamo a ripercorrere i motivi ed il significato della suo opera. Chi \u00e9 Helen Ceballos Helen nasce nei Caraibi nel 1986 e cresce muovendosi su tre isole Cuba, Porto Rico e Repubblica Dominicana. E&#8217; laureata in arte drammatica e lettere presso la facolt\u00e0 dell&#8217;Universit\u00e0 di Porto Rico.\u00a0Emigrare non \u00e8 mai facile, sopratutto per chi viene da luoghi messi in ginocchio&hellip; <a class=\"read-more\" href=\"https:\/\/marcopachiega.com\/blog\/helen-ceballos\/\">Read More<\/a><\/p>\n","protected":false},"author":1,"featured_media":2679,"comment_status":"open","ping_status":"open","sticky":false,"template":"","format":"standard","meta":{"footnotes":""},"categories":[269],"tags":[352,350,346,351,345,124,353],"class_list":["post-2665","post","type-post","status-publish","format-standard","has-post-thumbnail","hentry","category-eventi-sport-notizie","tag-caraibi","tag-esibizione","tag-helen-ceballos","tag-immigrazione","tag-materic","tag-photography","tag-trump"],"yoast_head":"<!-- This site is optimized with the Yoast SEO plugin v27.3 - https:\/\/yoast.com\/product\/yoast-seo-wordpress\/ -->\n<title>Intervista a Helen Ceballos al Materic - Pachiega&#039;s blog<\/title>\n<meta name=\"description\" content=\"Un&#039;amichevole chiacchierata dove Helen Ceballos spiega il motivo e le cause che l&#039;hanno spinta ad interpretare il dramma dell&#039;immigrazione.\" \/>\n<meta name=\"robots\" content=\"index, follow, max-snippet:-1, max-image-preview:large, max-video-preview:-1\" \/>\n<link rel=\"canonical\" href=\"https:\/\/marcopachiega.com\/blog\/helen-ceballos\/\" \/>\n<meta property=\"og:locale\" content=\"it_IT\" \/>\n<meta property=\"og:type\" content=\"article\" \/>\n<meta property=\"og:title\" content=\"Intervista a Helen Ceballos al Materic - Pachiega&#039;s blog\" \/>\n<meta property=\"og:description\" content=\"Un&#039;amichevole chiacchierata dove Helen Ceballos spiega il motivo e le cause che l&#039;hanno spinta ad interpretare il dramma dell&#039;immigrazione.\" \/>\n<meta property=\"og:url\" content=\"https:\/\/marcopachiega.com\/blog\/helen-ceballos\/\" \/>\n<meta property=\"og:site_name\" content=\"Pachiega&#039;s blog\" \/>\n<meta property=\"article:published_time\" content=\"2018-09-28T16:11:44+00:00\" \/>\n<meta property=\"article:modified_time\" content=\"2018-09-28T16:13:02+00:00\" \/>\n<meta property=\"og:image\" content=\"https:\/\/marcopachiega.com\/blog\/wp-content\/uploads\/sites\/9\/2018\/09\/DSC_8161.jpg\" \/>\n\t<meta property=\"og:image:width\" content=\"1200\" \/>\n\t<meta property=\"og:image:height\" content=\"800\" \/>\n\t<meta property=\"og:image:type\" content=\"image\/jpeg\" \/>\n<meta name=\"author\" content=\"marcopac\" \/>\n<meta name=\"twitter:card\" content=\"summary_large_image\" \/>\n<meta name=\"twitter:label1\" content=\"Scritto da\" \/>\n\t<meta name=\"twitter:data1\" content=\"marcopac\" \/>\n\t<meta name=\"twitter:label2\" content=\"Tempo di lettura stimato\" \/>\n\t<meta name=\"twitter:data2\" content=\"2 minuti\" \/>\n<script type=\"application\/ld+json\" class=\"yoast-schema-graph\">{\"@context\":\"https:\\\/\\\/schema.org\",\"@graph\":[{\"@type\":\"Article\",\"@id\":\"https:\\\/\\\/marcopachiega.com\\\/blog\\\/helen-ceballos\\\/#article\",\"isPartOf\":{\"@id\":\"https:\\\/\\\/marcopachiega.com\\\/blog\\\/helen-ceballos\\\/\"},\"author\":{\"name\":\"marcopac\",\"@id\":\"https:\\\/\\\/marcopachiega.com\\\/blog\\\/#\\\/schema\\\/person\\\/5800e113375ba5f33499beca73ac3336\"},\"headline\":\"Intervista a Helen Ceballos al Materic\",\"datePublished\":\"2018-09-28T16:11:44+00:00\",\"dateModified\":\"2018-09-28T16:13:02+00:00\",\"mainEntityOfPage\":{\"@id\":\"https:\\\/\\\/marcopachiega.com\\\/blog\\\/helen-ceballos\\\/\"},\"wordCount\":444,\"commentCount\":2,\"publisher\":{\"@id\":\"https:\\\/\\\/marcopachiega.com\\\/blog\\\/#\\\/schema\\\/person\\\/5800e113375ba5f33499beca73ac3336\"},\"image\":{\"@id\":\"https:\\\/\\\/marcopachiega.com\\\/blog\\\/helen-ceballos\\\/#primaryimage\"},\"thumbnailUrl\":\"https:\\\/\\\/marcopachiega.com\\\/blog\\\/wp-content\\\/uploads\\\/sites\\\/9\\\/2018\\\/09\\\/DSC_8161.jpg\",\"keywords\":[\"Caraibi\",\"Esibizione\",\"Helen ceballos\",\"Immigrazione\",\"materic\",\"photography\",\"trump\"],\"articleSection\":[\"Eventi, sport, notizie\"],\"inLanguage\":\"it-IT\",\"potentialAction\":[{\"@type\":\"CommentAction\",\"name\":\"Comment\",\"target\":[\"https:\\\/\\\/marcopachiega.com\\\/blog\\\/helen-ceballos\\\/#respond\"]}]},{\"@type\":\"WebPage\",\"@id\":\"https:\\\/\\\/marcopachiega.com\\\/blog\\\/helen-ceballos\\\/\",\"url\":\"https:\\\/\\\/marcopachiega.com\\\/blog\\\/helen-ceballos\\\/\",\"name\":\"Intervista a Helen Ceballos al Materic - Pachiega&#039;s blog\",\"isPartOf\":{\"@id\":\"https:\\\/\\\/marcopachiega.com\\\/blog\\\/#website\"},\"primaryImageOfPage\":{\"@id\":\"https:\\\/\\\/marcopachiega.com\\\/blog\\\/helen-ceballos\\\/#primaryimage\"},\"image\":{\"@id\":\"https:\\\/\\\/marcopachiega.com\\\/blog\\\/helen-ceballos\\\/#primaryimage\"},\"thumbnailUrl\":\"https:\\\/\\\/marcopachiega.com\\\/blog\\\/wp-content\\\/uploads\\\/sites\\\/9\\\/2018\\\/09\\\/DSC_8161.jpg\",\"datePublished\":\"2018-09-28T16:11:44+00:00\",\"dateModified\":\"2018-09-28T16:13:02+00:00\",\"description\":\"Un'amichevole chiacchierata dove Helen Ceballos spiega il motivo e le cause che l'hanno spinta ad interpretare il dramma dell'immigrazione.\",\"breadcrumb\":{\"@id\":\"https:\\\/\\\/marcopachiega.com\\\/blog\\\/helen-ceballos\\\/#breadcrumb\"},\"inLanguage\":\"it-IT\",\"potentialAction\":[{\"@type\":\"ReadAction\",\"target\":[\"https:\\\/\\\/marcopachiega.com\\\/blog\\\/helen-ceballos\\\/\"]}]},{\"@type\":\"ImageObject\",\"inLanguage\":\"it-IT\",\"@id\":\"https:\\\/\\\/marcopachiega.com\\\/blog\\\/helen-ceballos\\\/#primaryimage\",\"url\":\"https:\\\/\\\/marcopachiega.com\\\/blog\\\/wp-content\\\/uploads\\\/sites\\\/9\\\/2018\\\/09\\\/DSC_8161.jpg\",\"contentUrl\":\"https:\\\/\\\/marcopachiega.com\\\/blog\\\/wp-content\\\/uploads\\\/sites\\\/9\\\/2018\\\/09\\\/DSC_8161.jpg\",\"width\":1200,\"height\":800,\"caption\":\"Helen Ceballos\"},{\"@type\":\"BreadcrumbList\",\"@id\":\"https:\\\/\\\/marcopachiega.com\\\/blog\\\/helen-ceballos\\\/#breadcrumb\",\"itemListElement\":[{\"@type\":\"ListItem\",\"position\":1,\"name\":\"Home\",\"item\":\"https:\\\/\\\/marcopachiega.com\\\/blog\\\/\"},{\"@type\":\"ListItem\",\"position\":2,\"name\":\"Intervista a Helen Ceballos al Materic\"}]},{\"@type\":\"WebSite\",\"@id\":\"https:\\\/\\\/marcopachiega.com\\\/blog\\\/#website\",\"url\":\"https:\\\/\\\/marcopachiega.com\\\/blog\\\/\",\"name\":\"Pachiega&#039;s blog\",\"description\":\"Observation post\",\"publisher\":{\"@id\":\"https:\\\/\\\/marcopachiega.com\\\/blog\\\/#\\\/schema\\\/person\\\/5800e113375ba5f33499beca73ac3336\"},\"potentialAction\":[{\"@type\":\"SearchAction\",\"target\":{\"@type\":\"EntryPoint\",\"urlTemplate\":\"https:\\\/\\\/marcopachiega.com\\\/blog\\\/?s={search_term_string}\"},\"query-input\":{\"@type\":\"PropertyValueSpecification\",\"valueRequired\":true,\"valueName\":\"search_term_string\"}}],\"inLanguage\":\"it-IT\"},{\"@type\":[\"Person\",\"Organization\"],\"@id\":\"https:\\\/\\\/marcopachiega.com\\\/blog\\\/#\\\/schema\\\/person\\\/5800e113375ba5f33499beca73ac3336\",\"name\":\"marcopac\",\"image\":{\"@type\":\"ImageObject\",\"inLanguage\":\"it-IT\",\"@id\":\"https:\\\/\\\/marcopachiega.com\\\/blog\\\/wp-content\\\/uploads\\\/sites\\\/9\\\/2022\\\/12\\\/DRS_3328_B.jpg\",\"url\":\"https:\\\/\\\/marcopachiega.com\\\/blog\\\/wp-content\\\/uploads\\\/sites\\\/9\\\/2022\\\/12\\\/DRS_3328_B.jpg\",\"contentUrl\":\"https:\\\/\\\/marcopachiega.com\\\/blog\\\/wp-content\\\/uploads\\\/sites\\\/9\\\/2022\\\/12\\\/DRS_3328_B.jpg\",\"width\":1000,\"height\":1000,\"caption\":\"marcopac\"},\"logo\":{\"@id\":\"https:\\\/\\\/marcopachiega.com\\\/blog\\\/wp-content\\\/uploads\\\/sites\\\/9\\\/2022\\\/12\\\/DRS_3328_B.jpg\"},\"sameAs\":[\"http:\\\/\\\/www.marcopachiega.com\",\"https:\\\/\\\/www.instagram.com\\\/marcopachiega\\\/\",\"https:\\\/\\\/www.linkedin.com\\\/in\\\/marco-pachiega-38546b92\\\/?locale=es_ES\",\"https:\\\/\\\/www.youtube.com\\\/@marcopachiega2999\\\/featured\"],\"url\":\"https:\\\/\\\/marcopachiega.com\\\/blog\\\/author\\\/marcopac\\\/\"}]}<\/script>\n<!-- \/ Yoast SEO plugin. -->","yoast_head_json":{"title":"Intervista a Helen Ceballos al Materic - Pachiega&#039;s blog","description":"Un'amichevole chiacchierata dove Helen Ceballos spiega il motivo e le cause che l'hanno spinta ad interpretare il dramma dell'immigrazione.","robots":{"index":"index","follow":"follow","max-snippet":"max-snippet:-1","max-image-preview":"max-image-preview:large","max-video-preview":"max-video-preview:-1"},"canonical":"https:\/\/marcopachiega.com\/blog\/helen-ceballos\/","og_locale":"it_IT","og_type":"article","og_title":"Intervista a Helen Ceballos al Materic - Pachiega&#039;s blog","og_description":"Un'amichevole chiacchierata dove Helen Ceballos spiega il motivo e le cause che l'hanno spinta ad interpretare il dramma dell'immigrazione.","og_url":"https:\/\/marcopachiega.com\/blog\/helen-ceballos\/","og_site_name":"Pachiega&#039;s blog","article_published_time":"2018-09-28T16:11:44+00:00","article_modified_time":"2018-09-28T16:13:02+00:00","og_image":[{"width":1200,"height":800,"url":"https:\/\/marcopachiega.com\/blog\/wp-content\/uploads\/sites\/9\/2018\/09\/DSC_8161.jpg","type":"image\/jpeg"}],"author":"marcopac","twitter_card":"summary_large_image","twitter_misc":{"Scritto da":"marcopac","Tempo di lettura stimato":"2 minuti"},"schema":{"@context":"https:\/\/schema.org","@graph":[{"@type":"Article","@id":"https:\/\/marcopachiega.com\/blog\/helen-ceballos\/#article","isPartOf":{"@id":"https:\/\/marcopachiega.com\/blog\/helen-ceballos\/"},"author":{"name":"marcopac","@id":"https:\/\/marcopachiega.com\/blog\/#\/schema\/person\/5800e113375ba5f33499beca73ac3336"},"headline":"Intervista a Helen Ceballos al Materic","datePublished":"2018-09-28T16:11:44+00:00","dateModified":"2018-09-28T16:13:02+00:00","mainEntityOfPage":{"@id":"https:\/\/marcopachiega.com\/blog\/helen-ceballos\/"},"wordCount":444,"commentCount":2,"publisher":{"@id":"https:\/\/marcopachiega.com\/blog\/#\/schema\/person\/5800e113375ba5f33499beca73ac3336"},"image":{"@id":"https:\/\/marcopachiega.com\/blog\/helen-ceballos\/#primaryimage"},"thumbnailUrl":"https:\/\/marcopachiega.com\/blog\/wp-content\/uploads\/sites\/9\/2018\/09\/DSC_8161.jpg","keywords":["Caraibi","Esibizione","Helen ceballos","Immigrazione","materic","photography","trump"],"articleSection":["Eventi, sport, notizie"],"inLanguage":"it-IT","potentialAction":[{"@type":"CommentAction","name":"Comment","target":["https:\/\/marcopachiega.com\/blog\/helen-ceballos\/#respond"]}]},{"@type":"WebPage","@id":"https:\/\/marcopachiega.com\/blog\/helen-ceballos\/","url":"https:\/\/marcopachiega.com\/blog\/helen-ceballos\/","name":"Intervista a Helen Ceballos al Materic - Pachiega&#039;s blog","isPartOf":{"@id":"https:\/\/marcopachiega.com\/blog\/#website"},"primaryImageOfPage":{"@id":"https:\/\/marcopachiega.com\/blog\/helen-ceballos\/#primaryimage"},"image":{"@id":"https:\/\/marcopachiega.com\/blog\/helen-ceballos\/#primaryimage"},"thumbnailUrl":"https:\/\/marcopachiega.com\/blog\/wp-content\/uploads\/sites\/9\/2018\/09\/DSC_8161.jpg","datePublished":"2018-09-28T16:11:44+00:00","dateModified":"2018-09-28T16:13:02+00:00","description":"Un'amichevole chiacchierata dove Helen Ceballos spiega il motivo e le cause che l'hanno spinta ad interpretare il dramma dell'immigrazione.","breadcrumb":{"@id":"https:\/\/marcopachiega.com\/blog\/helen-ceballos\/#breadcrumb"},"inLanguage":"it-IT","potentialAction":[{"@type":"ReadAction","target":["https:\/\/marcopachiega.com\/blog\/helen-ceballos\/"]}]},{"@type":"ImageObject","inLanguage":"it-IT","@id":"https:\/\/marcopachiega.com\/blog\/helen-ceballos\/#primaryimage","url":"https:\/\/marcopachiega.com\/blog\/wp-content\/uploads\/sites\/9\/2018\/09\/DSC_8161.jpg","contentUrl":"https:\/\/marcopachiega.com\/blog\/wp-content\/uploads\/sites\/9\/2018\/09\/DSC_8161.jpg","width":1200,"height":800,"caption":"Helen Ceballos"},{"@type":"BreadcrumbList","@id":"https:\/\/marcopachiega.com\/blog\/helen-ceballos\/#breadcrumb","itemListElement":[{"@type":"ListItem","position":1,"name":"Home","item":"https:\/\/marcopachiega.com\/blog\/"},{"@type":"ListItem","position":2,"name":"Intervista a Helen Ceballos al Materic"}]},{"@type":"WebSite","@id":"https:\/\/marcopachiega.com\/blog\/#website","url":"https:\/\/marcopachiega.com\/blog\/","name":"Pachiega&#039;s blog","description":"Observation post","publisher":{"@id":"https:\/\/marcopachiega.com\/blog\/#\/schema\/person\/5800e113375ba5f33499beca73ac3336"},"potentialAction":[{"@type":"SearchAction","target":{"@type":"EntryPoint","urlTemplate":"https:\/\/marcopachiega.com\/blog\/?s={search_term_string}"},"query-input":{"@type":"PropertyValueSpecification","valueRequired":true,"valueName":"search_term_string"}}],"inLanguage":"it-IT"},{"@type":["Person","Organization"],"@id":"https:\/\/marcopachiega.com\/blog\/#\/schema\/person\/5800e113375ba5f33499beca73ac3336","name":"marcopac","image":{"@type":"ImageObject","inLanguage":"it-IT","@id":"https:\/\/marcopachiega.com\/blog\/wp-content\/uploads\/sites\/9\/2022\/12\/DRS_3328_B.jpg","url":"https:\/\/marcopachiega.com\/blog\/wp-content\/uploads\/sites\/9\/2022\/12\/DRS_3328_B.jpg","contentUrl":"https:\/\/marcopachiega.com\/blog\/wp-content\/uploads\/sites\/9\/2022\/12\/DRS_3328_B.jpg","width":1000,"height":1000,"caption":"marcopac"},"logo":{"@id":"https:\/\/marcopachiega.com\/blog\/wp-content\/uploads\/sites\/9\/2022\/12\/DRS_3328_B.jpg"},"sameAs":["http:\/\/www.marcopachiega.com","https:\/\/www.instagram.com\/marcopachiega\/","https:\/\/www.linkedin.com\/in\/marco-pachiega-38546b92\/?locale=es_ES","https:\/\/www.youtube.com\/@marcopachiega2999\/featured"],"url":"https:\/\/marcopachiega.com\/blog\/author\/marcopac\/"}]}},"_links":{"self":[{"href":"https:\/\/marcopachiega.com\/blog\/wp-json\/wp\/v2\/posts\/2665","targetHints":{"allow":["GET"]}}],"collection":[{"href":"https:\/\/marcopachiega.com\/blog\/wp-json\/wp\/v2\/posts"}],"about":[{"href":"https:\/\/marcopachiega.com\/blog\/wp-json\/wp\/v2\/types\/post"}],"author":[{"embeddable":true,"href":"https:\/\/marcopachiega.com\/blog\/wp-json\/wp\/v2\/users\/1"}],"replies":[{"embeddable":true,"href":"https:\/\/marcopachiega.com\/blog\/wp-json\/wp\/v2\/comments?post=2665"}],"version-history":[{"count":0,"href":"https:\/\/marcopachiega.com\/blog\/wp-json\/wp\/v2\/posts\/2665\/revisions"}],"wp:featuredmedia":[{"embeddable":true,"href":"https:\/\/marcopachiega.com\/blog\/wp-json\/wp\/v2\/media\/2679"}],"wp:attachment":[{"href":"https:\/\/marcopachiega.com\/blog\/wp-json\/wp\/v2\/media?parent=2665"}],"wp:term":[{"taxonomy":"category","embeddable":true,"href":"https:\/\/marcopachiega.com\/blog\/wp-json\/wp\/v2\/categories?post=2665"},{"taxonomy":"post_tag","embeddable":true,"href":"https:\/\/marcopachiega.com\/blog\/wp-json\/wp\/v2\/tags?post=2665"}],"curies":[{"name":"wp","href":"https:\/\/api.w.org\/{rel}","templated":true}]}}