{"id":2807,"date":"2018-12-03T14:09:28","date_gmt":"2018-12-03T14:09:28","guid":{"rendered":"https:\/\/marcopachiega.com\/blog\/?p=2807"},"modified":"2021-01-10T15:44:49","modified_gmt":"2021-01-10T15:44:49","slug":"il-dolmen-de-la-pedra-gentil-di-vallgorguina","status":"publish","type":"post","link":"https:\/\/marcopachiega.com\/blog\/il-dolmen-de-la-pedra-gentil-di-vallgorguina\/","title":{"rendered":"Il Dolmen de la Pedra Gentil di Vallgorguina"},"content":{"rendered":"<h1 style=\"text-align: center;\">Il Dolmen de la Pedra Gentil di Vallgorguina<\/h1>\n<h2 style=\"text-align: center;\">Una struttura megalitica di 5000 anni nei pressi di Barcellona<\/h2>\n<p>La catalogna non \u00e8 famosa solo per le sue coste soleggiate, il cibo o la sua capitale Barcellona. In questa regione si nascondono antiche strutture che risalgono ben prima dell&#8217;impero romano.<\/p>\n<p><img fetchpriority=\"high\" decoding=\"async\" class=\"aligncenter size-full wp-image-2816\" src=\"https:\/\/marcopachiega.com\/blog\/wp-content\/uploads\/sites\/9\/2018\/12\/DSC2790.jpg\" alt=\"Il Dolmen de la Pedra Gentil di Vallgorguina\" width=\"1200\" height=\"798\" srcset=\"https:\/\/marcopachiega.com\/blog\/wp-content\/uploads\/sites\/9\/2018\/12\/DSC2790.jpg 1200w, https:\/\/marcopachiega.com\/blog\/wp-content\/uploads\/sites\/9\/2018\/12\/DSC2790-420x279.jpg 420w, https:\/\/marcopachiega.com\/blog\/wp-content\/uploads\/sites\/9\/2018\/12\/DSC2790-744x495.jpg 744w\" sizes=\"(max-width: 1200px) 100vw, 1200px\" \/><\/p>\n<p>Nell&#8217;ultimo articolo ho mostrato che basta poco per dimenticarsi del caos della citt\u00e0 e <a href=\"https:\/\/marcopachiega.com\/blog\/godendo-dei-panorami-da-gava-a-begues\/\" target=\"_blank\" rel=\"noopener noreferrer\">godere di bellissimi panorami tra Gav\u00e0 e Begues<\/a>. Oggi vi porto a scoprire un luogo insolito.<\/p>\n<h3>San Celoni<\/h3>\n<p>Prendendo il treno R-2 da Barcellona arrivo a <strong><a href=\"http:\/\/www.santceloni.cat\/6932\" target=\"_blank\" rel=\"noopener noreferrer\">San Celoni<\/a><\/strong>, un comune spagnolo di poco pi\u00f9 16000 abitanti appartenente alla comarca del Vall\u00e8s Oriental. Scendendo dal treno trovo di fronte alla stazione, la fermata dell autobus che mi porter\u00e0 all interno del <strong><a href=\"https:\/\/es.wikipedia.org\/wiki\/Parque_del_Montnegre_i_el_Corredor\" target=\"_blank\" rel=\"noopener noreferrer\">parco del Montnegre i Corredor<\/a><\/strong>.\u00a0Ed \u00e8 proprio qui che inizia la mia piccola escursione alla ricerca del Dolmen de la Pedra Gentil.<\/p>\n<p>E&#8217; pomeriggio inoltrato e in un ora circa arrivo al luogo designato. Durante il percorso la segnaletica indica chiaramente che direzione prendere per ammirare il dolmen formato da ben 7 megaliti verticali che ne sorreggono uno ben pi\u00f9 grande posto sopra di essi.<\/p>\n<h3><strong>Il dolmen<\/strong><\/h3>\n<p>Le foto trovate in internet possono erroneamente dare l idea che sia una costruzione molto grande, la quale per\u00f2 si rivela pi\u00f9 piccola. Nonostante la sua altezza, che arriva circa a 1,5 metri, il Dolmen de la Pedra Gentil manifesta una solidit\u00e0 impressionante e un poco di timore nell&#8217;avvicinarsi. Star\u00e0 per rompersi? Ovviamente no. Al toccarla le pietre di origine granitica risultano forti e austere. Il luogo stesso emana un senso di religiosit\u00e0 e occultismo, chiss\u00e0 mi sono fatto suggestionare dalle letture trovate nel web!<\/p>\n<p><strong>Si racconta che sia stato luogo di culto di streghe e riti satanici. Anche oggi \u00e8 visitato da occultisti e amanti dell esoterismo. La struttura megalitica \u00e8 datata circa tra il 3500 &#8211; 2000 a. C.\u00a0<\/strong><\/p>\n<p>Come sempre adoro fare le cose con calma. Mi siedo e mi rilasso con uno spuntino preparato in precedenza. Tutto intorno alla struttura si estende una pineta mista ad altri arbusti. Dato il terreno roccioso le radici dei pini, che circondano il Dolmen, affiorano dal suolo dando l impressione di essere dei lunghi e sinistri tentacoli.<\/p>\n<p>Finito il pasto mi preparo a scattare alcune fotografie di questo solitario posto. Il silenzio \u00e8 rotto solamente dal vento che sibila tra le fronde degli alberi. Il sole scende con la sua traiettoria invernale, tra poche ore far\u00e0 buio. Le ombre che si allungano e la calma del posto mi fanno affiorare un senso di sinistra malinconia. Termino la visita con gli ultimi scatti fotografici per dirigermi un altro luogo di interesse religioso.<\/p>\n<h3><strong>Santa Eul\u00e0lia de Tapioles<\/strong><\/h3>\n<p>Proprio nei pressi del Dolmen si erge l antica chiesa di\u00a0<strong><a href=\"https:\/\/ca.wikipedia.org\/wiki\/Santa_Eul%C3%A0lia_de_Tapioles\" target=\"_blank\" rel=\"noopener noreferrer\">Santa Eul\u00e0lia de Tapioles<\/a>\u00a0<\/strong>patrimonio architettonico della Catalogna. La chiesa di stile romanico, nonostante alcune riforme barocche, \u00e8 datata\u00a0 nell&#8217;878 d.C. Fu costruita come cella monastica comprendendo un cimitero ed una casa. A parte le solite scritte vandaliche, si pu\u00f2 ammirare l edificio solo dall&#8217;esterno dato che alcune pareti sono pericolanti.<\/p>\n<p><img decoding=\"async\" class=\"aligncenter size-full wp-image-2819 lazyload\" data-src=\"https:\/\/marcopachiega.com\/blog\/wp-content\/uploads\/sites\/9\/2018\/12\/DSC2889.jpg\" alt=\"Il Dolmen de la Pedra Gentil di Vallgorguina\" width=\"1200\" height=\"798\" data-srcset=\"https:\/\/marcopachiega.com\/blog\/wp-content\/uploads\/sites\/9\/2018\/12\/DSC2889.jpg 1200w, https:\/\/marcopachiega.com\/blog\/wp-content\/uploads\/sites\/9\/2018\/12\/DSC2889-420x279.jpg 420w, https:\/\/marcopachiega.com\/blog\/wp-content\/uploads\/sites\/9\/2018\/12\/DSC2889-744x495.jpg 744w\" data-sizes=\"(max-width: 1200px) 100vw, 1200px\" src=\"data:image\/svg+xml;base64,PHN2ZyB3aWR0aD0iMSIgaGVpZ2h0PSIxIiB4bWxucz0iaHR0cDovL3d3dy53My5vcmcvMjAwMC9zdmciPjwvc3ZnPg==\" style=\"--smush-placeholder-width: 1200px; --smush-placeholder-aspect-ratio: 1200\/798;\" \/><\/p>\n<p>Trovare due strutture religiose di credo opposto, non molto distanti tra loro, mi fa pensare che questo sia sempre stato un luogo di culto fin dai tempi antichi. Oggi \u00e8 solo meta di curiosi e amanti del trekking ma fermandosi anche per solo un attimo, si pu\u00f2 apprezzare un atmosfera in parte inquietante e che suscita rispetto.<\/p>\n<p>Il tempo passa e la luce sempre pi\u00f9 radente mi avvisa che \u00e8 ora di tornare.\u00a0 Arrivo a San Celoni con il bus e una leggera pioggia mi accompagna mentre aspetto il treno per la caotica Barcellona.<\/p>\n<p>Vuoi leggere ancora? Controlla la mia lista di articoli in <a href=\"https:\/\/marcopachiega.com\/blog\/viaggi-e-altre-storie\/\" target=\"_blank\" rel=\"noopener noreferrer\">Viaggi e altre storie.<\/a><\/p>\n<p>&nbsp;<\/p>\n<p style=\"text-align: center;\">\n<div class=\"gdgallery-gallery-container\" id=\"gdgallery-container-11\" data-id=\"11\">\n    \n<div id=\"gdgallery_container_11\" style=\"display:none;\" data-view=\"justified\">\n            <a href=\"\" target=\"_blank\">\n            <img decoding=\"async\" alt=\"_DSC3057\"\n                 data-type=\"image\"\n                 data-src=\"https:\/\/marcopachiega.com\/blog\/wp-content\/uploads\/sites\/9\/2018\/12\/DSC3057-1.jpg\"\n                 data-image=\"https:\/\/marcopachiega.com\/blog\/wp-content\/uploads\/sites\/9\/2018\/12\/DSC3057-1.jpg\"\n                 data-description=\"\"\n                                 style=\"--smush-placeholder-width: 1200px; --smush-placeholder-aspect-ratio: 1200\/798;display:block\" src=\"data:image\/svg+xml;base64,PHN2ZyB3aWR0aD0iMSIgaGVpZ2h0PSIxIiB4bWxucz0iaHR0cDovL3d3dy53My5vcmcvMjAwMC9zdmciPjwvc3ZnPg==\" class=\"lazyload\">\n        <\/a>\n            <a href=\"\" target=\"_blank\">\n            <img decoding=\"async\" alt=\"_DSC3039\"\n                 data-type=\"image\"\n                 data-src=\"https:\/\/marcopachiega.com\/blog\/wp-content\/uploads\/sites\/9\/2018\/12\/DSC3039-1.jpg\"\n                 data-image=\"https:\/\/marcopachiega.com\/blog\/wp-content\/uploads\/sites\/9\/2018\/12\/DSC3039-1.jpg\"\n                 data-description=\"\"\n                                 style=\"--smush-placeholder-width: 1200px; --smush-placeholder-aspect-ratio: 1200\/798;display:block\" src=\"data:image\/svg+xml;base64,PHN2ZyB3aWR0aD0iMSIgaGVpZ2h0PSIxIiB4bWxucz0iaHR0cDovL3d3dy53My5vcmcvMjAwMC9zdmciPjwvc3ZnPg==\" class=\"lazyload\">\n        <\/a>\n            <a href=\"\" target=\"_blank\">\n            <img decoding=\"async\" alt=\"_DSC3034\"\n                 data-type=\"image\"\n                 data-src=\"https:\/\/marcopachiega.com\/blog\/wp-content\/uploads\/sites\/9\/2018\/12\/DSC3034.jpg\"\n                 data-image=\"https:\/\/marcopachiega.com\/blog\/wp-content\/uploads\/sites\/9\/2018\/12\/DSC3034.jpg\"\n                 data-description=\"\"\n                                 style=\"--smush-placeholder-width: 1200px; --smush-placeholder-aspect-ratio: 1200\/798;display:block\" src=\"data:image\/svg+xml;base64,PHN2ZyB3aWR0aD0iMSIgaGVpZ2h0PSIxIiB4bWxucz0iaHR0cDovL3d3dy53My5vcmcvMjAwMC9zdmciPjwvc3ZnPg==\" class=\"lazyload\">\n        <\/a>\n            <a href=\"\" target=\"_blank\">\n            <img decoding=\"async\" alt=\"_DSC3033\"\n                 data-type=\"image\"\n                 data-src=\"https:\/\/marcopachiega.com\/blog\/wp-content\/uploads\/sites\/9\/2018\/12\/DSC3033-1.jpg\"\n                 data-image=\"https:\/\/marcopachiega.com\/blog\/wp-content\/uploads\/sites\/9\/2018\/12\/DSC3033-1.jpg\"\n                 data-description=\"\"\n                                 style=\"--smush-placeholder-width: 798px; --smush-placeholder-aspect-ratio: 798\/1200;display:block\" src=\"data:image\/svg+xml;base64,PHN2ZyB3aWR0aD0iMSIgaGVpZ2h0PSIxIiB4bWxucz0iaHR0cDovL3d3dy53My5vcmcvMjAwMC9zdmciPjwvc3ZnPg==\" class=\"lazyload\">\n        <\/a>\n            <a href=\"\" target=\"_blank\">\n            <img decoding=\"async\" alt=\"_DSC2956\"\n                 data-type=\"image\"\n                 data-src=\"https:\/\/marcopachiega.com\/blog\/wp-content\/uploads\/sites\/9\/2018\/12\/DSC2956.jpg\"\n                 data-image=\"https:\/\/marcopachiega.com\/blog\/wp-content\/uploads\/sites\/9\/2018\/12\/DSC2956.jpg\"\n                 data-description=\"\"\n                                 style=\"--smush-placeholder-width: 798px; --smush-placeholder-aspect-ratio: 798\/1200;display:block\" src=\"data:image\/svg+xml;base64,PHN2ZyB3aWR0aD0iMSIgaGVpZ2h0PSIxIiB4bWxucz0iaHR0cDovL3d3dy53My5vcmcvMjAwMC9zdmciPjwvc3ZnPg==\" class=\"lazyload\">\n        <\/a>\n            <a href=\"\" target=\"_blank\">\n            <img decoding=\"async\" alt=\"_DSC2901\"\n                 data-type=\"image\"\n                 data-src=\"https:\/\/marcopachiega.com\/blog\/wp-content\/uploads\/sites\/9\/2018\/12\/DSC2901.jpg\"\n                 data-image=\"https:\/\/marcopachiega.com\/blog\/wp-content\/uploads\/sites\/9\/2018\/12\/DSC2901.jpg\"\n                 data-description=\"\"\n                                 style=\"--smush-placeholder-width: 798px; --smush-placeholder-aspect-ratio: 798\/1200;display:block\" src=\"data:image\/svg+xml;base64,PHN2ZyB3aWR0aD0iMSIgaGVpZ2h0PSIxIiB4bWxucz0iaHR0cDovL3d3dy53My5vcmcvMjAwMC9zdmciPjwvc3ZnPg==\" class=\"lazyload\">\n        <\/a>\n            <a href=\"\" target=\"_blank\">\n            <img decoding=\"async\" alt=\"_DSC2889\"\n                 data-type=\"image\"\n                 data-src=\"https:\/\/marcopachiega.com\/blog\/wp-content\/uploads\/sites\/9\/2018\/12\/DSC2889.jpg\"\n                 data-image=\"https:\/\/marcopachiega.com\/blog\/wp-content\/uploads\/sites\/9\/2018\/12\/DSC2889.jpg\"\n                 data-description=\"\"\n                                 style=\"--smush-placeholder-width: 1200px; --smush-placeholder-aspect-ratio: 1200\/798;display:block\" src=\"data:image\/svg+xml;base64,PHN2ZyB3aWR0aD0iMSIgaGVpZ2h0PSIxIiB4bWxucz0iaHR0cDovL3d3dy53My5vcmcvMjAwMC9zdmciPjwvc3ZnPg==\" class=\"lazyload\">\n        <\/a>\n            <a href=\"\" target=\"_blank\">\n            <img decoding=\"async\" alt=\"_DSC2878\"\n                 data-type=\"image\"\n                 data-src=\"https:\/\/marcopachiega.com\/blog\/wp-content\/uploads\/sites\/9\/2018\/12\/DSC2878.jpg\"\n                 data-image=\"https:\/\/marcopachiega.com\/blog\/wp-content\/uploads\/sites\/9\/2018\/12\/DSC2878.jpg\"\n                 data-description=\"\"\n                                 style=\"--smush-placeholder-width: 798px; --smush-placeholder-aspect-ratio: 798\/1200;display:block\" src=\"data:image\/svg+xml;base64,PHN2ZyB3aWR0aD0iMSIgaGVpZ2h0PSIxIiB4bWxucz0iaHR0cDovL3d3dy53My5vcmcvMjAwMC9zdmciPjwvc3ZnPg==\" class=\"lazyload\">\n        <\/a>\n            <a href=\"\" target=\"_blank\">\n            <img decoding=\"async\" alt=\"_DSC2808-Edit_09-Edit_10-Edit_11-Edit_12-Edit_13-Edit_tonemapped\"\n                 data-type=\"image\"\n                 data-src=\"https:\/\/marcopachiega.com\/blog\/wp-content\/uploads\/sites\/9\/2018\/12\/DSC2808-Edit_09-Edit_10-Edit_11-Edit_12-Edit_13-Edit_tonemapped.jpg\"\n                 data-image=\"https:\/\/marcopachiega.com\/blog\/wp-content\/uploads\/sites\/9\/2018\/12\/DSC2808-Edit_09-Edit_10-Edit_11-Edit_12-Edit_13-Edit_tonemapped.jpg\"\n                 data-description=\"\"\n                                 style=\"--smush-placeholder-width: 1200px; --smush-placeholder-aspect-ratio: 1200\/792;display:block\" src=\"data:image\/svg+xml;base64,PHN2ZyB3aWR0aD0iMSIgaGVpZ2h0PSIxIiB4bWxucz0iaHR0cDovL3d3dy53My5vcmcvMjAwMC9zdmciPjwvc3ZnPg==\" class=\"lazyload\">\n        <\/a>\n            <a href=\"\" target=\"_blank\">\n            <img decoding=\"async\" alt=\"_DSC2790\"\n                 data-type=\"image\"\n                 data-src=\"https:\/\/marcopachiega.com\/blog\/wp-content\/uploads\/sites\/9\/2018\/12\/DSC2790.jpg\"\n                 data-image=\"https:\/\/marcopachiega.com\/blog\/wp-content\/uploads\/sites\/9\/2018\/12\/DSC2790.jpg\"\n                 data-description=\"\"\n                                 style=\"--smush-placeholder-width: 1200px; --smush-placeholder-aspect-ratio: 1200\/798;display:block\" src=\"data:image\/svg+xml;base64,PHN2ZyB3aWR0aD0iMSIgaGVpZ2h0PSIxIiB4bWxucz0iaHR0cDovL3d3dy53My5vcmcvMjAwMC9zdmciPjwvc3ZnPg==\" class=\"lazyload\">\n        <\/a>\n            <a href=\"\" target=\"_blank\">\n            <img decoding=\"async\" alt=\"_DSC2786\"\n                 data-type=\"image\"\n                 data-src=\"https:\/\/marcopachiega.com\/blog\/wp-content\/uploads\/sites\/9\/2018\/12\/DSC2786.jpg\"\n                 data-image=\"https:\/\/marcopachiega.com\/blog\/wp-content\/uploads\/sites\/9\/2018\/12\/DSC2786.jpg\"\n                 data-description=\"\"\n                                 style=\"--smush-placeholder-width: 798px; --smush-placeholder-aspect-ratio: 798\/1200;display:block\" src=\"data:image\/svg+xml;base64,PHN2ZyB3aWR0aD0iMSIgaGVpZ2h0PSIxIiB4bWxucz0iaHR0cDovL3d3dy53My5vcmcvMjAwMC9zdmciPjwvc3ZnPg==\" class=\"lazyload\">\n        <\/a>\n            <a href=\"\" target=\"_blank\">\n            <img decoding=\"async\" alt=\"_DSC2780\"\n                 data-type=\"image\"\n                 data-src=\"https:\/\/marcopachiega.com\/blog\/wp-content\/uploads\/sites\/9\/2018\/12\/DSC2780.jpg\"\n                 data-image=\"https:\/\/marcopachiega.com\/blog\/wp-content\/uploads\/sites\/9\/2018\/12\/DSC2780.jpg\"\n                 data-description=\"\"\n                                 style=\"--smush-placeholder-width: 1200px; --smush-placeholder-aspect-ratio: 1200\/798;display:block\" src=\"data:image\/svg+xml;base64,PHN2ZyB3aWR0aD0iMSIgaGVpZ2h0PSIxIiB4bWxucz0iaHR0cDovL3d3dy53My5vcmcvMjAwMC9zdmciPjwvc3ZnPg==\" class=\"lazyload\">\n        <\/a>\n            <a href=\"\" target=\"_blank\">\n            <img decoding=\"async\" alt=\"_DSC2776\"\n                 data-type=\"image\"\n                 data-src=\"https:\/\/marcopachiega.com\/blog\/wp-content\/uploads\/sites\/9\/2018\/12\/DSC2776.jpg\"\n                 data-image=\"https:\/\/marcopachiega.com\/blog\/wp-content\/uploads\/sites\/9\/2018\/12\/DSC2776.jpg\"\n                 data-description=\"\"\n                                 style=\"--smush-placeholder-width: 1200px; --smush-placeholder-aspect-ratio: 1200\/798;display:block\" src=\"data:image\/svg+xml;base64,PHN2ZyB3aWR0aD0iMSIgaGVpZ2h0PSIxIiB4bWxucz0iaHR0cDovL3d3dy53My5vcmcvMjAwMC9zdmciPjwvc3ZnPg==\" class=\"lazyload\">\n        <\/a>\n    <\/div>\n\n\n\n<script type=\"text\/javascript\">\n\n\n    (function() {\n        var runMyCode = function() {\n            jQuery(document).ready(function () {\n                var container = jQuery(\"#gdgallery_container_11\");\n                container.unitegallery({\"gallery_theme\":\"justified\",\"tiles_type\":\"justified\",\"tiles_justified_space_between\":10,\"tile_enable_textpanel\":true,\"tile_textpanel_always_on\":true,\"tile_textpanel_title_text_align\":\"center\",\"tile_textpanel_title_font_size\":\"16\",\"tile_textpanel_title_color\":\"#FFFFFF\",\"tile_textpanel_bg_color\":\"#333333\",\"tile_textpanel_bg_opacity\":0.7,\"tile_enable_border\":true,\"tile_border_width\":\"0\",\"tile_border_color\":\"#333333\",\"tile_border_radius\":\"0\",\"tile_enable_overlay\":true,\"tile_enable_image_effect\":true,\"tile_image_effect_type\":\"blur\",\"tile_image_effect_reverse\":true,\"tile_enable_shadow\":false,\"tile_as_link\":false,\"tile_enable_icons\":true,\"tile_show_link_icon\":true,\"tile_textpanel_appear_type\":\"slide\",\"tile_textpanel_position\":\"inside_bottom\",\"tile_link_newpage\":true,\"lightbox_type\":\"wide\",\"lightbox_arrows_offset\":0,\"lightbox_overlay_color\":\"#000000\",\"lightbox_overlay_opacity\":1,\"lightbox_top_panel_opacity\":1,\"lightbox_show_numbers\":true,\"lightbox_numbers_size\":\"15\",\"lightbox_numbers_color\":\"#FFFFFF\",\"lightbox_slider_image_border_width\":\"0\",\"lightbox_slider_image_border_color\":\"#FFFFFF\",\"lightbox_slider_image_border_radius\":0,\"lightbox_slider_image_shadow\":true,\"lightbox_slider_control_swipe\":true,\"lightbox_slider_control_zoom\":true,\"lightbox_slider_image_border\":true,\"lightbox_show_textpanel\":true,\"lightbox_textpanel_enable_title\":true,\"lightbox_textpanel_enable_description\":false,\"lightbox_textpanel_padding_top\":5,\"lightbox_textpanel_padding_bottom\":5,\"lightbox_textpanel_padding_right\":5,\"lightbox_textpanel_padding_left\":5,\"lightbox_textpanel_title_color\":\"#FFFFFF\",\"lightbox_textpanel_title_text_align\":\"center\",\"lightbox_textpanel_title_font_size\":\"16\",\"lightbox_textpanel_desc_color\":\"#FFFFFF\",\"lightbox_textpanel_desc_text_align\":\"center\",\"lightbox_textpanel_desc_font_size\":\"14\"});\n            });\n        };\n        var timer = function() {\n            if (window.jQuery) {runMyCode(window.jQuery);}\n            else {window.setTimeout(timer, 100);}\n        };\n        timer();\n    })();\n<\/script><style>\n#gdgallery-container-11 {\n   text-align: center}\n\n.gdgallery-pagination-11{\ntext-align: center !important;\n}\n\n.gdgallery-pagination-11 a{\n    font-size: 15px !important;\n    padding: 8px 13px !important;\n    margin: 3px !important;\n    border: 1px solid #333333 !important;\n    border-radius: 0px !important;\n    color: #333333 !important;\n    background-color: #FFFFFF !important;\n    font-family: monospace !important;\n}\n\n.gdgallery-pagination-11 a:hover, .gdgallery-pagination-11 a.gdgallery-pagination-icon-active{\n    color: #FFFFFF !important;\n    background-color: #333333 !important;\n    border-color: #333333 !important;\n}\n\n#gdgallery-container-11 .gdgallery_load_more_space{\n    margin-top: 20px !important;\n    text-align: center !important;\n}\n\n#gdgallery-container-11 .gdgallery_load_more_space button{\n                      padding: 8px 13px !important;\n    font-size: 15px !important;\n    background-color: #333333 !important;\n    color: #FFFFFF !important;\n    border:1px solid #333333 !important;\n                      border-radius: 0px !important;\n                      font-family: monospace !important;\n                  }\n#gdgallery-container-11 .gdgallery_load_more_space button:hover{\n                      background-color: #FFFFFF !important;\n                      color: #333333 !important;\n                      border-color: #333333 !important;\n                  }\n\n#gdgallery-container-11 .gdgallery_load_more_space button,\n#gdgallery-container-11 .gdgallery_load_more_space button:hover,\n#gdgallery-container-11 .gdgallery_load_more_space button:active,\n#gdgallery-container-11 .gdgallery_load_more_space button:focus{\n    outline: none !important;\n}\n\n\n#gdgallery-container-11 .gdgallery_loading li{\n                      border: 3px solid #333333 !important;\n                  }\n\n.ug-lightbox .ug-lightbox-top-panel-overlay{\n    background-color: #000000 !important;\n}\n\n\n                  #gdgallery_container_11{}\n<\/style>\n\n\n\n<\/div>\n\n\n\n\n\n<\/p>\n<p><em>Marco Pachiega<\/em><\/p>\n<p>&nbsp;<\/p>\n<p>&nbsp;<\/p>\n<p>&nbsp;<\/p>\n<p>&nbsp;<\/p>\n","protected":false},"excerpt":{"rendered":"<p>Il Dolmen de la Pedra Gentil di Vallgorguina Una struttura megalitica di 5000 anni nei pressi di Barcellona La catalogna non \u00e8 famosa solo per le sue coste soleggiate, il cibo o la sua capitale Barcellona. In questa regione si nascondono antiche strutture che risalgono ben prima dell&#8217;impero romano. Nell&#8217;ultimo articolo ho mostrato che basta poco per dimenticarsi del caos della citt\u00e0 e godere di bellissimi panorami tra Gav\u00e0 e Begues. Oggi vi porto a scoprire un luogo insolito. San Celoni Prendendo il treno R-2 da Barcellona arrivo a San Celoni, un comune spagnolo di poco pi\u00f9 16000 abitanti appartenente alla comarca del Vall\u00e8s Oriental. Scendendo dal treno trovo di&hellip; <a class=\"read-more\" href=\"https:\/\/marcopachiega.com\/blog\/il-dolmen-de-la-pedra-gentil-di-vallgorguina\/\">Read More<\/a><\/p>\n","protected":false},"author":1,"featured_media":2817,"comment_status":"open","ping_status":"open","sticky":false,"template":"","format":"standard","meta":{"footnotes":""},"categories":[460,184],"tags":[367,246,134,182,366,338,7,363,365,201,153,187,188],"class_list":["post-2807","post","type-post","status-publish","format-standard","has-post-thumbnail","hentry","category-spagna-e-dintorni","category-viaggi-scappatelle-e-altre-storie","tag-architettura","tag-catalogna","tag-catalunya","tag-curiosita","tag-dolmen","tag-escursioni","tag-fotografia","tag-natura","tag-san-celoni","tag-spagna","tag-trekking","tag-turismo","tag-viaggi"],"yoast_head":"<!-- This site is optimized with the Yoast SEO plugin v27.3 - https:\/\/yoast.com\/product\/yoast-seo-wordpress\/ -->\n<title>Il Dolmen de la Pedra Gentil di Vallgorguina - Pachiega&#039;s blog<\/title>\n<meta name=\"description\" content=\"Una breve escursione alla ricerca di una struttura megalitica di 5000 anni. Dove si trova il Dolmen de la Pedra Gentil di Vallgorguina?\" \/>\n<meta name=\"robots\" content=\"index, follow, max-snippet:-1, max-image-preview:large, max-video-preview:-1\" \/>\n<link rel=\"canonical\" href=\"https:\/\/marcopachiega.com\/blog\/il-dolmen-de-la-pedra-gentil-di-vallgorguina\/\" \/>\n<meta property=\"og:locale\" content=\"it_IT\" \/>\n<meta property=\"og:type\" content=\"article\" \/>\n<meta property=\"og:title\" content=\"Il Dolmen de la Pedra Gentil di Vallgorguina - Pachiega&#039;s blog\" \/>\n<meta property=\"og:description\" content=\"Una breve escursione alla ricerca di una struttura megalitica di 5000 anni. Dove si trova il Dolmen de la Pedra Gentil di Vallgorguina?\" \/>\n<meta property=\"og:url\" content=\"https:\/\/marcopachiega.com\/blog\/il-dolmen-de-la-pedra-gentil-di-vallgorguina\/\" \/>\n<meta property=\"og:site_name\" content=\"Pachiega&#039;s blog\" \/>\n<meta property=\"article:published_time\" content=\"2018-12-03T14:09:28+00:00\" \/>\n<meta property=\"article:modified_time\" content=\"2021-01-10T15:44:49+00:00\" \/>\n<meta property=\"og:image\" content=\"https:\/\/marcopachiega.com\/blog\/wp-content\/uploads\/sites\/9\/2018\/12\/DSC2808-Edit_09-Edit_10-Edit_11-Edit_12-Edit_13-Edit_tonemapped.jpg\" \/>\n\t<meta property=\"og:image:width\" content=\"1200\" \/>\n\t<meta property=\"og:image:height\" content=\"792\" \/>\n\t<meta property=\"og:image:type\" content=\"image\/jpeg\" \/>\n<meta name=\"author\" content=\"marcopac\" \/>\n<meta name=\"twitter:card\" content=\"summary_large_image\" \/>\n<meta name=\"twitter:label1\" content=\"Scritto da\" \/>\n\t<meta name=\"twitter:data1\" content=\"marcopac\" \/>\n\t<meta name=\"twitter:label2\" content=\"Tempo di lettura stimato\" \/>\n\t<meta name=\"twitter:data2\" content=\"3 minuti\" \/>\n<script type=\"application\/ld+json\" class=\"yoast-schema-graph\">{\"@context\":\"https:\\\/\\\/schema.org\",\"@graph\":[{\"@type\":\"Article\",\"@id\":\"https:\\\/\\\/marcopachiega.com\\\/blog\\\/il-dolmen-de-la-pedra-gentil-di-vallgorguina\\\/#article\",\"isPartOf\":{\"@id\":\"https:\\\/\\\/marcopachiega.com\\\/blog\\\/il-dolmen-de-la-pedra-gentil-di-vallgorguina\\\/\"},\"author\":{\"name\":\"marcopac\",\"@id\":\"https:\\\/\\\/marcopachiega.com\\\/blog\\\/#\\\/schema\\\/person\\\/5800e113375ba5f33499beca73ac3336\"},\"headline\":\"Il Dolmen de la Pedra Gentil di Vallgorguina\",\"datePublished\":\"2018-12-03T14:09:28+00:00\",\"dateModified\":\"2021-01-10T15:44:49+00:00\",\"mainEntityOfPage\":{\"@id\":\"https:\\\/\\\/marcopachiega.com\\\/blog\\\/il-dolmen-de-la-pedra-gentil-di-vallgorguina\\\/\"},\"wordCount\":629,\"commentCount\":0,\"publisher\":{\"@id\":\"https:\\\/\\\/marcopachiega.com\\\/blog\\\/#\\\/schema\\\/person\\\/5800e113375ba5f33499beca73ac3336\"},\"image\":{\"@id\":\"https:\\\/\\\/marcopachiega.com\\\/blog\\\/il-dolmen-de-la-pedra-gentil-di-vallgorguina\\\/#primaryimage\"},\"thumbnailUrl\":\"https:\\\/\\\/marcopachiega.com\\\/blog\\\/wp-content\\\/uploads\\\/sites\\\/9\\\/2018\\\/12\\\/DSC2808-Edit_09-Edit_10-Edit_11-Edit_12-Edit_13-Edit_tonemapped.jpg\",\"keywords\":[\"architettura\",\"catalogna\",\"Catalunya\",\"curiosit\u00e0\",\"Dolmen\",\"escursioni\",\"fotografia\",\"natura\",\"San Celoni\",\"spagna\",\"trekking\",\"turismo\",\"viaggi\"],\"articleSection\":[\"Spagna e dintorni\",\"Viaggi scappatelle e altre storie\"],\"inLanguage\":\"it-IT\",\"potentialAction\":[{\"@type\":\"CommentAction\",\"name\":\"Comment\",\"target\":[\"https:\\\/\\\/marcopachiega.com\\\/blog\\\/il-dolmen-de-la-pedra-gentil-di-vallgorguina\\\/#respond\"]}]},{\"@type\":\"WebPage\",\"@id\":\"https:\\\/\\\/marcopachiega.com\\\/blog\\\/il-dolmen-de-la-pedra-gentil-di-vallgorguina\\\/\",\"url\":\"https:\\\/\\\/marcopachiega.com\\\/blog\\\/il-dolmen-de-la-pedra-gentil-di-vallgorguina\\\/\",\"name\":\"Il Dolmen de la Pedra Gentil di Vallgorguina - Pachiega&#039;s blog\",\"isPartOf\":{\"@id\":\"https:\\\/\\\/marcopachiega.com\\\/blog\\\/#website\"},\"primaryImageOfPage\":{\"@id\":\"https:\\\/\\\/marcopachiega.com\\\/blog\\\/il-dolmen-de-la-pedra-gentil-di-vallgorguina\\\/#primaryimage\"},\"image\":{\"@id\":\"https:\\\/\\\/marcopachiega.com\\\/blog\\\/il-dolmen-de-la-pedra-gentil-di-vallgorguina\\\/#primaryimage\"},\"thumbnailUrl\":\"https:\\\/\\\/marcopachiega.com\\\/blog\\\/wp-content\\\/uploads\\\/sites\\\/9\\\/2018\\\/12\\\/DSC2808-Edit_09-Edit_10-Edit_11-Edit_12-Edit_13-Edit_tonemapped.jpg\",\"datePublished\":\"2018-12-03T14:09:28+00:00\",\"dateModified\":\"2021-01-10T15:44:49+00:00\",\"description\":\"Una breve escursione alla ricerca di una struttura megalitica di 5000 anni. Dove si trova il Dolmen de la Pedra Gentil di Vallgorguina?\",\"breadcrumb\":{\"@id\":\"https:\\\/\\\/marcopachiega.com\\\/blog\\\/il-dolmen-de-la-pedra-gentil-di-vallgorguina\\\/#breadcrumb\"},\"inLanguage\":\"it-IT\",\"potentialAction\":[{\"@type\":\"ReadAction\",\"target\":[\"https:\\\/\\\/marcopachiega.com\\\/blog\\\/il-dolmen-de-la-pedra-gentil-di-vallgorguina\\\/\"]}]},{\"@type\":\"ImageObject\",\"inLanguage\":\"it-IT\",\"@id\":\"https:\\\/\\\/marcopachiega.com\\\/blog\\\/il-dolmen-de-la-pedra-gentil-di-vallgorguina\\\/#primaryimage\",\"url\":\"https:\\\/\\\/marcopachiega.com\\\/blog\\\/wp-content\\\/uploads\\\/sites\\\/9\\\/2018\\\/12\\\/DSC2808-Edit_09-Edit_10-Edit_11-Edit_12-Edit_13-Edit_tonemapped.jpg\",\"contentUrl\":\"https:\\\/\\\/marcopachiega.com\\\/blog\\\/wp-content\\\/uploads\\\/sites\\\/9\\\/2018\\\/12\\\/DSC2808-Edit_09-Edit_10-Edit_11-Edit_12-Edit_13-Edit_tonemapped.jpg\",\"width\":1200,\"height\":792,\"caption\":\"Il Dolmen de la Pedra Gentil di Vallgorguina\"},{\"@type\":\"BreadcrumbList\",\"@id\":\"https:\\\/\\\/marcopachiega.com\\\/blog\\\/il-dolmen-de-la-pedra-gentil-di-vallgorguina\\\/#breadcrumb\",\"itemListElement\":[{\"@type\":\"ListItem\",\"position\":1,\"name\":\"Home\",\"item\":\"https:\\\/\\\/marcopachiega.com\\\/blog\\\/\"},{\"@type\":\"ListItem\",\"position\":2,\"name\":\"Il Dolmen de la Pedra Gentil di Vallgorguina\"}]},{\"@type\":\"WebSite\",\"@id\":\"https:\\\/\\\/marcopachiega.com\\\/blog\\\/#website\",\"url\":\"https:\\\/\\\/marcopachiega.com\\\/blog\\\/\",\"name\":\"Pachiega&#039;s blog\",\"description\":\"Observation post\",\"publisher\":{\"@id\":\"https:\\\/\\\/marcopachiega.com\\\/blog\\\/#\\\/schema\\\/person\\\/5800e113375ba5f33499beca73ac3336\"},\"potentialAction\":[{\"@type\":\"SearchAction\",\"target\":{\"@type\":\"EntryPoint\",\"urlTemplate\":\"https:\\\/\\\/marcopachiega.com\\\/blog\\\/?s={search_term_string}\"},\"query-input\":{\"@type\":\"PropertyValueSpecification\",\"valueRequired\":true,\"valueName\":\"search_term_string\"}}],\"inLanguage\":\"it-IT\"},{\"@type\":[\"Person\",\"Organization\"],\"@id\":\"https:\\\/\\\/marcopachiega.com\\\/blog\\\/#\\\/schema\\\/person\\\/5800e113375ba5f33499beca73ac3336\",\"name\":\"marcopac\",\"image\":{\"@type\":\"ImageObject\",\"inLanguage\":\"it-IT\",\"@id\":\"https:\\\/\\\/marcopachiega.com\\\/blog\\\/wp-content\\\/uploads\\\/sites\\\/9\\\/2022\\\/12\\\/DRS_3328_B.jpg\",\"url\":\"https:\\\/\\\/marcopachiega.com\\\/blog\\\/wp-content\\\/uploads\\\/sites\\\/9\\\/2022\\\/12\\\/DRS_3328_B.jpg\",\"contentUrl\":\"https:\\\/\\\/marcopachiega.com\\\/blog\\\/wp-content\\\/uploads\\\/sites\\\/9\\\/2022\\\/12\\\/DRS_3328_B.jpg\",\"width\":1000,\"height\":1000,\"caption\":\"marcopac\"},\"logo\":{\"@id\":\"https:\\\/\\\/marcopachiega.com\\\/blog\\\/wp-content\\\/uploads\\\/sites\\\/9\\\/2022\\\/12\\\/DRS_3328_B.jpg\"},\"sameAs\":[\"http:\\\/\\\/www.marcopachiega.com\",\"https:\\\/\\\/www.instagram.com\\\/marcopachiega\\\/\",\"https:\\\/\\\/www.linkedin.com\\\/in\\\/marco-pachiega-38546b92\\\/?locale=es_ES\",\"https:\\\/\\\/www.youtube.com\\\/@marcopachiega2999\\\/featured\"],\"url\":\"https:\\\/\\\/marcopachiega.com\\\/blog\\\/author\\\/marcopac\\\/\"}]}<\/script>\n<!-- \/ Yoast SEO plugin. -->","yoast_head_json":{"title":"Il Dolmen de la Pedra Gentil di Vallgorguina - Pachiega&#039;s blog","description":"Una breve escursione alla ricerca di una struttura megalitica di 5000 anni. Dove si trova il Dolmen de la Pedra Gentil di Vallgorguina?","robots":{"index":"index","follow":"follow","max-snippet":"max-snippet:-1","max-image-preview":"max-image-preview:large","max-video-preview":"max-video-preview:-1"},"canonical":"https:\/\/marcopachiega.com\/blog\/il-dolmen-de-la-pedra-gentil-di-vallgorguina\/","og_locale":"it_IT","og_type":"article","og_title":"Il Dolmen de la Pedra Gentil di Vallgorguina - Pachiega&#039;s blog","og_description":"Una breve escursione alla ricerca di una struttura megalitica di 5000 anni. Dove si trova il Dolmen de la Pedra Gentil di Vallgorguina?","og_url":"https:\/\/marcopachiega.com\/blog\/il-dolmen-de-la-pedra-gentil-di-vallgorguina\/","og_site_name":"Pachiega&#039;s blog","article_published_time":"2018-12-03T14:09:28+00:00","article_modified_time":"2021-01-10T15:44:49+00:00","og_image":[{"width":1200,"height":792,"url":"https:\/\/marcopachiega.com\/blog\/wp-content\/uploads\/sites\/9\/2018\/12\/DSC2808-Edit_09-Edit_10-Edit_11-Edit_12-Edit_13-Edit_tonemapped.jpg","type":"image\/jpeg"}],"author":"marcopac","twitter_card":"summary_large_image","twitter_misc":{"Scritto da":"marcopac","Tempo di lettura stimato":"3 minuti"},"schema":{"@context":"https:\/\/schema.org","@graph":[{"@type":"Article","@id":"https:\/\/marcopachiega.com\/blog\/il-dolmen-de-la-pedra-gentil-di-vallgorguina\/#article","isPartOf":{"@id":"https:\/\/marcopachiega.com\/blog\/il-dolmen-de-la-pedra-gentil-di-vallgorguina\/"},"author":{"name":"marcopac","@id":"https:\/\/marcopachiega.com\/blog\/#\/schema\/person\/5800e113375ba5f33499beca73ac3336"},"headline":"Il Dolmen de la Pedra Gentil di Vallgorguina","datePublished":"2018-12-03T14:09:28+00:00","dateModified":"2021-01-10T15:44:49+00:00","mainEntityOfPage":{"@id":"https:\/\/marcopachiega.com\/blog\/il-dolmen-de-la-pedra-gentil-di-vallgorguina\/"},"wordCount":629,"commentCount":0,"publisher":{"@id":"https:\/\/marcopachiega.com\/blog\/#\/schema\/person\/5800e113375ba5f33499beca73ac3336"},"image":{"@id":"https:\/\/marcopachiega.com\/blog\/il-dolmen-de-la-pedra-gentil-di-vallgorguina\/#primaryimage"},"thumbnailUrl":"https:\/\/marcopachiega.com\/blog\/wp-content\/uploads\/sites\/9\/2018\/12\/DSC2808-Edit_09-Edit_10-Edit_11-Edit_12-Edit_13-Edit_tonemapped.jpg","keywords":["architettura","catalogna","Catalunya","curiosit\u00e0","Dolmen","escursioni","fotografia","natura","San Celoni","spagna","trekking","turismo","viaggi"],"articleSection":["Spagna e dintorni","Viaggi scappatelle e altre storie"],"inLanguage":"it-IT","potentialAction":[{"@type":"CommentAction","name":"Comment","target":["https:\/\/marcopachiega.com\/blog\/il-dolmen-de-la-pedra-gentil-di-vallgorguina\/#respond"]}]},{"@type":"WebPage","@id":"https:\/\/marcopachiega.com\/blog\/il-dolmen-de-la-pedra-gentil-di-vallgorguina\/","url":"https:\/\/marcopachiega.com\/blog\/il-dolmen-de-la-pedra-gentil-di-vallgorguina\/","name":"Il Dolmen de la Pedra Gentil di Vallgorguina - Pachiega&#039;s blog","isPartOf":{"@id":"https:\/\/marcopachiega.com\/blog\/#website"},"primaryImageOfPage":{"@id":"https:\/\/marcopachiega.com\/blog\/il-dolmen-de-la-pedra-gentil-di-vallgorguina\/#primaryimage"},"image":{"@id":"https:\/\/marcopachiega.com\/blog\/il-dolmen-de-la-pedra-gentil-di-vallgorguina\/#primaryimage"},"thumbnailUrl":"https:\/\/marcopachiega.com\/blog\/wp-content\/uploads\/sites\/9\/2018\/12\/DSC2808-Edit_09-Edit_10-Edit_11-Edit_12-Edit_13-Edit_tonemapped.jpg","datePublished":"2018-12-03T14:09:28+00:00","dateModified":"2021-01-10T15:44:49+00:00","description":"Una breve escursione alla ricerca di una struttura megalitica di 5000 anni. Dove si trova il Dolmen de la Pedra Gentil di Vallgorguina?","breadcrumb":{"@id":"https:\/\/marcopachiega.com\/blog\/il-dolmen-de-la-pedra-gentil-di-vallgorguina\/#breadcrumb"},"inLanguage":"it-IT","potentialAction":[{"@type":"ReadAction","target":["https:\/\/marcopachiega.com\/blog\/il-dolmen-de-la-pedra-gentil-di-vallgorguina\/"]}]},{"@type":"ImageObject","inLanguage":"it-IT","@id":"https:\/\/marcopachiega.com\/blog\/il-dolmen-de-la-pedra-gentil-di-vallgorguina\/#primaryimage","url":"https:\/\/marcopachiega.com\/blog\/wp-content\/uploads\/sites\/9\/2018\/12\/DSC2808-Edit_09-Edit_10-Edit_11-Edit_12-Edit_13-Edit_tonemapped.jpg","contentUrl":"https:\/\/marcopachiega.com\/blog\/wp-content\/uploads\/sites\/9\/2018\/12\/DSC2808-Edit_09-Edit_10-Edit_11-Edit_12-Edit_13-Edit_tonemapped.jpg","width":1200,"height":792,"caption":"Il Dolmen de la Pedra Gentil di Vallgorguina"},{"@type":"BreadcrumbList","@id":"https:\/\/marcopachiega.com\/blog\/il-dolmen-de-la-pedra-gentil-di-vallgorguina\/#breadcrumb","itemListElement":[{"@type":"ListItem","position":1,"name":"Home","item":"https:\/\/marcopachiega.com\/blog\/"},{"@type":"ListItem","position":2,"name":"Il Dolmen de la Pedra Gentil di Vallgorguina"}]},{"@type":"WebSite","@id":"https:\/\/marcopachiega.com\/blog\/#website","url":"https:\/\/marcopachiega.com\/blog\/","name":"Pachiega&#039;s blog","description":"Observation post","publisher":{"@id":"https:\/\/marcopachiega.com\/blog\/#\/schema\/person\/5800e113375ba5f33499beca73ac3336"},"potentialAction":[{"@type":"SearchAction","target":{"@type":"EntryPoint","urlTemplate":"https:\/\/marcopachiega.com\/blog\/?s={search_term_string}"},"query-input":{"@type":"PropertyValueSpecification","valueRequired":true,"valueName":"search_term_string"}}],"inLanguage":"it-IT"},{"@type":["Person","Organization"],"@id":"https:\/\/marcopachiega.com\/blog\/#\/schema\/person\/5800e113375ba5f33499beca73ac3336","name":"marcopac","image":{"@type":"ImageObject","inLanguage":"it-IT","@id":"https:\/\/marcopachiega.com\/blog\/wp-content\/uploads\/sites\/9\/2022\/12\/DRS_3328_B.jpg","url":"https:\/\/marcopachiega.com\/blog\/wp-content\/uploads\/sites\/9\/2022\/12\/DRS_3328_B.jpg","contentUrl":"https:\/\/marcopachiega.com\/blog\/wp-content\/uploads\/sites\/9\/2022\/12\/DRS_3328_B.jpg","width":1000,"height":1000,"caption":"marcopac"},"logo":{"@id":"https:\/\/marcopachiega.com\/blog\/wp-content\/uploads\/sites\/9\/2022\/12\/DRS_3328_B.jpg"},"sameAs":["http:\/\/www.marcopachiega.com","https:\/\/www.instagram.com\/marcopachiega\/","https:\/\/www.linkedin.com\/in\/marco-pachiega-38546b92\/?locale=es_ES","https:\/\/www.youtube.com\/@marcopachiega2999\/featured"],"url":"https:\/\/marcopachiega.com\/blog\/author\/marcopac\/"}]}},"_links":{"self":[{"href":"https:\/\/marcopachiega.com\/blog\/wp-json\/wp\/v2\/posts\/2807","targetHints":{"allow":["GET"]}}],"collection":[{"href":"https:\/\/marcopachiega.com\/blog\/wp-json\/wp\/v2\/posts"}],"about":[{"href":"https:\/\/marcopachiega.com\/blog\/wp-json\/wp\/v2\/types\/post"}],"author":[{"embeddable":true,"href":"https:\/\/marcopachiega.com\/blog\/wp-json\/wp\/v2\/users\/1"}],"replies":[{"embeddable":true,"href":"https:\/\/marcopachiega.com\/blog\/wp-json\/wp\/v2\/comments?post=2807"}],"version-history":[{"count":0,"href":"https:\/\/marcopachiega.com\/blog\/wp-json\/wp\/v2\/posts\/2807\/revisions"}],"wp:featuredmedia":[{"embeddable":true,"href":"https:\/\/marcopachiega.com\/blog\/wp-json\/wp\/v2\/media\/2817"}],"wp:attachment":[{"href":"https:\/\/marcopachiega.com\/blog\/wp-json\/wp\/v2\/media?parent=2807"}],"wp:term":[{"taxonomy":"category","embeddable":true,"href":"https:\/\/marcopachiega.com\/blog\/wp-json\/wp\/v2\/categories?post=2807"},{"taxonomy":"post_tag","embeddable":true,"href":"https:\/\/marcopachiega.com\/blog\/wp-json\/wp\/v2\/tags?post=2807"}],"curies":[{"name":"wp","href":"https:\/\/api.w.org\/{rel}","templated":true}]}}