{"id":2864,"date":"2018-12-10T23:40:15","date_gmt":"2018-12-10T23:40:15","guid":{"rendered":"https:\/\/marcopachiega.com\/blog\/?p=2864"},"modified":"2021-01-10T15:44:49","modified_gmt":"2021-01-10T15:44:49","slug":"i-colori-della-cima-del-tagamanent-in-autunno","status":"publish","type":"post","link":"https:\/\/marcopachiega.com\/blog\/i-colori-della-cima-del-tagamanent-in-autunno\/","title":{"rendered":"I colori della cima del Tagamanent in autunno"},"content":{"rendered":"<h1 style=\"text-align: center;\"><strong>I colori della cima del Tagamanent in autunno<\/strong><\/h1>\n<h2 style=\"text-align: center;\">Un facile percorso che permette di ammirare un magnifico panorama autunnale<\/h2>\n<h3><strong><a href=\"https:\/\/marcopachiega.com\/besp\/los-colores-del-turo-del-tagamanent-en-otono\/\">Espa\u00f1ol<\/a><\/strong><\/h3>\n<p>&nbsp;<\/p>\n<h3><a href=\"https:\/\/marcopachiega.com\/beng\/the-colors-of-the-tagamanent-peak-in-the-fall\/\"><strong>English<\/strong><\/a><\/h3>\n<p><img fetchpriority=\"high\" decoding=\"async\" class=\"aligncenter wp-image-2854 size-full\" src=\"https:\/\/marcopachiega.com\/blog\/wp-content\/uploads\/sites\/9\/2018\/12\/DSC3562.jpg\" alt=\"I colori della cima del Tagamanent in autunno\" width=\"1200\" height=\"798\" srcset=\"https:\/\/marcopachiega.com\/blog\/wp-content\/uploads\/sites\/9\/2018\/12\/DSC3562.jpg 1200w, https:\/\/marcopachiega.com\/blog\/wp-content\/uploads\/sites\/9\/2018\/12\/DSC3562-420x279.jpg 420w, https:\/\/marcopachiega.com\/blog\/wp-content\/uploads\/sites\/9\/2018\/12\/DSC3562-744x495.jpg 744w\" sizes=\"(max-width: 1200px) 100vw, 1200px\" \/><\/p>\n<p>&nbsp;<\/p>\n<p>Nei primi giorni di Dicembre, nonostante l&#8217;autunno inoltrato, ci si pu\u00f2 imbattere in alcune giornate ancora tiepide e soleggiate. L&#8217;escursione al <strong><a href=\"https:\/\/marcopachiega.com\/blog\/il-dolmen-de-la-pedra-gentil-di-vallgorguina\/\" target=\"_blank\" rel=\"noopener noreferrer\">Dolmen de la Pedra Gentil<\/a><\/strong> ha fatto si che la mia ricerca di luoghi interessanti continui. Sopratutto raggiungibili da Barcellona col treno.<\/p>\n<p>Non c&#8217;\u00e8 cosa migliore che approfittare di una buona giornata e prendere la linea R3 da Barcellona per raggiungere la piccola stazione di <strong><a href=\"http:\/\/www.elfigaro.net\/turisme.htm\" target=\"_blank\" rel=\"noopener noreferrer\">El Figaro-Montmany<\/a><\/strong>. Il paese era in passato formato solo da un ostello adibito a ricevere i viandanti. Oggi conta circa 1000 abitanti.<\/p>\n<p><img decoding=\"async\" class=\"aligncenter wp-image-2831 size-full lazyload\" data-src=\"https:\/\/marcopachiega.com\/blog\/wp-content\/uploads\/sites\/9\/2018\/12\/DSC3347.jpg\" alt=\"I colori della cima del Tagamanent in autunno\" width=\"1200\" height=\"798\" data-srcset=\"https:\/\/marcopachiega.com\/blog\/wp-content\/uploads\/sites\/9\/2018\/12\/DSC3347.jpg 1200w, https:\/\/marcopachiega.com\/blog\/wp-content\/uploads\/sites\/9\/2018\/12\/DSC3347-420x279.jpg 420w, https:\/\/marcopachiega.com\/blog\/wp-content\/uploads\/sites\/9\/2018\/12\/DSC3347-744x495.jpg 744w\" data-sizes=\"(max-width: 1200px) 100vw, 1200px\" src=\"data:image\/svg+xml;base64,PHN2ZyB3aWR0aD0iMSIgaGVpZ2h0PSIxIiB4bWxucz0iaHR0cDovL3d3dy53My5vcmcvMjAwMC9zdmciPjwvc3ZnPg==\" style=\"--smush-placeholder-width: 1200px; --smush-placeholder-aspect-ratio: 1200\/798;\" \/><\/p>\n<h3><strong>Il percorso<\/strong><\/h3>\n<p>Partendo dalla stazione si attraversa il Rio Congost grazie ad un cavalcavia e si gira a destra per una decina di metri. Da qui la segnaletica ben chiara indica la salita per la cima del Tagamanent.<\/p>\n<p>Sono appena le dieci del mattino e l&#8217;aria in precedenza tiepida si \u00e8 improvvisamente irrigidita. Il cielo lascia scorrere alcune nuvole che si disperdono e si innalzano sulle cime che circondano la valle. Per arrivare in vetta si risale la Riera de Vallc\u00e0rquera attraverso il sentiero denominato &#8220;ruta dels arbres de Vallc\u00e0rquera&#8221;.<\/p>\n<h3><strong>E&#8217; autunno!<\/strong><\/h3>\n<p>Il percorso non troppo impegnativo \u00e8 caratterizzato dai tipici colori autunnali. Il rosso intenso delle foglie o il verde del muschio sono le tonalit\u00e0 principali che colorano il sentiero. A parte il tempo perso a fare foto a lunga esposizione, la cima del Tagamanent non tarda molto ad essere raggiunta. Con sorpresa il panorama che si presenta \u00e8 molto affascinante. Il calore del sole intenso, delle ore pi\u00f9 calde, fa si che una folta nebbia si erga e si dimeni lentamente nella valle sottostante espandendosi e contraendosi a ritmo regolare. L&#8217;effetto crea cos\u00ec un mare immaginario che si muove e inghiottisce alcune colline sottostanti per poi lasciarle riaffiorare al sole. Un tipico paesaggio autunnale!<\/p>\n<h3><strong>Il santuario de Santa Maria de Tagamanent e il castello<\/strong><\/h3>\n<p>La cima, di 1056 metri s.l.m., \u00e8 stata sempre un punto strategico per il controllo del territorio del Vall\u00e8s Oriental. Non a caso alcuni documenti attestano la presenza di un antico castello gi\u00e0 dall&#8217;anno mille d.C. Purtroppo per\u00f2 una volta arrivati in cima, della struttura militare nemmeno una traccia, mentre \u00e8 ben visibile il santuario de Santa Maria anch&#8217;esso antico di circa mille anni. L&#8217;edificio principale, che domina il vasto panorama, \u00e8 in ottimo stato dovuto probabilmente ad una recente restaurazione ancora in corso. L&#8217;edificio viene a tratti inghiottito dalla nebbia che poco a poco guadagna forza creando un ambiente misterioso e inquietante. Il sole piano piano scende e lascia spazio a momenti di scarsa visibilit\u00e0 sempre pi\u00f9 lunghi.<\/p>\n<p><img decoding=\"async\" class=\"aligncenter wp-image-2857 size-full lazyload\" data-src=\"https:\/\/marcopachiega.com\/blog\/wp-content\/uploads\/sites\/9\/2018\/12\/DSC3592.jpg\" alt=\"I colori della cima del Tagamanent in autunno\" width=\"1200\" height=\"798\" data-srcset=\"https:\/\/marcopachiega.com\/blog\/wp-content\/uploads\/sites\/9\/2018\/12\/DSC3592.jpg 1200w, https:\/\/marcopachiega.com\/blog\/wp-content\/uploads\/sites\/9\/2018\/12\/DSC3592-420x279.jpg 420w, https:\/\/marcopachiega.com\/blog\/wp-content\/uploads\/sites\/9\/2018\/12\/DSC3592-744x495.jpg 744w\" data-sizes=\"(max-width: 1200px) 100vw, 1200px\" src=\"data:image\/svg+xml;base64,PHN2ZyB3aWR0aD0iMSIgaGVpZ2h0PSIxIiB4bWxucz0iaHR0cDovL3d3dy53My5vcmcvMjAwMC9zdmciPjwvc3ZnPg==\" style=\"--smush-placeholder-width: 1200px; --smush-placeholder-aspect-ratio: 1200\/798;\" \/><\/p>\n<h3><strong>Ritorno alla stazione<\/strong><\/h3>\n<p>E&#8217; incredibile come in pochi minuti il tempo cambi in montagna. Anche questa volta la natura ha dato dimostrazione della sua forza e imprevedibilit\u00e0. La giornata caratterizzata da leggere nuvole ha lasciato spazio, durante l&#8217;escursione, ad un bellissimo sole per poi scomparire dietro una coltre di nebbia. Onde evitare guai \u00e8 bene tornare indietro e raggiungere la stazione di El Figaro prima che faccia buio. Ironia della sorte come si riprende il cammino scendendo di quota, il sole torna a splendere regalando le sue ultime ore di luce di questa giornata. L&#8217;atmosfera del tardo pomeriggio dona pi\u00f9 risalto alla stagione autunnale creando colori e sfumature davvero interessanti.<\/p>\n<p>&nbsp;<\/p>\n<p><img decoding=\"async\" class=\"aligncenter size-full wp-image-2861 lazyload\" data-src=\"https:\/\/marcopachiega.com\/blog\/wp-content\/uploads\/sites\/9\/2018\/12\/DSC3646.jpg\" alt=\"I colori della cima del Tagamanent in autunno\" width=\"798\" height=\"1200\" data-srcset=\"https:\/\/marcopachiega.com\/blog\/wp-content\/uploads\/sites\/9\/2018\/12\/DSC3646.jpg 798w, https:\/\/marcopachiega.com\/blog\/wp-content\/uploads\/sites\/9\/2018\/12\/DSC3646-279x420.jpg 279w, https:\/\/marcopachiega.com\/blog\/wp-content\/uploads\/sites\/9\/2018\/12\/DSC3646-744x1119.jpg 744w\" data-sizes=\"(max-width: 798px) 100vw, 798px\" src=\"data:image\/svg+xml;base64,PHN2ZyB3aWR0aD0iMSIgaGVpZ2h0PSIxIiB4bWxucz0iaHR0cDovL3d3dy53My5vcmcvMjAwMC9zdmciPjwvc3ZnPg==\" style=\"--smush-placeholder-width: 798px; --smush-placeholder-aspect-ratio: 798\/1200;\" \/><\/p>\n<h3><strong>Ritorno a casa<\/strong><\/h3>\n<p>L&#8217;aria fredda della sera rende la breve attesa del treno pi\u00f9 sofferta. Finalmente il piccolo convoglio si ferma alla stazione. Un bel posto a sedere dopo una lunga camminata sarebbe l ideale. Ma il sogno di un meritato riposo svanisce non appena si aprono le porte. Il treno \u00e8 saturo di passeggeri che tornano in citt\u00e0 dopo aver visitato il <strong><a href=\"https:\/\/www.festacatalunya.cat\/articles-mostra-1395-cat-mercat_medieval_de_vic.htm\" target=\"_blank\" rel=\"noopener noreferrer\">mercato medioevale di Vic<\/a><\/strong>. Non resta che resistere un&#8217;altra ora in piedi per poi apprezzare al meglio una calda doccia ed il morbido divano di casa.<\/p>\n<p>Vuoi leggere ancora? Controlla la mia lista di articoli in\u00a0<a href=\"https:\/\/marcopachiega.com\/blog\/viaggi-e-altre-storie\/\" target=\"_blank\" rel=\"noopener noreferrer\">Viaggi e altre storie.<\/a><\/p>\n<p>&nbsp;<\/p>\n<p style=\"text-align: center;\">\n<div class=\"gdgallery-gallery-container\" id=\"gdgallery-container-10\" data-id=\"10\">\n    \n<div id=\"gdgallery_container_10\" style=\"display:none;\" data-view=\"justified\">\n            <a href=\"\" target=\"_blank\">\n            <img decoding=\"async\" alt=\"_DSC3669\"\n                 data-type=\"image\"\n                 data-src=\"https:\/\/marcopachiega.com\/blog\/wp-content\/uploads\/sites\/9\/2018\/12\/DSC3669.jpg\"\n                 data-image=\"https:\/\/marcopachiega.com\/blog\/wp-content\/uploads\/sites\/9\/2018\/12\/DSC3669.jpg\"\n                 data-description=\"\"\n                                 style=\"--smush-placeholder-width: 1200px; --smush-placeholder-aspect-ratio: 1200\/798;display:block\" src=\"data:image\/svg+xml;base64,PHN2ZyB3aWR0aD0iMSIgaGVpZ2h0PSIxIiB4bWxucz0iaHR0cDovL3d3dy53My5vcmcvMjAwMC9zdmciPjwvc3ZnPg==\" class=\"lazyload\">\n        <\/a>\n            <a href=\"\" target=\"_blank\">\n            <img decoding=\"async\" alt=\"_DSC3646\"\n                 data-type=\"image\"\n                 data-src=\"https:\/\/marcopachiega.com\/blog\/wp-content\/uploads\/sites\/9\/2018\/12\/DSC3646.jpg\"\n                 data-image=\"https:\/\/marcopachiega.com\/blog\/wp-content\/uploads\/sites\/9\/2018\/12\/DSC3646.jpg\"\n                 data-description=\"\"\n                                 style=\"--smush-placeholder-width: 798px; --smush-placeholder-aspect-ratio: 798\/1200;display:block\" src=\"data:image\/svg+xml;base64,PHN2ZyB3aWR0aD0iMSIgaGVpZ2h0PSIxIiB4bWxucz0iaHR0cDovL3d3dy53My5vcmcvMjAwMC9zdmciPjwvc3ZnPg==\" class=\"lazyload\">\n        <\/a>\n            <a href=\"\" target=\"_blank\">\n            <img decoding=\"async\" alt=\"_DSC3634-Edit\"\n                 data-type=\"image\"\n                 data-src=\"https:\/\/marcopachiega.com\/blog\/wp-content\/uploads\/sites\/9\/2018\/12\/DSC3634-Edit.jpg\"\n                 data-image=\"https:\/\/marcopachiega.com\/blog\/wp-content\/uploads\/sites\/9\/2018\/12\/DSC3634-Edit.jpg\"\n                 data-description=\"\"\n                                 style=\"--smush-placeholder-width: 1200px; --smush-placeholder-aspect-ratio: 1200\/798;display:block\" src=\"data:image\/svg+xml;base64,PHN2ZyB3aWR0aD0iMSIgaGVpZ2h0PSIxIiB4bWxucz0iaHR0cDovL3d3dy53My5vcmcvMjAwMC9zdmciPjwvc3ZnPg==\" class=\"lazyload\">\n        <\/a>\n            <a href=\"\" target=\"_blank\">\n            <img decoding=\"async\" alt=\"_DSC3614\"\n                 data-type=\"image\"\n                 data-src=\"https:\/\/marcopachiega.com\/blog\/wp-content\/uploads\/sites\/9\/2018\/12\/DSC3614.jpg\"\n                 data-image=\"https:\/\/marcopachiega.com\/blog\/wp-content\/uploads\/sites\/9\/2018\/12\/DSC3614.jpg\"\n                 data-description=\"\"\n                                 style=\"--smush-placeholder-width: 1200px; --smush-placeholder-aspect-ratio: 1200\/798;display:block\" src=\"data:image\/svg+xml;base64,PHN2ZyB3aWR0aD0iMSIgaGVpZ2h0PSIxIiB4bWxucz0iaHR0cDovL3d3dy53My5vcmcvMjAwMC9zdmciPjwvc3ZnPg==\" class=\"lazyload\">\n        <\/a>\n            <a href=\"\" target=\"_blank\">\n            <img decoding=\"async\" alt=\"_DSC3610\"\n                 data-type=\"image\"\n                 data-src=\"https:\/\/marcopachiega.com\/blog\/wp-content\/uploads\/sites\/9\/2018\/12\/DSC3610.jpg\"\n                 data-image=\"https:\/\/marcopachiega.com\/blog\/wp-content\/uploads\/sites\/9\/2018\/12\/DSC3610.jpg\"\n                 data-description=\"\"\n                                 style=\"--smush-placeholder-width: 798px; --smush-placeholder-aspect-ratio: 798\/1200;display:block\" src=\"data:image\/svg+xml;base64,PHN2ZyB3aWR0aD0iMSIgaGVpZ2h0PSIxIiB4bWxucz0iaHR0cDovL3d3dy53My5vcmcvMjAwMC9zdmciPjwvc3ZnPg==\" class=\"lazyload\">\n        <\/a>\n            <a href=\"\" target=\"_blank\">\n            <img decoding=\"async\" alt=\"_DSC3592\"\n                 data-type=\"image\"\n                 data-src=\"https:\/\/marcopachiega.com\/blog\/wp-content\/uploads\/sites\/9\/2018\/12\/DSC3592.jpg\"\n                 data-image=\"https:\/\/marcopachiega.com\/blog\/wp-content\/uploads\/sites\/9\/2018\/12\/DSC3592.jpg\"\n                 data-description=\"\"\n                                 style=\"--smush-placeholder-width: 1200px; --smush-placeholder-aspect-ratio: 1200\/798;display:block\" src=\"data:image\/svg+xml;base64,PHN2ZyB3aWR0aD0iMSIgaGVpZ2h0PSIxIiB4bWxucz0iaHR0cDovL3d3dy53My5vcmcvMjAwMC9zdmciPjwvc3ZnPg==\" class=\"lazyload\">\n        <\/a>\n            <a href=\"\" target=\"_blank\">\n            <img decoding=\"async\" alt=\"_DSC3570\"\n                 data-type=\"image\"\n                 data-src=\"https:\/\/marcopachiega.com\/blog\/wp-content\/uploads\/sites\/9\/2018\/12\/DSC3570.jpg\"\n                 data-image=\"https:\/\/marcopachiega.com\/blog\/wp-content\/uploads\/sites\/9\/2018\/12\/DSC3570.jpg\"\n                 data-description=\"\"\n                                 style=\"--smush-placeholder-width: 798px; --smush-placeholder-aspect-ratio: 798\/1200;display:block\" src=\"data:image\/svg+xml;base64,PHN2ZyB3aWR0aD0iMSIgaGVpZ2h0PSIxIiB4bWxucz0iaHR0cDovL3d3dy53My5vcmcvMjAwMC9zdmciPjwvc3ZnPg==\" class=\"lazyload\">\n        <\/a>\n            <a href=\"\" target=\"_blank\">\n            <img decoding=\"async\" alt=\"_DSC3482\"\n                 data-type=\"image\"\n                 data-src=\"https:\/\/marcopachiega.com\/blog\/wp-content\/uploads\/sites\/9\/2018\/12\/DSC3482.jpg\"\n                 data-image=\"https:\/\/marcopachiega.com\/blog\/wp-content\/uploads\/sites\/9\/2018\/12\/DSC3482.jpg\"\n                 data-description=\"\"\n                                 style=\"--smush-placeholder-width: 1200px; --smush-placeholder-aspect-ratio: 1200\/798;display:block\" src=\"data:image\/svg+xml;base64,PHN2ZyB3aWR0aD0iMSIgaGVpZ2h0PSIxIiB4bWxucz0iaHR0cDovL3d3dy53My5vcmcvMjAwMC9zdmciPjwvc3ZnPg==\" class=\"lazyload\">\n        <\/a>\n            <a href=\"\" target=\"_blank\">\n            <img decoding=\"async\" alt=\"_DSC3562\"\n                 data-type=\"image\"\n                 data-src=\"https:\/\/marcopachiega.com\/blog\/wp-content\/uploads\/sites\/9\/2018\/12\/DSC3562.jpg\"\n                 data-image=\"https:\/\/marcopachiega.com\/blog\/wp-content\/uploads\/sites\/9\/2018\/12\/DSC3562.jpg\"\n                 data-description=\"\"\n                                 style=\"--smush-placeholder-width: 1200px; --smush-placeholder-aspect-ratio: 1200\/798;display:block\" src=\"data:image\/svg+xml;base64,PHN2ZyB3aWR0aD0iMSIgaGVpZ2h0PSIxIiB4bWxucz0iaHR0cDovL3d3dy53My5vcmcvMjAwMC9zdmciPjwvc3ZnPg==\" class=\"lazyload\">\n        <\/a>\n            <a href=\"\" target=\"_blank\">\n            <img decoding=\"async\" alt=\"_DSC3560\"\n                 data-type=\"image\"\n                 data-src=\"https:\/\/marcopachiega.com\/blog\/wp-content\/uploads\/sites\/9\/2018\/12\/DSC3560.jpg\"\n                 data-image=\"https:\/\/marcopachiega.com\/blog\/wp-content\/uploads\/sites\/9\/2018\/12\/DSC3560.jpg\"\n                 data-description=\"\"\n                                 style=\"--smush-placeholder-width: 1200px; --smush-placeholder-aspect-ratio: 1200\/798;display:block\" src=\"data:image\/svg+xml;base64,PHN2ZyB3aWR0aD0iMSIgaGVpZ2h0PSIxIiB4bWxucz0iaHR0cDovL3d3dy53My5vcmcvMjAwMC9zdmciPjwvc3ZnPg==\" class=\"lazyload\">\n        <\/a>\n            <a href=\"\" target=\"_blank\">\n            <img decoding=\"async\" alt=\"_DSC3514\"\n                 data-type=\"image\"\n                 data-src=\"https:\/\/marcopachiega.com\/blog\/wp-content\/uploads\/sites\/9\/2018\/12\/DSC3514.jpg\"\n                 data-image=\"https:\/\/marcopachiega.com\/blog\/wp-content\/uploads\/sites\/9\/2018\/12\/DSC3514.jpg\"\n                 data-description=\"\"\n                                 style=\"--smush-placeholder-width: 1200px; --smush-placeholder-aspect-ratio: 1200\/798;display:block\" src=\"data:image\/svg+xml;base64,PHN2ZyB3aWR0aD0iMSIgaGVpZ2h0PSIxIiB4bWxucz0iaHR0cDovL3d3dy53My5vcmcvMjAwMC9zdmciPjwvc3ZnPg==\" class=\"lazyload\">\n        <\/a>\n            <a href=\"\" target=\"_blank\">\n            <img decoding=\"async\" alt=\"_DSC3567\"\n                 data-type=\"image\"\n                 data-src=\"https:\/\/marcopachiega.com\/blog\/wp-content\/uploads\/sites\/9\/2018\/12\/DSC3567.jpg\"\n                 data-image=\"https:\/\/marcopachiega.com\/blog\/wp-content\/uploads\/sites\/9\/2018\/12\/DSC3567.jpg\"\n                 data-description=\"\"\n                                 style=\"--smush-placeholder-width: 1200px; --smush-placeholder-aspect-ratio: 1200\/798;display:block\" src=\"data:image\/svg+xml;base64,PHN2ZyB3aWR0aD0iMSIgaGVpZ2h0PSIxIiB4bWxucz0iaHR0cDovL3d3dy53My5vcmcvMjAwMC9zdmciPjwvc3ZnPg==\" class=\"lazyload\">\n        <\/a>\n            <a href=\"\" target=\"_blank\">\n            <img decoding=\"async\" alt=\"_DSC3476-Edit\"\n                 data-type=\"image\"\n                 data-src=\"https:\/\/marcopachiega.com\/blog\/wp-content\/uploads\/sites\/9\/2018\/12\/DSC3476-Edit.jpg\"\n                 data-image=\"https:\/\/marcopachiega.com\/blog\/wp-content\/uploads\/sites\/9\/2018\/12\/DSC3476-Edit.jpg\"\n                 data-description=\"\"\n                                 style=\"--smush-placeholder-width: 1200px; --smush-placeholder-aspect-ratio: 1200\/500;display:block\" src=\"data:image\/svg+xml;base64,PHN2ZyB3aWR0aD0iMSIgaGVpZ2h0PSIxIiB4bWxucz0iaHR0cDovL3d3dy53My5vcmcvMjAwMC9zdmciPjwvc3ZnPg==\" class=\"lazyload\">\n        <\/a>\n            <a href=\"\" target=\"_blank\">\n            <img decoding=\"async\" alt=\"_DSC3438\"\n                 data-type=\"image\"\n                 data-src=\"https:\/\/marcopachiega.com\/blog\/wp-content\/uploads\/sites\/9\/2018\/12\/DSC3438.jpg\"\n                 data-image=\"https:\/\/marcopachiega.com\/blog\/wp-content\/uploads\/sites\/9\/2018\/12\/DSC3438.jpg\"\n                 data-description=\"\"\n                                 style=\"--smush-placeholder-width: 1200px; --smush-placeholder-aspect-ratio: 1200\/798;display:block\" src=\"data:image\/svg+xml;base64,PHN2ZyB3aWR0aD0iMSIgaGVpZ2h0PSIxIiB4bWxucz0iaHR0cDovL3d3dy53My5vcmcvMjAwMC9zdmciPjwvc3ZnPg==\" class=\"lazyload\">\n        <\/a>\n            <a href=\"\" target=\"_blank\">\n            <img decoding=\"async\" alt=\"_DSC3419\"\n                 data-type=\"image\"\n                 data-src=\"https:\/\/marcopachiega.com\/blog\/wp-content\/uploads\/sites\/9\/2018\/12\/DSC3419.jpg\"\n                 data-image=\"https:\/\/marcopachiega.com\/blog\/wp-content\/uploads\/sites\/9\/2018\/12\/DSC3419.jpg\"\n                 data-description=\"\"\n                                 style=\"--smush-placeholder-width: 1200px; --smush-placeholder-aspect-ratio: 1200\/798;display:block\" src=\"data:image\/svg+xml;base64,PHN2ZyB3aWR0aD0iMSIgaGVpZ2h0PSIxIiB4bWxucz0iaHR0cDovL3d3dy53My5vcmcvMjAwMC9zdmciPjwvc3ZnPg==\" class=\"lazyload\">\n        <\/a>\n            <a href=\"\" target=\"_blank\">\n            <img decoding=\"async\" alt=\"_DSC3388\"\n                 data-type=\"image\"\n                 data-src=\"https:\/\/marcopachiega.com\/blog\/wp-content\/uploads\/sites\/9\/2018\/12\/DSC3388.jpg\"\n                 data-image=\"https:\/\/marcopachiega.com\/blog\/wp-content\/uploads\/sites\/9\/2018\/12\/DSC3388.jpg\"\n                 data-description=\"\"\n                                 style=\"--smush-placeholder-width: 798px; --smush-placeholder-aspect-ratio: 798\/1200;display:block\" src=\"data:image\/svg+xml;base64,PHN2ZyB3aWR0aD0iMSIgaGVpZ2h0PSIxIiB4bWxucz0iaHR0cDovL3d3dy53My5vcmcvMjAwMC9zdmciPjwvc3ZnPg==\" class=\"lazyload\">\n        <\/a>\n            <a href=\"\" target=\"_blank\">\n            <img decoding=\"async\" alt=\"_DSC3374\"\n                 data-type=\"image\"\n                 data-src=\"https:\/\/marcopachiega.com\/blog\/wp-content\/uploads\/sites\/9\/2018\/12\/DSC3374.jpg\"\n                 data-image=\"https:\/\/marcopachiega.com\/blog\/wp-content\/uploads\/sites\/9\/2018\/12\/DSC3374.jpg\"\n                 data-description=\"\"\n                                 style=\"--smush-placeholder-width: 798px; --smush-placeholder-aspect-ratio: 798\/1200;display:block\" src=\"data:image\/svg+xml;base64,PHN2ZyB3aWR0aD0iMSIgaGVpZ2h0PSIxIiB4bWxucz0iaHR0cDovL3d3dy53My5vcmcvMjAwMC9zdmciPjwvc3ZnPg==\" class=\"lazyload\">\n        <\/a>\n            <a href=\"\" target=\"_blank\">\n            <img decoding=\"async\" alt=\"_DSC3356\"\n                 data-type=\"image\"\n                 data-src=\"https:\/\/marcopachiega.com\/blog\/wp-content\/uploads\/sites\/9\/2018\/12\/DSC3356.jpg\"\n                 data-image=\"https:\/\/marcopachiega.com\/blog\/wp-content\/uploads\/sites\/9\/2018\/12\/DSC3356.jpg\"\n                 data-description=\"\"\n                                 style=\"--smush-placeholder-width: 1200px; --smush-placeholder-aspect-ratio: 1200\/798;display:block\" src=\"data:image\/svg+xml;base64,PHN2ZyB3aWR0aD0iMSIgaGVpZ2h0PSIxIiB4bWxucz0iaHR0cDovL3d3dy53My5vcmcvMjAwMC9zdmciPjwvc3ZnPg==\" class=\"lazyload\">\n        <\/a>\n            <a href=\"\" target=\"_blank\">\n            <img decoding=\"async\" alt=\"_DSC3352-Edit\"\n                 data-type=\"image\"\n                 data-src=\"https:\/\/marcopachiega.com\/blog\/wp-content\/uploads\/sites\/9\/2018\/12\/DSC3352-Edit.jpg\"\n                 data-image=\"https:\/\/marcopachiega.com\/blog\/wp-content\/uploads\/sites\/9\/2018\/12\/DSC3352-Edit.jpg\"\n                 data-description=\"\"\n                                 style=\"--smush-placeholder-width: 798px; --smush-placeholder-aspect-ratio: 798\/1200;display:block\" src=\"data:image\/svg+xml;base64,PHN2ZyB3aWR0aD0iMSIgaGVpZ2h0PSIxIiB4bWxucz0iaHR0cDovL3d3dy53My5vcmcvMjAwMC9zdmciPjwvc3ZnPg==\" class=\"lazyload\">\n        <\/a>\n            <a href=\"\" target=\"_blank\">\n            <img decoding=\"async\" alt=\"_DSC3354-Edit\"\n                 data-type=\"image\"\n                 data-src=\"https:\/\/marcopachiega.com\/blog\/wp-content\/uploads\/sites\/9\/2018\/12\/DSC3354-Edit.jpg\"\n                 data-image=\"https:\/\/marcopachiega.com\/blog\/wp-content\/uploads\/sites\/9\/2018\/12\/DSC3354-Edit.jpg\"\n                 data-description=\"\"\n                                 style=\"--smush-placeholder-width: 1200px; --smush-placeholder-aspect-ratio: 1200\/798;display:block\" src=\"data:image\/svg+xml;base64,PHN2ZyB3aWR0aD0iMSIgaGVpZ2h0PSIxIiB4bWxucz0iaHR0cDovL3d3dy53My5vcmcvMjAwMC9zdmciPjwvc3ZnPg==\" class=\"lazyload\">\n        <\/a>\n    <\/div>\n\n\n\n<script type=\"text\/javascript\">\n\n\n    (function() {\n        var runMyCode = function() {\n            jQuery(document).ready(function () {\n                var container = jQuery(\"#gdgallery_container_10\");\n                container.unitegallery({\"gallery_theme\":\"justified\",\"tiles_type\":\"justified\",\"tiles_justified_space_between\":10,\"tile_enable_textpanel\":true,\"tile_textpanel_always_on\":true,\"tile_textpanel_title_text_align\":\"center\",\"tile_textpanel_title_font_size\":\"16\",\"tile_textpanel_title_color\":\"#FFFFFF\",\"tile_textpanel_bg_color\":\"#333333\",\"tile_textpanel_bg_opacity\":0.7,\"tile_enable_border\":true,\"tile_border_width\":\"0\",\"tile_border_color\":\"#333333\",\"tile_border_radius\":\"0\",\"tile_enable_overlay\":true,\"tile_enable_image_effect\":true,\"tile_image_effect_type\":\"blur\",\"tile_image_effect_reverse\":true,\"tile_enable_shadow\":false,\"tile_as_link\":false,\"tile_enable_icons\":true,\"tile_show_link_icon\":true,\"tile_textpanel_appear_type\":\"slide\",\"tile_textpanel_position\":\"inside_bottom\",\"tile_link_newpage\":true,\"lightbox_type\":\"wide\",\"lightbox_arrows_offset\":0,\"lightbox_overlay_color\":\"#000000\",\"lightbox_overlay_opacity\":1,\"lightbox_top_panel_opacity\":1,\"lightbox_show_numbers\":true,\"lightbox_numbers_size\":\"15\",\"lightbox_numbers_color\":\"#FFFFFF\",\"lightbox_slider_image_border_width\":\"0\",\"lightbox_slider_image_border_color\":\"#FFFFFF\",\"lightbox_slider_image_border_radius\":0,\"lightbox_slider_image_shadow\":true,\"lightbox_slider_control_swipe\":true,\"lightbox_slider_control_zoom\":true,\"lightbox_slider_image_border\":true,\"lightbox_show_textpanel\":true,\"lightbox_textpanel_enable_title\":true,\"lightbox_textpanel_enable_description\":false,\"lightbox_textpanel_padding_top\":5,\"lightbox_textpanel_padding_bottom\":5,\"lightbox_textpanel_padding_right\":5,\"lightbox_textpanel_padding_left\":5,\"lightbox_textpanel_title_color\":\"#FFFFFF\",\"lightbox_textpanel_title_text_align\":\"center\",\"lightbox_textpanel_title_font_size\":\"16\",\"lightbox_textpanel_desc_color\":\"#FFFFFF\",\"lightbox_textpanel_desc_text_align\":\"center\",\"lightbox_textpanel_desc_font_size\":\"14\"});\n            });\n        };\n        var timer = function() {\n            if (window.jQuery) {runMyCode(window.jQuery);}\n            else {window.setTimeout(timer, 100);}\n        };\n        timer();\n    })();\n<\/script><style>\n#gdgallery-container-10 {\n   text-align: center}\n\n.gdgallery-pagination-10{\ntext-align: center !important;\n}\n\n.gdgallery-pagination-10 a{\n    font-size: 15px !important;\n    padding: 8px 13px !important;\n    margin: 3px !important;\n    border: 1px solid #333333 !important;\n    border-radius: 0px !important;\n    color: #333333 !important;\n    background-color: #FFFFFF !important;\n    font-family: monospace !important;\n}\n\n.gdgallery-pagination-10 a:hover, .gdgallery-pagination-10 a.gdgallery-pagination-icon-active{\n    color: #FFFFFF !important;\n    background-color: #333333 !important;\n    border-color: #333333 !important;\n}\n\n#gdgallery-container-10 .gdgallery_load_more_space{\n    margin-top: 20px !important;\n    text-align: center !important;\n}\n\n#gdgallery-container-10 .gdgallery_load_more_space button{\n                      padding: 8px 13px !important;\n    font-size: 15px !important;\n    background-color: #333333 !important;\n    color: #FFFFFF !important;\n    border:1px solid #333333 !important;\n                      border-radius: 0px !important;\n                      font-family: monospace !important;\n                  }\n#gdgallery-container-10 .gdgallery_load_more_space button:hover{\n                      background-color: #FFFFFF !important;\n                      color: #333333 !important;\n                      border-color: #333333 !important;\n                  }\n\n#gdgallery-container-10 .gdgallery_load_more_space button,\n#gdgallery-container-10 .gdgallery_load_more_space button:hover,\n#gdgallery-container-10 .gdgallery_load_more_space button:active,\n#gdgallery-container-10 .gdgallery_load_more_space button:focus{\n    outline: none !important;\n}\n\n\n#gdgallery-container-10 .gdgallery_loading li{\n                      border: 3px solid #333333 !important;\n                  }\n\n.ug-lightbox .ug-lightbox-top-panel-overlay{\n    background-color: #000000 !important;\n}\n\n\n                  #gdgallery_container_10{}\n<\/style>\n\n\n\n<\/div>\n\n\n\n\n\n<\/p>\n<p><em>Marco Pachiega<\/em><\/p>\n<p>&nbsp;<\/p>\n","protected":false},"excerpt":{"rendered":"<p>I colori della cima del Tagamanent in autunno Un facile percorso che permette di ammirare un magnifico panorama autunnale Espa\u00f1ol &nbsp; English &nbsp; Nei primi giorni di Dicembre, nonostante l&#8217;autunno inoltrato, ci si pu\u00f2 imbattere in alcune giornate ancora tiepide e soleggiate. L&#8217;escursione al Dolmen de la Pedra Gentil ha fatto si che la mia ricerca di luoghi interessanti continui. Sopratutto raggiungibili da Barcellona col treno. Non c&#8217;\u00e8 cosa migliore che approfittare di una buona giornata e prendere la linea R3 da Barcellona per raggiungere la piccola stazione di El Figaro-Montmany. Il paese era in passato formato solo da un ostello adibito a ricevere i viandanti. Oggi conta circa 1000&hellip; <a class=\"read-more\" href=\"https:\/\/marcopachiega.com\/blog\/i-colori-della-cima-del-tagamanent-in-autunno\/\">Read More<\/a><\/p>\n","protected":false},"author":1,"featured_media":2859,"comment_status":"open","ping_status":"open","sticky":false,"template":"","format":"standard","meta":{"footnotes":""},"categories":[460,184],"tags":[26,373,180,375,370,313,374,154,124,368,371,369,372,153],"class_list":["post-2864","post","type-post","status-publish","format-standard","has-post-thumbnail","hentry","category-spagna-e-dintorni","category-viaggi-scappatelle-e-altre-storie","tag-barcelona","tag-catalonia","tag-discover","tag-excursion","tag-excurtion","tag-green","tag-mountains","tag-nature","tag-photography","tag-tagamanent","tag-tourism","tag-trail","tag-train","tag-trekking"],"yoast_head":"<!-- This site is optimized with the Yoast SEO plugin v27.3 - https:\/\/yoast.com\/product\/yoast-seo-wordpress\/ -->\n<title>I colori della cima del Tagamanent in autunno - Pachiega&#039;s blog<\/title>\n<meta name=\"description\" content=\"In un ora di treno si arriva alla stazione El Figaro. Da qu\u00ec inizia un interessante escursione per ammirare I colori della cima del Tagamanent in autunno.\" \/>\n<meta name=\"robots\" content=\"index, follow, max-snippet:-1, max-image-preview:large, max-video-preview:-1\" \/>\n<link rel=\"canonical\" href=\"https:\/\/marcopachiega.com\/blog\/i-colori-della-cima-del-tagamanent-in-autunno\/\" \/>\n<meta property=\"og:locale\" content=\"it_IT\" \/>\n<meta property=\"og:type\" content=\"article\" \/>\n<meta property=\"og:title\" content=\"I colori della cima del Tagamanent in autunno - Pachiega&#039;s blog\" \/>\n<meta property=\"og:description\" content=\"In un ora di treno si arriva alla stazione El Figaro. Da qu\u00ec inizia un interessante escursione per ammirare I colori della cima del Tagamanent in autunno.\" \/>\n<meta property=\"og:url\" content=\"https:\/\/marcopachiega.com\/blog\/i-colori-della-cima-del-tagamanent-in-autunno\/\" \/>\n<meta property=\"og:site_name\" content=\"Pachiega&#039;s blog\" \/>\n<meta property=\"article:published_time\" content=\"2018-12-10T23:40:15+00:00\" \/>\n<meta property=\"article:modified_time\" content=\"2021-01-10T15:44:49+00:00\" \/>\n<meta property=\"og:image\" content=\"https:\/\/marcopachiega.com\/blog\/wp-content\/uploads\/sites\/9\/2018\/12\/DSC3614.jpg\" \/>\n\t<meta property=\"og:image:width\" content=\"1200\" \/>\n\t<meta property=\"og:image:height\" content=\"798\" \/>\n\t<meta property=\"og:image:type\" content=\"image\/jpeg\" \/>\n<meta name=\"author\" content=\"marcopac\" \/>\n<meta name=\"twitter:card\" content=\"summary_large_image\" \/>\n<meta name=\"twitter:label1\" content=\"Scritto da\" \/>\n\t<meta name=\"twitter:data1\" content=\"marcopac\" \/>\n\t<meta name=\"twitter:label2\" content=\"Tempo di lettura stimato\" \/>\n\t<meta name=\"twitter:data2\" content=\"3 minuti\" \/>\n<script type=\"application\/ld+json\" class=\"yoast-schema-graph\">{\"@context\":\"https:\\\/\\\/schema.org\",\"@graph\":[{\"@type\":\"Article\",\"@id\":\"https:\\\/\\\/marcopachiega.com\\\/blog\\\/i-colori-della-cima-del-tagamanent-in-autunno\\\/#article\",\"isPartOf\":{\"@id\":\"https:\\\/\\\/marcopachiega.com\\\/blog\\\/i-colori-della-cima-del-tagamanent-in-autunno\\\/\"},\"author\":{\"name\":\"marcopac\",\"@id\":\"https:\\\/\\\/marcopachiega.com\\\/blog\\\/#\\\/schema\\\/person\\\/5800e113375ba5f33499beca73ac3336\"},\"headline\":\"I colori della cima del Tagamanent in autunno\",\"datePublished\":\"2018-12-10T23:40:15+00:00\",\"dateModified\":\"2021-01-10T15:44:49+00:00\",\"mainEntityOfPage\":{\"@id\":\"https:\\\/\\\/marcopachiega.com\\\/blog\\\/i-colori-della-cima-del-tagamanent-in-autunno\\\/\"},\"wordCount\":685,\"commentCount\":0,\"publisher\":{\"@id\":\"https:\\\/\\\/marcopachiega.com\\\/blog\\\/#\\\/schema\\\/person\\\/5800e113375ba5f33499beca73ac3336\"},\"image\":{\"@id\":\"https:\\\/\\\/marcopachiega.com\\\/blog\\\/i-colori-della-cima-del-tagamanent-in-autunno\\\/#primaryimage\"},\"thumbnailUrl\":\"https:\\\/\\\/marcopachiega.com\\\/blog\\\/wp-content\\\/uploads\\\/sites\\\/9\\\/2018\\\/12\\\/DSC3614.jpg\",\"keywords\":[\"barcelona\",\"catalonia\",\"discover\",\"excursion\",\"excurtion\",\"green\",\"mountains\",\"nature\",\"photography\",\"Tagamanent\",\"tourism\",\"trail\",\"train\",\"trekking\"],\"articleSection\":[\"Spagna e dintorni\",\"Viaggi scappatelle e altre storie\"],\"inLanguage\":\"it-IT\",\"potentialAction\":[{\"@type\":\"CommentAction\",\"name\":\"Comment\",\"target\":[\"https:\\\/\\\/marcopachiega.com\\\/blog\\\/i-colori-della-cima-del-tagamanent-in-autunno\\\/#respond\"]}]},{\"@type\":\"WebPage\",\"@id\":\"https:\\\/\\\/marcopachiega.com\\\/blog\\\/i-colori-della-cima-del-tagamanent-in-autunno\\\/\",\"url\":\"https:\\\/\\\/marcopachiega.com\\\/blog\\\/i-colori-della-cima-del-tagamanent-in-autunno\\\/\",\"name\":\"I colori della cima del Tagamanent in autunno - Pachiega&#039;s blog\",\"isPartOf\":{\"@id\":\"https:\\\/\\\/marcopachiega.com\\\/blog\\\/#website\"},\"primaryImageOfPage\":{\"@id\":\"https:\\\/\\\/marcopachiega.com\\\/blog\\\/i-colori-della-cima-del-tagamanent-in-autunno\\\/#primaryimage\"},\"image\":{\"@id\":\"https:\\\/\\\/marcopachiega.com\\\/blog\\\/i-colori-della-cima-del-tagamanent-in-autunno\\\/#primaryimage\"},\"thumbnailUrl\":\"https:\\\/\\\/marcopachiega.com\\\/blog\\\/wp-content\\\/uploads\\\/sites\\\/9\\\/2018\\\/12\\\/DSC3614.jpg\",\"datePublished\":\"2018-12-10T23:40:15+00:00\",\"dateModified\":\"2021-01-10T15:44:49+00:00\",\"description\":\"In un ora di treno si arriva alla stazione El Figaro. Da qu\u00ec inizia un interessante escursione per ammirare I colori della cima del Tagamanent in autunno.\",\"breadcrumb\":{\"@id\":\"https:\\\/\\\/marcopachiega.com\\\/blog\\\/i-colori-della-cima-del-tagamanent-in-autunno\\\/#breadcrumb\"},\"inLanguage\":\"it-IT\",\"potentialAction\":[{\"@type\":\"ReadAction\",\"target\":[\"https:\\\/\\\/marcopachiega.com\\\/blog\\\/i-colori-della-cima-del-tagamanent-in-autunno\\\/\"]}]},{\"@type\":\"ImageObject\",\"inLanguage\":\"it-IT\",\"@id\":\"https:\\\/\\\/marcopachiega.com\\\/blog\\\/i-colori-della-cima-del-tagamanent-in-autunno\\\/#primaryimage\",\"url\":\"https:\\\/\\\/marcopachiega.com\\\/blog\\\/wp-content\\\/uploads\\\/sites\\\/9\\\/2018\\\/12\\\/DSC3614.jpg\",\"contentUrl\":\"https:\\\/\\\/marcopachiega.com\\\/blog\\\/wp-content\\\/uploads\\\/sites\\\/9\\\/2018\\\/12\\\/DSC3614.jpg\",\"width\":1200,\"height\":798,\"caption\":\"I colori della cima del Tagamanent in autunno\"},{\"@type\":\"BreadcrumbList\",\"@id\":\"https:\\\/\\\/marcopachiega.com\\\/blog\\\/i-colori-della-cima-del-tagamanent-in-autunno\\\/#breadcrumb\",\"itemListElement\":[{\"@type\":\"ListItem\",\"position\":1,\"name\":\"Home\",\"item\":\"https:\\\/\\\/marcopachiega.com\\\/blog\\\/\"},{\"@type\":\"ListItem\",\"position\":2,\"name\":\"I colori della cima del Tagamanent in autunno\"}]},{\"@type\":\"WebSite\",\"@id\":\"https:\\\/\\\/marcopachiega.com\\\/blog\\\/#website\",\"url\":\"https:\\\/\\\/marcopachiega.com\\\/blog\\\/\",\"name\":\"Pachiega&#039;s blog\",\"description\":\"Observation post\",\"publisher\":{\"@id\":\"https:\\\/\\\/marcopachiega.com\\\/blog\\\/#\\\/schema\\\/person\\\/5800e113375ba5f33499beca73ac3336\"},\"potentialAction\":[{\"@type\":\"SearchAction\",\"target\":{\"@type\":\"EntryPoint\",\"urlTemplate\":\"https:\\\/\\\/marcopachiega.com\\\/blog\\\/?s={search_term_string}\"},\"query-input\":{\"@type\":\"PropertyValueSpecification\",\"valueRequired\":true,\"valueName\":\"search_term_string\"}}],\"inLanguage\":\"it-IT\"},{\"@type\":[\"Person\",\"Organization\"],\"@id\":\"https:\\\/\\\/marcopachiega.com\\\/blog\\\/#\\\/schema\\\/person\\\/5800e113375ba5f33499beca73ac3336\",\"name\":\"marcopac\",\"image\":{\"@type\":\"ImageObject\",\"inLanguage\":\"it-IT\",\"@id\":\"https:\\\/\\\/marcopachiega.com\\\/blog\\\/wp-content\\\/uploads\\\/sites\\\/9\\\/2022\\\/12\\\/DRS_3328_B.jpg\",\"url\":\"https:\\\/\\\/marcopachiega.com\\\/blog\\\/wp-content\\\/uploads\\\/sites\\\/9\\\/2022\\\/12\\\/DRS_3328_B.jpg\",\"contentUrl\":\"https:\\\/\\\/marcopachiega.com\\\/blog\\\/wp-content\\\/uploads\\\/sites\\\/9\\\/2022\\\/12\\\/DRS_3328_B.jpg\",\"width\":1000,\"height\":1000,\"caption\":\"marcopac\"},\"logo\":{\"@id\":\"https:\\\/\\\/marcopachiega.com\\\/blog\\\/wp-content\\\/uploads\\\/sites\\\/9\\\/2022\\\/12\\\/DRS_3328_B.jpg\"},\"sameAs\":[\"http:\\\/\\\/www.marcopachiega.com\",\"https:\\\/\\\/www.instagram.com\\\/marcopachiega\\\/\",\"https:\\\/\\\/www.linkedin.com\\\/in\\\/marco-pachiega-38546b92\\\/?locale=es_ES\",\"https:\\\/\\\/www.youtube.com\\\/@marcopachiega2999\\\/featured\"],\"url\":\"https:\\\/\\\/marcopachiega.com\\\/blog\\\/author\\\/marcopac\\\/\"}]}<\/script>\n<!-- \/ Yoast SEO plugin. -->","yoast_head_json":{"title":"I colori della cima del Tagamanent in autunno - Pachiega&#039;s blog","description":"In un ora di treno si arriva alla stazione El Figaro. Da qu\u00ec inizia un interessante escursione per ammirare I colori della cima del Tagamanent in autunno.","robots":{"index":"index","follow":"follow","max-snippet":"max-snippet:-1","max-image-preview":"max-image-preview:large","max-video-preview":"max-video-preview:-1"},"canonical":"https:\/\/marcopachiega.com\/blog\/i-colori-della-cima-del-tagamanent-in-autunno\/","og_locale":"it_IT","og_type":"article","og_title":"I colori della cima del Tagamanent in autunno - Pachiega&#039;s blog","og_description":"In un ora di treno si arriva alla stazione El Figaro. Da qu\u00ec inizia un interessante escursione per ammirare I colori della cima del Tagamanent in autunno.","og_url":"https:\/\/marcopachiega.com\/blog\/i-colori-della-cima-del-tagamanent-in-autunno\/","og_site_name":"Pachiega&#039;s blog","article_published_time":"2018-12-10T23:40:15+00:00","article_modified_time":"2021-01-10T15:44:49+00:00","og_image":[{"width":1200,"height":798,"url":"https:\/\/marcopachiega.com\/blog\/wp-content\/uploads\/sites\/9\/2018\/12\/DSC3614.jpg","type":"image\/jpeg"}],"author":"marcopac","twitter_card":"summary_large_image","twitter_misc":{"Scritto da":"marcopac","Tempo di lettura stimato":"3 minuti"},"schema":{"@context":"https:\/\/schema.org","@graph":[{"@type":"Article","@id":"https:\/\/marcopachiega.com\/blog\/i-colori-della-cima-del-tagamanent-in-autunno\/#article","isPartOf":{"@id":"https:\/\/marcopachiega.com\/blog\/i-colori-della-cima-del-tagamanent-in-autunno\/"},"author":{"name":"marcopac","@id":"https:\/\/marcopachiega.com\/blog\/#\/schema\/person\/5800e113375ba5f33499beca73ac3336"},"headline":"I colori della cima del Tagamanent in autunno","datePublished":"2018-12-10T23:40:15+00:00","dateModified":"2021-01-10T15:44:49+00:00","mainEntityOfPage":{"@id":"https:\/\/marcopachiega.com\/blog\/i-colori-della-cima-del-tagamanent-in-autunno\/"},"wordCount":685,"commentCount":0,"publisher":{"@id":"https:\/\/marcopachiega.com\/blog\/#\/schema\/person\/5800e113375ba5f33499beca73ac3336"},"image":{"@id":"https:\/\/marcopachiega.com\/blog\/i-colori-della-cima-del-tagamanent-in-autunno\/#primaryimage"},"thumbnailUrl":"https:\/\/marcopachiega.com\/blog\/wp-content\/uploads\/sites\/9\/2018\/12\/DSC3614.jpg","keywords":["barcelona","catalonia","discover","excursion","excurtion","green","mountains","nature","photography","Tagamanent","tourism","trail","train","trekking"],"articleSection":["Spagna e dintorni","Viaggi scappatelle e altre storie"],"inLanguage":"it-IT","potentialAction":[{"@type":"CommentAction","name":"Comment","target":["https:\/\/marcopachiega.com\/blog\/i-colori-della-cima-del-tagamanent-in-autunno\/#respond"]}]},{"@type":"WebPage","@id":"https:\/\/marcopachiega.com\/blog\/i-colori-della-cima-del-tagamanent-in-autunno\/","url":"https:\/\/marcopachiega.com\/blog\/i-colori-della-cima-del-tagamanent-in-autunno\/","name":"I colori della cima del Tagamanent in autunno - Pachiega&#039;s blog","isPartOf":{"@id":"https:\/\/marcopachiega.com\/blog\/#website"},"primaryImageOfPage":{"@id":"https:\/\/marcopachiega.com\/blog\/i-colori-della-cima-del-tagamanent-in-autunno\/#primaryimage"},"image":{"@id":"https:\/\/marcopachiega.com\/blog\/i-colori-della-cima-del-tagamanent-in-autunno\/#primaryimage"},"thumbnailUrl":"https:\/\/marcopachiega.com\/blog\/wp-content\/uploads\/sites\/9\/2018\/12\/DSC3614.jpg","datePublished":"2018-12-10T23:40:15+00:00","dateModified":"2021-01-10T15:44:49+00:00","description":"In un ora di treno si arriva alla stazione El Figaro. Da qu\u00ec inizia un interessante escursione per ammirare I colori della cima del Tagamanent in autunno.","breadcrumb":{"@id":"https:\/\/marcopachiega.com\/blog\/i-colori-della-cima-del-tagamanent-in-autunno\/#breadcrumb"},"inLanguage":"it-IT","potentialAction":[{"@type":"ReadAction","target":["https:\/\/marcopachiega.com\/blog\/i-colori-della-cima-del-tagamanent-in-autunno\/"]}]},{"@type":"ImageObject","inLanguage":"it-IT","@id":"https:\/\/marcopachiega.com\/blog\/i-colori-della-cima-del-tagamanent-in-autunno\/#primaryimage","url":"https:\/\/marcopachiega.com\/blog\/wp-content\/uploads\/sites\/9\/2018\/12\/DSC3614.jpg","contentUrl":"https:\/\/marcopachiega.com\/blog\/wp-content\/uploads\/sites\/9\/2018\/12\/DSC3614.jpg","width":1200,"height":798,"caption":"I colori della cima del Tagamanent in autunno"},{"@type":"BreadcrumbList","@id":"https:\/\/marcopachiega.com\/blog\/i-colori-della-cima-del-tagamanent-in-autunno\/#breadcrumb","itemListElement":[{"@type":"ListItem","position":1,"name":"Home","item":"https:\/\/marcopachiega.com\/blog\/"},{"@type":"ListItem","position":2,"name":"I colori della cima del Tagamanent in autunno"}]},{"@type":"WebSite","@id":"https:\/\/marcopachiega.com\/blog\/#website","url":"https:\/\/marcopachiega.com\/blog\/","name":"Pachiega&#039;s blog","description":"Observation post","publisher":{"@id":"https:\/\/marcopachiega.com\/blog\/#\/schema\/person\/5800e113375ba5f33499beca73ac3336"},"potentialAction":[{"@type":"SearchAction","target":{"@type":"EntryPoint","urlTemplate":"https:\/\/marcopachiega.com\/blog\/?s={search_term_string}"},"query-input":{"@type":"PropertyValueSpecification","valueRequired":true,"valueName":"search_term_string"}}],"inLanguage":"it-IT"},{"@type":["Person","Organization"],"@id":"https:\/\/marcopachiega.com\/blog\/#\/schema\/person\/5800e113375ba5f33499beca73ac3336","name":"marcopac","image":{"@type":"ImageObject","inLanguage":"it-IT","@id":"https:\/\/marcopachiega.com\/blog\/wp-content\/uploads\/sites\/9\/2022\/12\/DRS_3328_B.jpg","url":"https:\/\/marcopachiega.com\/blog\/wp-content\/uploads\/sites\/9\/2022\/12\/DRS_3328_B.jpg","contentUrl":"https:\/\/marcopachiega.com\/blog\/wp-content\/uploads\/sites\/9\/2022\/12\/DRS_3328_B.jpg","width":1000,"height":1000,"caption":"marcopac"},"logo":{"@id":"https:\/\/marcopachiega.com\/blog\/wp-content\/uploads\/sites\/9\/2022\/12\/DRS_3328_B.jpg"},"sameAs":["http:\/\/www.marcopachiega.com","https:\/\/www.instagram.com\/marcopachiega\/","https:\/\/www.linkedin.com\/in\/marco-pachiega-38546b92\/?locale=es_ES","https:\/\/www.youtube.com\/@marcopachiega2999\/featured"],"url":"https:\/\/marcopachiega.com\/blog\/author\/marcopac\/"}]}},"_links":{"self":[{"href":"https:\/\/marcopachiega.com\/blog\/wp-json\/wp\/v2\/posts\/2864","targetHints":{"allow":["GET"]}}],"collection":[{"href":"https:\/\/marcopachiega.com\/blog\/wp-json\/wp\/v2\/posts"}],"about":[{"href":"https:\/\/marcopachiega.com\/blog\/wp-json\/wp\/v2\/types\/post"}],"author":[{"embeddable":true,"href":"https:\/\/marcopachiega.com\/blog\/wp-json\/wp\/v2\/users\/1"}],"replies":[{"embeddable":true,"href":"https:\/\/marcopachiega.com\/blog\/wp-json\/wp\/v2\/comments?post=2864"}],"version-history":[{"count":0,"href":"https:\/\/marcopachiega.com\/blog\/wp-json\/wp\/v2\/posts\/2864\/revisions"}],"wp:featuredmedia":[{"embeddable":true,"href":"https:\/\/marcopachiega.com\/blog\/wp-json\/wp\/v2\/media\/2859"}],"wp:attachment":[{"href":"https:\/\/marcopachiega.com\/blog\/wp-json\/wp\/v2\/media?parent=2864"}],"wp:term":[{"taxonomy":"category","embeddable":true,"href":"https:\/\/marcopachiega.com\/blog\/wp-json\/wp\/v2\/categories?post=2864"},{"taxonomy":"post_tag","embeddable":true,"href":"https:\/\/marcopachiega.com\/blog\/wp-json\/wp\/v2\/tags?post=2864"}],"curies":[{"name":"wp","href":"https:\/\/api.w.org\/{rel}","templated":true}]}}