{"id":3108,"date":"2019-03-15T19:02:53","date_gmt":"2019-03-15T19:02:53","guid":{"rendered":"https:\/\/marcopachiega.com\/blog\/?p=3108"},"modified":"2019-05-03T07:32:40","modified_gmt":"2019-05-03T07:32:40","slug":"atelier-de-pilar-guell-uno-spazio-di-creazione-nel-raval","status":"publish","type":"post","link":"https:\/\/marcopachiega.com\/blog\/atelier-de-pilar-guell-uno-spazio-di-creazione-nel-raval\/","title":{"rendered":"Atelier de Pilar G\u00fcell uno spazio di creazione nel Raval"},"content":{"rendered":"<h1 style=\"text-align: center;\">Atelier de Pilar G\u00fcell uno spazio di creazione nel Raval<\/h1>\n<h2 style=\"text-align: center;\">Nascosto tra le strette vie del quartiere si nasconde un centro dedicato all&#8217;arte<\/h2>\n<p><a href=\"https:\/\/marcopachiega.com\/beng\/atelier-de-pilar-guell-a-space-of-creation-in-the-raval\/\" target=\"_blank\" rel=\"noopener noreferrer\"><strong>English<\/strong><\/a><\/p>\n<p><a href=\"https:\/\/marcopachiega.com\/besp\/atelier-de-pilar-guell-un-espacio-de-creacion-en-el-raval\/\" target=\"_blank\" rel=\"noopener noreferrer\"><strong>Espa\u00f1ol<\/strong><\/a><\/p>\n<p><img fetchpriority=\"high\" decoding=\"async\" class=\"aligncenter wp-image-3100 size-full\" src=\"https:\/\/marcopachiega.com\/blog\/wp-content\/uploads\/sites\/9\/2019\/03\/DSC5071-Edit.jpg\" alt=\"Atelier de Pilar G\u00fcell uno spazio di creazione nel Raval\" width=\"1506\" height=\"663\" srcset=\"https:\/\/marcopachiega.com\/blog\/wp-content\/uploads\/sites\/9\/2019\/03\/DSC5071-Edit.jpg 1506w, https:\/\/marcopachiega.com\/blog\/wp-content\/uploads\/sites\/9\/2019\/03\/DSC5071-Edit-420x185.jpg 420w, https:\/\/marcopachiega.com\/blog\/wp-content\/uploads\/sites\/9\/2019\/03\/DSC5071-Edit-744x328.jpg 744w, https:\/\/marcopachiega.com\/blog\/wp-content\/uploads\/sites\/9\/2019\/03\/DSC5071-Edit-1200x528.jpg 1200w\" sizes=\"(max-width: 1506px) 100vw, 1506px\" \/><\/p>\n<div><\/div>\n<div>Perdermi passeggiando per il Raval \u00e8 uno dei miei passatempi. Allento il ritmo del mio passo, mi fermo a guardare una vetrina o mi intrufolo in una delle tante stradine. Poche settimane fa, assorto nei miei pensieri, girovagando quasi inciampo contro una insegna posta al suolo. Giro lo sguardo per vedere cosa ci sia scritto e leggo <strong>Art exposici\u00f2n, Zeigeist el espiritu de la epoca.<\/strong><\/div>\n<div><\/div>\n<div><img decoding=\"async\" class=\"aligncenter wp-image-3105 lazyload\" data-src=\"https:\/\/marcopachiega.com\/blog\/wp-content\/uploads\/sites\/9\/2019\/03\/DSC5088.jpg\" alt=\"Atelier de Pilar G\u00fcell uno spazio di creazione nel Raval\" width=\"533\" height=\"354\" data-srcset=\"https:\/\/marcopachiega.com\/blog\/wp-content\/uploads\/sites\/9\/2019\/03\/DSC5088.jpg 1226w, https:\/\/marcopachiega.com\/blog\/wp-content\/uploads\/sites\/9\/2019\/03\/DSC5088-420x279.jpg 420w, https:\/\/marcopachiega.com\/blog\/wp-content\/uploads\/sites\/9\/2019\/03\/DSC5088-744x495.jpg 744w, https:\/\/marcopachiega.com\/blog\/wp-content\/uploads\/sites\/9\/2019\/03\/DSC5088-1200x798.jpg 1200w\" data-sizes=\"(max-width: 533px) 100vw, 533px\" src=\"data:image\/svg+xml;base64,PHN2ZyB3aWR0aD0iMSIgaGVpZ2h0PSIxIiB4bWxucz0iaHR0cDovL3d3dy53My5vcmcvMjAwMC9zdmciPjwvc3ZnPg==\" style=\"--smush-placeholder-width: 533px; --smush-placeholder-aspect-ratio: 533\/354;\" \/><\/div>\n<div><\/div>\n<div>Un&#8217;esposizione d&#8217;arte! Bello!<\/div>\n<div>Entro incuriosito nella sala che accoglie quadri e varie opere artistiche. Soffermandomi scopro che la stanza nasconde un ulteriore spazio dietro ad una tenda rossa molto pi\u00f9 grande e interessante!<\/div>\n<div>Una sala ampia con archi e colonne contornate da foto e quadri incentrati sulla tematica della locandina. Qual&#8217;era il nome?\u00a0 Ah si, Zeigeist!<\/div>\n<div>Lo ammetto sono un ignorante in tema arte per\u00f2 l&#8217;ambiente accogliente mi fa soffermare ulteriormente.<\/div>\n<div>Saluto un ragazzo, Hugo, che con molta gentilezza mi spiega un p\u00f2 di cosa si tratta mentre un duo musicale si prepara ad una jam session.<\/div>\n<div><\/div>\n<h3>Atelier de Pilar G\u00fcell<\/h3>\n<div>Hugo fa parte del gruppo che cura l&#8217;Atelier de Pilar G\u00fcell.<\/div>\n<div>Ma che cos&#8217;\u00e8? Si tratta di una galleria d&#8217;arte e promozione culturale con l obiettivo di avvicinare il pubblico all&#8217;arte e viceversa.<\/div>\n<div>Ne fanno parte altri collaboratori tra cui Vict\u00f2ria, Hugo, Rai, Mar\u00eda e Patrick. Il nome \u00e8 dedicato appunto a Pilar Guell, la nonna di Vict\u00f2ria, pittrice e fonte di grande ispirazione per la nipote. Tutti i collaboratori hanno doti e talento artistico. Chi nella fotografia, chi nel cinema o le belle arti. Ognuno collabora al progetto con idee, progetti ed ovviamente la passione per l&#8217;arte che accomuna tutti.<\/div>\n<div>L&#8217;atelier presenta costantemente esposizioni, promuove artisti ad pubblico e curiosi da amalgamare con musica in un ambiente &#8220;friendly&#8221;.<\/div>\n<div><\/div>\n<div><img decoding=\"async\" class=\"aligncenter wp-image-3099 lazyload\" data-src=\"https:\/\/marcopachiega.com\/blog\/wp-content\/uploads\/sites\/9\/2019\/03\/DSC5064.jpg\" alt=\"Atelier de Pilar G\u00fcell uno spazio di creazione nel Raval\" width=\"603\" height=\"401\" data-srcset=\"https:\/\/marcopachiega.com\/blog\/wp-content\/uploads\/sites\/9\/2019\/03\/DSC5064.jpg 1226w, https:\/\/marcopachiega.com\/blog\/wp-content\/uploads\/sites\/9\/2019\/03\/DSC5064-420x279.jpg 420w, https:\/\/marcopachiega.com\/blog\/wp-content\/uploads\/sites\/9\/2019\/03\/DSC5064-744x495.jpg 744w, https:\/\/marcopachiega.com\/blog\/wp-content\/uploads\/sites\/9\/2019\/03\/DSC5064-1200x798.jpg 1200w\" data-sizes=\"(max-width: 603px) 100vw, 603px\" src=\"data:image\/svg+xml;base64,PHN2ZyB3aWR0aD0iMSIgaGVpZ2h0PSIxIiB4bWxucz0iaHR0cDovL3d3dy53My5vcmcvMjAwMC9zdmciPjwvc3ZnPg==\" style=\"--smush-placeholder-width: 603px; --smush-placeholder-aspect-ratio: 603\/401;\" \/><\/div>\n<div><\/div>\n<div><\/div>\n<div>L&#8217;Atelier de Pilar G\u00fcell si trova al <strong><a href=\"https:\/\/www.google.com\/maps\/place\/L'Atelier+De+Pilar+G%C3%BCell\/@41.3792491,2.1735796,15z\/data=!4m5!3m4!1s0x0:0x452dd3ae449fabd8!8m2!3d41.3792491!4d2.1735796\" target=\"_blank\" rel=\"noopener noreferrer\">Carrer de les penedides 8<\/a><\/strong>, nel cuore del Raval di Barcellona. Molto tempo fa questo posto era una antica scuderia la quale col tempo e dopo mille usi \u00e8 diventato un punto di incontro per amanti e curiosi dell&#8217;arte.<\/div>\n<div><\/div>\n<div>Un grazie particolare a <strong>Hugo<\/strong> per la sua gentilezza, <strong>Victoria<\/strong> per le informazioni fornite ed agli artisti dell&#8217;<strong>esposizione Zeigesit: Imma Vallmitjana, Dagui Pierro, Blai Catafal, DaGraVile, Curti\u00e7o, Nicolas Garreau, Hugo Finlay, Mar\u00eda Cort\u00e9s, Juan Carlos Beneyto, Roman Bonet, \u00c1ngeles Morando, Juan Niubo, Ester Benages y Simone Pagliei.<\/strong><\/div>\n<div>Potete seguire e rimanere aggiornati sui futuri eventi dell&#8217;atelier su <strong><a href=\"https:\/\/m.facebook.com\/guellatelier\/\" target=\"_blank\" rel=\"noopener noreferrer\">Facebook<\/a><\/strong> e <a href=\"https:\/\/www.instagram.com\/atelierguell\/\" target=\"_blank\" rel=\"noopener noreferrer\"><strong>Instagram<\/strong><\/a>. Dateci un&#8217;occhio!<\/div>\n<div>Leggi altre storie sul mio <a href=\"https:\/\/marcopachiega.com\/blog\/\" target=\"_blank\" rel=\"noopener noreferrer\"><strong>blog,<\/strong><\/a> dai un occhiata agli altri articoli su <a href=\"https:\/\/marcopachiega.com\/blog\/eventi-sport-notizie\/\" target=\"_blank\" rel=\"noopener noreferrer\"><strong>eventi, sport e notizie<\/strong><\/a> o guarda la gallery qui sotto!<\/div>\n<div><\/div>\n<div><\/div>\n<div style=\"text-align: center;\">\n<div class=\"gdgallery-gallery-container\" id=\"gdgallery-container-4\" data-id=\"4\">\n    \n<div id=\"gdgallery_container_4\" style=\"display:none;\" data-view=\"justified\">\n            <a href=\"\" target=\"_blank\">\n            <img decoding=\"async\" alt=\"\"\n                 data-type=\"image\"\n                 data-src=\"https:\/\/marcopachiega.com\/blog\/wp-content\/uploads\/sites\/9\/2019\/03\/DSC5094.jpg\"\n                 data-image=\"https:\/\/marcopachiega.com\/blog\/wp-content\/uploads\/sites\/9\/2019\/03\/DSC5094.jpg\"\n                 data-description=\"\"\n                                 style=\"--smush-placeholder-width: 1226px; --smush-placeholder-aspect-ratio: 1226\/815;display:block\" src=\"data:image\/svg+xml;base64,PHN2ZyB3aWR0aD0iMSIgaGVpZ2h0PSIxIiB4bWxucz0iaHR0cDovL3d3dy53My5vcmcvMjAwMC9zdmciPjwvc3ZnPg==\" class=\"lazyload\">\n        <\/a>\n            <a href=\"\" target=\"_blank\">\n            <img decoding=\"async\" alt=\"\"\n                 data-type=\"image\"\n                 data-src=\"https:\/\/marcopachiega.com\/blog\/wp-content\/uploads\/sites\/9\/2019\/03\/DSC5088.jpg\"\n                 data-image=\"https:\/\/marcopachiega.com\/blog\/wp-content\/uploads\/sites\/9\/2019\/03\/DSC5088.jpg\"\n                 data-description=\"\"\n                                 style=\"--smush-placeholder-width: 1226px; --smush-placeholder-aspect-ratio: 1226\/815;display:block\" src=\"data:image\/svg+xml;base64,PHN2ZyB3aWR0aD0iMSIgaGVpZ2h0PSIxIiB4bWxucz0iaHR0cDovL3d3dy53My5vcmcvMjAwMC9zdmciPjwvc3ZnPg==\" class=\"lazyload\">\n        <\/a>\n            <a href=\"\" target=\"_blank\">\n            <img decoding=\"async\" alt=\"\"\n                 data-type=\"image\"\n                 data-src=\"https:\/\/marcopachiega.com\/blog\/wp-content\/uploads\/sites\/9\/2019\/03\/DSC5086.jpg\"\n                 data-image=\"https:\/\/marcopachiega.com\/blog\/wp-content\/uploads\/sites\/9\/2019\/03\/DSC5086.jpg\"\n                 data-description=\"\"\n                                 style=\"--smush-placeholder-width: 1226px; --smush-placeholder-aspect-ratio: 1226\/815;display:block\" src=\"data:image\/svg+xml;base64,PHN2ZyB3aWR0aD0iMSIgaGVpZ2h0PSIxIiB4bWxucz0iaHR0cDovL3d3dy53My5vcmcvMjAwMC9zdmciPjwvc3ZnPg==\" class=\"lazyload\">\n        <\/a>\n            <a href=\"\" target=\"_blank\">\n            <img decoding=\"async\" alt=\"\"\n                 data-type=\"image\"\n                 data-src=\"https:\/\/marcopachiega.com\/blog\/wp-content\/uploads\/sites\/9\/2019\/03\/DSC5081.jpg\"\n                 data-image=\"https:\/\/marcopachiega.com\/blog\/wp-content\/uploads\/sites\/9\/2019\/03\/DSC5081.jpg\"\n                 data-description=\"\"\n                                 style=\"--smush-placeholder-width: 815px; --smush-placeholder-aspect-ratio: 815\/1226;display:block\" src=\"data:image\/svg+xml;base64,PHN2ZyB3aWR0aD0iMSIgaGVpZ2h0PSIxIiB4bWxucz0iaHR0cDovL3d3dy53My5vcmcvMjAwMC9zdmciPjwvc3ZnPg==\" class=\"lazyload\">\n        <\/a>\n            <a href=\"\" target=\"_blank\">\n            <img decoding=\"async\" alt=\"\"\n                 data-type=\"image\"\n                 data-src=\"https:\/\/marcopachiega.com\/blog\/wp-content\/uploads\/sites\/9\/2019\/03\/DSC5079.jpg\"\n                 data-image=\"https:\/\/marcopachiega.com\/blog\/wp-content\/uploads\/sites\/9\/2019\/03\/DSC5079.jpg\"\n                 data-description=\"\"\n                                 style=\"--smush-placeholder-width: 1226px; --smush-placeholder-aspect-ratio: 1226\/815;display:block\" src=\"data:image\/svg+xml;base64,PHN2ZyB3aWR0aD0iMSIgaGVpZ2h0PSIxIiB4bWxucz0iaHR0cDovL3d3dy53My5vcmcvMjAwMC9zdmciPjwvc3ZnPg==\" class=\"lazyload\">\n        <\/a>\n            <a href=\"\" target=\"_blank\">\n            <img decoding=\"async\" alt=\"\"\n                 data-type=\"image\"\n                 data-src=\"https:\/\/marcopachiega.com\/blog\/wp-content\/uploads\/sites\/9\/2019\/03\/DSC5077.jpg\"\n                 data-image=\"https:\/\/marcopachiega.com\/blog\/wp-content\/uploads\/sites\/9\/2019\/03\/DSC5077.jpg\"\n                 data-description=\"\"\n                                 style=\"--smush-placeholder-width: 1226px; --smush-placeholder-aspect-ratio: 1226\/815;display:block\" src=\"data:image\/svg+xml;base64,PHN2ZyB3aWR0aD0iMSIgaGVpZ2h0PSIxIiB4bWxucz0iaHR0cDovL3d3dy53My5vcmcvMjAwMC9zdmciPjwvc3ZnPg==\" class=\"lazyload\">\n        <\/a>\n            <a href=\"\" target=\"_blank\">\n            <img decoding=\"async\" alt=\"\"\n                 data-type=\"image\"\n                 data-src=\"https:\/\/marcopachiega.com\/blog\/wp-content\/uploads\/sites\/9\/2019\/03\/DSC5071-Edit.jpg\"\n                 data-image=\"https:\/\/marcopachiega.com\/blog\/wp-content\/uploads\/sites\/9\/2019\/03\/DSC5071-Edit.jpg\"\n                 data-description=\"\"\n                                 style=\"--smush-placeholder-width: 1506px; --smush-placeholder-aspect-ratio: 1506\/663;display:block\" src=\"data:image\/svg+xml;base64,PHN2ZyB3aWR0aD0iMSIgaGVpZ2h0PSIxIiB4bWxucz0iaHR0cDovL3d3dy53My5vcmcvMjAwMC9zdmciPjwvc3ZnPg==\" class=\"lazyload\">\n        <\/a>\n            <a href=\"\" target=\"_blank\">\n            <img decoding=\"async\" alt=\"\"\n                 data-type=\"image\"\n                 data-src=\"https:\/\/marcopachiega.com\/blog\/wp-content\/uploads\/sites\/9\/2019\/03\/DSC5064.jpg\"\n                 data-image=\"https:\/\/marcopachiega.com\/blog\/wp-content\/uploads\/sites\/9\/2019\/03\/DSC5064.jpg\"\n                 data-description=\"\"\n                                 style=\"--smush-placeholder-width: 1226px; --smush-placeholder-aspect-ratio: 1226\/815;display:block\" src=\"data:image\/svg+xml;base64,PHN2ZyB3aWR0aD0iMSIgaGVpZ2h0PSIxIiB4bWxucz0iaHR0cDovL3d3dy53My5vcmcvMjAwMC9zdmciPjwvc3ZnPg==\" class=\"lazyload\">\n        <\/a>\n    <\/div>\n\n\n\n<script type=\"text\/javascript\">\n\n\n    (function() {\n        var runMyCode = function() {\n            jQuery(document).ready(function () {\n                var container = jQuery(\"#gdgallery_container_4\");\n                container.unitegallery({\"gallery_theme\":\"justified\",\"tiles_type\":\"justified\",\"tiles_justified_space_between\":10,\"tile_enable_textpanel\":true,\"tile_textpanel_always_on\":true,\"tile_textpanel_title_text_align\":\"center\",\"tile_textpanel_title_font_size\":\"16\",\"tile_textpanel_title_color\":\"#FFFFFF\",\"tile_textpanel_bg_color\":\"#333333\",\"tile_textpanel_bg_opacity\":0.7,\"tile_enable_border\":true,\"tile_border_width\":\"0\",\"tile_border_color\":\"#333333\",\"tile_border_radius\":\"0\",\"tile_enable_overlay\":true,\"tile_enable_image_effect\":true,\"tile_image_effect_type\":\"blur\",\"tile_image_effect_reverse\":true,\"tile_enable_shadow\":false,\"tile_as_link\":false,\"tile_enable_icons\":true,\"tile_show_link_icon\":true,\"tile_textpanel_appear_type\":\"slide\",\"tile_textpanel_position\":\"inside_bottom\",\"tile_link_newpage\":true,\"lightbox_type\":\"wide\",\"lightbox_arrows_offset\":0,\"lightbox_overlay_color\":\"#000000\",\"lightbox_overlay_opacity\":1,\"lightbox_top_panel_opacity\":1,\"lightbox_show_numbers\":true,\"lightbox_numbers_size\":\"15\",\"lightbox_numbers_color\":\"#FFFFFF\",\"lightbox_slider_image_border_width\":\"0\",\"lightbox_slider_image_border_color\":\"#FFFFFF\",\"lightbox_slider_image_border_radius\":0,\"lightbox_slider_image_shadow\":true,\"lightbox_slider_control_swipe\":true,\"lightbox_slider_control_zoom\":true,\"lightbox_slider_image_border\":true,\"lightbox_show_textpanel\":true,\"lightbox_textpanel_enable_title\":true,\"lightbox_textpanel_enable_description\":false,\"lightbox_textpanel_padding_top\":5,\"lightbox_textpanel_padding_bottom\":5,\"lightbox_textpanel_padding_right\":5,\"lightbox_textpanel_padding_left\":5,\"lightbox_textpanel_title_color\":\"#FFFFFF\",\"lightbox_textpanel_title_text_align\":\"center\",\"lightbox_textpanel_title_font_size\":\"16\",\"lightbox_textpanel_desc_color\":\"#FFFFFF\",\"lightbox_textpanel_desc_text_align\":\"center\",\"lightbox_textpanel_desc_font_size\":\"14\"});\n            });\n        };\n        var timer = function() {\n            if (window.jQuery) {runMyCode(window.jQuery);}\n            else {window.setTimeout(timer, 100);}\n        };\n        timer();\n    })();\n<\/script><style>\n#gdgallery-container-4 {\n   text-align: center}\n\n.gdgallery-pagination-4{\ntext-align: center !important;\n}\n\n.gdgallery-pagination-4 a{\n    font-size: 15px !important;\n    padding: 8px 13px !important;\n    margin: 3px !important;\n    border: 1px solid #333333 !important;\n    border-radius: 0px !important;\n    color: #333333 !important;\n    background-color: #FFFFFF !important;\n    font-family: monospace !important;\n}\n\n.gdgallery-pagination-4 a:hover, .gdgallery-pagination-4 a.gdgallery-pagination-icon-active{\n    color: #FFFFFF !important;\n    background-color: #333333 !important;\n    border-color: #333333 !important;\n}\n\n#gdgallery-container-4 .gdgallery_load_more_space{\n    margin-top: 20px !important;\n    text-align: center !important;\n}\n\n#gdgallery-container-4 .gdgallery_load_more_space button{\n                      padding: 8px 13px !important;\n    font-size: 15px !important;\n    background-color: #333333 !important;\n    color: #FFFFFF !important;\n    border:1px solid #333333 !important;\n                      border-radius: 0px !important;\n                      font-family: monospace !important;\n                  }\n#gdgallery-container-4 .gdgallery_load_more_space button:hover{\n                      background-color: #FFFFFF !important;\n                      color: #333333 !important;\n                      border-color: #333333 !important;\n                  }\n\n#gdgallery-container-4 .gdgallery_load_more_space button,\n#gdgallery-container-4 .gdgallery_load_more_space button:hover,\n#gdgallery-container-4 .gdgallery_load_more_space button:active,\n#gdgallery-container-4 .gdgallery_load_more_space button:focus{\n    outline: none !important;\n}\n\n\n#gdgallery-container-4 .gdgallery_loading li{\n                      border: 3px solid #333333 !important;\n                  }\n\n.ug-lightbox .ug-lightbox-top-panel-overlay{\n    background-color: #000000 !important;\n}\n\n\n                  #gdgallery_container_4{}\n<\/style>\n\n\n\n<\/div>\n\n\n\n\n\n<\/div>\n<div><\/div>\n<div><em>Marco Pachiega<\/em><\/div>\n","protected":false},"excerpt":{"rendered":"<p>Atelier de Pilar G\u00fcell uno spazio di creazione nel Raval Nascosto tra le strette vie del quartiere si nasconde un centro dedicato all&#8217;arte English Espa\u00f1ol Perdermi passeggiando per il Raval \u00e8 uno dei miei passatempi. Allento il ritmo del mio passo, mi fermo a guardare una vetrina o mi intrufolo in una delle tante stradine. Poche settimane fa, assorto nei miei pensieri, girovagando quasi inciampo contro una insegna posta al suolo. Giro lo sguardo per vedere cosa ci sia scritto e leggo Art exposici\u00f2n, Zeigeist el espiritu de la epoca. Un&#8217;esposizione d&#8217;arte! Bello! Entro incuriosito nella sala che accoglie quadri e varie opere artistiche. Soffermandomi scopro che la stanza nasconde&hellip; <a class=\"read-more\" href=\"https:\/\/marcopachiega.com\/blog\/atelier-de-pilar-guell-uno-spazio-di-creazione-nel-raval\/\">Read More<\/a><\/p>\n","protected":false},"author":1,"featured_media":3106,"comment_status":"open","ping_status":"open","sticky":false,"template":"","format":"standard","meta":{"footnotes":""},"categories":[269],"tags":[222,315,391,177,388,392,252,393,201,394],"class_list":["post-3108","post","type-post","status-publish","format-standard","has-post-thumbnail","hentry","category-eventi-sport-notizie","tag-arte","tag-artisti","tag-atelier","tag-barcellona","tag-europa","tag-guell","tag-musica","tag-promozione","tag-spagna","tag-zeigeist"],"yoast_head":"<!-- This site is optimized with the Yoast SEO plugin v27.3 - https:\/\/yoast.com\/product\/yoast-seo-wordpress\/ -->\n<title>Atelier de Pilar G\u00fcell uno spazio di creazione nel Raval - Pachiega&#039;s blog<\/title>\n<meta name=\"description\" content=\"Nascosto tra le strette vie del quartiere si nasconde un centro dedicato all&#039;arte, l&#039;Atelier de Pilar G\u00fcell uno spazio di creazione nel Raval\" \/>\n<meta name=\"robots\" content=\"index, follow, max-snippet:-1, max-image-preview:large, max-video-preview:-1\" \/>\n<link rel=\"canonical\" href=\"https:\/\/marcopachiega.com\/blog\/atelier-de-pilar-guell-uno-spazio-di-creazione-nel-raval\/\" \/>\n<meta property=\"og:locale\" content=\"it_IT\" \/>\n<meta property=\"og:type\" content=\"article\" \/>\n<meta property=\"og:title\" content=\"Atelier de Pilar G\u00fcell uno spazio di creazione nel Raval - Pachiega&#039;s blog\" \/>\n<meta property=\"og:description\" content=\"Nascosto tra le strette vie del quartiere si nasconde un centro dedicato all&#039;arte, l&#039;Atelier de Pilar G\u00fcell uno spazio di creazione nel Raval\" \/>\n<meta property=\"og:url\" content=\"https:\/\/marcopachiega.com\/blog\/atelier-de-pilar-guell-uno-spazio-di-creazione-nel-raval\/\" \/>\n<meta property=\"og:site_name\" content=\"Pachiega&#039;s blog\" \/>\n<meta property=\"article:published_time\" content=\"2019-03-15T19:02:53+00:00\" \/>\n<meta property=\"article:modified_time\" content=\"2019-05-03T07:32:40+00:00\" \/>\n<meta property=\"og:image\" content=\"https:\/\/marcopachiega.com\/blog\/wp-content\/uploads\/sites\/9\/2019\/03\/DSC5094.jpg\" \/>\n\t<meta property=\"og:image:width\" content=\"1226\" \/>\n\t<meta property=\"og:image:height\" content=\"815\" \/>\n\t<meta property=\"og:image:type\" content=\"image\/jpeg\" \/>\n<meta name=\"author\" content=\"marcopac\" \/>\n<meta name=\"twitter:card\" content=\"summary_large_image\" \/>\n<meta name=\"twitter:label1\" content=\"Scritto da\" \/>\n\t<meta name=\"twitter:data1\" content=\"marcopac\" \/>\n\t<meta name=\"twitter:label2\" content=\"Tempo di lettura stimato\" \/>\n\t<meta name=\"twitter:data2\" content=\"2 minuti\" \/>\n<script type=\"application\/ld+json\" class=\"yoast-schema-graph\">{\"@context\":\"https:\\\/\\\/schema.org\",\"@graph\":[{\"@type\":\"Article\",\"@id\":\"https:\\\/\\\/marcopachiega.com\\\/blog\\\/atelier-de-pilar-guell-uno-spazio-di-creazione-nel-raval\\\/#article\",\"isPartOf\":{\"@id\":\"https:\\\/\\\/marcopachiega.com\\\/blog\\\/atelier-de-pilar-guell-uno-spazio-di-creazione-nel-raval\\\/\"},\"author\":{\"name\":\"marcopac\",\"@id\":\"https:\\\/\\\/marcopachiega.com\\\/blog\\\/#\\\/schema\\\/person\\\/5800e113375ba5f33499beca73ac3336\"},\"headline\":\"Atelier de Pilar G\u00fcell uno spazio di creazione nel Raval\",\"datePublished\":\"2019-03-15T19:02:53+00:00\",\"dateModified\":\"2019-05-03T07:32:40+00:00\",\"mainEntityOfPage\":{\"@id\":\"https:\\\/\\\/marcopachiega.com\\\/blog\\\/atelier-de-pilar-guell-uno-spazio-di-creazione-nel-raval\\\/\"},\"wordCount\":481,\"commentCount\":0,\"publisher\":{\"@id\":\"https:\\\/\\\/marcopachiega.com\\\/blog\\\/#\\\/schema\\\/person\\\/5800e113375ba5f33499beca73ac3336\"},\"image\":{\"@id\":\"https:\\\/\\\/marcopachiega.com\\\/blog\\\/atelier-de-pilar-guell-uno-spazio-di-creazione-nel-raval\\\/#primaryimage\"},\"thumbnailUrl\":\"https:\\\/\\\/marcopachiega.com\\\/blog\\\/wp-content\\\/uploads\\\/sites\\\/9\\\/2019\\\/03\\\/DSC5094.jpg\",\"keywords\":[\"arte\",\"artisti\",\"atelier\",\"barcellona\",\"Europa\",\"guell\",\"Musica\",\"promozione\",\"spagna\",\"zeigeist\"],\"articleSection\":[\"Eventi, sport, notizie\"],\"inLanguage\":\"it-IT\",\"potentialAction\":[{\"@type\":\"CommentAction\",\"name\":\"Comment\",\"target\":[\"https:\\\/\\\/marcopachiega.com\\\/blog\\\/atelier-de-pilar-guell-uno-spazio-di-creazione-nel-raval\\\/#respond\"]}]},{\"@type\":\"WebPage\",\"@id\":\"https:\\\/\\\/marcopachiega.com\\\/blog\\\/atelier-de-pilar-guell-uno-spazio-di-creazione-nel-raval\\\/\",\"url\":\"https:\\\/\\\/marcopachiega.com\\\/blog\\\/atelier-de-pilar-guell-uno-spazio-di-creazione-nel-raval\\\/\",\"name\":\"Atelier de Pilar G\u00fcell uno spazio di creazione nel Raval - Pachiega&#039;s blog\",\"isPartOf\":{\"@id\":\"https:\\\/\\\/marcopachiega.com\\\/blog\\\/#website\"},\"primaryImageOfPage\":{\"@id\":\"https:\\\/\\\/marcopachiega.com\\\/blog\\\/atelier-de-pilar-guell-uno-spazio-di-creazione-nel-raval\\\/#primaryimage\"},\"image\":{\"@id\":\"https:\\\/\\\/marcopachiega.com\\\/blog\\\/atelier-de-pilar-guell-uno-spazio-di-creazione-nel-raval\\\/#primaryimage\"},\"thumbnailUrl\":\"https:\\\/\\\/marcopachiega.com\\\/blog\\\/wp-content\\\/uploads\\\/sites\\\/9\\\/2019\\\/03\\\/DSC5094.jpg\",\"datePublished\":\"2019-03-15T19:02:53+00:00\",\"dateModified\":\"2019-05-03T07:32:40+00:00\",\"description\":\"Nascosto tra le strette vie del quartiere si nasconde un centro dedicato all'arte, l'Atelier de Pilar G\u00fcell uno spazio di creazione nel Raval\",\"breadcrumb\":{\"@id\":\"https:\\\/\\\/marcopachiega.com\\\/blog\\\/atelier-de-pilar-guell-uno-spazio-di-creazione-nel-raval\\\/#breadcrumb\"},\"inLanguage\":\"it-IT\",\"potentialAction\":[{\"@type\":\"ReadAction\",\"target\":[\"https:\\\/\\\/marcopachiega.com\\\/blog\\\/atelier-de-pilar-guell-uno-spazio-di-creazione-nel-raval\\\/\"]}]},{\"@type\":\"ImageObject\",\"inLanguage\":\"it-IT\",\"@id\":\"https:\\\/\\\/marcopachiega.com\\\/blog\\\/atelier-de-pilar-guell-uno-spazio-di-creazione-nel-raval\\\/#primaryimage\",\"url\":\"https:\\\/\\\/marcopachiega.com\\\/blog\\\/wp-content\\\/uploads\\\/sites\\\/9\\\/2019\\\/03\\\/DSC5094.jpg\",\"contentUrl\":\"https:\\\/\\\/marcopachiega.com\\\/blog\\\/wp-content\\\/uploads\\\/sites\\\/9\\\/2019\\\/03\\\/DSC5094.jpg\",\"width\":1226,\"height\":815},{\"@type\":\"BreadcrumbList\",\"@id\":\"https:\\\/\\\/marcopachiega.com\\\/blog\\\/atelier-de-pilar-guell-uno-spazio-di-creazione-nel-raval\\\/#breadcrumb\",\"itemListElement\":[{\"@type\":\"ListItem\",\"position\":1,\"name\":\"Home\",\"item\":\"https:\\\/\\\/marcopachiega.com\\\/blog\\\/\"},{\"@type\":\"ListItem\",\"position\":2,\"name\":\"Atelier de Pilar G\u00fcell uno spazio di creazione nel Raval\"}]},{\"@type\":\"WebSite\",\"@id\":\"https:\\\/\\\/marcopachiega.com\\\/blog\\\/#website\",\"url\":\"https:\\\/\\\/marcopachiega.com\\\/blog\\\/\",\"name\":\"Pachiega&#039;s blog\",\"description\":\"Observation post\",\"publisher\":{\"@id\":\"https:\\\/\\\/marcopachiega.com\\\/blog\\\/#\\\/schema\\\/person\\\/5800e113375ba5f33499beca73ac3336\"},\"potentialAction\":[{\"@type\":\"SearchAction\",\"target\":{\"@type\":\"EntryPoint\",\"urlTemplate\":\"https:\\\/\\\/marcopachiega.com\\\/blog\\\/?s={search_term_string}\"},\"query-input\":{\"@type\":\"PropertyValueSpecification\",\"valueRequired\":true,\"valueName\":\"search_term_string\"}}],\"inLanguage\":\"it-IT\"},{\"@type\":[\"Person\",\"Organization\"],\"@id\":\"https:\\\/\\\/marcopachiega.com\\\/blog\\\/#\\\/schema\\\/person\\\/5800e113375ba5f33499beca73ac3336\",\"name\":\"marcopac\",\"image\":{\"@type\":\"ImageObject\",\"inLanguage\":\"it-IT\",\"@id\":\"https:\\\/\\\/marcopachiega.com\\\/blog\\\/wp-content\\\/uploads\\\/sites\\\/9\\\/2022\\\/12\\\/DRS_3328_B.jpg\",\"url\":\"https:\\\/\\\/marcopachiega.com\\\/blog\\\/wp-content\\\/uploads\\\/sites\\\/9\\\/2022\\\/12\\\/DRS_3328_B.jpg\",\"contentUrl\":\"https:\\\/\\\/marcopachiega.com\\\/blog\\\/wp-content\\\/uploads\\\/sites\\\/9\\\/2022\\\/12\\\/DRS_3328_B.jpg\",\"width\":1000,\"height\":1000,\"caption\":\"marcopac\"},\"logo\":{\"@id\":\"https:\\\/\\\/marcopachiega.com\\\/blog\\\/wp-content\\\/uploads\\\/sites\\\/9\\\/2022\\\/12\\\/DRS_3328_B.jpg\"},\"sameAs\":[\"http:\\\/\\\/www.marcopachiega.com\",\"https:\\\/\\\/www.instagram.com\\\/marcopachiega\\\/\",\"https:\\\/\\\/www.linkedin.com\\\/in\\\/marco-pachiega-38546b92\\\/?locale=es_ES\",\"https:\\\/\\\/www.youtube.com\\\/@marcopachiega2999\\\/featured\"],\"url\":\"https:\\\/\\\/marcopachiega.com\\\/blog\\\/author\\\/marcopac\\\/\"}]}<\/script>\n<!-- \/ Yoast SEO plugin. -->","yoast_head_json":{"title":"Atelier de Pilar G\u00fcell uno spazio di creazione nel Raval - Pachiega&#039;s blog","description":"Nascosto tra le strette vie del quartiere si nasconde un centro dedicato all'arte, l'Atelier de Pilar G\u00fcell uno spazio di creazione nel Raval","robots":{"index":"index","follow":"follow","max-snippet":"max-snippet:-1","max-image-preview":"max-image-preview:large","max-video-preview":"max-video-preview:-1"},"canonical":"https:\/\/marcopachiega.com\/blog\/atelier-de-pilar-guell-uno-spazio-di-creazione-nel-raval\/","og_locale":"it_IT","og_type":"article","og_title":"Atelier de Pilar G\u00fcell uno spazio di creazione nel Raval - Pachiega&#039;s blog","og_description":"Nascosto tra le strette vie del quartiere si nasconde un centro dedicato all'arte, l'Atelier de Pilar G\u00fcell uno spazio di creazione nel Raval","og_url":"https:\/\/marcopachiega.com\/blog\/atelier-de-pilar-guell-uno-spazio-di-creazione-nel-raval\/","og_site_name":"Pachiega&#039;s blog","article_published_time":"2019-03-15T19:02:53+00:00","article_modified_time":"2019-05-03T07:32:40+00:00","og_image":[{"width":1226,"height":815,"url":"https:\/\/marcopachiega.com\/blog\/wp-content\/uploads\/sites\/9\/2019\/03\/DSC5094.jpg","type":"image\/jpeg"}],"author":"marcopac","twitter_card":"summary_large_image","twitter_misc":{"Scritto da":"marcopac","Tempo di lettura stimato":"2 minuti"},"schema":{"@context":"https:\/\/schema.org","@graph":[{"@type":"Article","@id":"https:\/\/marcopachiega.com\/blog\/atelier-de-pilar-guell-uno-spazio-di-creazione-nel-raval\/#article","isPartOf":{"@id":"https:\/\/marcopachiega.com\/blog\/atelier-de-pilar-guell-uno-spazio-di-creazione-nel-raval\/"},"author":{"name":"marcopac","@id":"https:\/\/marcopachiega.com\/blog\/#\/schema\/person\/5800e113375ba5f33499beca73ac3336"},"headline":"Atelier de Pilar G\u00fcell uno spazio di creazione nel Raval","datePublished":"2019-03-15T19:02:53+00:00","dateModified":"2019-05-03T07:32:40+00:00","mainEntityOfPage":{"@id":"https:\/\/marcopachiega.com\/blog\/atelier-de-pilar-guell-uno-spazio-di-creazione-nel-raval\/"},"wordCount":481,"commentCount":0,"publisher":{"@id":"https:\/\/marcopachiega.com\/blog\/#\/schema\/person\/5800e113375ba5f33499beca73ac3336"},"image":{"@id":"https:\/\/marcopachiega.com\/blog\/atelier-de-pilar-guell-uno-spazio-di-creazione-nel-raval\/#primaryimage"},"thumbnailUrl":"https:\/\/marcopachiega.com\/blog\/wp-content\/uploads\/sites\/9\/2019\/03\/DSC5094.jpg","keywords":["arte","artisti","atelier","barcellona","Europa","guell","Musica","promozione","spagna","zeigeist"],"articleSection":["Eventi, sport, notizie"],"inLanguage":"it-IT","potentialAction":[{"@type":"CommentAction","name":"Comment","target":["https:\/\/marcopachiega.com\/blog\/atelier-de-pilar-guell-uno-spazio-di-creazione-nel-raval\/#respond"]}]},{"@type":"WebPage","@id":"https:\/\/marcopachiega.com\/blog\/atelier-de-pilar-guell-uno-spazio-di-creazione-nel-raval\/","url":"https:\/\/marcopachiega.com\/blog\/atelier-de-pilar-guell-uno-spazio-di-creazione-nel-raval\/","name":"Atelier de Pilar G\u00fcell uno spazio di creazione nel Raval - Pachiega&#039;s blog","isPartOf":{"@id":"https:\/\/marcopachiega.com\/blog\/#website"},"primaryImageOfPage":{"@id":"https:\/\/marcopachiega.com\/blog\/atelier-de-pilar-guell-uno-spazio-di-creazione-nel-raval\/#primaryimage"},"image":{"@id":"https:\/\/marcopachiega.com\/blog\/atelier-de-pilar-guell-uno-spazio-di-creazione-nel-raval\/#primaryimage"},"thumbnailUrl":"https:\/\/marcopachiega.com\/blog\/wp-content\/uploads\/sites\/9\/2019\/03\/DSC5094.jpg","datePublished":"2019-03-15T19:02:53+00:00","dateModified":"2019-05-03T07:32:40+00:00","description":"Nascosto tra le strette vie del quartiere si nasconde un centro dedicato all'arte, l'Atelier de Pilar G\u00fcell uno spazio di creazione nel Raval","breadcrumb":{"@id":"https:\/\/marcopachiega.com\/blog\/atelier-de-pilar-guell-uno-spazio-di-creazione-nel-raval\/#breadcrumb"},"inLanguage":"it-IT","potentialAction":[{"@type":"ReadAction","target":["https:\/\/marcopachiega.com\/blog\/atelier-de-pilar-guell-uno-spazio-di-creazione-nel-raval\/"]}]},{"@type":"ImageObject","inLanguage":"it-IT","@id":"https:\/\/marcopachiega.com\/blog\/atelier-de-pilar-guell-uno-spazio-di-creazione-nel-raval\/#primaryimage","url":"https:\/\/marcopachiega.com\/blog\/wp-content\/uploads\/sites\/9\/2019\/03\/DSC5094.jpg","contentUrl":"https:\/\/marcopachiega.com\/blog\/wp-content\/uploads\/sites\/9\/2019\/03\/DSC5094.jpg","width":1226,"height":815},{"@type":"BreadcrumbList","@id":"https:\/\/marcopachiega.com\/blog\/atelier-de-pilar-guell-uno-spazio-di-creazione-nel-raval\/#breadcrumb","itemListElement":[{"@type":"ListItem","position":1,"name":"Home","item":"https:\/\/marcopachiega.com\/blog\/"},{"@type":"ListItem","position":2,"name":"Atelier de Pilar G\u00fcell uno spazio di creazione nel Raval"}]},{"@type":"WebSite","@id":"https:\/\/marcopachiega.com\/blog\/#website","url":"https:\/\/marcopachiega.com\/blog\/","name":"Pachiega&#039;s blog","description":"Observation post","publisher":{"@id":"https:\/\/marcopachiega.com\/blog\/#\/schema\/person\/5800e113375ba5f33499beca73ac3336"},"potentialAction":[{"@type":"SearchAction","target":{"@type":"EntryPoint","urlTemplate":"https:\/\/marcopachiega.com\/blog\/?s={search_term_string}"},"query-input":{"@type":"PropertyValueSpecification","valueRequired":true,"valueName":"search_term_string"}}],"inLanguage":"it-IT"},{"@type":["Person","Organization"],"@id":"https:\/\/marcopachiega.com\/blog\/#\/schema\/person\/5800e113375ba5f33499beca73ac3336","name":"marcopac","image":{"@type":"ImageObject","inLanguage":"it-IT","@id":"https:\/\/marcopachiega.com\/blog\/wp-content\/uploads\/sites\/9\/2022\/12\/DRS_3328_B.jpg","url":"https:\/\/marcopachiega.com\/blog\/wp-content\/uploads\/sites\/9\/2022\/12\/DRS_3328_B.jpg","contentUrl":"https:\/\/marcopachiega.com\/blog\/wp-content\/uploads\/sites\/9\/2022\/12\/DRS_3328_B.jpg","width":1000,"height":1000,"caption":"marcopac"},"logo":{"@id":"https:\/\/marcopachiega.com\/blog\/wp-content\/uploads\/sites\/9\/2022\/12\/DRS_3328_B.jpg"},"sameAs":["http:\/\/www.marcopachiega.com","https:\/\/www.instagram.com\/marcopachiega\/","https:\/\/www.linkedin.com\/in\/marco-pachiega-38546b92\/?locale=es_ES","https:\/\/www.youtube.com\/@marcopachiega2999\/featured"],"url":"https:\/\/marcopachiega.com\/blog\/author\/marcopac\/"}]}},"_links":{"self":[{"href":"https:\/\/marcopachiega.com\/blog\/wp-json\/wp\/v2\/posts\/3108","targetHints":{"allow":["GET"]}}],"collection":[{"href":"https:\/\/marcopachiega.com\/blog\/wp-json\/wp\/v2\/posts"}],"about":[{"href":"https:\/\/marcopachiega.com\/blog\/wp-json\/wp\/v2\/types\/post"}],"author":[{"embeddable":true,"href":"https:\/\/marcopachiega.com\/blog\/wp-json\/wp\/v2\/users\/1"}],"replies":[{"embeddable":true,"href":"https:\/\/marcopachiega.com\/blog\/wp-json\/wp\/v2\/comments?post=3108"}],"version-history":[{"count":0,"href":"https:\/\/marcopachiega.com\/blog\/wp-json\/wp\/v2\/posts\/3108\/revisions"}],"wp:featuredmedia":[{"embeddable":true,"href":"https:\/\/marcopachiega.com\/blog\/wp-json\/wp\/v2\/media\/3106"}],"wp:attachment":[{"href":"https:\/\/marcopachiega.com\/blog\/wp-json\/wp\/v2\/media?parent=3108"}],"wp:term":[{"taxonomy":"category","embeddable":true,"href":"https:\/\/marcopachiega.com\/blog\/wp-json\/wp\/v2\/categories?post=3108"},{"taxonomy":"post_tag","embeddable":true,"href":"https:\/\/marcopachiega.com\/blog\/wp-json\/wp\/v2\/tags?post=3108"}],"curies":[{"name":"wp","href":"https:\/\/api.w.org\/{rel}","templated":true}]}}