{"id":3377,"date":"2020-05-15T22:45:36","date_gmt":"2020-05-15T22:45:36","guid":{"rendered":"https:\/\/marcopachiega.com\/blog\/?p=3377"},"modified":"2024-11-20T09:37:45","modified_gmt":"2024-11-20T09:37:45","slug":"il-ricordo-ciclico-del-cantamaggio","status":"publish","type":"post","link":"https:\/\/marcopachiega.com\/blog\/il-ricordo-ciclico-del-cantamaggio\/","title":{"rendered":"IL RICORDO CICLICO DEL CANTAMAGGIO"},"content":{"rendered":"<h1 style=\"text-align: center;\">IL RICORDO CICLICO DEL CANTAMAGGIO<\/h1>\n<h2 style=\"text-align: center;\">La tradizione della fertilit\u00e0 e della bella stagione ai tempi del covid-19<\/h2>\n<h3><a href=\"https:\/\/marcopachiega.com\/beng\/the-cyclic-memory-of-cantamaggio\/\" rel=\"noopener noreferrer\"><strong>English<\/strong><\/a><\/h3>\n<h3><a href=\"https:\/\/marcopachiega.com\/besp\/la-memoria-ciclica-de-cantamaggio\/\" rel=\"noopener noreferrer\"><strong>Espa\u00f1ol<\/strong><\/a><\/h3>\n<p>L\u2018inizio ufficiale della primavera tra il 21 e 23 di marzo viene denominato equinozio. Maggio per\u00f2 \u00e8 il mese che pi\u00f9 di tutti mostra la bellezza della natura che rinasce. Fin dall&#8217;antichit\u00e0 l uomo \u00e8 rimasto sempre impressionato dalla forza misteriosa della natura generata dal calore del nostro sole. Ogni anno \u00e8 sempre una bellissima sorpresa. Tutto rinasce. La flora e la fauna tornano ad essere rigogliose, le giornate si allungano e le notti si fanno pi\u00f9 miti e brevi.<\/p>\n<p><img fetchpriority=\"high\" decoding=\"async\" class=\"aligncenter wp-image-3390\" src=\"https:\/\/marcopachiega.com\/blog\/wp-content\/uploads\/sites\/9\/2020\/05\/DSC8338.jpg\" alt=\"IL RICORDO CICLICO DEL CANTAMAGGIO\" width=\"600\" height=\"399\" srcset=\"https:\/\/marcopachiega.com\/blog\/wp-content\/uploads\/sites\/9\/2020\/05\/DSC8338.jpg 1226w, https:\/\/marcopachiega.com\/blog\/wp-content\/uploads\/sites\/9\/2020\/05\/DSC8338-744x495.jpg 744w, https:\/\/marcopachiega.com\/blog\/wp-content\/uploads\/sites\/9\/2020\/05\/DSC8338-1200x798.jpg 1200w, https:\/\/marcopachiega.com\/blog\/wp-content\/uploads\/sites\/9\/2020\/05\/DSC8338-420x279.jpg 420w\" sizes=\"(max-width: 600px) 100vw, 600px\" \/><\/p>\n<h3><\/h3>\n<h3><strong>TRADIZIONI PAGANE<\/strong><\/h3>\n<p>Non \u00e8 un caso che in tutta europa tra il 28 aprile 2 il maggio si celebri, se pur con differenti nomi e tradizioni folkloristiche, questo evento ciclico. <a href=\"https:\/\/it.wikipedia.org\/wiki\/Beltane\" target=\"_blank\" rel=\"noopener noreferrer\"><strong>Beltane<\/strong><\/a>, <strong><a href=\"https:\/\/en.wikipedia.org\/wiki\/May_Day\" target=\"_blank\" rel=\"noopener noreferrer\">May Day<\/a><\/strong>, <a href=\"https:\/\/en.wikipedia.org\/wiki\/%27Obby_%27Oss_festival\" target=\"_blank\" rel=\"noopener noreferrer\"><strong>&#8216;Obby &#8216;Oss festival<\/strong><\/a>, <a href=\"https:\/\/it.wikipedia.org\/wiki\/Notte_di_Valpurga\" target=\"_blank\" rel=\"noopener noreferrer\"><strong>Notte di Valpurga<\/strong><\/a> o <a href=\"https:\/\/it.wikipedia.org\/wiki\/Floralia\" target=\"_blank\" rel=\"noopener noreferrer\"><strong>Ludi Florales<\/strong><\/a> per gli antichi romani, sono solo alcuni dei nomi che si rifanno al culto pagano della fertilit\u00e0 e la rinascita. Canti propiziatori, giochi e scherzi piccanti e la voglia di stare insieme sono solo alcuni dei punti in comune. In Italia sopravvive, anche se a stento, un\u2019antica tradizione molto simile, il <a href=\"https:\/\/it.wikipedia.org\/wiki\/Canti_del_Maggio\" target=\"_blank\" rel=\"noopener noreferrer\"><strong>Cantamaggio<\/strong><\/a> presente anche nelle Marche.<\/p>\n<p>In questa regione il piccolo borgo millenario di <strong><a href=\"https:\/\/www.morrodalba.com\/\" target=\"_blank\" rel=\"noopener noreferrer\">Morro d\u2019alba<\/a><\/strong> \u00a0celebra il \u00a0Cantamaggio appunto ai principi di Maggio.<\/p>\n<p><img decoding=\"async\" class=\"aligncenter wp-image-3388 lazyload\" data-src=\"https:\/\/marcopachiega.com\/blog\/wp-content\/uploads\/sites\/9\/2020\/05\/DSC5981.jpg\" alt=\"IL RICORDO CICLICO DEL CANTAMAGGIO\" width=\"600\" height=\"399\" data-srcset=\"https:\/\/marcopachiega.com\/blog\/wp-content\/uploads\/sites\/9\/2020\/05\/DSC5981.jpg 1226w, https:\/\/marcopachiega.com\/blog\/wp-content\/uploads\/sites\/9\/2020\/05\/DSC5981-744x495.jpg 744w, https:\/\/marcopachiega.com\/blog\/wp-content\/uploads\/sites\/9\/2020\/05\/DSC5981-1200x798.jpg 1200w, https:\/\/marcopachiega.com\/blog\/wp-content\/uploads\/sites\/9\/2020\/05\/DSC5981-420x279.jpg 420w\" data-sizes=\"(max-width: 600px) 100vw, 600px\" src=\"data:image\/svg+xml;base64,PHN2ZyB3aWR0aD0iMSIgaGVpZ2h0PSIxIiB4bWxucz0iaHR0cDovL3d3dy53My5vcmcvMjAwMC9zdmciPjwvc3ZnPg==\" style=\"--smush-placeholder-width: 600px; --smush-placeholder-aspect-ratio: 600\/399;\" \/><\/p>\n<h3><strong>IL CANTAMAGGIO<\/strong><\/h3>\n<p>Ma come funziona? Dove si va e che si fa?<\/p>\n<p>La tradizione inizia con issare nella piazza un altissimo albero che verr\u00e0 poi adornato. La festa continua nei fine settimana successivi con le questue dei &#8220;maggianti&#8221;. Giovani e non si incamminano per le antiche strade di campagna e del centro per cantare strofe dedicate alla prosperit\u00e0 e all&#8217;amore accompagnate da strumenti tradizionali. Non mancano ovviamente i momenti piccanti e di rivalit\u00e0. C&#8217;\u00e8 contesa, ovviamente, \u00a0tra i vari gruppi i quali possono venire da diverse contrade o paesi limitrofi. La &#8220;questua&#8221; spesso termina con il ballo del saltarello, vino e prodotti tipici offerti dalla famiglia ospitante.<\/p>\n<p><img decoding=\"async\" class=\"aligncenter wp-image-3389 lazyload\" data-src=\"https:\/\/marcopachiega.com\/blog\/wp-content\/uploads\/sites\/9\/2020\/05\/DSC8195_6_7_8_9_tonemapped.jpg\" alt=\"IL RICORDO CICLICO DEL CANTAMAGGIO\" width=\"600\" height=\"399\" data-srcset=\"https:\/\/marcopachiega.com\/blog\/wp-content\/uploads\/sites\/9\/2020\/05\/DSC8195_6_7_8_9_tonemapped.jpg 1226w, https:\/\/marcopachiega.com\/blog\/wp-content\/uploads\/sites\/9\/2020\/05\/DSC8195_6_7_8_9_tonemapped-744x495.jpg 744w, https:\/\/marcopachiega.com\/blog\/wp-content\/uploads\/sites\/9\/2020\/05\/DSC8195_6_7_8_9_tonemapped-1200x798.jpg 1200w, https:\/\/marcopachiega.com\/blog\/wp-content\/uploads\/sites\/9\/2020\/05\/DSC8195_6_7_8_9_tonemapped-420x279.jpg 420w\" data-sizes=\"(max-width: 600px) 100vw, 600px\" src=\"data:image\/svg+xml;base64,PHN2ZyB3aWR0aD0iMSIgaGVpZ2h0PSIxIiB4bWxucz0iaHR0cDovL3d3dy53My5vcmcvMjAwMC9zdmciPjwvc3ZnPg==\" style=\"--smush-placeholder-width: 600px; --smush-placeholder-aspect-ratio: 600\/399;\" \/><\/p>\n<h3><strong>IL CANTAMAGGIO NEL 2020<\/strong><\/h3>\n<p>L\u2019usanza \u00a0purtroppo ha perso molto della sua forza sopratutto in questo anno gi\u00e0 passato alla storia per la pandemia del <a href=\"https:\/\/it.wikipedia.org\/wiki\/COVID-19\" target=\"_blank\" rel=\"noopener noreferrer\"><strong>Covid-19<\/strong><\/a>. A parte la picchiata economica in questo periodo ci \u00e8 stato proibito la vicinanza sociale, sfiorare e parlare in modo ravvicinato con i nostri coetanei. \u00a0Passarsi bicchieri, scambiarsi baci, ballare, stringersi le mani e tutto ci\u00f2 che ci contraddistingue come umani in un periodo cos\u00ec bello, la primavera, ci \u00e8 stato negato.<\/p>\n<p>A quanto pare per\u00f2 nonostante i divieti e la paura del contagio, Morro d&#8217;alba continua mantenendo questa tradizione importante. Il tradizionale albero \u00e8 issato e pronto per essere adornato e infine bruciato la domenica del 31 maggio. Le frequenti aggregazioni non potranno avere luogo ma la voglia di mantenere viva questa tradizione e passare quest&#8217;anno tanto difficile rimane e si fa pi\u00f9 forte. L&#8217;antica usanza e superstizione si mescola con ancora pi\u00f9 forza con la fredda razionalit\u00e0 del XXI secolo.<\/p>\n<p>Trovate il programma e tante curiosit\u00e0 sul blog<strong> <a href=\"https:\/\/nonsiamomaisoli.blogspot.com\/\" target=\"_blank\" rel=\"noopener noreferrer\">nonsiamomaisoli<\/a><\/strong>. Dateci un occhiata \u00e8 molto interessante!<\/p>\n<p><strong>Il mio piccolo omaggio a una terra cos\u00ec bella e intensa come le Marche e il Cantamaggio \u00e8 ricordarlo con alcune foto dell&#8217;evento del 2015<\/strong>.<\/p>\n<p>Vuoi leggere un altro articolo? Dai un&#8217;occhiata alla sezione <a href=\"https:\/\/marcopachiega.com\/blog\/viaggi-e-altre-storie\/\" rel=\"noopener noreferrer\"><strong>Viaggi e altre storie!<\/strong><\/a> o guarda la gallery qui di seguito.<\/p>\n<p>&nbsp;<\/p>\n\n<div class=\"gdgallery-gallery-container\" id=\"gdgallery-container-43\" data-id=\"43\">\n    \n<div id=\"gdgallery_container_43\" style=\"display:none;\" data-view=\"justified\">\n            <a href=\"\" target=\"_blank\">\n            <img decoding=\"async\" alt=\"\"\n                 data-type=\"image\"\n                 data-src=\"https:\/\/marcopachiega.com\/blog\/wp-content\/uploads\/sites\/9\/2020\/05\/DSC8338.jpg\"\n                 data-image=\"https:\/\/marcopachiega.com\/blog\/wp-content\/uploads\/sites\/9\/2020\/05\/DSC8338.jpg\"\n                 data-description=\"\"\n                                 style=\"--smush-placeholder-width: 1226px; --smush-placeholder-aspect-ratio: 1226\/815;display:block\" src=\"data:image\/svg+xml;base64,PHN2ZyB3aWR0aD0iMSIgaGVpZ2h0PSIxIiB4bWxucz0iaHR0cDovL3d3dy53My5vcmcvMjAwMC9zdmciPjwvc3ZnPg==\" class=\"lazyload\">\n        <\/a>\n            <a href=\"\" target=\"_blank\">\n            <img decoding=\"async\" alt=\"\"\n                 data-type=\"image\"\n                 data-src=\"https:\/\/marcopachiega.com\/blog\/wp-content\/uploads\/sites\/9\/2020\/05\/DSC8195_6_7_8_9_tonemapped.jpg\"\n                 data-image=\"https:\/\/marcopachiega.com\/blog\/wp-content\/uploads\/sites\/9\/2020\/05\/DSC8195_6_7_8_9_tonemapped.jpg\"\n                 data-description=\"\"\n                                 style=\"--smush-placeholder-width: 1226px; --smush-placeholder-aspect-ratio: 1226\/815;display:block\" src=\"data:image\/svg+xml;base64,PHN2ZyB3aWR0aD0iMSIgaGVpZ2h0PSIxIiB4bWxucz0iaHR0cDovL3d3dy53My5vcmcvMjAwMC9zdmciPjwvc3ZnPg==\" class=\"lazyload\">\n        <\/a>\n            <a href=\"\" target=\"_blank\">\n            <img decoding=\"async\" alt=\"\"\n                 data-type=\"image\"\n                 data-src=\"https:\/\/marcopachiega.com\/blog\/wp-content\/uploads\/sites\/9\/2020\/05\/DSC5981.jpg\"\n                 data-image=\"https:\/\/marcopachiega.com\/blog\/wp-content\/uploads\/sites\/9\/2020\/05\/DSC5981.jpg\"\n                 data-description=\"\"\n                                 style=\"--smush-placeholder-width: 1226px; --smush-placeholder-aspect-ratio: 1226\/815;display:block\" src=\"data:image\/svg+xml;base64,PHN2ZyB3aWR0aD0iMSIgaGVpZ2h0PSIxIiB4bWxucz0iaHR0cDovL3d3dy53My5vcmcvMjAwMC9zdmciPjwvc3ZnPg==\" class=\"lazyload\">\n        <\/a>\n            <a href=\"\" target=\"_blank\">\n            <img decoding=\"async\" alt=\"\"\n                 data-type=\"image\"\n                 data-src=\"https:\/\/marcopachiega.com\/blog\/wp-content\/uploads\/sites\/9\/2020\/05\/DSC5977.jpg\"\n                 data-image=\"https:\/\/marcopachiega.com\/blog\/wp-content\/uploads\/sites\/9\/2020\/05\/DSC5977.jpg\"\n                 data-description=\"\"\n                                 style=\"--smush-placeholder-width: 1226px; --smush-placeholder-aspect-ratio: 1226\/815;display:block\" src=\"data:image\/svg+xml;base64,PHN2ZyB3aWR0aD0iMSIgaGVpZ2h0PSIxIiB4bWxucz0iaHR0cDovL3d3dy53My5vcmcvMjAwMC9zdmciPjwvc3ZnPg==\" class=\"lazyload\">\n        <\/a>\n            <a href=\"\" target=\"_blank\">\n            <img decoding=\"async\" alt=\"\"\n                 data-type=\"image\"\n                 data-src=\"https:\/\/marcopachiega.com\/blog\/wp-content\/uploads\/sites\/9\/2020\/05\/DSC5965.jpg\"\n                 data-image=\"https:\/\/marcopachiega.com\/blog\/wp-content\/uploads\/sites\/9\/2020\/05\/DSC5965.jpg\"\n                 data-description=\"\"\n                                 style=\"--smush-placeholder-width: 1226px; --smush-placeholder-aspect-ratio: 1226\/815;display:block\" src=\"data:image\/svg+xml;base64,PHN2ZyB3aWR0aD0iMSIgaGVpZ2h0PSIxIiB4bWxucz0iaHR0cDovL3d3dy53My5vcmcvMjAwMC9zdmciPjwvc3ZnPg==\" class=\"lazyload\">\n        <\/a>\n            <a href=\"\" target=\"_blank\">\n            <img decoding=\"async\" alt=\"\"\n                 data-type=\"image\"\n                 data-src=\"https:\/\/marcopachiega.com\/blog\/wp-content\/uploads\/sites\/9\/2020\/05\/DSC5954.jpg\"\n                 data-image=\"https:\/\/marcopachiega.com\/blog\/wp-content\/uploads\/sites\/9\/2020\/05\/DSC5954.jpg\"\n                 data-description=\"\"\n                                 style=\"--smush-placeholder-width: 1226px; --smush-placeholder-aspect-ratio: 1226\/815;display:block\" src=\"data:image\/svg+xml;base64,PHN2ZyB3aWR0aD0iMSIgaGVpZ2h0PSIxIiB4bWxucz0iaHR0cDovL3d3dy53My5vcmcvMjAwMC9zdmciPjwvc3ZnPg==\" class=\"lazyload\">\n        <\/a>\n            <a href=\"\" target=\"_blank\">\n            <img decoding=\"async\" alt=\"\"\n                 data-type=\"image\"\n                 data-src=\"https:\/\/marcopachiega.com\/blog\/wp-content\/uploads\/sites\/9\/2020\/05\/DSC5949.jpg\"\n                 data-image=\"https:\/\/marcopachiega.com\/blog\/wp-content\/uploads\/sites\/9\/2020\/05\/DSC5949.jpg\"\n                 data-description=\"\"\n                                 style=\"--smush-placeholder-width: 1226px; --smush-placeholder-aspect-ratio: 1226\/815;display:block\" src=\"data:image\/svg+xml;base64,PHN2ZyB3aWR0aD0iMSIgaGVpZ2h0PSIxIiB4bWxucz0iaHR0cDovL3d3dy53My5vcmcvMjAwMC9zdmciPjwvc3ZnPg==\" class=\"lazyload\">\n        <\/a>\n            <a href=\"\" target=\"_blank\">\n            <img decoding=\"async\" alt=\"\"\n                 data-type=\"image\"\n                 data-src=\"https:\/\/marcopachiega.com\/blog\/wp-content\/uploads\/sites\/9\/2020\/05\/DSC5886.jpg\"\n                 data-image=\"https:\/\/marcopachiega.com\/blog\/wp-content\/uploads\/sites\/9\/2020\/05\/DSC5886.jpg\"\n                 data-description=\"\"\n                                 style=\"--smush-placeholder-width: 1226px; --smush-placeholder-aspect-ratio: 1226\/815;display:block\" src=\"data:image\/svg+xml;base64,PHN2ZyB3aWR0aD0iMSIgaGVpZ2h0PSIxIiB4bWxucz0iaHR0cDovL3d3dy53My5vcmcvMjAwMC9zdmciPjwvc3ZnPg==\" class=\"lazyload\">\n        <\/a>\n            <a href=\"\" target=\"_blank\">\n            <img decoding=\"async\" alt=\"\"\n                 data-type=\"image\"\n                 data-src=\"https:\/\/marcopachiega.com\/blog\/wp-content\/uploads\/sites\/9\/2020\/05\/DSC5831.jpg\"\n                 data-image=\"https:\/\/marcopachiega.com\/blog\/wp-content\/uploads\/sites\/9\/2020\/05\/DSC5831.jpg\"\n                 data-description=\"\"\n                                 style=\"--smush-placeholder-width: 1226px; --smush-placeholder-aspect-ratio: 1226\/815;display:block\" src=\"data:image\/svg+xml;base64,PHN2ZyB3aWR0aD0iMSIgaGVpZ2h0PSIxIiB4bWxucz0iaHR0cDovL3d3dy53My5vcmcvMjAwMC9zdmciPjwvc3ZnPg==\" class=\"lazyload\">\n        <\/a>\n            <a href=\"\" target=\"_blank\">\n            <img decoding=\"async\" alt=\"\"\n                 data-type=\"image\"\n                 data-src=\"https:\/\/marcopachiega.com\/blog\/wp-content\/uploads\/sites\/9\/2020\/05\/DSC5774.jpg\"\n                 data-image=\"https:\/\/marcopachiega.com\/blog\/wp-content\/uploads\/sites\/9\/2020\/05\/DSC5774.jpg\"\n                 data-description=\"\"\n                                 style=\"--smush-placeholder-width: 1226px; --smush-placeholder-aspect-ratio: 1226\/815;display:block\" src=\"data:image\/svg+xml;base64,PHN2ZyB3aWR0aD0iMSIgaGVpZ2h0PSIxIiB4bWxucz0iaHR0cDovL3d3dy53My5vcmcvMjAwMC9zdmciPjwvc3ZnPg==\" class=\"lazyload\">\n        <\/a>\n            <a href=\"\" target=\"_blank\">\n            <img decoding=\"async\" alt=\"\"\n                 data-type=\"image\"\n                 data-src=\"https:\/\/marcopachiega.com\/blog\/wp-content\/uploads\/sites\/9\/2020\/05\/DSC5732.jpg\"\n                 data-image=\"https:\/\/marcopachiega.com\/blog\/wp-content\/uploads\/sites\/9\/2020\/05\/DSC5732.jpg\"\n                 data-description=\"\"\n                                 style=\"--smush-placeholder-width: 1226px; --smush-placeholder-aspect-ratio: 1226\/815;display:block\" src=\"data:image\/svg+xml;base64,PHN2ZyB3aWR0aD0iMSIgaGVpZ2h0PSIxIiB4bWxucz0iaHR0cDovL3d3dy53My5vcmcvMjAwMC9zdmciPjwvc3ZnPg==\" class=\"lazyload\">\n        <\/a>\n            <a href=\"\" target=\"_blank\">\n            <img decoding=\"async\" alt=\"\"\n                 data-type=\"image\"\n                 data-src=\"https:\/\/marcopachiega.com\/blog\/wp-content\/uploads\/sites\/9\/2020\/05\/DSC5646.jpg\"\n                 data-image=\"https:\/\/marcopachiega.com\/blog\/wp-content\/uploads\/sites\/9\/2020\/05\/DSC5646.jpg\"\n                 data-description=\"\"\n                                 style=\"--smush-placeholder-width: 1226px; --smush-placeholder-aspect-ratio: 1226\/815;display:block\" src=\"data:image\/svg+xml;base64,PHN2ZyB3aWR0aD0iMSIgaGVpZ2h0PSIxIiB4bWxucz0iaHR0cDovL3d3dy53My5vcmcvMjAwMC9zdmciPjwvc3ZnPg==\" class=\"lazyload\">\n        <\/a>\n    <\/div>\n\n\n\n<script type=\"text\/javascript\">\n\n\n    (function() {\n        var runMyCode = function() {\n            jQuery(document).ready(function () {\n                var container = jQuery(\"#gdgallery_container_43\");\n                container.unitegallery({\"gallery_theme\":\"justified\",\"tiles_type\":\"justified\",\"tiles_justified_space_between\":10,\"tile_enable_textpanel\":true,\"tile_textpanel_always_on\":true,\"tile_textpanel_title_text_align\":\"center\",\"tile_textpanel_title_font_size\":\"16\",\"tile_textpanel_title_color\":\"#FFFFFF\",\"tile_textpanel_bg_color\":\"#333333\",\"tile_textpanel_bg_opacity\":0.7,\"tile_enable_border\":true,\"tile_border_width\":\"0\",\"tile_border_color\":\"#333333\",\"tile_border_radius\":\"0\",\"tile_enable_overlay\":true,\"tile_enable_image_effect\":true,\"tile_image_effect_type\":\"blur\",\"tile_image_effect_reverse\":true,\"tile_enable_shadow\":false,\"tile_as_link\":false,\"tile_enable_icons\":true,\"tile_show_link_icon\":true,\"tile_textpanel_appear_type\":\"slide\",\"tile_textpanel_position\":\"inside_bottom\",\"tile_link_newpage\":true,\"lightbox_type\":\"wide\",\"lightbox_arrows_offset\":0,\"lightbox_overlay_color\":\"#000000\",\"lightbox_overlay_opacity\":1,\"lightbox_top_panel_opacity\":1,\"lightbox_show_numbers\":true,\"lightbox_numbers_size\":\"15\",\"lightbox_numbers_color\":\"#FFFFFF\",\"lightbox_slider_image_border_width\":\"0\",\"lightbox_slider_image_border_color\":\"#FFFFFF\",\"lightbox_slider_image_border_radius\":0,\"lightbox_slider_image_shadow\":true,\"lightbox_slider_control_swipe\":true,\"lightbox_slider_control_zoom\":true,\"lightbox_slider_image_border\":true,\"lightbox_show_textpanel\":true,\"lightbox_textpanel_enable_title\":true,\"lightbox_textpanel_enable_description\":false,\"lightbox_textpanel_padding_top\":5,\"lightbox_textpanel_padding_bottom\":5,\"lightbox_textpanel_padding_right\":5,\"lightbox_textpanel_padding_left\":5,\"lightbox_textpanel_title_color\":\"#FFFFFF\",\"lightbox_textpanel_title_text_align\":\"center\",\"lightbox_textpanel_title_font_size\":\"16\",\"lightbox_textpanel_desc_color\":\"#FFFFFF\",\"lightbox_textpanel_desc_text_align\":\"center\",\"lightbox_textpanel_desc_font_size\":\"14\"});\n            });\n        };\n        var timer = function() {\n            if (window.jQuery) {runMyCode(window.jQuery);}\n            else {window.setTimeout(timer, 100);}\n        };\n        timer();\n    })();\n<\/script><style>\n#gdgallery-container-43 {\n   text-align: center}\n\n.gdgallery-pagination-43{\ntext-align: center !important;\n}\n\n.gdgallery-pagination-43 a{\n    font-size: 15px !important;\n    padding: 8px 13px !important;\n    margin: 3px !important;\n    border: 1px solid #333333 !important;\n    border-radius: 0px !important;\n    color: #333333 !important;\n    background-color: #FFFFFF !important;\n    font-family: monospace !important;\n}\n\n.gdgallery-pagination-43 a:hover, .gdgallery-pagination-43 a.gdgallery-pagination-icon-active{\n    color: #FFFFFF !important;\n    background-color: #333333 !important;\n    border-color: #333333 !important;\n}\n\n#gdgallery-container-43 .gdgallery_load_more_space{\n    margin-top: 20px !important;\n    text-align: center !important;\n}\n\n#gdgallery-container-43 .gdgallery_load_more_space button{\n                      padding: 8px 13px !important;\n    font-size: 15px !important;\n    background-color: #333333 !important;\n    color: #FFFFFF !important;\n    border:1px solid #333333 !important;\n                      border-radius: 0px !important;\n                      font-family: monospace !important;\n                  }\n#gdgallery-container-43 .gdgallery_load_more_space button:hover{\n                      background-color: #FFFFFF !important;\n                      color: #333333 !important;\n                      border-color: #333333 !important;\n                  }\n\n#gdgallery-container-43 .gdgallery_load_more_space button,\n#gdgallery-container-43 .gdgallery_load_more_space button:hover,\n#gdgallery-container-43 .gdgallery_load_more_space button:active,\n#gdgallery-container-43 .gdgallery_load_more_space button:focus{\n    outline: none !important;\n}\n\n\n#gdgallery-container-43 .gdgallery_loading li{\n                      border: 3px solid #333333 !important;\n                  }\n\n.ug-lightbox .ug-lightbox-top-panel-overlay{\n    background-color: #000000 !important;\n}\n\n\n                  #gdgallery_container_43{}\n<\/style>\n\n\n\n<\/div>\n\n\n\n\n\n\n<p><em>Marco Pachiega<\/em><\/p>\n<p>&nbsp;<\/p>\n","protected":false},"excerpt":{"rendered":"<p>IL RICORDO CICLICO DEL CANTAMAGGIO La tradizione della fertilit\u00e0 e della bella stagione ai tempi del covid-19 English Espa\u00f1ol L\u2018inizio ufficiale della primavera tra il 21 e 23 di marzo viene denominato equinozio. Maggio per\u00f2 \u00e8 il mese che pi\u00f9 di tutti mostra la bellezza della natura che rinasce. Fin dall&#8217;antichit\u00e0 l uomo \u00e8 rimasto sempre impressionato dalla forza misteriosa della natura generata dal calore del nostro sole. Ogni anno \u00e8 sempre una bellissima sorpresa. Tutto rinasce. La flora e la fauna tornano ad essere rigogliose, le giornate si allungano e le notti si fanno pi\u00f9 miti e brevi. TRADIZIONI PAGANE Non \u00e8 un caso che in tutta europa tra&hellip; <a class=\"read-more\" href=\"https:\/\/marcopachiega.com\/blog\/il-ricordo-ciclico-del-cantamaggio\/\">Read More<\/a><\/p>\n","protected":false},"author":1,"featured_media":3385,"comment_status":"open","ping_status":"open","sticky":false,"template":"","format":"standard","meta":{"footnotes":""},"categories":[461,184],"tags":[435,436,255,427,439,108,334,437,336,440,438,381],"class_list":["post-3377","post","type-post","status-publish","format-standard","has-post-thumbnail","hentry","category-italia","category-viaggi-scappatelle-e-altre-storie","tag-cantamaggio","tag-covid-19","tag-cultura","tag-culture","tag-folklore","tag-italia","tag-italy","tag-maggio","tag-marche","tag-portrait","tag-tradizione","tag-travelphotography"],"yoast_head":"<!-- This site is optimized with the Yoast SEO plugin v27.3 - https:\/\/yoast.com\/product\/yoast-seo-wordpress\/ -->\n<title>IL RICORDO CICLICO DEL CANTAMAGGIO - Pachiega&#039;s blog<\/title>\n<meta name=\"description\" content=\"IL RICORDO CICLICO DEL CANTAMAGGIO. L&#039;antica tradizione della fertilit\u00e0 e della bella stagione ai tempi del covid-19 sopravvive.\" \/>\n<meta name=\"robots\" content=\"index, follow, max-snippet:-1, max-image-preview:large, max-video-preview:-1\" \/>\n<link rel=\"canonical\" href=\"https:\/\/marcopachiega.com\/blog\/il-ricordo-ciclico-del-cantamaggio\/\" \/>\n<meta property=\"og:locale\" content=\"it_IT\" \/>\n<meta property=\"og:type\" content=\"article\" \/>\n<meta property=\"og:title\" content=\"IL RICORDO CICLICO DEL CANTAMAGGIO - Pachiega&#039;s blog\" \/>\n<meta property=\"og:description\" content=\"IL RICORDO CICLICO DEL CANTAMAGGIO. L&#039;antica tradizione della fertilit\u00e0 e della bella stagione ai tempi del covid-19 sopravvive.\" \/>\n<meta property=\"og:url\" content=\"https:\/\/marcopachiega.com\/blog\/il-ricordo-ciclico-del-cantamaggio\/\" \/>\n<meta property=\"og:site_name\" content=\"Pachiega&#039;s blog\" \/>\n<meta property=\"article:published_time\" content=\"2020-05-15T22:45:36+00:00\" \/>\n<meta property=\"article:modified_time\" content=\"2024-11-20T09:37:45+00:00\" \/>\n<meta property=\"og:image\" content=\"https:\/\/marcopachiega.com\/blog\/wp-content\/uploads\/sites\/9\/2020\/05\/DSC5954.jpg\" \/>\n\t<meta property=\"og:image:width\" content=\"1226\" \/>\n\t<meta property=\"og:image:height\" content=\"815\" \/>\n\t<meta property=\"og:image:type\" content=\"image\/jpeg\" \/>\n<meta name=\"author\" content=\"marcopac\" \/>\n<meta name=\"twitter:card\" content=\"summary_large_image\" \/>\n<meta name=\"twitter:label1\" content=\"Scritto da\" \/>\n\t<meta name=\"twitter:data1\" content=\"marcopac\" \/>\n\t<meta name=\"twitter:label2\" content=\"Tempo di lettura stimato\" \/>\n\t<meta name=\"twitter:data2\" content=\"4 minuti\" \/>\n<script type=\"application\/ld+json\" class=\"yoast-schema-graph\">{\"@context\":\"https:\\\/\\\/schema.org\",\"@graph\":[{\"@type\":\"Article\",\"@id\":\"https:\\\/\\\/marcopachiega.com\\\/blog\\\/il-ricordo-ciclico-del-cantamaggio\\\/#article\",\"isPartOf\":{\"@id\":\"https:\\\/\\\/marcopachiega.com\\\/blog\\\/il-ricordo-ciclico-del-cantamaggio\\\/\"},\"author\":{\"name\":\"marcopac\",\"@id\":\"https:\\\/\\\/marcopachiega.com\\\/blog\\\/#\\\/schema\\\/person\\\/5800e113375ba5f33499beca73ac3336\"},\"headline\":\"IL RICORDO CICLICO DEL CANTAMAGGIO\",\"datePublished\":\"2020-05-15T22:45:36+00:00\",\"dateModified\":\"2024-11-20T09:37:45+00:00\",\"mainEntityOfPage\":{\"@id\":\"https:\\\/\\\/marcopachiega.com\\\/blog\\\/il-ricordo-ciclico-del-cantamaggio\\\/\"},\"wordCount\":548,\"commentCount\":0,\"publisher\":{\"@id\":\"https:\\\/\\\/marcopachiega.com\\\/blog\\\/#\\\/schema\\\/person\\\/5800e113375ba5f33499beca73ac3336\"},\"image\":{\"@id\":\"https:\\\/\\\/marcopachiega.com\\\/blog\\\/il-ricordo-ciclico-del-cantamaggio\\\/#primaryimage\"},\"thumbnailUrl\":\"https:\\\/\\\/marcopachiega.com\\\/blog\\\/wp-content\\\/uploads\\\/sites\\\/9\\\/2020\\\/05\\\/DSC5954.jpg\",\"keywords\":[\"cantamaggio\",\"covid-19\",\"Cultura\",\"Culture\",\"folklore\",\"italia\",\"Italy\",\"maggio\",\"Marche\",\"portrait\",\"tradizione\",\"Travelphotography\"],\"articleSection\":[\"Italia\",\"Viaggi scappatelle e altre storie\"],\"inLanguage\":\"it-IT\",\"potentialAction\":[{\"@type\":\"CommentAction\",\"name\":\"Comment\",\"target\":[\"https:\\\/\\\/marcopachiega.com\\\/blog\\\/il-ricordo-ciclico-del-cantamaggio\\\/#respond\"]}]},{\"@type\":\"WebPage\",\"@id\":\"https:\\\/\\\/marcopachiega.com\\\/blog\\\/il-ricordo-ciclico-del-cantamaggio\\\/\",\"url\":\"https:\\\/\\\/marcopachiega.com\\\/blog\\\/il-ricordo-ciclico-del-cantamaggio\\\/\",\"name\":\"IL RICORDO CICLICO DEL CANTAMAGGIO - Pachiega&#039;s blog\",\"isPartOf\":{\"@id\":\"https:\\\/\\\/marcopachiega.com\\\/blog\\\/#website\"},\"primaryImageOfPage\":{\"@id\":\"https:\\\/\\\/marcopachiega.com\\\/blog\\\/il-ricordo-ciclico-del-cantamaggio\\\/#primaryimage\"},\"image\":{\"@id\":\"https:\\\/\\\/marcopachiega.com\\\/blog\\\/il-ricordo-ciclico-del-cantamaggio\\\/#primaryimage\"},\"thumbnailUrl\":\"https:\\\/\\\/marcopachiega.com\\\/blog\\\/wp-content\\\/uploads\\\/sites\\\/9\\\/2020\\\/05\\\/DSC5954.jpg\",\"datePublished\":\"2020-05-15T22:45:36+00:00\",\"dateModified\":\"2024-11-20T09:37:45+00:00\",\"description\":\"IL RICORDO CICLICO DEL CANTAMAGGIO. L'antica tradizione della fertilit\u00e0 e della bella stagione ai tempi del covid-19 sopravvive.\",\"breadcrumb\":{\"@id\":\"https:\\\/\\\/marcopachiega.com\\\/blog\\\/il-ricordo-ciclico-del-cantamaggio\\\/#breadcrumb\"},\"inLanguage\":\"it-IT\",\"potentialAction\":[{\"@type\":\"ReadAction\",\"target\":[\"https:\\\/\\\/marcopachiega.com\\\/blog\\\/il-ricordo-ciclico-del-cantamaggio\\\/\"]}]},{\"@type\":\"ImageObject\",\"inLanguage\":\"it-IT\",\"@id\":\"https:\\\/\\\/marcopachiega.com\\\/blog\\\/il-ricordo-ciclico-del-cantamaggio\\\/#primaryimage\",\"url\":\"https:\\\/\\\/marcopachiega.com\\\/blog\\\/wp-content\\\/uploads\\\/sites\\\/9\\\/2020\\\/05\\\/DSC5954.jpg\",\"contentUrl\":\"https:\\\/\\\/marcopachiega.com\\\/blog\\\/wp-content\\\/uploads\\\/sites\\\/9\\\/2020\\\/05\\\/DSC5954.jpg\",\"width\":1226,\"height\":815,\"caption\":\"IL RICORDO CICLICO DEL CANTAMAGGIO\"},{\"@type\":\"BreadcrumbList\",\"@id\":\"https:\\\/\\\/marcopachiega.com\\\/blog\\\/il-ricordo-ciclico-del-cantamaggio\\\/#breadcrumb\",\"itemListElement\":[{\"@type\":\"ListItem\",\"position\":1,\"name\":\"Home\",\"item\":\"https:\\\/\\\/marcopachiega.com\\\/blog\\\/\"},{\"@type\":\"ListItem\",\"position\":2,\"name\":\"IL RICORDO CICLICO DEL CANTAMAGGIO\"}]},{\"@type\":\"WebSite\",\"@id\":\"https:\\\/\\\/marcopachiega.com\\\/blog\\\/#website\",\"url\":\"https:\\\/\\\/marcopachiega.com\\\/blog\\\/\",\"name\":\"Pachiega&#039;s blog\",\"description\":\"Observation post\",\"publisher\":{\"@id\":\"https:\\\/\\\/marcopachiega.com\\\/blog\\\/#\\\/schema\\\/person\\\/5800e113375ba5f33499beca73ac3336\"},\"potentialAction\":[{\"@type\":\"SearchAction\",\"target\":{\"@type\":\"EntryPoint\",\"urlTemplate\":\"https:\\\/\\\/marcopachiega.com\\\/blog\\\/?s={search_term_string}\"},\"query-input\":{\"@type\":\"PropertyValueSpecification\",\"valueRequired\":true,\"valueName\":\"search_term_string\"}}],\"inLanguage\":\"it-IT\"},{\"@type\":[\"Person\",\"Organization\"],\"@id\":\"https:\\\/\\\/marcopachiega.com\\\/blog\\\/#\\\/schema\\\/person\\\/5800e113375ba5f33499beca73ac3336\",\"name\":\"marcopac\",\"image\":{\"@type\":\"ImageObject\",\"inLanguage\":\"it-IT\",\"@id\":\"https:\\\/\\\/marcopachiega.com\\\/blog\\\/wp-content\\\/uploads\\\/sites\\\/9\\\/2022\\\/12\\\/DRS_3328_B.jpg\",\"url\":\"https:\\\/\\\/marcopachiega.com\\\/blog\\\/wp-content\\\/uploads\\\/sites\\\/9\\\/2022\\\/12\\\/DRS_3328_B.jpg\",\"contentUrl\":\"https:\\\/\\\/marcopachiega.com\\\/blog\\\/wp-content\\\/uploads\\\/sites\\\/9\\\/2022\\\/12\\\/DRS_3328_B.jpg\",\"width\":1000,\"height\":1000,\"caption\":\"marcopac\"},\"logo\":{\"@id\":\"https:\\\/\\\/marcopachiega.com\\\/blog\\\/wp-content\\\/uploads\\\/sites\\\/9\\\/2022\\\/12\\\/DRS_3328_B.jpg\"},\"sameAs\":[\"http:\\\/\\\/www.marcopachiega.com\",\"https:\\\/\\\/www.instagram.com\\\/marcopachiega\\\/\",\"https:\\\/\\\/www.linkedin.com\\\/in\\\/marco-pachiega-38546b92\\\/?locale=es_ES\",\"https:\\\/\\\/www.youtube.com\\\/@marcopachiega2999\\\/featured\"],\"url\":\"https:\\\/\\\/marcopachiega.com\\\/blog\\\/author\\\/marcopac\\\/\"}]}<\/script>\n<!-- \/ Yoast SEO plugin. -->","yoast_head_json":{"title":"IL RICORDO CICLICO DEL CANTAMAGGIO - Pachiega&#039;s blog","description":"IL RICORDO CICLICO DEL CANTAMAGGIO. L'antica tradizione della fertilit\u00e0 e della bella stagione ai tempi del covid-19 sopravvive.","robots":{"index":"index","follow":"follow","max-snippet":"max-snippet:-1","max-image-preview":"max-image-preview:large","max-video-preview":"max-video-preview:-1"},"canonical":"https:\/\/marcopachiega.com\/blog\/il-ricordo-ciclico-del-cantamaggio\/","og_locale":"it_IT","og_type":"article","og_title":"IL RICORDO CICLICO DEL CANTAMAGGIO - Pachiega&#039;s blog","og_description":"IL RICORDO CICLICO DEL CANTAMAGGIO. L'antica tradizione della fertilit\u00e0 e della bella stagione ai tempi del covid-19 sopravvive.","og_url":"https:\/\/marcopachiega.com\/blog\/il-ricordo-ciclico-del-cantamaggio\/","og_site_name":"Pachiega&#039;s blog","article_published_time":"2020-05-15T22:45:36+00:00","article_modified_time":"2024-11-20T09:37:45+00:00","og_image":[{"width":1226,"height":815,"url":"https:\/\/marcopachiega.com\/blog\/wp-content\/uploads\/sites\/9\/2020\/05\/DSC5954.jpg","type":"image\/jpeg"}],"author":"marcopac","twitter_card":"summary_large_image","twitter_misc":{"Scritto da":"marcopac","Tempo di lettura stimato":"4 minuti"},"schema":{"@context":"https:\/\/schema.org","@graph":[{"@type":"Article","@id":"https:\/\/marcopachiega.com\/blog\/il-ricordo-ciclico-del-cantamaggio\/#article","isPartOf":{"@id":"https:\/\/marcopachiega.com\/blog\/il-ricordo-ciclico-del-cantamaggio\/"},"author":{"name":"marcopac","@id":"https:\/\/marcopachiega.com\/blog\/#\/schema\/person\/5800e113375ba5f33499beca73ac3336"},"headline":"IL RICORDO CICLICO DEL CANTAMAGGIO","datePublished":"2020-05-15T22:45:36+00:00","dateModified":"2024-11-20T09:37:45+00:00","mainEntityOfPage":{"@id":"https:\/\/marcopachiega.com\/blog\/il-ricordo-ciclico-del-cantamaggio\/"},"wordCount":548,"commentCount":0,"publisher":{"@id":"https:\/\/marcopachiega.com\/blog\/#\/schema\/person\/5800e113375ba5f33499beca73ac3336"},"image":{"@id":"https:\/\/marcopachiega.com\/blog\/il-ricordo-ciclico-del-cantamaggio\/#primaryimage"},"thumbnailUrl":"https:\/\/marcopachiega.com\/blog\/wp-content\/uploads\/sites\/9\/2020\/05\/DSC5954.jpg","keywords":["cantamaggio","covid-19","Cultura","Culture","folklore","italia","Italy","maggio","Marche","portrait","tradizione","Travelphotography"],"articleSection":["Italia","Viaggi scappatelle e altre storie"],"inLanguage":"it-IT","potentialAction":[{"@type":"CommentAction","name":"Comment","target":["https:\/\/marcopachiega.com\/blog\/il-ricordo-ciclico-del-cantamaggio\/#respond"]}]},{"@type":"WebPage","@id":"https:\/\/marcopachiega.com\/blog\/il-ricordo-ciclico-del-cantamaggio\/","url":"https:\/\/marcopachiega.com\/blog\/il-ricordo-ciclico-del-cantamaggio\/","name":"IL RICORDO CICLICO DEL CANTAMAGGIO - Pachiega&#039;s blog","isPartOf":{"@id":"https:\/\/marcopachiega.com\/blog\/#website"},"primaryImageOfPage":{"@id":"https:\/\/marcopachiega.com\/blog\/il-ricordo-ciclico-del-cantamaggio\/#primaryimage"},"image":{"@id":"https:\/\/marcopachiega.com\/blog\/il-ricordo-ciclico-del-cantamaggio\/#primaryimage"},"thumbnailUrl":"https:\/\/marcopachiega.com\/blog\/wp-content\/uploads\/sites\/9\/2020\/05\/DSC5954.jpg","datePublished":"2020-05-15T22:45:36+00:00","dateModified":"2024-11-20T09:37:45+00:00","description":"IL RICORDO CICLICO DEL CANTAMAGGIO. L'antica tradizione della fertilit\u00e0 e della bella stagione ai tempi del covid-19 sopravvive.","breadcrumb":{"@id":"https:\/\/marcopachiega.com\/blog\/il-ricordo-ciclico-del-cantamaggio\/#breadcrumb"},"inLanguage":"it-IT","potentialAction":[{"@type":"ReadAction","target":["https:\/\/marcopachiega.com\/blog\/il-ricordo-ciclico-del-cantamaggio\/"]}]},{"@type":"ImageObject","inLanguage":"it-IT","@id":"https:\/\/marcopachiega.com\/blog\/il-ricordo-ciclico-del-cantamaggio\/#primaryimage","url":"https:\/\/marcopachiega.com\/blog\/wp-content\/uploads\/sites\/9\/2020\/05\/DSC5954.jpg","contentUrl":"https:\/\/marcopachiega.com\/blog\/wp-content\/uploads\/sites\/9\/2020\/05\/DSC5954.jpg","width":1226,"height":815,"caption":"IL RICORDO CICLICO DEL CANTAMAGGIO"},{"@type":"BreadcrumbList","@id":"https:\/\/marcopachiega.com\/blog\/il-ricordo-ciclico-del-cantamaggio\/#breadcrumb","itemListElement":[{"@type":"ListItem","position":1,"name":"Home","item":"https:\/\/marcopachiega.com\/blog\/"},{"@type":"ListItem","position":2,"name":"IL RICORDO CICLICO DEL CANTAMAGGIO"}]},{"@type":"WebSite","@id":"https:\/\/marcopachiega.com\/blog\/#website","url":"https:\/\/marcopachiega.com\/blog\/","name":"Pachiega&#039;s blog","description":"Observation post","publisher":{"@id":"https:\/\/marcopachiega.com\/blog\/#\/schema\/person\/5800e113375ba5f33499beca73ac3336"},"potentialAction":[{"@type":"SearchAction","target":{"@type":"EntryPoint","urlTemplate":"https:\/\/marcopachiega.com\/blog\/?s={search_term_string}"},"query-input":{"@type":"PropertyValueSpecification","valueRequired":true,"valueName":"search_term_string"}}],"inLanguage":"it-IT"},{"@type":["Person","Organization"],"@id":"https:\/\/marcopachiega.com\/blog\/#\/schema\/person\/5800e113375ba5f33499beca73ac3336","name":"marcopac","image":{"@type":"ImageObject","inLanguage":"it-IT","@id":"https:\/\/marcopachiega.com\/blog\/wp-content\/uploads\/sites\/9\/2022\/12\/DRS_3328_B.jpg","url":"https:\/\/marcopachiega.com\/blog\/wp-content\/uploads\/sites\/9\/2022\/12\/DRS_3328_B.jpg","contentUrl":"https:\/\/marcopachiega.com\/blog\/wp-content\/uploads\/sites\/9\/2022\/12\/DRS_3328_B.jpg","width":1000,"height":1000,"caption":"marcopac"},"logo":{"@id":"https:\/\/marcopachiega.com\/blog\/wp-content\/uploads\/sites\/9\/2022\/12\/DRS_3328_B.jpg"},"sameAs":["http:\/\/www.marcopachiega.com","https:\/\/www.instagram.com\/marcopachiega\/","https:\/\/www.linkedin.com\/in\/marco-pachiega-38546b92\/?locale=es_ES","https:\/\/www.youtube.com\/@marcopachiega2999\/featured"],"url":"https:\/\/marcopachiega.com\/blog\/author\/marcopac\/"}]}},"_links":{"self":[{"href":"https:\/\/marcopachiega.com\/blog\/wp-json\/wp\/v2\/posts\/3377","targetHints":{"allow":["GET"]}}],"collection":[{"href":"https:\/\/marcopachiega.com\/blog\/wp-json\/wp\/v2\/posts"}],"about":[{"href":"https:\/\/marcopachiega.com\/blog\/wp-json\/wp\/v2\/types\/post"}],"author":[{"embeddable":true,"href":"https:\/\/marcopachiega.com\/blog\/wp-json\/wp\/v2\/users\/1"}],"replies":[{"embeddable":true,"href":"https:\/\/marcopachiega.com\/blog\/wp-json\/wp\/v2\/comments?post=3377"}],"version-history":[{"count":0,"href":"https:\/\/marcopachiega.com\/blog\/wp-json\/wp\/v2\/posts\/3377\/revisions"}],"wp:featuredmedia":[{"embeddable":true,"href":"https:\/\/marcopachiega.com\/blog\/wp-json\/wp\/v2\/media\/3385"}],"wp:attachment":[{"href":"https:\/\/marcopachiega.com\/blog\/wp-json\/wp\/v2\/media?parent=3377"}],"wp:term":[{"taxonomy":"category","embeddable":true,"href":"https:\/\/marcopachiega.com\/blog\/wp-json\/wp\/v2\/categories?post=3377"},{"taxonomy":"post_tag","embeddable":true,"href":"https:\/\/marcopachiega.com\/blog\/wp-json\/wp\/v2\/tags?post=3377"}],"curies":[{"name":"wp","href":"https:\/\/api.w.org\/{rel}","templated":true}]}}