{"id":3398,"date":"2020-05-22T22:46:15","date_gmt":"2020-05-22T22:46:15","guid":{"rendered":"https:\/\/marcopachiega.com\/blog\/?p=3398"},"modified":"2021-01-10T15:44:47","modified_gmt":"2021-01-10T15:44:47","slug":"la-malinconia-del-cami-dels-monjos-e-la-mola","status":"publish","type":"post","link":"https:\/\/marcopachiega.com\/blog\/la-malinconia-del-cami-dels-monjos-e-la-mola\/","title":{"rendered":"La malinconia del &#8220;Cam\u00ec dels Monjos&#8221; e la Mola"},"content":{"rendered":"<h1 style=\"text-align: center;\">La malinconia del &#8220;Cam\u00ec dels Monjos&#8221; e la Mola<\/h1>\n<h2 style=\"text-align: center;\">La curiosa formazione rocciosa porta con se una leggenda dei monaci di Sant Cugat del Valles<\/h2>\n<h3><a href=\"https:\/\/marcopachiega.com\/beng\/?p=3413&amp;preview=true\"><strong>English<\/strong><\/a><\/h3>\n<p>&nbsp;<\/p>\n<h3><a href=\"https:\/\/marcopachiega.com\/besp\/?p=3416&amp;preview=true\"><strong>Espa\u00f1ol<\/strong><\/a><\/h3>\n<p><img fetchpriority=\"high\" decoding=\"async\" class=\"aligncenter wp-image-3411\" src=\"https:\/\/marcopachiega.com\/blog\/wp-content\/uploads\/sites\/9\/2020\/05\/DSC1290.jpg\" alt=\"La malinconia del &quot;Cam\u00ec dels Monjos&quot; e la Mola\" width=\"599\" height=\"398\" srcset=\"https:\/\/marcopachiega.com\/blog\/wp-content\/uploads\/sites\/9\/2020\/05\/DSC1290.jpg 1226w, https:\/\/marcopachiega.com\/blog\/wp-content\/uploads\/sites\/9\/2020\/05\/DSC1290-744x495.jpg 744w, https:\/\/marcopachiega.com\/blog\/wp-content\/uploads\/sites\/9\/2020\/05\/DSC1290-1200x798.jpg 1200w, https:\/\/marcopachiega.com\/blog\/wp-content\/uploads\/sites\/9\/2020\/05\/DSC1290-420x279.jpg 420w\" sizes=\"(max-width: 599px) 100vw, 599px\" \/><\/p>\n<p>Il 25 Maggio 2020 Barcellona finalmente passer\u00e0 alla tanto attesa Fase 1. Siamo tuttavia in stato d&#8217;allarme per la pandemia del Covid-19. Un evento storico che ha cambiato e cambier\u00e0 il nostro modo di vivere e socializzare. In attesa delle le successive fasi necessarie per tornare alla normalit\u00e0, se cos\u00ec si pu\u00f2 dire, riaffiorano immagini e sensazioni passate delle mie escursioni.<\/p>\n<p>Questa \u00e8 una di quelle.<\/p>\n<h3>La citt\u00e0 di Terrassa<\/h3>\n<p>Oltre il massiccio del Collserola si estende una vasta pianura <a href=\"https:\/\/es.wikipedia.org\/wiki\/Vall%C3%A9s_Occidental\" target=\"_blank\" rel=\"noopener noreferrer\"><strong>el Vall\u00e8s Occidental<\/strong><\/a> il quale accoglie due importanti citt\u00e0: Sabbadell e <a href=\"https:\/\/visitaterrassa.cat\/\" target=\"_blank\" rel=\"noopener noreferrer\"><strong>Terrassa<\/strong><\/a> .<\/p>\n<p>Quest&#8217;ultima origina da <a href=\"https:\/\/es.wikipedia.org\/wiki\/Egara\" target=\"_blank\" rel=\"noopener noreferrer\"><strong>Edgara<\/strong><\/a>, fondata durante l&#8217;epoca romana, in seguito chiamata <i>Terracium castellum<\/i> a partire dal<i>\u00a0844<\/i>. Oggi \u00e8 un importate nodo di trasporto con autostrade e vie ferroviarie.\u00a0 Eventi folkloristici come la tipica festa major, la <strong><a href=\"https:\/\/es.wikipedia.org\/wiki\/Feria_Modernista_de_Tarrasa\" target=\"_blank\" rel=\"noopener noreferrer\">Fiera Modernista Catalana<\/a><\/strong>, il <a href=\"https:\/\/www.jazzterrassa.org\/\" target=\"_blank\" rel=\"noopener noreferrer\"><strong>Jazz Terrassa<\/strong><\/a>, i tipici <strong><a href=\"https:\/\/ich.unesco.org\/en\/RL\/human-towers-00364?RL=00364\" target=\"_blank\" rel=\"noopener noreferrer\">castellers<\/a><\/strong> e il loro ballo tipico l&#8217;<a href=\"http:\/\/dansesvives.cat\/?q=node\/4368\" target=\"_blank\" rel=\"noopener noreferrer\"><strong>estapera<\/strong><\/a> rendono una citt\u00e0 attiva e importante non solo dal punto di vista economico. Purtroppo \u00e8 anche testimone del disastro idrologico pi\u00f9 grande della Spagna: <a href=\"https:\/\/es.wikipedia.org\/wiki\/Riadas_del_Vall%C3%A9s\" target=\"_blank\" rel=\"noopener noreferrer\"><strong>La riada del Vall\u00e8s<\/strong><\/a> avvenuta nel 1962. Da qu\u00ec sono ben visibili il <a href=\"https:\/\/marcopachiega.com\/blog\/fare-il-fotografo-e-dura-cosa-nasconde-una-bella-foto\/\" target=\"_blank\" rel=\"noopener noreferrer\"><strong>Montserrat<\/strong><\/a> ed un altro massiccio denominato <a href=\"https:\/\/es.wikipedia.org\/wiki\/La_Mola\" target=\"_blank\" rel=\"noopener noreferrer\"><strong>la Mola<\/strong><\/a>.<\/p>\n<p><img decoding=\"async\" class=\"aligncenter wp-image-3402 lazyload\" data-src=\"https:\/\/marcopachiega.com\/blog\/wp-content\/uploads\/sites\/9\/2020\/05\/DSC1222-Edit.jpg\" alt=\"La malinconia del &quot;Cam\u00ec dels Monjos&quot; e la Mola\" width=\"599\" height=\"398\" data-srcset=\"https:\/\/marcopachiega.com\/blog\/wp-content\/uploads\/sites\/9\/2020\/05\/DSC1222-Edit.jpg 1226w, https:\/\/marcopachiega.com\/blog\/wp-content\/uploads\/sites\/9\/2020\/05\/DSC1222-Edit-744x495.jpg 744w, https:\/\/marcopachiega.com\/blog\/wp-content\/uploads\/sites\/9\/2020\/05\/DSC1222-Edit-1200x798.jpg 1200w, https:\/\/marcopachiega.com\/blog\/wp-content\/uploads\/sites\/9\/2020\/05\/DSC1222-Edit-420x279.jpg 420w\" data-sizes=\"(max-width: 599px) 100vw, 599px\" src=\"data:image\/svg+xml;base64,PHN2ZyB3aWR0aD0iMSIgaGVpZ2h0PSIxIiB4bWxucz0iaHR0cDovL3d3dy53My5vcmcvMjAwMC9zdmciPjwvc3ZnPg==\" style=\"--smush-placeholder-width: 599px; --smush-placeholder-aspect-ratio: 599\/398;\" \/><\/p>\n<h3>La Mola<\/h3>\n<p>Ad essere precisi La Mola \u00e8 il picco pi\u00f9 alto, 1104 m.s.l., del massiccio che si trova guardando a nord da Terrassa, denominato <a href=\"https:\/\/ca.wikipedia.org\/wiki\/Sant_Lloren%C3%A7_del_Munt\" target=\"_blank\" rel=\"noopener noreferrer\"><b>Sant Lloren\u00e7 del Munt<\/b><\/a><i><b>. <\/b><\/i>Gli strati di roccia, di differente durezza, sottomessi all&#8217;incessante erosione del vento ne danno un aspetto possente e solitario. La Mola attrae sempre molte persone appassionate di trekking e non, visto che sulla sua cima risiede un <a href=\"https:\/\/ca.wikipedia.org\/wiki\/Monestir_de_Sant_Lloren%C3%A7_del_Munt\" target=\"_blank\" rel=\"noopener noreferrer\"><strong>monastero romanico<\/strong><\/a> oggi convertito in un <strong><a href=\"https:\/\/www.lamola.com\/\" target=\"_blank\" rel=\"noopener noreferrer\">ristorante<\/a>.<\/strong><\/p>\n<p><img decoding=\"async\" class=\"aligncenter wp-image-3403 lazyload\" data-src=\"https:\/\/marcopachiega.com\/blog\/wp-content\/uploads\/sites\/9\/2020\/05\/DSC1228-Edit.jpg\" alt=\"La malinconia del &quot;Cam\u00ec dels Monjos&quot; e la Mola\" width=\"600\" height=\"399\" data-srcset=\"https:\/\/marcopachiega.com\/blog\/wp-content\/uploads\/sites\/9\/2020\/05\/DSC1228-Edit.jpg 1226w, https:\/\/marcopachiega.com\/blog\/wp-content\/uploads\/sites\/9\/2020\/05\/DSC1228-Edit-744x495.jpg 744w, https:\/\/marcopachiega.com\/blog\/wp-content\/uploads\/sites\/9\/2020\/05\/DSC1228-Edit-1200x798.jpg 1200w, https:\/\/marcopachiega.com\/blog\/wp-content\/uploads\/sites\/9\/2020\/05\/DSC1228-Edit-420x279.jpg 420w\" data-sizes=\"(max-width: 600px) 100vw, 600px\" src=\"data:image\/svg+xml;base64,PHN2ZyB3aWR0aD0iMSIgaGVpZ2h0PSIxIiB4bWxucz0iaHR0cDovL3d3dy53My5vcmcvMjAwMC9zdmciPjwvc3ZnPg==\" style=\"--smush-placeholder-width: 600px; --smush-placeholder-aspect-ratio: 600\/399;\" \/><\/p>\n<h3>Trekking!<\/h3>\n<p>Il treno, proveniente da Barcellona, mi lascia alla stazione di Terrassa in un ora circa. Il cammino per iniziare l&#8217;ascesa \u00e8 facile e ben visibile. Appena uscito dal centro urbano la natura silenziosa riprende il suo protagonismo. Il rumore delle auto si fa lontano e rimane solo quello dei miei passi sulla terra battuta e il cinguettio degli uccelli. L&#8217;aria pomeridiana e autunnale, ingiallisce il verde delle piante mano a mano che il sole termina il suo arco giornaliero nel cielo.<\/p>\n<p><img decoding=\"async\" class=\"aligncenter wp-image-3401 lazyload\" data-src=\"https:\/\/marcopachiega.com\/blog\/wp-content\/uploads\/sites\/9\/2020\/05\/DSC1219.jpg\" alt=\"\" width=\"599\" height=\"398\" data-srcset=\"https:\/\/marcopachiega.com\/blog\/wp-content\/uploads\/sites\/9\/2020\/05\/DSC1219.jpg 1226w, https:\/\/marcopachiega.com\/blog\/wp-content\/uploads\/sites\/9\/2020\/05\/DSC1219-744x495.jpg 744w, https:\/\/marcopachiega.com\/blog\/wp-content\/uploads\/sites\/9\/2020\/05\/DSC1219-1200x798.jpg 1200w, https:\/\/marcopachiega.com\/blog\/wp-content\/uploads\/sites\/9\/2020\/05\/DSC1219-420x279.jpg 420w\" data-sizes=\"(max-width: 599px) 100vw, 599px\" src=\"data:image\/svg+xml;base64,PHN2ZyB3aWR0aD0iMSIgaGVpZ2h0PSIxIiB4bWxucz0iaHR0cDovL3d3dy53My5vcmcvMjAwMC9zdmciPjwvc3ZnPg==\" style=\"--smush-placeholder-width: 599px; --smush-placeholder-aspect-ratio: 599\/398;\" \/><\/p>\n<p>&nbsp;<\/p>\n<p>Varie indicazioni mi immettono in un sentiero denominato &#8220;Cam\u00ec dels Monjos&#8221; ( Il sentiero dei monaci) il quale sembra portare dritto alla vetta. Durante l&#8217;ascesa, con passo lento e costante, l&#8217;abbazia appare e scompare alla mia vista nascosta dalla vegetazione. La salita si fa pi\u00f9 ripida e fare trekking portandosi l&#8217;attrezzatura fotografica aggiunge fatica e sudore al tragitto. Il mio obiettivo \u00e8 arrivare alla Mola nonostante il sole inesorabile stia scendendo. I colori ed il silenzio lasciano spazio ad una strana sensazione di malinconia sopratutto ogni volta che mi volto ad osservare il panorama sottostante che si fa sempre pi\u00f9 ampio sul <strong>Vall\u00e8s occidentale<\/strong>.<\/p>\n<h3><strong>Un paesaggio malinconico<\/strong><\/h3>\n<p>Accelero il passo, se pur stanco, nella speranza di raggiungere la meta ma il sole arriva per primo all&#8217;orizzonte e decido di fermarmi. Poso il mio zaino e rimango a contemplare il panorama. In lontananza il Montserrat vigila il vasto territorio.<\/p>\n<p><img decoding=\"async\" class=\"aligncenter wp-image-3412 lazyload\" data-src=\"https:\/\/marcopachiega.com\/blog\/wp-content\/uploads\/sites\/9\/2020\/05\/DSC1291.jpg\" alt=\"La malinconia del &quot;Cami dels Monjos&quot; e la Mola\" width=\"600\" height=\"399\" data-srcset=\"https:\/\/marcopachiega.com\/blog\/wp-content\/uploads\/sites\/9\/2020\/05\/DSC1291.jpg 1226w, https:\/\/marcopachiega.com\/blog\/wp-content\/uploads\/sites\/9\/2020\/05\/DSC1291-744x495.jpg 744w, https:\/\/marcopachiega.com\/blog\/wp-content\/uploads\/sites\/9\/2020\/05\/DSC1291-1200x798.jpg 1200w, https:\/\/marcopachiega.com\/blog\/wp-content\/uploads\/sites\/9\/2020\/05\/DSC1291-420x279.jpg 420w\" data-sizes=\"(max-width: 600px) 100vw, 600px\" src=\"data:image\/svg+xml;base64,PHN2ZyB3aWR0aD0iMSIgaGVpZ2h0PSIxIiB4bWxucz0iaHR0cDovL3d3dy53My5vcmcvMjAwMC9zdmciPjwvc3ZnPg==\" style=\"--smush-placeholder-width: 600px; --smush-placeholder-aspect-ratio: 600\/399;\" \/><\/p>\n<p>Scatto con relativa calma alcune foto prima che faccia buio. Attendo ancora un p\u00f2, meditando sulla vista impressionante, prima di rimettermi lo zaino in spalla e tornare sui miei passi. Il desiderio di prendere il primo treno che mi riporti in citt\u00e0, al caos, al sovraffollamento di Barcellona si fa sempre pi\u00f9 forte. Come mai? Cosa nasconde questo luogo cos\u00ec bello ma altrettanto solitario?<\/p>\n<h3><strong>Un curiosa leggenda\u00a0<\/strong><\/h3>\n<p>&#8220;El cam\u00ec dels monjos&#8221; si rif\u00e0 ad un antica storia. Una singolare richiesta venne fatta dai monaci ai loro superiori che vivevano sulla cima della Mola, il permesso di potersi spostare pi\u00f9 a valle.<\/p>\n<p><img decoding=\"async\" class=\"aligncenter wp-image-3408 lazyload\" data-src=\"https:\/\/marcopachiega.com\/blog\/wp-content\/uploads\/sites\/9\/2020\/05\/DSC1263.jpg\" alt=\"\" width=\"600\" height=\"399\" data-srcset=\"https:\/\/marcopachiega.com\/blog\/wp-content\/uploads\/sites\/9\/2020\/05\/DSC1263.jpg 1226w, https:\/\/marcopachiega.com\/blog\/wp-content\/uploads\/sites\/9\/2020\/05\/DSC1263-744x495.jpg 744w, https:\/\/marcopachiega.com\/blog\/wp-content\/uploads\/sites\/9\/2020\/05\/DSC1263-1200x798.jpg 1200w, https:\/\/marcopachiega.com\/blog\/wp-content\/uploads\/sites\/9\/2020\/05\/DSC1263-420x279.jpg 420w\" data-sizes=\"(max-width: 600px) 100vw, 600px\" src=\"data:image\/svg+xml;base64,PHN2ZyB3aWR0aD0iMSIgaGVpZ2h0PSIxIiB4bWxucz0iaHR0cDovL3d3dy53My5vcmcvMjAwMC9zdmciPjwvc3ZnPg==\" style=\"--smush-placeholder-width: 600px; --smush-placeholder-aspect-ratio: 600\/399;\" \/><\/p>\n<p>La richiesta fu accolta dallo stesso vescovo di Barcellona con una condizione. I benedettini avrebbero potuto scegliere qualsiasi luogo a loro affine purch\u00e8 non attraversassero mai nessun fiume, torrente o ruscello. Fu cos\u00ec che i religiosi scendendo dal massiccio, arrivarono fino a<a href=\"http:\/\/www.catalunya.com\/sant-cugat-del-valles-2-1-82055?language=es\" target=\"_blank\" rel=\"noopener noreferrer\"><strong> San Cugat del Vall\u00e8s<\/strong><\/a>, dove finalmente si insediarono.<\/p>\n<p>Il motivo che li spinse a lasciare quel territorio panoramico fu il bisogno di una terra pi\u00f9 fertile ed in secondo luogo per la solitudine e malinconia a cui i frati non poterono pi\u00f9 resistere.<\/p>\n<p>Ovviamente \u00e8 solo una leggenda la quale non coincide con i dati dei documenti storici. Di fatto il &#8220;Cam\u00ec dels Monjos&#8221; non attraversa nessun fiume o torrente, era spesso utilizzato da viandanti e pastori per scendere dai Pirenei e curiosamente l&#8217;abbazia soffr\u00ec un periodo di crisi nel XII secolo e l&#8217;ultimo eremita lo abit\u00f2 fino al 1608.<\/p>\n<h3><strong>Un sentiero carico di storie<\/strong><\/h3>\n<p>Il &#8220;Cam\u00ec dels monjos&#8221;, che collega Sant Cugat del Vall\u00e8s a la Mola, racchiude molte vicende. Percorso da pastori, viandanti, eserciti e ovviamente monaci, ognuno di essi ha lasciato una impronta personale su questo sentiero durante tutto questo tempo. Utilizzato per raggiungerne la vetta o sfuggire alla severa solitudine delle montagne in cerca di un ambiente pi\u00f9 mite sottostante.<\/p>\n<p>Sar\u00e0 la stagione autunnale in arrivo ma la mia personale impressione su <b>Sant Lloren\u00e7 del Munt<\/b> sembra essere quella di un ultimo avamposto solitario che domina la valle sottostate pi\u00f9 rigogliosa e familiare.<\/p>\n<p>Se volete leggere un ulteriore storia riguardo la chiesa, vi lascio il <strong><a href=\"https:\/\/ddd.uab.cat\/pub\/llibres\/1889\/59896\/monsanllormun_a1889.pdf\" target=\"_blank\" rel=\"noopener noreferrer\">link di una memoria descrittiva <\/a>, <\/strong>di<strong> Don Elias Rogent, <\/strong>dell&#8217;ascesa al monte realizzata dall&#8217;associazione di architetti di Barcellona. Un libro digitalizzato dall<a href=\"https:\/\/www.uab.cat\/web\/universitat-autonoma-de-barcelona-1345467954409.html\" target=\"_blank\" rel=\"noopener noreferrer\"><strong>&#8216;Universitat Aut\u00f2noma de Barcelona<\/strong><\/a>.<\/p>\n<p>Vuoi leggere un altro articolo? Dai un&#8217;occhiata alla sezione <a href=\"https:\/\/marcopachiega.com\/blog\/viaggi-e-altre-storie\/\" rel=\"noopener noreferrer\"><strong>Viaggi e altre storie!<\/strong><\/a> o goditi la gallery qui di seguito.<\/p>\n<p>&nbsp;<\/p>\n\n<div class=\"gdgallery-gallery-container\" id=\"gdgallery-container-45\" data-id=\"45\">\n    \n<div id=\"gdgallery_container_45\" style=\"display:none;\" data-view=\"justified\">\n            <a href=\"\" target=\"_blank\">\n            <img decoding=\"async\" alt=\"\"\n                 data-type=\"image\"\n                 data-src=\"https:\/\/marcopachiega.com\/blog\/wp-content\/uploads\/sites\/9\/2020\/05\/DSC1212-Edit.jpg\"\n                 data-image=\"https:\/\/marcopachiega.com\/blog\/wp-content\/uploads\/sites\/9\/2020\/05\/DSC1212-Edit.jpg\"\n                 data-description=\"\"\n                                 style=\"--smush-placeholder-width: 1226px; --smush-placeholder-aspect-ratio: 1226\/815;display:block\" src=\"data:image\/svg+xml;base64,PHN2ZyB3aWR0aD0iMSIgaGVpZ2h0PSIxIiB4bWxucz0iaHR0cDovL3d3dy53My5vcmcvMjAwMC9zdmciPjwvc3ZnPg==\" class=\"lazyload\">\n        <\/a>\n            <a href=\"\" target=\"_blank\">\n            <img decoding=\"async\" alt=\"\"\n                 data-type=\"image\"\n                 data-src=\"https:\/\/marcopachiega.com\/blog\/wp-content\/uploads\/sites\/9\/2020\/05\/DSC1222-Edit.jpg\"\n                 data-image=\"https:\/\/marcopachiega.com\/blog\/wp-content\/uploads\/sites\/9\/2020\/05\/DSC1222-Edit.jpg\"\n                 data-description=\"\"\n                                 style=\"--smush-placeholder-width: 1226px; --smush-placeholder-aspect-ratio: 1226\/815;display:block\" src=\"data:image\/svg+xml;base64,PHN2ZyB3aWR0aD0iMSIgaGVpZ2h0PSIxIiB4bWxucz0iaHR0cDovL3d3dy53My5vcmcvMjAwMC9zdmciPjwvc3ZnPg==\" class=\"lazyload\">\n        <\/a>\n            <a href=\"\" target=\"_blank\">\n            <img decoding=\"async\" alt=\"\"\n                 data-type=\"image\"\n                 data-src=\"https:\/\/marcopachiega.com\/blog\/wp-content\/uploads\/sites\/9\/2020\/05\/DSC1219.jpg\"\n                 data-image=\"https:\/\/marcopachiega.com\/blog\/wp-content\/uploads\/sites\/9\/2020\/05\/DSC1219.jpg\"\n                 data-description=\"\"\n                                 style=\"--smush-placeholder-width: 1226px; --smush-placeholder-aspect-ratio: 1226\/815;display:block\" src=\"data:image\/svg+xml;base64,PHN2ZyB3aWR0aD0iMSIgaGVpZ2h0PSIxIiB4bWxucz0iaHR0cDovL3d3dy53My5vcmcvMjAwMC9zdmciPjwvc3ZnPg==\" class=\"lazyload\">\n        <\/a>\n            <a href=\"\" target=\"_blank\">\n            <img decoding=\"async\" alt=\"\"\n                 data-type=\"image\"\n                 data-src=\"https:\/\/marcopachiega.com\/blog\/wp-content\/uploads\/sites\/9\/2020\/05\/DSC1234-Edit.jpg\"\n                 data-image=\"https:\/\/marcopachiega.com\/blog\/wp-content\/uploads\/sites\/9\/2020\/05\/DSC1234-Edit.jpg\"\n                 data-description=\"\"\n                                 style=\"--smush-placeholder-width: 1226px; --smush-placeholder-aspect-ratio: 1226\/815;display:block\" src=\"data:image\/svg+xml;base64,PHN2ZyB3aWR0aD0iMSIgaGVpZ2h0PSIxIiB4bWxucz0iaHR0cDovL3d3dy53My5vcmcvMjAwMC9zdmciPjwvc3ZnPg==\" class=\"lazyload\">\n        <\/a>\n            <a href=\"\" target=\"_blank\">\n            <img decoding=\"async\" alt=\"\"\n                 data-type=\"image\"\n                 data-src=\"https:\/\/marcopachiega.com\/blog\/wp-content\/uploads\/sites\/9\/2020\/05\/DSC1226-Edit2.jpg\"\n                 data-image=\"https:\/\/marcopachiega.com\/blog\/wp-content\/uploads\/sites\/9\/2020\/05\/DSC1226-Edit2.jpg\"\n                 data-description=\"\"\n                                 style=\"--smush-placeholder-width: 298px; --smush-placeholder-aspect-ratio: 298\/448;display:block\" src=\"data:image\/svg+xml;base64,PHN2ZyB3aWR0aD0iMSIgaGVpZ2h0PSIxIiB4bWxucz0iaHR0cDovL3d3dy53My5vcmcvMjAwMC9zdmciPjwvc3ZnPg==\" class=\"lazyload\">\n        <\/a>\n            <a href=\"\" target=\"_blank\">\n            <img decoding=\"async\" alt=\"\"\n                 data-type=\"image\"\n                 data-src=\"https:\/\/marcopachiega.com\/blog\/wp-content\/uploads\/sites\/9\/2020\/05\/DSC1228-Edit.jpg\"\n                 data-image=\"https:\/\/marcopachiega.com\/blog\/wp-content\/uploads\/sites\/9\/2020\/05\/DSC1228-Edit.jpg\"\n                 data-description=\"\"\n                                 style=\"--smush-placeholder-width: 1226px; --smush-placeholder-aspect-ratio: 1226\/815;display:block\" src=\"data:image\/svg+xml;base64,PHN2ZyB3aWR0aD0iMSIgaGVpZ2h0PSIxIiB4bWxucz0iaHR0cDovL3d3dy53My5vcmcvMjAwMC9zdmciPjwvc3ZnPg==\" class=\"lazyload\">\n        <\/a>\n            <a href=\"\" target=\"_blank\">\n            <img decoding=\"async\" alt=\"\"\n                 data-type=\"image\"\n                 data-src=\"https:\/\/marcopachiega.com\/blog\/wp-content\/uploads\/sites\/9\/2020\/05\/DSC1263.jpg\"\n                 data-image=\"https:\/\/marcopachiega.com\/blog\/wp-content\/uploads\/sites\/9\/2020\/05\/DSC1263.jpg\"\n                 data-description=\"\"\n                                 style=\"--smush-placeholder-width: 1226px; --smush-placeholder-aspect-ratio: 1226\/815;display:block\" src=\"data:image\/svg+xml;base64,PHN2ZyB3aWR0aD0iMSIgaGVpZ2h0PSIxIiB4bWxucz0iaHR0cDovL3d3dy53My5vcmcvMjAwMC9zdmciPjwvc3ZnPg==\" class=\"lazyload\">\n        <\/a>\n            <a href=\"\" target=\"_blank\">\n            <img decoding=\"async\" alt=\"\"\n                 data-type=\"image\"\n                 data-src=\"https:\/\/marcopachiega.com\/blog\/wp-content\/uploads\/sites\/9\/2020\/05\/DSC1239.jpg\"\n                 data-image=\"https:\/\/marcopachiega.com\/blog\/wp-content\/uploads\/sites\/9\/2020\/05\/DSC1239.jpg\"\n                 data-description=\"\"\n                                 style=\"--smush-placeholder-width: 1226px; --smush-placeholder-aspect-ratio: 1226\/815;display:block\" src=\"data:image\/svg+xml;base64,PHN2ZyB3aWR0aD0iMSIgaGVpZ2h0PSIxIiB4bWxucz0iaHR0cDovL3d3dy53My5vcmcvMjAwMC9zdmciPjwvc3ZnPg==\" class=\"lazyload\">\n        <\/a>\n            <a href=\"\" target=\"_blank\">\n            <img decoding=\"async\" alt=\"\"\n                 data-type=\"image\"\n                 data-src=\"https:\/\/marcopachiega.com\/blog\/wp-content\/uploads\/sites\/9\/2020\/05\/DSC1266-Edit.jpg\"\n                 data-image=\"https:\/\/marcopachiega.com\/blog\/wp-content\/uploads\/sites\/9\/2020\/05\/DSC1266-Edit.jpg\"\n                 data-description=\"\"\n                                 style=\"--smush-placeholder-width: 1226px; --smush-placeholder-aspect-ratio: 1226\/815;display:block\" src=\"data:image\/svg+xml;base64,PHN2ZyB3aWR0aD0iMSIgaGVpZ2h0PSIxIiB4bWxucz0iaHR0cDovL3d3dy53My5vcmcvMjAwMC9zdmciPjwvc3ZnPg==\" class=\"lazyload\">\n        <\/a>\n            <a href=\"\" target=\"_blank\">\n            <img decoding=\"async\" alt=\"\"\n                 data-type=\"image\"\n                 data-src=\"https:\/\/marcopachiega.com\/blog\/wp-content\/uploads\/sites\/9\/2020\/05\/DSC1282-HDR.jpg\"\n                 data-image=\"https:\/\/marcopachiega.com\/blog\/wp-content\/uploads\/sites\/9\/2020\/05\/DSC1282-HDR.jpg\"\n                 data-description=\"\"\n                                 style=\"--smush-placeholder-width: 1527px; --smush-placeholder-aspect-ratio: 1527\/654;display:block\" src=\"data:image\/svg+xml;base64,PHN2ZyB3aWR0aD0iMSIgaGVpZ2h0PSIxIiB4bWxucz0iaHR0cDovL3d3dy53My5vcmcvMjAwMC9zdmciPjwvc3ZnPg==\" class=\"lazyload\">\n        <\/a>\n            <a href=\"\" target=\"_blank\">\n            <img decoding=\"async\" alt=\"\"\n                 data-type=\"image\"\n                 data-src=\"https:\/\/marcopachiega.com\/blog\/wp-content\/uploads\/sites\/9\/2020\/05\/DSC1291.jpg\"\n                 data-image=\"https:\/\/marcopachiega.com\/blog\/wp-content\/uploads\/sites\/9\/2020\/05\/DSC1291.jpg\"\n                 data-description=\"\"\n                                 style=\"--smush-placeholder-width: 1226px; --smush-placeholder-aspect-ratio: 1226\/815;display:block\" src=\"data:image\/svg+xml;base64,PHN2ZyB3aWR0aD0iMSIgaGVpZ2h0PSIxIiB4bWxucz0iaHR0cDovL3d3dy53My5vcmcvMjAwMC9zdmciPjwvc3ZnPg==\" class=\"lazyload\">\n        <\/a>\n            <a href=\"\" target=\"_blank\">\n            <img decoding=\"async\" alt=\"\"\n                 data-type=\"image\"\n                 data-src=\"https:\/\/marcopachiega.com\/blog\/wp-content\/uploads\/sites\/9\/2020\/05\/DSC1315.jpg\"\n                 data-image=\"https:\/\/marcopachiega.com\/blog\/wp-content\/uploads\/sites\/9\/2020\/05\/DSC1315.jpg\"\n                 data-description=\"\"\n                                 style=\"--smush-placeholder-width: 1226px; --smush-placeholder-aspect-ratio: 1226\/815;display:block\" src=\"data:image\/svg+xml;base64,PHN2ZyB3aWR0aD0iMSIgaGVpZ2h0PSIxIiB4bWxucz0iaHR0cDovL3d3dy53My5vcmcvMjAwMC9zdmciPjwvc3ZnPg==\" class=\"lazyload\">\n        <\/a>\n            <a href=\"\" target=\"_blank\">\n            <img decoding=\"async\" alt=\"\"\n                 data-type=\"image\"\n                 data-src=\"https:\/\/marcopachiega.com\/blog\/wp-content\/uploads\/sites\/9\/2020\/05\/DSC1309-2-Edit.jpg\"\n                 data-image=\"https:\/\/marcopachiega.com\/blog\/wp-content\/uploads\/sites\/9\/2020\/05\/DSC1309-2-Edit.jpg\"\n                 data-description=\"\"\n                                 style=\"--smush-placeholder-width: 1226px; --smush-placeholder-aspect-ratio: 1226\/815;display:block\" src=\"data:image\/svg+xml;base64,PHN2ZyB3aWR0aD0iMSIgaGVpZ2h0PSIxIiB4bWxucz0iaHR0cDovL3d3dy53My5vcmcvMjAwMC9zdmciPjwvc3ZnPg==\" class=\"lazyload\">\n        <\/a>\n            <a href=\"\" target=\"_blank\">\n            <img decoding=\"async\" alt=\"\"\n                 data-type=\"image\"\n                 data-src=\"https:\/\/marcopachiega.com\/blog\/wp-content\/uploads\/sites\/9\/2020\/05\/DSC1262.jpg\"\n                 data-image=\"https:\/\/marcopachiega.com\/blog\/wp-content\/uploads\/sites\/9\/2020\/05\/DSC1262.jpg\"\n                 data-description=\"\"\n                                 style=\"--smush-placeholder-width: 1226px; --smush-placeholder-aspect-ratio: 1226\/815;display:block\" src=\"data:image\/svg+xml;base64,PHN2ZyB3aWR0aD0iMSIgaGVpZ2h0PSIxIiB4bWxucz0iaHR0cDovL3d3dy53My5vcmcvMjAwMC9zdmciPjwvc3ZnPg==\" class=\"lazyload\">\n        <\/a>\n            <a href=\"\" target=\"_blank\">\n            <img decoding=\"async\" alt=\"\"\n                 data-type=\"image\"\n                 data-src=\"https:\/\/marcopachiega.com\/blog\/wp-content\/uploads\/sites\/9\/2020\/05\/DSC1254.jpg\"\n                 data-image=\"https:\/\/marcopachiega.com\/blog\/wp-content\/uploads\/sites\/9\/2020\/05\/DSC1254.jpg\"\n                 data-description=\"\"\n                                 style=\"--smush-placeholder-width: 1226px; --smush-placeholder-aspect-ratio: 1226\/815;display:block\" src=\"data:image\/svg+xml;base64,PHN2ZyB3aWR0aD0iMSIgaGVpZ2h0PSIxIiB4bWxucz0iaHR0cDovL3d3dy53My5vcmcvMjAwMC9zdmciPjwvc3ZnPg==\" class=\"lazyload\">\n        <\/a>\n            <a href=\"\" target=\"_blank\">\n            <img decoding=\"async\" alt=\"\"\n                 data-type=\"image\"\n                 data-src=\"https:\/\/marcopachiega.com\/blog\/wp-content\/uploads\/sites\/9\/2020\/05\/DSC1290.jpg\"\n                 data-image=\"https:\/\/marcopachiega.com\/blog\/wp-content\/uploads\/sites\/9\/2020\/05\/DSC1290.jpg\"\n                 data-description=\"\"\n                                 style=\"--smush-placeholder-width: 1226px; --smush-placeholder-aspect-ratio: 1226\/815;display:block\" src=\"data:image\/svg+xml;base64,PHN2ZyB3aWR0aD0iMSIgaGVpZ2h0PSIxIiB4bWxucz0iaHR0cDovL3d3dy53My5vcmcvMjAwMC9zdmciPjwvc3ZnPg==\" class=\"lazyload\">\n        <\/a>\n    <\/div>\n\n\n\n<script type=\"text\/javascript\">\n\n\n    (function() {\n        var runMyCode = function() {\n            jQuery(document).ready(function () {\n                var container = jQuery(\"#gdgallery_container_45\");\n                container.unitegallery({\"gallery_theme\":\"justified\",\"tiles_type\":\"justified\",\"tiles_justified_space_between\":10,\"tile_enable_textpanel\":true,\"tile_textpanel_always_on\":true,\"tile_textpanel_title_text_align\":\"center\",\"tile_textpanel_title_font_size\":\"16\",\"tile_textpanel_title_color\":\"#FFFFFF\",\"tile_textpanel_bg_color\":\"#333333\",\"tile_textpanel_bg_opacity\":0.7,\"tile_enable_border\":true,\"tile_border_width\":\"0\",\"tile_border_color\":\"#333333\",\"tile_border_radius\":\"0\",\"tile_enable_overlay\":true,\"tile_enable_image_effect\":true,\"tile_image_effect_type\":\"blur\",\"tile_image_effect_reverse\":true,\"tile_enable_shadow\":false,\"tile_as_link\":false,\"tile_enable_icons\":true,\"tile_show_link_icon\":true,\"tile_textpanel_appear_type\":\"slide\",\"tile_textpanel_position\":\"inside_bottom\",\"tile_link_newpage\":true,\"lightbox_type\":\"wide\",\"lightbox_arrows_offset\":0,\"lightbox_overlay_color\":\"#000000\",\"lightbox_overlay_opacity\":1,\"lightbox_top_panel_opacity\":1,\"lightbox_show_numbers\":true,\"lightbox_numbers_size\":\"15\",\"lightbox_numbers_color\":\"#FFFFFF\",\"lightbox_slider_image_border_width\":\"0\",\"lightbox_slider_image_border_color\":\"#FFFFFF\",\"lightbox_slider_image_border_radius\":0,\"lightbox_slider_image_shadow\":true,\"lightbox_slider_control_swipe\":true,\"lightbox_slider_control_zoom\":true,\"lightbox_slider_image_border\":true,\"lightbox_show_textpanel\":true,\"lightbox_textpanel_enable_title\":true,\"lightbox_textpanel_enable_description\":false,\"lightbox_textpanel_padding_top\":5,\"lightbox_textpanel_padding_bottom\":5,\"lightbox_textpanel_padding_right\":5,\"lightbox_textpanel_padding_left\":5,\"lightbox_textpanel_title_color\":\"#FFFFFF\",\"lightbox_textpanel_title_text_align\":\"center\",\"lightbox_textpanel_title_font_size\":\"16\",\"lightbox_textpanel_desc_color\":\"#FFFFFF\",\"lightbox_textpanel_desc_text_align\":\"center\",\"lightbox_textpanel_desc_font_size\":\"14\"});\n            });\n        };\n        var timer = function() {\n            if (window.jQuery) {runMyCode(window.jQuery);}\n            else {window.setTimeout(timer, 100);}\n        };\n        timer();\n    })();\n<\/script><style>\n#gdgallery-container-45 {\n   text-align: center}\n\n.gdgallery-pagination-45{\ntext-align: center !important;\n}\n\n.gdgallery-pagination-45 a{\n    font-size: 15px !important;\n    padding: 8px 13px !important;\n    margin: 3px !important;\n    border: 1px solid #333333 !important;\n    border-radius: 0px !important;\n    color: #333333 !important;\n    background-color: #FFFFFF !important;\n    font-family: monospace !important;\n}\n\n.gdgallery-pagination-45 a:hover, .gdgallery-pagination-45 a.gdgallery-pagination-icon-active{\n    color: #FFFFFF !important;\n    background-color: #333333 !important;\n    border-color: #333333 !important;\n}\n\n#gdgallery-container-45 .gdgallery_load_more_space{\n    margin-top: 20px !important;\n    text-align: center !important;\n}\n\n#gdgallery-container-45 .gdgallery_load_more_space button{\n                      padding: 8px 13px !important;\n    font-size: 15px !important;\n    background-color: #333333 !important;\n    color: #FFFFFF !important;\n    border:1px solid #333333 !important;\n                      border-radius: 0px !important;\n                      font-family: monospace !important;\n                  }\n#gdgallery-container-45 .gdgallery_load_more_space button:hover{\n                      background-color: #FFFFFF !important;\n                      color: #333333 !important;\n                      border-color: #333333 !important;\n                  }\n\n#gdgallery-container-45 .gdgallery_load_more_space button,\n#gdgallery-container-45 .gdgallery_load_more_space button:hover,\n#gdgallery-container-45 .gdgallery_load_more_space button:active,\n#gdgallery-container-45 .gdgallery_load_more_space button:focus{\n    outline: none !important;\n}\n\n\n#gdgallery-container-45 .gdgallery_loading li{\n                      border: 3px solid #333333 !important;\n                  }\n\n.ug-lightbox .ug-lightbox-top-panel-overlay{\n    background-color: #000000 !important;\n}\n\n\n                  #gdgallery_container_45{}\n<\/style>\n\n\n\n<\/div>\n\n\n\n\n\n\n<p><em>Marco Pachiega<\/em><\/p>\n<p>&nbsp;<\/p>\n<p>&nbsp;<\/p>\n","protected":false},"excerpt":{"rendered":"<p>La malinconia del &#8220;Cam\u00ec dels Monjos&#8221; e la Mola La curiosa formazione rocciosa porta con se una leggenda dei monaci di Sant Cugat del Valles English &nbsp; Espa\u00f1ol Il 25 Maggio 2020 Barcellona finalmente passer\u00e0 alla tanto attesa Fase 1. Siamo tuttavia in stato d&#8217;allarme per la pandemia del Covid-19. Un evento storico che ha cambiato e cambier\u00e0 il nostro modo di vivere e socializzare. In attesa delle le successive fasi necessarie per tornare alla normalit\u00e0, se cos\u00ec si pu\u00f2 dire, riaffiorano immagini e sensazioni passate delle mie escursioni. Questa \u00e8 una di quelle. La citt\u00e0 di Terrassa Oltre il massiccio del Collserola si estende una vasta pianura el Vall\u00e8s&hellip; <a class=\"read-more\" href=\"https:\/\/marcopachiega.com\/blog\/la-malinconia-del-cami-dels-monjos-e-la-mola\/\">Read More<\/a><\/p>\n","protected":false},"author":1,"featured_media":3403,"comment_status":"open","ping_status":"open","sticky":false,"template":"","format":"standard","meta":{"footnotes":""},"categories":[460,184],"tags":[26,441,158,180,154,240,382,36,442,137,443,153],"class_list":["post-3398","post","type-post","status-publish","format-standard","has-post-thumbnail","hentry","category-spagna-e-dintorni","category-viaggi-scappatelle-e-altre-storie","tag-barcelona","tag-cami-dels-monjos","tag-catalunia","tag-discover","tag-nature","tag-panorama","tag-panoramic","tag-spain","tag-terrassa","tag-travel","tag-travelphotograph","tag-trekking"],"yoast_head":"<!-- This site is optimized with the Yoast SEO plugin v27.3 - https:\/\/yoast.com\/product\/yoast-seo-wordpress\/ -->\n<title>La malinconia del &quot;Cam\u00ec dels Monjos&quot; e la Mola - Pachiega&#039;s blog<\/title>\n<meta name=\"description\" content=\"La malinconia del &quot;Cam\u00ec dels Monjos&quot; e la Mola. La curiosa formazione rocciosa porta con se una leggenda dei monaci di Sant Cugat del Valles.\" \/>\n<meta name=\"robots\" content=\"index, follow, max-snippet:-1, max-image-preview:large, max-video-preview:-1\" \/>\n<link rel=\"canonical\" href=\"https:\/\/marcopachiega.com\/blog\/la-malinconia-del-cami-dels-monjos-e-la-mola\/\" \/>\n<meta property=\"og:locale\" content=\"it_IT\" \/>\n<meta property=\"og:type\" content=\"article\" \/>\n<meta property=\"og:title\" content=\"La malinconia del &quot;Cam\u00ec dels Monjos&quot; e la Mola - Pachiega&#039;s blog\" \/>\n<meta property=\"og:description\" content=\"La malinconia del &quot;Cam\u00ec dels Monjos&quot; e la Mola. La curiosa formazione rocciosa porta con se una leggenda dei monaci di Sant Cugat del Valles.\" \/>\n<meta property=\"og:url\" content=\"https:\/\/marcopachiega.com\/blog\/la-malinconia-del-cami-dels-monjos-e-la-mola\/\" \/>\n<meta property=\"og:site_name\" content=\"Pachiega&#039;s blog\" \/>\n<meta property=\"article:published_time\" content=\"2020-05-22T22:46:15+00:00\" \/>\n<meta property=\"article:modified_time\" content=\"2021-01-10T15:44:47+00:00\" \/>\n<meta property=\"og:image\" content=\"https:\/\/marcopachiega.com\/blog\/wp-content\/uploads\/sites\/9\/2020\/05\/DSC1228-Edit.jpg\" \/>\n\t<meta property=\"og:image:width\" content=\"1226\" \/>\n\t<meta property=\"og:image:height\" content=\"815\" \/>\n\t<meta property=\"og:image:type\" content=\"image\/jpeg\" \/>\n<meta name=\"author\" content=\"marcopac\" \/>\n<meta name=\"twitter:card\" content=\"summary_large_image\" \/>\n<meta name=\"twitter:label1\" content=\"Scritto da\" \/>\n\t<meta name=\"twitter:data1\" content=\"marcopac\" \/>\n\t<meta name=\"twitter:label2\" content=\"Tempo di lettura stimato\" \/>\n\t<meta name=\"twitter:data2\" content=\"5 minuti\" \/>\n<script type=\"application\/ld+json\" class=\"yoast-schema-graph\">{\"@context\":\"https:\\\/\\\/schema.org\",\"@graph\":[{\"@type\":\"Article\",\"@id\":\"https:\\\/\\\/marcopachiega.com\\\/blog\\\/la-malinconia-del-cami-dels-monjos-e-la-mola\\\/#article\",\"isPartOf\":{\"@id\":\"https:\\\/\\\/marcopachiega.com\\\/blog\\\/la-malinconia-del-cami-dels-monjos-e-la-mola\\\/\"},\"author\":{\"name\":\"marcopac\",\"@id\":\"https:\\\/\\\/marcopachiega.com\\\/blog\\\/#\\\/schema\\\/person\\\/5800e113375ba5f33499beca73ac3336\"},\"headline\":\"La malinconia del &#8220;Cam\u00ec dels Monjos&#8221; e la Mola\",\"datePublished\":\"2020-05-22T22:46:15+00:00\",\"dateModified\":\"2021-01-10T15:44:47+00:00\",\"mainEntityOfPage\":{\"@id\":\"https:\\\/\\\/marcopachiega.com\\\/blog\\\/la-malinconia-del-cami-dels-monjos-e-la-mola\\\/\"},\"wordCount\":947,\"commentCount\":0,\"publisher\":{\"@id\":\"https:\\\/\\\/marcopachiega.com\\\/blog\\\/#\\\/schema\\\/person\\\/5800e113375ba5f33499beca73ac3336\"},\"image\":{\"@id\":\"https:\\\/\\\/marcopachiega.com\\\/blog\\\/la-malinconia-del-cami-dels-monjos-e-la-mola\\\/#primaryimage\"},\"thumbnailUrl\":\"https:\\\/\\\/marcopachiega.com\\\/blog\\\/wp-content\\\/uploads\\\/sites\\\/9\\\/2020\\\/05\\\/DSC1228-Edit.jpg\",\"keywords\":[\"barcelona\",\"Cam\u00ec dels monjos\",\"Catalunia\",\"discover\",\"nature\",\"panorama\",\"Panoramic\",\"spain\",\"terrassa\",\"travel\",\"travelphotograph\",\"trekking\"],\"articleSection\":[\"Spagna e dintorni\",\"Viaggi scappatelle e altre storie\"],\"inLanguage\":\"it-IT\",\"potentialAction\":[{\"@type\":\"CommentAction\",\"name\":\"Comment\",\"target\":[\"https:\\\/\\\/marcopachiega.com\\\/blog\\\/la-malinconia-del-cami-dels-monjos-e-la-mola\\\/#respond\"]}]},{\"@type\":\"WebPage\",\"@id\":\"https:\\\/\\\/marcopachiega.com\\\/blog\\\/la-malinconia-del-cami-dels-monjos-e-la-mola\\\/\",\"url\":\"https:\\\/\\\/marcopachiega.com\\\/blog\\\/la-malinconia-del-cami-dels-monjos-e-la-mola\\\/\",\"name\":\"La malinconia del \\\"Cam\u00ec dels Monjos\\\" e la Mola - Pachiega&#039;s blog\",\"isPartOf\":{\"@id\":\"https:\\\/\\\/marcopachiega.com\\\/blog\\\/#website\"},\"primaryImageOfPage\":{\"@id\":\"https:\\\/\\\/marcopachiega.com\\\/blog\\\/la-malinconia-del-cami-dels-monjos-e-la-mola\\\/#primaryimage\"},\"image\":{\"@id\":\"https:\\\/\\\/marcopachiega.com\\\/blog\\\/la-malinconia-del-cami-dels-monjos-e-la-mola\\\/#primaryimage\"},\"thumbnailUrl\":\"https:\\\/\\\/marcopachiega.com\\\/blog\\\/wp-content\\\/uploads\\\/sites\\\/9\\\/2020\\\/05\\\/DSC1228-Edit.jpg\",\"datePublished\":\"2020-05-22T22:46:15+00:00\",\"dateModified\":\"2021-01-10T15:44:47+00:00\",\"description\":\"La malinconia del \\\"Cam\u00ec dels Monjos\\\" e la Mola. La curiosa formazione rocciosa porta con se una leggenda dei monaci di Sant Cugat del Valles.\",\"breadcrumb\":{\"@id\":\"https:\\\/\\\/marcopachiega.com\\\/blog\\\/la-malinconia-del-cami-dels-monjos-e-la-mola\\\/#breadcrumb\"},\"inLanguage\":\"it-IT\",\"potentialAction\":[{\"@type\":\"ReadAction\",\"target\":[\"https:\\\/\\\/marcopachiega.com\\\/blog\\\/la-malinconia-del-cami-dels-monjos-e-la-mola\\\/\"]}]},{\"@type\":\"ImageObject\",\"inLanguage\":\"it-IT\",\"@id\":\"https:\\\/\\\/marcopachiega.com\\\/blog\\\/la-malinconia-del-cami-dels-monjos-e-la-mola\\\/#primaryimage\",\"url\":\"https:\\\/\\\/marcopachiega.com\\\/blog\\\/wp-content\\\/uploads\\\/sites\\\/9\\\/2020\\\/05\\\/DSC1228-Edit.jpg\",\"contentUrl\":\"https:\\\/\\\/marcopachiega.com\\\/blog\\\/wp-content\\\/uploads\\\/sites\\\/9\\\/2020\\\/05\\\/DSC1228-Edit.jpg\",\"width\":1226,\"height\":815},{\"@type\":\"BreadcrumbList\",\"@id\":\"https:\\\/\\\/marcopachiega.com\\\/blog\\\/la-malinconia-del-cami-dels-monjos-e-la-mola\\\/#breadcrumb\",\"itemListElement\":[{\"@type\":\"ListItem\",\"position\":1,\"name\":\"Home\",\"item\":\"https:\\\/\\\/marcopachiega.com\\\/blog\\\/\"},{\"@type\":\"ListItem\",\"position\":2,\"name\":\"La malinconia del &#8220;Cam\u00ec dels Monjos&#8221; e la Mola\"}]},{\"@type\":\"WebSite\",\"@id\":\"https:\\\/\\\/marcopachiega.com\\\/blog\\\/#website\",\"url\":\"https:\\\/\\\/marcopachiega.com\\\/blog\\\/\",\"name\":\"Pachiega&#039;s blog\",\"description\":\"Observation post\",\"publisher\":{\"@id\":\"https:\\\/\\\/marcopachiega.com\\\/blog\\\/#\\\/schema\\\/person\\\/5800e113375ba5f33499beca73ac3336\"},\"potentialAction\":[{\"@type\":\"SearchAction\",\"target\":{\"@type\":\"EntryPoint\",\"urlTemplate\":\"https:\\\/\\\/marcopachiega.com\\\/blog\\\/?s={search_term_string}\"},\"query-input\":{\"@type\":\"PropertyValueSpecification\",\"valueRequired\":true,\"valueName\":\"search_term_string\"}}],\"inLanguage\":\"it-IT\"},{\"@type\":[\"Person\",\"Organization\"],\"@id\":\"https:\\\/\\\/marcopachiega.com\\\/blog\\\/#\\\/schema\\\/person\\\/5800e113375ba5f33499beca73ac3336\",\"name\":\"marcopac\",\"image\":{\"@type\":\"ImageObject\",\"inLanguage\":\"it-IT\",\"@id\":\"https:\\\/\\\/marcopachiega.com\\\/blog\\\/wp-content\\\/uploads\\\/sites\\\/9\\\/2022\\\/12\\\/DRS_3328_B.jpg\",\"url\":\"https:\\\/\\\/marcopachiega.com\\\/blog\\\/wp-content\\\/uploads\\\/sites\\\/9\\\/2022\\\/12\\\/DRS_3328_B.jpg\",\"contentUrl\":\"https:\\\/\\\/marcopachiega.com\\\/blog\\\/wp-content\\\/uploads\\\/sites\\\/9\\\/2022\\\/12\\\/DRS_3328_B.jpg\",\"width\":1000,\"height\":1000,\"caption\":\"marcopac\"},\"logo\":{\"@id\":\"https:\\\/\\\/marcopachiega.com\\\/blog\\\/wp-content\\\/uploads\\\/sites\\\/9\\\/2022\\\/12\\\/DRS_3328_B.jpg\"},\"sameAs\":[\"http:\\\/\\\/www.marcopachiega.com\",\"https:\\\/\\\/www.instagram.com\\\/marcopachiega\\\/\",\"https:\\\/\\\/www.linkedin.com\\\/in\\\/marco-pachiega-38546b92\\\/?locale=es_ES\",\"https:\\\/\\\/www.youtube.com\\\/@marcopachiega2999\\\/featured\"],\"url\":\"https:\\\/\\\/marcopachiega.com\\\/blog\\\/author\\\/marcopac\\\/\"}]}<\/script>\n<!-- \/ Yoast SEO plugin. -->","yoast_head_json":{"title":"La malinconia del \"Cam\u00ec dels Monjos\" e la Mola - Pachiega&#039;s blog","description":"La malinconia del \"Cam\u00ec dels Monjos\" e la Mola. La curiosa formazione rocciosa porta con se una leggenda dei monaci di Sant Cugat del Valles.","robots":{"index":"index","follow":"follow","max-snippet":"max-snippet:-1","max-image-preview":"max-image-preview:large","max-video-preview":"max-video-preview:-1"},"canonical":"https:\/\/marcopachiega.com\/blog\/la-malinconia-del-cami-dels-monjos-e-la-mola\/","og_locale":"it_IT","og_type":"article","og_title":"La malinconia del \"Cam\u00ec dels Monjos\" e la Mola - Pachiega&#039;s blog","og_description":"La malinconia del \"Cam\u00ec dels Monjos\" e la Mola. La curiosa formazione rocciosa porta con se una leggenda dei monaci di Sant Cugat del Valles.","og_url":"https:\/\/marcopachiega.com\/blog\/la-malinconia-del-cami-dels-monjos-e-la-mola\/","og_site_name":"Pachiega&#039;s blog","article_published_time":"2020-05-22T22:46:15+00:00","article_modified_time":"2021-01-10T15:44:47+00:00","og_image":[{"width":1226,"height":815,"url":"https:\/\/marcopachiega.com\/blog\/wp-content\/uploads\/sites\/9\/2020\/05\/DSC1228-Edit.jpg","type":"image\/jpeg"}],"author":"marcopac","twitter_card":"summary_large_image","twitter_misc":{"Scritto da":"marcopac","Tempo di lettura stimato":"5 minuti"},"schema":{"@context":"https:\/\/schema.org","@graph":[{"@type":"Article","@id":"https:\/\/marcopachiega.com\/blog\/la-malinconia-del-cami-dels-monjos-e-la-mola\/#article","isPartOf":{"@id":"https:\/\/marcopachiega.com\/blog\/la-malinconia-del-cami-dels-monjos-e-la-mola\/"},"author":{"name":"marcopac","@id":"https:\/\/marcopachiega.com\/blog\/#\/schema\/person\/5800e113375ba5f33499beca73ac3336"},"headline":"La malinconia del &#8220;Cam\u00ec dels Monjos&#8221; e la Mola","datePublished":"2020-05-22T22:46:15+00:00","dateModified":"2021-01-10T15:44:47+00:00","mainEntityOfPage":{"@id":"https:\/\/marcopachiega.com\/blog\/la-malinconia-del-cami-dels-monjos-e-la-mola\/"},"wordCount":947,"commentCount":0,"publisher":{"@id":"https:\/\/marcopachiega.com\/blog\/#\/schema\/person\/5800e113375ba5f33499beca73ac3336"},"image":{"@id":"https:\/\/marcopachiega.com\/blog\/la-malinconia-del-cami-dels-monjos-e-la-mola\/#primaryimage"},"thumbnailUrl":"https:\/\/marcopachiega.com\/blog\/wp-content\/uploads\/sites\/9\/2020\/05\/DSC1228-Edit.jpg","keywords":["barcelona","Cam\u00ec dels monjos","Catalunia","discover","nature","panorama","Panoramic","spain","terrassa","travel","travelphotograph","trekking"],"articleSection":["Spagna e dintorni","Viaggi scappatelle e altre storie"],"inLanguage":"it-IT","potentialAction":[{"@type":"CommentAction","name":"Comment","target":["https:\/\/marcopachiega.com\/blog\/la-malinconia-del-cami-dels-monjos-e-la-mola\/#respond"]}]},{"@type":"WebPage","@id":"https:\/\/marcopachiega.com\/blog\/la-malinconia-del-cami-dels-monjos-e-la-mola\/","url":"https:\/\/marcopachiega.com\/blog\/la-malinconia-del-cami-dels-monjos-e-la-mola\/","name":"La malinconia del \"Cam\u00ec dels Monjos\" e la Mola - Pachiega&#039;s blog","isPartOf":{"@id":"https:\/\/marcopachiega.com\/blog\/#website"},"primaryImageOfPage":{"@id":"https:\/\/marcopachiega.com\/blog\/la-malinconia-del-cami-dels-monjos-e-la-mola\/#primaryimage"},"image":{"@id":"https:\/\/marcopachiega.com\/blog\/la-malinconia-del-cami-dels-monjos-e-la-mola\/#primaryimage"},"thumbnailUrl":"https:\/\/marcopachiega.com\/blog\/wp-content\/uploads\/sites\/9\/2020\/05\/DSC1228-Edit.jpg","datePublished":"2020-05-22T22:46:15+00:00","dateModified":"2021-01-10T15:44:47+00:00","description":"La malinconia del \"Cam\u00ec dels Monjos\" e la Mola. La curiosa formazione rocciosa porta con se una leggenda dei monaci di Sant Cugat del Valles.","breadcrumb":{"@id":"https:\/\/marcopachiega.com\/blog\/la-malinconia-del-cami-dels-monjos-e-la-mola\/#breadcrumb"},"inLanguage":"it-IT","potentialAction":[{"@type":"ReadAction","target":["https:\/\/marcopachiega.com\/blog\/la-malinconia-del-cami-dels-monjos-e-la-mola\/"]}]},{"@type":"ImageObject","inLanguage":"it-IT","@id":"https:\/\/marcopachiega.com\/blog\/la-malinconia-del-cami-dels-monjos-e-la-mola\/#primaryimage","url":"https:\/\/marcopachiega.com\/blog\/wp-content\/uploads\/sites\/9\/2020\/05\/DSC1228-Edit.jpg","contentUrl":"https:\/\/marcopachiega.com\/blog\/wp-content\/uploads\/sites\/9\/2020\/05\/DSC1228-Edit.jpg","width":1226,"height":815},{"@type":"BreadcrumbList","@id":"https:\/\/marcopachiega.com\/blog\/la-malinconia-del-cami-dels-monjos-e-la-mola\/#breadcrumb","itemListElement":[{"@type":"ListItem","position":1,"name":"Home","item":"https:\/\/marcopachiega.com\/blog\/"},{"@type":"ListItem","position":2,"name":"La malinconia del &#8220;Cam\u00ec dels Monjos&#8221; e la Mola"}]},{"@type":"WebSite","@id":"https:\/\/marcopachiega.com\/blog\/#website","url":"https:\/\/marcopachiega.com\/blog\/","name":"Pachiega&#039;s blog","description":"Observation post","publisher":{"@id":"https:\/\/marcopachiega.com\/blog\/#\/schema\/person\/5800e113375ba5f33499beca73ac3336"},"potentialAction":[{"@type":"SearchAction","target":{"@type":"EntryPoint","urlTemplate":"https:\/\/marcopachiega.com\/blog\/?s={search_term_string}"},"query-input":{"@type":"PropertyValueSpecification","valueRequired":true,"valueName":"search_term_string"}}],"inLanguage":"it-IT"},{"@type":["Person","Organization"],"@id":"https:\/\/marcopachiega.com\/blog\/#\/schema\/person\/5800e113375ba5f33499beca73ac3336","name":"marcopac","image":{"@type":"ImageObject","inLanguage":"it-IT","@id":"https:\/\/marcopachiega.com\/blog\/wp-content\/uploads\/sites\/9\/2022\/12\/DRS_3328_B.jpg","url":"https:\/\/marcopachiega.com\/blog\/wp-content\/uploads\/sites\/9\/2022\/12\/DRS_3328_B.jpg","contentUrl":"https:\/\/marcopachiega.com\/blog\/wp-content\/uploads\/sites\/9\/2022\/12\/DRS_3328_B.jpg","width":1000,"height":1000,"caption":"marcopac"},"logo":{"@id":"https:\/\/marcopachiega.com\/blog\/wp-content\/uploads\/sites\/9\/2022\/12\/DRS_3328_B.jpg"},"sameAs":["http:\/\/www.marcopachiega.com","https:\/\/www.instagram.com\/marcopachiega\/","https:\/\/www.linkedin.com\/in\/marco-pachiega-38546b92\/?locale=es_ES","https:\/\/www.youtube.com\/@marcopachiega2999\/featured"],"url":"https:\/\/marcopachiega.com\/blog\/author\/marcopac\/"}]}},"_links":{"self":[{"href":"https:\/\/marcopachiega.com\/blog\/wp-json\/wp\/v2\/posts\/3398","targetHints":{"allow":["GET"]}}],"collection":[{"href":"https:\/\/marcopachiega.com\/blog\/wp-json\/wp\/v2\/posts"}],"about":[{"href":"https:\/\/marcopachiega.com\/blog\/wp-json\/wp\/v2\/types\/post"}],"author":[{"embeddable":true,"href":"https:\/\/marcopachiega.com\/blog\/wp-json\/wp\/v2\/users\/1"}],"replies":[{"embeddable":true,"href":"https:\/\/marcopachiega.com\/blog\/wp-json\/wp\/v2\/comments?post=3398"}],"version-history":[{"count":0,"href":"https:\/\/marcopachiega.com\/blog\/wp-json\/wp\/v2\/posts\/3398\/revisions"}],"wp:featuredmedia":[{"embeddable":true,"href":"https:\/\/marcopachiega.com\/blog\/wp-json\/wp\/v2\/media\/3403"}],"wp:attachment":[{"href":"https:\/\/marcopachiega.com\/blog\/wp-json\/wp\/v2\/media?parent=3398"}],"wp:term":[{"taxonomy":"category","embeddable":true,"href":"https:\/\/marcopachiega.com\/blog\/wp-json\/wp\/v2\/categories?post=3398"},{"taxonomy":"post_tag","embeddable":true,"href":"https:\/\/marcopachiega.com\/blog\/wp-json\/wp\/v2\/tags?post=3398"}],"curies":[{"name":"wp","href":"https:\/\/api.w.org\/{rel}","templated":true}]}}