{"id":4000,"date":"2021-12-11T20:10:21","date_gmt":"2021-12-11T20:10:21","guid":{"rendered":"https:\/\/marcopachiega.com\/blog\/?p=4000"},"modified":"2021-12-11T20:20:05","modified_gmt":"2021-12-11T20:20:05","slug":"la-nuova-stella-di-barcellona","status":"publish","type":"post","link":"https:\/\/marcopachiega.com\/blog\/la-nuova-stella-di-barcellona\/","title":{"rendered":"La nuova stella di Barcellona ed i mercatini di Natale"},"content":{"rendered":"<h1 style=\"text-align: center;\">La nuova stella di Barcellona ed i mercatini di Natale<\/h1>\n<h2 style=\"text-align: center;\">Una luce speciale illumina la Sagrada Familia ed il suo mercatino<\/h2>\n<h2 style=\"text-align: center;\"><img fetchpriority=\"high\" decoding=\"async\" class=\"aligncenter wp-image-3981\" src=\"https:\/\/marcopachiega.com\/blog\/wp-content\/uploads\/sites\/9\/2021\/12\/Hanna-Sushi_hero_-7208.jpg\" alt=\"La nuova stella di Barcellona\" width=\"600\" height=\"400\" srcset=\"https:\/\/marcopachiega.com\/blog\/wp-content\/uploads\/sites\/9\/2021\/12\/Hanna-Sushi_hero_-7208.jpg 1224w, https:\/\/marcopachiega.com\/blog\/wp-content\/uploads\/sites\/9\/2021\/12\/Hanna-Sushi_hero_-7208-744x496.jpg 744w, https:\/\/marcopachiega.com\/blog\/wp-content\/uploads\/sites\/9\/2021\/12\/Hanna-Sushi_hero_-7208-1200x800.jpg 1200w, https:\/\/marcopachiega.com\/blog\/wp-content\/uploads\/sites\/9\/2021\/12\/Hanna-Sushi_hero_-7208-420x280.jpg 420w\" sizes=\"(max-width: 600px) 100vw, 600px\" \/>&nbsp;&nbsp;<\/h2>\n<p>Le feste si avvicinano e la frenesia del Black Friday unito ai mercatini di natale rendono le strade ed i quartieri di Barcellona ben affollati.&nbsp;<\/p>\n<p>La citt\u00e0 in questo periodo risulta immersa in un atmosfera ancora pi\u00f9 accogliente e festiva. Ma quali mercatini visitare?<\/p>\n<h3>Il mercato di Santa Llucia<\/h3>\n<p>Se siete in pieno centro, non potete perdere il mercato di Santa Llucia, adiacente alla Cattedrale di Santa Eulalia. La Plaza Nova accoglie molte bancarelle ricce di prodotti tipici ed idee per un regalo. Il quartiere &#8220;in stile gotico&#8221; contrasta le luci natalizie con la sua muraglia possente e la cattedrale a guardia in penombra. Se non foste esausti dello slalom tra i curiosi e turisti potete sempre proseguire per il Carrer del Angels, dove i negozi con le marche pi\u00f9 conosciute vi accompagneranno fino alla Piazza Catalogna!<\/p>\n<p><img decoding=\"async\" class=\"aligncenter wp-image-3986 lazyload\" data-src=\"https:\/\/marcopachiega.com\/blog\/wp-content\/uploads\/sites\/9\/2021\/12\/Hanna-Sushi_hero_-7311.jpg\" alt=\"\" width=\"600\" height=\"400\" data-srcset=\"https:\/\/marcopachiega.com\/blog\/wp-content\/uploads\/sites\/9\/2021\/12\/Hanna-Sushi_hero_-7311.jpg 1224w, https:\/\/marcopachiega.com\/blog\/wp-content\/uploads\/sites\/9\/2021\/12\/Hanna-Sushi_hero_-7311-744x496.jpg 744w, https:\/\/marcopachiega.com\/blog\/wp-content\/uploads\/sites\/9\/2021\/12\/Hanna-Sushi_hero_-7311-1200x800.jpg 1200w, https:\/\/marcopachiega.com\/blog\/wp-content\/uploads\/sites\/9\/2021\/12\/Hanna-Sushi_hero_-7311-420x280.jpg 420w\" data-sizes=\"(max-width: 600px) 100vw, 600px\" src=\"data:image\/svg+xml;base64,PHN2ZyB3aWR0aD0iMSIgaGVpZ2h0PSIxIiB4bWxucz0iaHR0cDovL3d3dy53My5vcmcvMjAwMC9zdmciPjwvc3ZnPg==\" style=\"--smush-placeholder-width: 600px; --smush-placeholder-aspect-ratio: 600\/400;\" \/><\/p>\n<h3>Mercato della Sagrada Familia<\/h3>\n<p>Se invece volete spostarvi fuori dal caos del centro un mercato adiacente alla facciata della passione della Sagrada Familia pu\u00f2 fare al caso vostro. Il mercatino non \u00e8 molto grande ma sicuramente risulta invitante per i golosi. Qui si possono degustare i famosi Xurros (pron. Ciurros) e altri prodotti oppure acquistare i tipici addobbi natalizi. Il mercatino per\u00f2 se non vi stupisce pi\u00f9 di tanto, quest&#8217;anno ha un asso nella manica molto speciale.<\/p>\n<p>Oltre alle luci decorative delle bancarelle una nuova stella brilla vegliando ed illuminando la Sagrada Familia!<\/p>\n<p>L&#8217;opera pi\u00f9 iconica della citt\u00e0 ha portato a termine il 29 di novembre la costruzione della torre dedicata alla Vergine Maria. Con i suoi 127 metri di altezza risulta al momento la pi\u00f9 alta della struttura, in attesa che si completi quella dedicata a Ges\u00f9 di ben 172 metri.&nbsp;<\/p>\n<p><img decoding=\"async\" class=\"aligncenter wp-image-3983 lazyload\" data-src=\"https:\/\/marcopachiega.com\/blog\/wp-content\/uploads\/sites\/9\/2021\/12\/Hanna-Sushi_hero_-7224.jpg\" alt=\"La nuova stella di Barcellona\" width=\"400\" height=\"600\" data-srcset=\"https:\/\/marcopachiega.com\/blog\/wp-content\/uploads\/sites\/9\/2021\/12\/Hanna-Sushi_hero_-7224.jpg 816w, https:\/\/marcopachiega.com\/blog\/wp-content\/uploads\/sites\/9\/2021\/12\/Hanna-Sushi_hero_-7224-744x1116.jpg 744w, https:\/\/marcopachiega.com\/blog\/wp-content\/uploads\/sites\/9\/2021\/12\/Hanna-Sushi_hero_-7224-280x420.jpg 280w\" data-sizes=\"(max-width: 400px) 100vw, 400px\" src=\"data:image\/svg+xml;base64,PHN2ZyB3aWR0aD0iMSIgaGVpZ2h0PSIxIiB4bWxucz0iaHR0cDovL3d3dy53My5vcmcvMjAwMC9zdmciPjwvc3ZnPg==\" style=\"--smush-placeholder-width: 400px; --smush-placeholder-aspect-ratio: 400\/600;\" \/><\/p>\n<h3 style=\"text-align: left;\">La nuova stella di Barcellona<\/h3>\n<p>A rendere ancora pi\u00f9 affascinante la costruzione \u00e8 stata posta al suo apice una stella a dodici punte del peso di oltre 5 tonnellate! Un dettaglio, se cos\u00ec si pu\u00f2 dire, che \u00e8 stato inaugurato con la sua accensione proprio il giorno dell&#8217;Immacolata Concezione l&#8217;otto dicembre.&nbsp;L&#8217;evento \u00e8 stato preceduto da una messa trasmessa in diretta da different reti televisive, la quale al suo termine ha regalato una luminosa sorpresa per curiosi e turisti.<\/p>\n<p><img decoding=\"async\" class=\"aligncenter wp-image-3988 lazyload\" data-src=\"https:\/\/marcopachiega.com\/blog\/wp-content\/uploads\/sites\/9\/2021\/12\/Hanna-Sushi_hero_-7401.jpg\" alt=\"\" width=\"400\" height=\"600\" data-srcset=\"https:\/\/marcopachiega.com\/blog\/wp-content\/uploads\/sites\/9\/2021\/12\/Hanna-Sushi_hero_-7401.jpg 816w, https:\/\/marcopachiega.com\/blog\/wp-content\/uploads\/sites\/9\/2021\/12\/Hanna-Sushi_hero_-7401-744x1116.jpg 744w, https:\/\/marcopachiega.com\/blog\/wp-content\/uploads\/sites\/9\/2021\/12\/Hanna-Sushi_hero_-7401-280x420.jpg 280w\" data-sizes=\"(max-width: 400px) 100vw, 400px\" src=\"data:image\/svg+xml;base64,PHN2ZyB3aWR0aD0iMSIgaGVpZ2h0PSIxIiB4bWxucz0iaHR0cDovL3d3dy53My5vcmcvMjAwMC9zdmciPjwvc3ZnPg==\" style=\"--smush-placeholder-width: 400px; --smush-placeholder-aspect-ratio: 400\/600;\" \/><\/p>\n<p>Se siete nei paraggi dell&#8217;opera pi\u00f9 famosa di Gaud\u00ec, non dimenticatevi di alzare il naso all&#8217;ins\u00f9 per ammirare la nuova stella di Barcellona!<\/p>\n<p><em>Marco Pachiega.<\/em><\/p>\n","protected":false},"excerpt":{"rendered":"<p>La nuova stella di Barcellona ed i mercatini di Natale Una luce speciale illumina la Sagrada Familia ed il suo mercatino &nbsp;&nbsp; Le feste si avvicinano e la frenesia del Black Friday unito ai mercatini di natale rendono le strade ed i quartieri di Barcellona ben affollati.&nbsp; La citt\u00e0 in questo periodo risulta immersa in un atmosfera ancora pi\u00f9 accogliente e festiva. Ma quali mercatini visitare? Il mercato di Santa Llucia Se siete in pieno centro, non potete perdere il mercato di Santa Llucia, adiacente alla Cattedrale di Santa Eulalia. La Plaza Nova accoglie molte bancarelle ricce di prodotti tipici ed idee per un regalo. Il quartiere &#8220;in stile gotico&#8221;&hellip; <a class=\"read-more\" href=\"https:\/\/marcopachiega.com\/blog\/la-nuova-stella-di-barcellona\/\">Read More<\/a><\/p>\n","protected":false},"author":1,"featured_media":3987,"comment_status":"open","ping_status":"open","sticky":false,"template":"","format":"standard","meta":{"footnotes":""},"categories":[269],"tags":[367,521,177,518,255,233,92,517,520,516,519,371,187],"class_list":["post-4000","post","type-post","status-publish","format-standard","has-post-thumbnail","hentry","category-eventi-sport-notizie","tag-architettura","tag-attrazzioni","tag-barcellona","tag-christmas-market","tag-cultura","tag-eventi","tag-gaudi","tag-mercatini-di-natale","tag-ponte-dellimmacolata","tag-sagrada-familia","tag-star","tag-tourism","tag-turismo"],"yoast_head":"<!-- This site is optimized with the Yoast SEO plugin v27.3 - https:\/\/yoast.com\/product\/yoast-seo-wordpress\/ -->\n<title>La nuova stella di Barcellona ed i mercatini di Natale - Pachiega&#039;s blog<\/title>\n<meta name=\"description\" content=\"La nuova stella di Barcellona ed i mercatini di Natale. Una luce speciale illumina la Sagrada Familia ed il suo mercatino.\" \/>\n<meta name=\"robots\" content=\"index, follow, max-snippet:-1, max-image-preview:large, max-video-preview:-1\" \/>\n<link rel=\"canonical\" href=\"https:\/\/marcopachiega.com\/blog\/la-nuova-stella-di-barcellona\/\" \/>\n<meta property=\"og:locale\" content=\"it_IT\" \/>\n<meta property=\"og:type\" content=\"article\" \/>\n<meta property=\"og:title\" content=\"La nuova stella di Barcellona ed i mercatini di Natale - Pachiega&#039;s blog\" \/>\n<meta property=\"og:description\" content=\"La nuova stella di Barcellona ed i mercatini di Natale. Una luce speciale illumina la Sagrada Familia ed il suo mercatino.\" \/>\n<meta property=\"og:url\" content=\"https:\/\/marcopachiega.com\/blog\/la-nuova-stella-di-barcellona\/\" \/>\n<meta property=\"og:site_name\" content=\"Pachiega&#039;s blog\" \/>\n<meta property=\"article:published_time\" content=\"2021-12-11T20:10:21+00:00\" \/>\n<meta property=\"article:modified_time\" content=\"2021-12-11T20:20:05+00:00\" \/>\n<meta property=\"og:image\" content=\"https:\/\/marcopachiega.com\/blog\/wp-content\/uploads\/sites\/9\/2021\/12\/Hanna-Sushi_hero_-7399.jpg\" \/>\n\t<meta property=\"og:image:width\" content=\"816\" \/>\n\t<meta property=\"og:image:height\" content=\"1224\" \/>\n\t<meta property=\"og:image:type\" content=\"image\/jpeg\" \/>\n<meta name=\"author\" content=\"marcopac\" \/>\n<meta name=\"twitter:card\" content=\"summary_large_image\" \/>\n<meta name=\"twitter:label1\" content=\"Scritto da\" \/>\n\t<meta name=\"twitter:data1\" content=\"marcopac\" \/>\n\t<meta name=\"twitter:label2\" content=\"Tempo di lettura stimato\" \/>\n\t<meta name=\"twitter:data2\" content=\"3 minuti\" \/>\n<script type=\"application\/ld+json\" class=\"yoast-schema-graph\">{\"@context\":\"https:\\\/\\\/schema.org\",\"@graph\":[{\"@type\":\"Article\",\"@id\":\"https:\\\/\\\/marcopachiega.com\\\/blog\\\/la-nuova-stella-di-barcellona\\\/#article\",\"isPartOf\":{\"@id\":\"https:\\\/\\\/marcopachiega.com\\\/blog\\\/la-nuova-stella-di-barcellona\\\/\"},\"author\":{\"name\":\"marcopac\",\"@id\":\"https:\\\/\\\/marcopachiega.com\\\/blog\\\/#\\\/schema\\\/person\\\/5800e113375ba5f33499beca73ac3336\"},\"headline\":\"La nuova stella di Barcellona ed i mercatini di Natale\",\"datePublished\":\"2021-12-11T20:10:21+00:00\",\"dateModified\":\"2021-12-11T20:20:05+00:00\",\"mainEntityOfPage\":{\"@id\":\"https:\\\/\\\/marcopachiega.com\\\/blog\\\/la-nuova-stella-di-barcellona\\\/\"},\"wordCount\":418,\"commentCount\":0,\"publisher\":{\"@id\":\"https:\\\/\\\/marcopachiega.com\\\/blog\\\/#\\\/schema\\\/person\\\/5800e113375ba5f33499beca73ac3336\"},\"image\":{\"@id\":\"https:\\\/\\\/marcopachiega.com\\\/blog\\\/la-nuova-stella-di-barcellona\\\/#primaryimage\"},\"thumbnailUrl\":\"https:\\\/\\\/marcopachiega.com\\\/blog\\\/wp-content\\\/uploads\\\/sites\\\/9\\\/2021\\\/12\\\/Hanna-Sushi_hero_-7399.jpg\",\"keywords\":[\"architettura\",\"attrazzioni\",\"barcellona\",\"christmas market\",\"Cultura\",\"eventi\",\"Gaud\u00ec\",\"mercatini di natale\",\"ponte dell'immacolata\",\"sagrada familia\",\"star\",\"tourism\",\"turismo\"],\"articleSection\":[\"Eventi, sport, notizie\"],\"inLanguage\":\"it-IT\",\"potentialAction\":[{\"@type\":\"CommentAction\",\"name\":\"Comment\",\"target\":[\"https:\\\/\\\/marcopachiega.com\\\/blog\\\/la-nuova-stella-di-barcellona\\\/#respond\"]}]},{\"@type\":\"WebPage\",\"@id\":\"https:\\\/\\\/marcopachiega.com\\\/blog\\\/la-nuova-stella-di-barcellona\\\/\",\"url\":\"https:\\\/\\\/marcopachiega.com\\\/blog\\\/la-nuova-stella-di-barcellona\\\/\",\"name\":\"La nuova stella di Barcellona ed i mercatini di Natale - Pachiega&#039;s blog\",\"isPartOf\":{\"@id\":\"https:\\\/\\\/marcopachiega.com\\\/blog\\\/#website\"},\"primaryImageOfPage\":{\"@id\":\"https:\\\/\\\/marcopachiega.com\\\/blog\\\/la-nuova-stella-di-barcellona\\\/#primaryimage\"},\"image\":{\"@id\":\"https:\\\/\\\/marcopachiega.com\\\/blog\\\/la-nuova-stella-di-barcellona\\\/#primaryimage\"},\"thumbnailUrl\":\"https:\\\/\\\/marcopachiega.com\\\/blog\\\/wp-content\\\/uploads\\\/sites\\\/9\\\/2021\\\/12\\\/Hanna-Sushi_hero_-7399.jpg\",\"datePublished\":\"2021-12-11T20:10:21+00:00\",\"dateModified\":\"2021-12-11T20:20:05+00:00\",\"description\":\"La nuova stella di Barcellona ed i mercatini di Natale. Una luce speciale illumina la Sagrada Familia ed il suo mercatino.\",\"breadcrumb\":{\"@id\":\"https:\\\/\\\/marcopachiega.com\\\/blog\\\/la-nuova-stella-di-barcellona\\\/#breadcrumb\"},\"inLanguage\":\"it-IT\",\"potentialAction\":[{\"@type\":\"ReadAction\",\"target\":[\"https:\\\/\\\/marcopachiega.com\\\/blog\\\/la-nuova-stella-di-barcellona\\\/\"]}]},{\"@type\":\"ImageObject\",\"inLanguage\":\"it-IT\",\"@id\":\"https:\\\/\\\/marcopachiega.com\\\/blog\\\/la-nuova-stella-di-barcellona\\\/#primaryimage\",\"url\":\"https:\\\/\\\/marcopachiega.com\\\/blog\\\/wp-content\\\/uploads\\\/sites\\\/9\\\/2021\\\/12\\\/Hanna-Sushi_hero_-7399.jpg\",\"contentUrl\":\"https:\\\/\\\/marcopachiega.com\\\/blog\\\/wp-content\\\/uploads\\\/sites\\\/9\\\/2021\\\/12\\\/Hanna-Sushi_hero_-7399.jpg\",\"width\":816,\"height\":1224},{\"@type\":\"BreadcrumbList\",\"@id\":\"https:\\\/\\\/marcopachiega.com\\\/blog\\\/la-nuova-stella-di-barcellona\\\/#breadcrumb\",\"itemListElement\":[{\"@type\":\"ListItem\",\"position\":1,\"name\":\"Home\",\"item\":\"https:\\\/\\\/marcopachiega.com\\\/blog\\\/\"},{\"@type\":\"ListItem\",\"position\":2,\"name\":\"La nuova stella di Barcellona ed i mercatini di Natale\"}]},{\"@type\":\"WebSite\",\"@id\":\"https:\\\/\\\/marcopachiega.com\\\/blog\\\/#website\",\"url\":\"https:\\\/\\\/marcopachiega.com\\\/blog\\\/\",\"name\":\"Pachiega&#039;s blog\",\"description\":\"Observation post\",\"publisher\":{\"@id\":\"https:\\\/\\\/marcopachiega.com\\\/blog\\\/#\\\/schema\\\/person\\\/5800e113375ba5f33499beca73ac3336\"},\"potentialAction\":[{\"@type\":\"SearchAction\",\"target\":{\"@type\":\"EntryPoint\",\"urlTemplate\":\"https:\\\/\\\/marcopachiega.com\\\/blog\\\/?s={search_term_string}\"},\"query-input\":{\"@type\":\"PropertyValueSpecification\",\"valueRequired\":true,\"valueName\":\"search_term_string\"}}],\"inLanguage\":\"it-IT\"},{\"@type\":[\"Person\",\"Organization\"],\"@id\":\"https:\\\/\\\/marcopachiega.com\\\/blog\\\/#\\\/schema\\\/person\\\/5800e113375ba5f33499beca73ac3336\",\"name\":\"marcopac\",\"image\":{\"@type\":\"ImageObject\",\"inLanguage\":\"it-IT\",\"@id\":\"https:\\\/\\\/marcopachiega.com\\\/blog\\\/wp-content\\\/uploads\\\/sites\\\/9\\\/2022\\\/12\\\/DRS_3328_B.jpg\",\"url\":\"https:\\\/\\\/marcopachiega.com\\\/blog\\\/wp-content\\\/uploads\\\/sites\\\/9\\\/2022\\\/12\\\/DRS_3328_B.jpg\",\"contentUrl\":\"https:\\\/\\\/marcopachiega.com\\\/blog\\\/wp-content\\\/uploads\\\/sites\\\/9\\\/2022\\\/12\\\/DRS_3328_B.jpg\",\"width\":1000,\"height\":1000,\"caption\":\"marcopac\"},\"logo\":{\"@id\":\"https:\\\/\\\/marcopachiega.com\\\/blog\\\/wp-content\\\/uploads\\\/sites\\\/9\\\/2022\\\/12\\\/DRS_3328_B.jpg\"},\"sameAs\":[\"http:\\\/\\\/www.marcopachiega.com\",\"https:\\\/\\\/www.instagram.com\\\/marcopachiega\\\/\",\"https:\\\/\\\/www.linkedin.com\\\/in\\\/marco-pachiega-38546b92\\\/?locale=es_ES\",\"https:\\\/\\\/www.youtube.com\\\/@marcopachiega2999\\\/featured\"],\"url\":\"https:\\\/\\\/marcopachiega.com\\\/blog\\\/author\\\/marcopac\\\/\"}]}<\/script>\n<!-- \/ Yoast SEO plugin. -->","yoast_head_json":{"title":"La nuova stella di Barcellona ed i mercatini di Natale - Pachiega&#039;s blog","description":"La nuova stella di Barcellona ed i mercatini di Natale. Una luce speciale illumina la Sagrada Familia ed il suo mercatino.","robots":{"index":"index","follow":"follow","max-snippet":"max-snippet:-1","max-image-preview":"max-image-preview:large","max-video-preview":"max-video-preview:-1"},"canonical":"https:\/\/marcopachiega.com\/blog\/la-nuova-stella-di-barcellona\/","og_locale":"it_IT","og_type":"article","og_title":"La nuova stella di Barcellona ed i mercatini di Natale - Pachiega&#039;s blog","og_description":"La nuova stella di Barcellona ed i mercatini di Natale. Una luce speciale illumina la Sagrada Familia ed il suo mercatino.","og_url":"https:\/\/marcopachiega.com\/blog\/la-nuova-stella-di-barcellona\/","og_site_name":"Pachiega&#039;s blog","article_published_time":"2021-12-11T20:10:21+00:00","article_modified_time":"2021-12-11T20:20:05+00:00","og_image":[{"width":816,"height":1224,"url":"https:\/\/marcopachiega.com\/blog\/wp-content\/uploads\/sites\/9\/2021\/12\/Hanna-Sushi_hero_-7399.jpg","type":"image\/jpeg"}],"author":"marcopac","twitter_card":"summary_large_image","twitter_misc":{"Scritto da":"marcopac","Tempo di lettura stimato":"3 minuti"},"schema":{"@context":"https:\/\/schema.org","@graph":[{"@type":"Article","@id":"https:\/\/marcopachiega.com\/blog\/la-nuova-stella-di-barcellona\/#article","isPartOf":{"@id":"https:\/\/marcopachiega.com\/blog\/la-nuova-stella-di-barcellona\/"},"author":{"name":"marcopac","@id":"https:\/\/marcopachiega.com\/blog\/#\/schema\/person\/5800e113375ba5f33499beca73ac3336"},"headline":"La nuova stella di Barcellona ed i mercatini di Natale","datePublished":"2021-12-11T20:10:21+00:00","dateModified":"2021-12-11T20:20:05+00:00","mainEntityOfPage":{"@id":"https:\/\/marcopachiega.com\/blog\/la-nuova-stella-di-barcellona\/"},"wordCount":418,"commentCount":0,"publisher":{"@id":"https:\/\/marcopachiega.com\/blog\/#\/schema\/person\/5800e113375ba5f33499beca73ac3336"},"image":{"@id":"https:\/\/marcopachiega.com\/blog\/la-nuova-stella-di-barcellona\/#primaryimage"},"thumbnailUrl":"https:\/\/marcopachiega.com\/blog\/wp-content\/uploads\/sites\/9\/2021\/12\/Hanna-Sushi_hero_-7399.jpg","keywords":["architettura","attrazzioni","barcellona","christmas market","Cultura","eventi","Gaud\u00ec","mercatini di natale","ponte dell'immacolata","sagrada familia","star","tourism","turismo"],"articleSection":["Eventi, sport, notizie"],"inLanguage":"it-IT","potentialAction":[{"@type":"CommentAction","name":"Comment","target":["https:\/\/marcopachiega.com\/blog\/la-nuova-stella-di-barcellona\/#respond"]}]},{"@type":"WebPage","@id":"https:\/\/marcopachiega.com\/blog\/la-nuova-stella-di-barcellona\/","url":"https:\/\/marcopachiega.com\/blog\/la-nuova-stella-di-barcellona\/","name":"La nuova stella di Barcellona ed i mercatini di Natale - Pachiega&#039;s blog","isPartOf":{"@id":"https:\/\/marcopachiega.com\/blog\/#website"},"primaryImageOfPage":{"@id":"https:\/\/marcopachiega.com\/blog\/la-nuova-stella-di-barcellona\/#primaryimage"},"image":{"@id":"https:\/\/marcopachiega.com\/blog\/la-nuova-stella-di-barcellona\/#primaryimage"},"thumbnailUrl":"https:\/\/marcopachiega.com\/blog\/wp-content\/uploads\/sites\/9\/2021\/12\/Hanna-Sushi_hero_-7399.jpg","datePublished":"2021-12-11T20:10:21+00:00","dateModified":"2021-12-11T20:20:05+00:00","description":"La nuova stella di Barcellona ed i mercatini di Natale. Una luce speciale illumina la Sagrada Familia ed il suo mercatino.","breadcrumb":{"@id":"https:\/\/marcopachiega.com\/blog\/la-nuova-stella-di-barcellona\/#breadcrumb"},"inLanguage":"it-IT","potentialAction":[{"@type":"ReadAction","target":["https:\/\/marcopachiega.com\/blog\/la-nuova-stella-di-barcellona\/"]}]},{"@type":"ImageObject","inLanguage":"it-IT","@id":"https:\/\/marcopachiega.com\/blog\/la-nuova-stella-di-barcellona\/#primaryimage","url":"https:\/\/marcopachiega.com\/blog\/wp-content\/uploads\/sites\/9\/2021\/12\/Hanna-Sushi_hero_-7399.jpg","contentUrl":"https:\/\/marcopachiega.com\/blog\/wp-content\/uploads\/sites\/9\/2021\/12\/Hanna-Sushi_hero_-7399.jpg","width":816,"height":1224},{"@type":"BreadcrumbList","@id":"https:\/\/marcopachiega.com\/blog\/la-nuova-stella-di-barcellona\/#breadcrumb","itemListElement":[{"@type":"ListItem","position":1,"name":"Home","item":"https:\/\/marcopachiega.com\/blog\/"},{"@type":"ListItem","position":2,"name":"La nuova stella di Barcellona ed i mercatini di Natale"}]},{"@type":"WebSite","@id":"https:\/\/marcopachiega.com\/blog\/#website","url":"https:\/\/marcopachiega.com\/blog\/","name":"Pachiega&#039;s blog","description":"Observation post","publisher":{"@id":"https:\/\/marcopachiega.com\/blog\/#\/schema\/person\/5800e113375ba5f33499beca73ac3336"},"potentialAction":[{"@type":"SearchAction","target":{"@type":"EntryPoint","urlTemplate":"https:\/\/marcopachiega.com\/blog\/?s={search_term_string}"},"query-input":{"@type":"PropertyValueSpecification","valueRequired":true,"valueName":"search_term_string"}}],"inLanguage":"it-IT"},{"@type":["Person","Organization"],"@id":"https:\/\/marcopachiega.com\/blog\/#\/schema\/person\/5800e113375ba5f33499beca73ac3336","name":"marcopac","image":{"@type":"ImageObject","inLanguage":"it-IT","@id":"https:\/\/marcopachiega.com\/blog\/wp-content\/uploads\/sites\/9\/2022\/12\/DRS_3328_B.jpg","url":"https:\/\/marcopachiega.com\/blog\/wp-content\/uploads\/sites\/9\/2022\/12\/DRS_3328_B.jpg","contentUrl":"https:\/\/marcopachiega.com\/blog\/wp-content\/uploads\/sites\/9\/2022\/12\/DRS_3328_B.jpg","width":1000,"height":1000,"caption":"marcopac"},"logo":{"@id":"https:\/\/marcopachiega.com\/blog\/wp-content\/uploads\/sites\/9\/2022\/12\/DRS_3328_B.jpg"},"sameAs":["http:\/\/www.marcopachiega.com","https:\/\/www.instagram.com\/marcopachiega\/","https:\/\/www.linkedin.com\/in\/marco-pachiega-38546b92\/?locale=es_ES","https:\/\/www.youtube.com\/@marcopachiega2999\/featured"],"url":"https:\/\/marcopachiega.com\/blog\/author\/marcopac\/"}]}},"_links":{"self":[{"href":"https:\/\/marcopachiega.com\/blog\/wp-json\/wp\/v2\/posts\/4000","targetHints":{"allow":["GET"]}}],"collection":[{"href":"https:\/\/marcopachiega.com\/blog\/wp-json\/wp\/v2\/posts"}],"about":[{"href":"https:\/\/marcopachiega.com\/blog\/wp-json\/wp\/v2\/types\/post"}],"author":[{"embeddable":true,"href":"https:\/\/marcopachiega.com\/blog\/wp-json\/wp\/v2\/users\/1"}],"replies":[{"embeddable":true,"href":"https:\/\/marcopachiega.com\/blog\/wp-json\/wp\/v2\/comments?post=4000"}],"version-history":[{"count":0,"href":"https:\/\/marcopachiega.com\/blog\/wp-json\/wp\/v2\/posts\/4000\/revisions"}],"wp:featuredmedia":[{"embeddable":true,"href":"https:\/\/marcopachiega.com\/blog\/wp-json\/wp\/v2\/media\/3987"}],"wp:attachment":[{"href":"https:\/\/marcopachiega.com\/blog\/wp-json\/wp\/v2\/media?parent=4000"}],"wp:term":[{"taxonomy":"category","embeddable":true,"href":"https:\/\/marcopachiega.com\/blog\/wp-json\/wp\/v2\/categories?post=4000"},{"taxonomy":"post_tag","embeddable":true,"href":"https:\/\/marcopachiega.com\/blog\/wp-json\/wp\/v2\/tags?post=4000"}],"curies":[{"name":"wp","href":"https:\/\/api.w.org\/{rel}","templated":true}]}}