{"id":884,"date":"2017-03-03T18:10:13","date_gmt":"2017-03-03T18:10:13","guid":{"rendered":"http:\/\/marcopachiega.com\/arti\/?p=884"},"modified":"2021-01-10T15:49:11","modified_gmt":"2021-01-10T15:49:11","slug":"da-la-floresta-a-valldoreix-il-trekking","status":"publish","type":"post","link":"https:\/\/marcopachiega.com\/blog\/da-la-floresta-a-valldoreix-il-trekking\/","title":{"rendered":"Da la Floresta a Valldoreix, il trekking"},"content":{"rendered":"<h1 style=\"text-align: center;\"><span style=\"color: #000000;\"><strong>DA LA FLORESTA A VALLDOREIX, IL TREKKING<\/strong><\/span><\/h1>\n<p><span style=\"color: #000000;\"><strong><img fetchpriority=\"high\" decoding=\"async\" class=\"aligncenter wp-image-853\" src=\"http:\/\/marcopachiega.com\/wp-content\/uploads\/sites\/9\/2017\/02\/DSC4510-420x279.jpg\" alt=\"La Floresta Valldoreix trekking\" width=\"438\" height=\"291\" \/><\/strong><\/span><\/p>\n<p>&nbsp;<\/p>\n<h3><span style=\"color: #000000;\"><strong>La Floresta Valldoreix trekking: alcuni numeri da ricordare<\/strong><\/span><\/h3>\n<ul>\n<li><span style=\"color: #000000;\"><strong>10 Km distanza percorsa<\/strong><\/span><\/li>\n<li><span style=\"color: #000000;\"><strong>4h tempo<\/strong><\/span><\/li>\n<li><span style=\"color: #000000;\"><strong>250 mt dislivello<\/strong><\/span><\/li>\n<li><span style=\"color: #000000;\"><strong>e ricordatevi di portare acqua, buone scarpe e una macchina fotografica<\/strong><\/span><\/li>\n<\/ul>\n<p>&nbsp;<\/p>\n<h3><span style=\"color: #000000;\"><strong>\u00a0Questa \u00e8 la mia storia:<\/strong><\/span><\/h3>\n<h4><span style=\"color: #000000;\"><strong>\u00a0E inizia cos\u00ec<\/strong><\/span><\/h4>\n<p><span style=\"color: #000000;\"><strong>Capita spesso di stancarmi del traffico di questa citt\u00e0, del caos di Barcellona, una delle citt\u00e0 pi\u00f9 inquinate in Europa. Cos\u00ec ogni volta che ho voglia di immergermi in un ambiente tranquillo e rilassante ho una rapida soluzione, proprio dietro la citt\u00e0.<\/strong><\/span><\/p>\n<p><span style=\"color: #000000;\"><strong>La soluzione si chiama\u00a0<a style=\"color: #000000;\" href=\"http:\/\/www.parcnaturalcollserola.cat\/\">Collserola Park.\u00a0<\/a><\/strong><\/span><\/p>\n<p><span style=\"color: #000000;\"><strong>Oltre le piccole montagne che delimitano la citt\u00e0, il cemento si ferma per dare spazio al verde, ai colori e alla natura. Tramite la linea (<a style=\"color: #000000;\" href=\"http:\/\/www.fgc.cat\/esp\/barcelona-valles.asp?linia=S1\">S1<\/a>) dei treni di Barcellona in direzione Terrassa si raggiunge un piccolo paese di nome La Floresta.<\/strong><\/span><\/p>\n<h3><span style=\"color: #000000;\"><strong>Il viaggio<\/strong><\/span><\/h3>\n<p><span style=\"color: #000000;\"><strong>Salto su e dopo soli 30 scendo realizzando un sostanziale cambio del paesaggio circostante<\/strong><\/span><\/p>\n<p><span style=\"color: #000000;\"><strong>Qua il colore verde la fa da padrona e dalla fermata del treno l accesso a diversi sentieri \u00e8 davvero facile.<\/strong><\/span><\/p>\n<p><span style=\"color: #000000;\"><strong>Cos\u00ec imbocco il sentiero in direzione Can Bosquet per raggiungere la cittadina di Valldoreix. Rapidamente l asfalto si converte in un sentiero di terra battura, l aria \u00e8 pulita, fresca e buona. Non a caso il mio naso riprende a distiguere nuovamente l odore dell erba fresca, l&#8217;umidit\u00e0 della terra e la mia pelle riaprezza il cambiamento di temperatura nei tratti di sole e ombra. Semplicemente fantastico.<\/strong><\/span><\/p>\n<p><span style=\"color: #000000;\"><strong>Il sentiero scende per raggiungere un piccolo fiume, l&#8217;umidit\u00e0 inizia a farsi pi\u00f9 forte e i miei sensi adorano questi cambiamenti.<\/strong><\/span><\/p>\n<p><span style=\"color: #000000;\"><strong>Cinguettio di uccelli, i colori dei fiori e degli alberi e il mio lento passo sul terreno rallenta anche il rapido pensare della mente.\u00a0<\/strong><\/span><\/p>\n<p><span style=\"color: #000000;\"><strong>Mentre attraverso diverse volte il piccolo fiume, mi rendo conto che l&#8217;ambiente si fa pi\u00f9 scuro, pi\u00f9 fitto e questo mi piace! I raggi del sole difficilmente penetrano fino alla terra coperta spesso di erba e muschio, causa i fitti rami che si intrecciano sopra la mia testa. Il silenzio e interrotto nuovamente solo dal canto degli uccelli ed il mio click click della macchina fotografica.<\/strong><\/span><\/p>\n<p><span style=\"color: #000000;\"><strong>Ombre, luci, silenzio, vento: \u00e8 bellissimo come la natura avvolge tutto e sembra quasi essere in una foresta pluviale. Il sentiero prosegue portandomi a Can Castelvi fino a raggiungere il monastero La Salut da dove \u00e8 un piacere vedere la mia tappa finale: Valldoreix. Una citt\u00e0 non molto lontana da Barcellona.<\/strong><\/span><\/p>\n<p><span style=\"color: #000000;\"><strong>Alla fine del tragitto raggiungo l&#8217;altra stazione per ritornare alla grande citt\u00e0. Mi sento i piedi stanchi, la macchina \u00e8 piena di foto. Questa sera non uscir\u00f2. Mi aspetta un lungo lavoro di edizione. E&#8217; ci\u00f2 che mi piace!<\/strong><\/span><\/p>\n<p><span style=\"color: #000000;\"><strong><em>Marco Pachiega<\/em><\/strong><\/span><\/p>\n<p>&nbsp;<\/p>\n<p>&nbsp;<\/p>\n","protected":false},"excerpt":{"rendered":"<p>DA LA FLORESTA A VALLDOREIX, IL TREKKING &nbsp; La Floresta Valldoreix trekking: alcuni numeri da ricordare 10 Km distanza percorsa 4h tempo 250 mt dislivello e ricordatevi di portare acqua, buone scarpe e una macchina fotografica &nbsp; \u00a0Questa \u00e8 la mia storia: \u00a0E inizia cos\u00ec Capita spesso di stancarmi del traffico di questa citt\u00e0, del caos di Barcellona, una delle citt\u00e0 pi\u00f9 inquinate in Europa. Cos\u00ec ogni volta che ho voglia di immergermi in un ambiente tranquillo e rilassante ho una rapida soluzione, proprio dietro la citt\u00e0. La soluzione si chiama\u00a0Collserola Park.\u00a0 Oltre le piccole montagne che delimitano la citt\u00e0, il cemento si ferma per dare spazio al verde, ai&hellip; <a class=\"read-more\" href=\"https:\/\/marcopachiega.com\/blog\/da-la-floresta-a-valldoreix-il-trekking\/\">Read More<\/a><\/p>\n","protected":false},"author":1,"featured_media":853,"comment_status":"open","ping_status":"open","sticky":false,"template":"","format":"standard","meta":{"footnotes":""},"categories":[460,184],"tags":[26,134,151,150,154,152,124,153,155],"class_list":["post-884","post","type-post","status-publish","format-standard","has-post-thumbnail","hentry","category-spagna-e-dintorni","category-viaggi-scappatelle-e-altre-storie","tag-barcelona","tag-catalunya","tag-collserola","tag-la-floresta","tag-nature","tag-park","tag-photography","tag-trekking","tag-valldoreix"],"yoast_head":"<!-- This site is optimized with the Yoast SEO plugin v27.3 - https:\/\/yoast.com\/product\/yoast-seo-wordpress\/ -->\n<title>Da la Floresta a Valldoreix, il trekking - Pachiega&#039;s blog<\/title>\n<meta name=\"description\" content=\"DA LA FLORESTA A VALLDOREIX, IL TREKKING. Barcellona, una delle citt\u00e0 pi\u00f9 inquinate in Europa. Ma una rapida soluzione c&#039;\u00e8, proprio dietro la citt\u00e0.\" \/>\n<meta name=\"robots\" content=\"index, follow, max-snippet:-1, max-image-preview:large, max-video-preview:-1\" \/>\n<link rel=\"canonical\" href=\"https:\/\/marcopachiega.com\/blog\/da-la-floresta-a-valldoreix-il-trekking\/\" \/>\n<meta property=\"og:locale\" content=\"it_IT\" \/>\n<meta property=\"og:type\" content=\"article\" \/>\n<meta property=\"og:title\" content=\"Da la Floresta a Valldoreix, il trekking - Pachiega&#039;s blog\" \/>\n<meta property=\"og:description\" content=\"DA LA FLORESTA A VALLDOREIX, IL TREKKING. Barcellona, una delle citt\u00e0 pi\u00f9 inquinate in Europa. Ma una rapida soluzione c&#039;\u00e8, proprio dietro la citt\u00e0.\" \/>\n<meta property=\"og:url\" content=\"https:\/\/marcopachiega.com\/blog\/da-la-floresta-a-valldoreix-il-trekking\/\" \/>\n<meta property=\"og:site_name\" content=\"Pachiega&#039;s blog\" \/>\n<meta property=\"article:published_time\" content=\"2017-03-03T18:10:13+00:00\" \/>\n<meta property=\"article:modified_time\" content=\"2021-01-10T15:49:11+00:00\" \/>\n<meta property=\"og:image\" content=\"https:\/\/marcopachiega.com\/blog\/wp-content\/uploads\/sites\/9\/2017\/02\/DSC4510-e1495439415989.jpg\" \/>\n\t<meta property=\"og:image:width\" content=\"600\" \/>\n\t<meta property=\"og:image:height\" content=\"399\" \/>\n\t<meta property=\"og:image:type\" content=\"image\/jpeg\" \/>\n<meta name=\"author\" content=\"marcopac\" \/>\n<meta name=\"twitter:card\" content=\"summary_large_image\" \/>\n<meta name=\"twitter:label1\" content=\"Scritto da\" \/>\n\t<meta name=\"twitter:data1\" content=\"marcopac\" \/>\n\t<meta name=\"twitter:label2\" content=\"Tempo di lettura stimato\" \/>\n\t<meta name=\"twitter:data2\" content=\"2 minuti\" \/>\n<script type=\"application\/ld+json\" class=\"yoast-schema-graph\">{\"@context\":\"https:\\\/\\\/schema.org\",\"@graph\":[{\"@type\":\"Article\",\"@id\":\"https:\\\/\\\/marcopachiega.com\\\/blog\\\/da-la-floresta-a-valldoreix-il-trekking\\\/#article\",\"isPartOf\":{\"@id\":\"https:\\\/\\\/marcopachiega.com\\\/blog\\\/da-la-floresta-a-valldoreix-il-trekking\\\/\"},\"author\":{\"name\":\"marcopac\",\"@id\":\"https:\\\/\\\/marcopachiega.com\\\/blog\\\/#\\\/schema\\\/person\\\/5800e113375ba5f33499beca73ac3336\"},\"headline\":\"Da la Floresta a Valldoreix, il trekking\",\"datePublished\":\"2017-03-03T18:10:13+00:00\",\"dateModified\":\"2021-01-10T15:49:11+00:00\",\"mainEntityOfPage\":{\"@id\":\"https:\\\/\\\/marcopachiega.com\\\/blog\\\/da-la-floresta-a-valldoreix-il-trekking\\\/\"},\"wordCount\":446,\"commentCount\":0,\"publisher\":{\"@id\":\"https:\\\/\\\/marcopachiega.com\\\/blog\\\/#\\\/schema\\\/person\\\/5800e113375ba5f33499beca73ac3336\"},\"image\":{\"@id\":\"https:\\\/\\\/marcopachiega.com\\\/blog\\\/da-la-floresta-a-valldoreix-il-trekking\\\/#primaryimage\"},\"thumbnailUrl\":\"https:\\\/\\\/marcopachiega.com\\\/blog\\\/wp-content\\\/uploads\\\/sites\\\/9\\\/2017\\\/02\\\/DSC4510-e1495439415989.jpg\",\"keywords\":[\"barcelona\",\"Catalunya\",\"collserola\",\"la floresta\",\"nature\",\"park\",\"photography\",\"trekking\",\"valldoreix\"],\"articleSection\":[\"Spagna e dintorni\",\"Viaggi scappatelle e altre storie\"],\"inLanguage\":\"it-IT\",\"potentialAction\":[{\"@type\":\"CommentAction\",\"name\":\"Comment\",\"target\":[\"https:\\\/\\\/marcopachiega.com\\\/blog\\\/da-la-floresta-a-valldoreix-il-trekking\\\/#respond\"]}]},{\"@type\":\"WebPage\",\"@id\":\"https:\\\/\\\/marcopachiega.com\\\/blog\\\/da-la-floresta-a-valldoreix-il-trekking\\\/\",\"url\":\"https:\\\/\\\/marcopachiega.com\\\/blog\\\/da-la-floresta-a-valldoreix-il-trekking\\\/\",\"name\":\"Da la Floresta a Valldoreix, il trekking - Pachiega&#039;s blog\",\"isPartOf\":{\"@id\":\"https:\\\/\\\/marcopachiega.com\\\/blog\\\/#website\"},\"primaryImageOfPage\":{\"@id\":\"https:\\\/\\\/marcopachiega.com\\\/blog\\\/da-la-floresta-a-valldoreix-il-trekking\\\/#primaryimage\"},\"image\":{\"@id\":\"https:\\\/\\\/marcopachiega.com\\\/blog\\\/da-la-floresta-a-valldoreix-il-trekking\\\/#primaryimage\"},\"thumbnailUrl\":\"https:\\\/\\\/marcopachiega.com\\\/blog\\\/wp-content\\\/uploads\\\/sites\\\/9\\\/2017\\\/02\\\/DSC4510-e1495439415989.jpg\",\"datePublished\":\"2017-03-03T18:10:13+00:00\",\"dateModified\":\"2021-01-10T15:49:11+00:00\",\"description\":\"DA LA FLORESTA A VALLDOREIX, IL TREKKING. Barcellona, una delle citt\u00e0 pi\u00f9 inquinate in Europa. Ma una rapida soluzione c'\u00e8, proprio dietro la citt\u00e0.\",\"breadcrumb\":{\"@id\":\"https:\\\/\\\/marcopachiega.com\\\/blog\\\/da-la-floresta-a-valldoreix-il-trekking\\\/#breadcrumb\"},\"inLanguage\":\"it-IT\",\"potentialAction\":[{\"@type\":\"ReadAction\",\"target\":[\"https:\\\/\\\/marcopachiega.com\\\/blog\\\/da-la-floresta-a-valldoreix-il-trekking\\\/\"]}]},{\"@type\":\"ImageObject\",\"inLanguage\":\"it-IT\",\"@id\":\"https:\\\/\\\/marcopachiega.com\\\/blog\\\/da-la-floresta-a-valldoreix-il-trekking\\\/#primaryimage\",\"url\":\"https:\\\/\\\/marcopachiega.com\\\/blog\\\/wp-content\\\/uploads\\\/sites\\\/9\\\/2017\\\/02\\\/DSC4510-e1495439415989.jpg\",\"contentUrl\":\"https:\\\/\\\/marcopachiega.com\\\/blog\\\/wp-content\\\/uploads\\\/sites\\\/9\\\/2017\\\/02\\\/DSC4510-e1495439415989.jpg\",\"width\":600,\"height\":399,\"caption\":\"la floresta trekking\"},{\"@type\":\"BreadcrumbList\",\"@id\":\"https:\\\/\\\/marcopachiega.com\\\/blog\\\/da-la-floresta-a-valldoreix-il-trekking\\\/#breadcrumb\",\"itemListElement\":[{\"@type\":\"ListItem\",\"position\":1,\"name\":\"Home\",\"item\":\"https:\\\/\\\/marcopachiega.com\\\/blog\\\/\"},{\"@type\":\"ListItem\",\"position\":2,\"name\":\"Da la Floresta a Valldoreix, il trekking\"}]},{\"@type\":\"WebSite\",\"@id\":\"https:\\\/\\\/marcopachiega.com\\\/blog\\\/#website\",\"url\":\"https:\\\/\\\/marcopachiega.com\\\/blog\\\/\",\"name\":\"Pachiega&#039;s blog\",\"description\":\"Observation post\",\"publisher\":{\"@id\":\"https:\\\/\\\/marcopachiega.com\\\/blog\\\/#\\\/schema\\\/person\\\/5800e113375ba5f33499beca73ac3336\"},\"potentialAction\":[{\"@type\":\"SearchAction\",\"target\":{\"@type\":\"EntryPoint\",\"urlTemplate\":\"https:\\\/\\\/marcopachiega.com\\\/blog\\\/?s={search_term_string}\"},\"query-input\":{\"@type\":\"PropertyValueSpecification\",\"valueRequired\":true,\"valueName\":\"search_term_string\"}}],\"inLanguage\":\"it-IT\"},{\"@type\":[\"Person\",\"Organization\"],\"@id\":\"https:\\\/\\\/marcopachiega.com\\\/blog\\\/#\\\/schema\\\/person\\\/5800e113375ba5f33499beca73ac3336\",\"name\":\"marcopac\",\"image\":{\"@type\":\"ImageObject\",\"inLanguage\":\"it-IT\",\"@id\":\"https:\\\/\\\/marcopachiega.com\\\/blog\\\/wp-content\\\/uploads\\\/sites\\\/9\\\/2022\\\/12\\\/DRS_3328_B.jpg\",\"url\":\"https:\\\/\\\/marcopachiega.com\\\/blog\\\/wp-content\\\/uploads\\\/sites\\\/9\\\/2022\\\/12\\\/DRS_3328_B.jpg\",\"contentUrl\":\"https:\\\/\\\/marcopachiega.com\\\/blog\\\/wp-content\\\/uploads\\\/sites\\\/9\\\/2022\\\/12\\\/DRS_3328_B.jpg\",\"width\":1000,\"height\":1000,\"caption\":\"marcopac\"},\"logo\":{\"@id\":\"https:\\\/\\\/marcopachiega.com\\\/blog\\\/wp-content\\\/uploads\\\/sites\\\/9\\\/2022\\\/12\\\/DRS_3328_B.jpg\"},\"sameAs\":[\"http:\\\/\\\/www.marcopachiega.com\",\"https:\\\/\\\/www.instagram.com\\\/marcopachiega\\\/\",\"https:\\\/\\\/www.linkedin.com\\\/in\\\/marco-pachiega-38546b92\\\/?locale=es_ES\",\"https:\\\/\\\/www.youtube.com\\\/@marcopachiega2999\\\/featured\"],\"url\":\"https:\\\/\\\/marcopachiega.com\\\/blog\\\/author\\\/marcopac\\\/\"}]}<\/script>\n<!-- \/ Yoast SEO plugin. -->","yoast_head_json":{"title":"Da la Floresta a Valldoreix, il trekking - Pachiega&#039;s blog","description":"DA LA FLORESTA A VALLDOREIX, IL TREKKING. Barcellona, una delle citt\u00e0 pi\u00f9 inquinate in Europa. Ma una rapida soluzione c'\u00e8, proprio dietro la citt\u00e0.","robots":{"index":"index","follow":"follow","max-snippet":"max-snippet:-1","max-image-preview":"max-image-preview:large","max-video-preview":"max-video-preview:-1"},"canonical":"https:\/\/marcopachiega.com\/blog\/da-la-floresta-a-valldoreix-il-trekking\/","og_locale":"it_IT","og_type":"article","og_title":"Da la Floresta a Valldoreix, il trekking - Pachiega&#039;s blog","og_description":"DA LA FLORESTA A VALLDOREIX, IL TREKKING. Barcellona, una delle citt\u00e0 pi\u00f9 inquinate in Europa. Ma una rapida soluzione c'\u00e8, proprio dietro la citt\u00e0.","og_url":"https:\/\/marcopachiega.com\/blog\/da-la-floresta-a-valldoreix-il-trekking\/","og_site_name":"Pachiega&#039;s blog","article_published_time":"2017-03-03T18:10:13+00:00","article_modified_time":"2021-01-10T15:49:11+00:00","og_image":[{"width":600,"height":399,"url":"https:\/\/marcopachiega.com\/blog\/wp-content\/uploads\/sites\/9\/2017\/02\/DSC4510-e1495439415989.jpg","type":"image\/jpeg"}],"author":"marcopac","twitter_card":"summary_large_image","twitter_misc":{"Scritto da":"marcopac","Tempo di lettura stimato":"2 minuti"},"schema":{"@context":"https:\/\/schema.org","@graph":[{"@type":"Article","@id":"https:\/\/marcopachiega.com\/blog\/da-la-floresta-a-valldoreix-il-trekking\/#article","isPartOf":{"@id":"https:\/\/marcopachiega.com\/blog\/da-la-floresta-a-valldoreix-il-trekking\/"},"author":{"name":"marcopac","@id":"https:\/\/marcopachiega.com\/blog\/#\/schema\/person\/5800e113375ba5f33499beca73ac3336"},"headline":"Da la Floresta a Valldoreix, il trekking","datePublished":"2017-03-03T18:10:13+00:00","dateModified":"2021-01-10T15:49:11+00:00","mainEntityOfPage":{"@id":"https:\/\/marcopachiega.com\/blog\/da-la-floresta-a-valldoreix-il-trekking\/"},"wordCount":446,"commentCount":0,"publisher":{"@id":"https:\/\/marcopachiega.com\/blog\/#\/schema\/person\/5800e113375ba5f33499beca73ac3336"},"image":{"@id":"https:\/\/marcopachiega.com\/blog\/da-la-floresta-a-valldoreix-il-trekking\/#primaryimage"},"thumbnailUrl":"https:\/\/marcopachiega.com\/blog\/wp-content\/uploads\/sites\/9\/2017\/02\/DSC4510-e1495439415989.jpg","keywords":["barcelona","Catalunya","collserola","la floresta","nature","park","photography","trekking","valldoreix"],"articleSection":["Spagna e dintorni","Viaggi scappatelle e altre storie"],"inLanguage":"it-IT","potentialAction":[{"@type":"CommentAction","name":"Comment","target":["https:\/\/marcopachiega.com\/blog\/da-la-floresta-a-valldoreix-il-trekking\/#respond"]}]},{"@type":"WebPage","@id":"https:\/\/marcopachiega.com\/blog\/da-la-floresta-a-valldoreix-il-trekking\/","url":"https:\/\/marcopachiega.com\/blog\/da-la-floresta-a-valldoreix-il-trekking\/","name":"Da la Floresta a Valldoreix, il trekking - Pachiega&#039;s blog","isPartOf":{"@id":"https:\/\/marcopachiega.com\/blog\/#website"},"primaryImageOfPage":{"@id":"https:\/\/marcopachiega.com\/blog\/da-la-floresta-a-valldoreix-il-trekking\/#primaryimage"},"image":{"@id":"https:\/\/marcopachiega.com\/blog\/da-la-floresta-a-valldoreix-il-trekking\/#primaryimage"},"thumbnailUrl":"https:\/\/marcopachiega.com\/blog\/wp-content\/uploads\/sites\/9\/2017\/02\/DSC4510-e1495439415989.jpg","datePublished":"2017-03-03T18:10:13+00:00","dateModified":"2021-01-10T15:49:11+00:00","description":"DA LA FLORESTA A VALLDOREIX, IL TREKKING. Barcellona, una delle citt\u00e0 pi\u00f9 inquinate in Europa. Ma una rapida soluzione c'\u00e8, proprio dietro la citt\u00e0.","breadcrumb":{"@id":"https:\/\/marcopachiega.com\/blog\/da-la-floresta-a-valldoreix-il-trekking\/#breadcrumb"},"inLanguage":"it-IT","potentialAction":[{"@type":"ReadAction","target":["https:\/\/marcopachiega.com\/blog\/da-la-floresta-a-valldoreix-il-trekking\/"]}]},{"@type":"ImageObject","inLanguage":"it-IT","@id":"https:\/\/marcopachiega.com\/blog\/da-la-floresta-a-valldoreix-il-trekking\/#primaryimage","url":"https:\/\/marcopachiega.com\/blog\/wp-content\/uploads\/sites\/9\/2017\/02\/DSC4510-e1495439415989.jpg","contentUrl":"https:\/\/marcopachiega.com\/blog\/wp-content\/uploads\/sites\/9\/2017\/02\/DSC4510-e1495439415989.jpg","width":600,"height":399,"caption":"la floresta trekking"},{"@type":"BreadcrumbList","@id":"https:\/\/marcopachiega.com\/blog\/da-la-floresta-a-valldoreix-il-trekking\/#breadcrumb","itemListElement":[{"@type":"ListItem","position":1,"name":"Home","item":"https:\/\/marcopachiega.com\/blog\/"},{"@type":"ListItem","position":2,"name":"Da la Floresta a Valldoreix, il trekking"}]},{"@type":"WebSite","@id":"https:\/\/marcopachiega.com\/blog\/#website","url":"https:\/\/marcopachiega.com\/blog\/","name":"Pachiega&#039;s blog","description":"Observation post","publisher":{"@id":"https:\/\/marcopachiega.com\/blog\/#\/schema\/person\/5800e113375ba5f33499beca73ac3336"},"potentialAction":[{"@type":"SearchAction","target":{"@type":"EntryPoint","urlTemplate":"https:\/\/marcopachiega.com\/blog\/?s={search_term_string}"},"query-input":{"@type":"PropertyValueSpecification","valueRequired":true,"valueName":"search_term_string"}}],"inLanguage":"it-IT"},{"@type":["Person","Organization"],"@id":"https:\/\/marcopachiega.com\/blog\/#\/schema\/person\/5800e113375ba5f33499beca73ac3336","name":"marcopac","image":{"@type":"ImageObject","inLanguage":"it-IT","@id":"https:\/\/marcopachiega.com\/blog\/wp-content\/uploads\/sites\/9\/2022\/12\/DRS_3328_B.jpg","url":"https:\/\/marcopachiega.com\/blog\/wp-content\/uploads\/sites\/9\/2022\/12\/DRS_3328_B.jpg","contentUrl":"https:\/\/marcopachiega.com\/blog\/wp-content\/uploads\/sites\/9\/2022\/12\/DRS_3328_B.jpg","width":1000,"height":1000,"caption":"marcopac"},"logo":{"@id":"https:\/\/marcopachiega.com\/blog\/wp-content\/uploads\/sites\/9\/2022\/12\/DRS_3328_B.jpg"},"sameAs":["http:\/\/www.marcopachiega.com","https:\/\/www.instagram.com\/marcopachiega\/","https:\/\/www.linkedin.com\/in\/marco-pachiega-38546b92\/?locale=es_ES","https:\/\/www.youtube.com\/@marcopachiega2999\/featured"],"url":"https:\/\/marcopachiega.com\/blog\/author\/marcopac\/"}]}},"_links":{"self":[{"href":"https:\/\/marcopachiega.com\/blog\/wp-json\/wp\/v2\/posts\/884","targetHints":{"allow":["GET"]}}],"collection":[{"href":"https:\/\/marcopachiega.com\/blog\/wp-json\/wp\/v2\/posts"}],"about":[{"href":"https:\/\/marcopachiega.com\/blog\/wp-json\/wp\/v2\/types\/post"}],"author":[{"embeddable":true,"href":"https:\/\/marcopachiega.com\/blog\/wp-json\/wp\/v2\/users\/1"}],"replies":[{"embeddable":true,"href":"https:\/\/marcopachiega.com\/blog\/wp-json\/wp\/v2\/comments?post=884"}],"version-history":[{"count":0,"href":"https:\/\/marcopachiega.com\/blog\/wp-json\/wp\/v2\/posts\/884\/revisions"}],"wp:featuredmedia":[{"embeddable":true,"href":"https:\/\/marcopachiega.com\/blog\/wp-json\/wp\/v2\/media\/853"}],"wp:attachment":[{"href":"https:\/\/marcopachiega.com\/blog\/wp-json\/wp\/v2\/media?parent=884"}],"wp:term":[{"taxonomy":"category","embeddable":true,"href":"https:\/\/marcopachiega.com\/blog\/wp-json\/wp\/v2\/categories?post=884"},{"taxonomy":"post_tag","embeddable":true,"href":"https:\/\/marcopachiega.com\/blog\/wp-json\/wp\/v2\/tags?post=884"}],"curies":[{"name":"wp","href":"https:\/\/api.w.org\/{rel}","templated":true}]}}